{"id":19464,"date":"2025-05-26T08:15:54","date_gmt":"2025-05-26T08:15:54","guid":{"rendered":"https:\/\/insia-upm.es\/?p=19464"},"modified":"2025-05-26T08:15:54","modified_gmt":"2025-05-26T08:15:54","slug":"publicacion-de-la-monografia-estudio-de-accidentes-y-victimas-de-trafico-con-ciclistas-implicados-en-espana","status":"publish","type":"post","link":"https:\/\/insia-upm.es\/en\/publicacion-de-la-monografia-estudio-de-accidentes-y-victimas-de-trafico-con-ciclistas-implicados-en-espana\/","title":{"rendered":"Publicaci\u00f3n de la monograf\u00eda \u201cEstudio de accidentes y v\u00edctimas de tr\u00e1fico con ciclistas implicados en Espa\u00f1a\u201d"},"content":{"rendered":"<p>Publicaci\u00f3n de la Monograf\u00eda: \u201cEstudio de accidentes y v\u00edctimas de tr\u00e1fico con ciclistas implicados en Espa\u00f1a\u201d con los resultados del proyecto de investigaci\u00f3n realizada por investigadores de la unidad de Estudios de transporte e impacto medioambiental de los veh\u00edculos del INSIA en el marco de la C\u00e1tedra Eduardo Barreiros Autom\u00f3vil y Movilidad Sostenible financiada por la Fundaci\u00f3n Eduardo Barreiros.<\/p>\n<p>La publicaci\u00f3n en formato electr\u00f3nico de la Monograf\u00eda \u201cEstudio de accidentes y v\u00edctimas de tr\u00e1fico con ciclistas implicados en Espa\u00f1a\u201d, con ISBN 978-84-18255-79-3. Editorial: Fundaci\u00f3n General de la Universidad Polit\u00e9cnica de Madrid. https:\/\/www.fgupm.es, ya se puede consultar en la web del INSIA en el siguiente <a href=\"https:\/\/drive.upm.es\/s\/btDeGinBrkNpCLy\">LINK<\/a><\/p>\n<p>El equipo investigador de Estudios de transporte e impacto medioambiental de los veh\u00edculos formado por Francisco Aparicio Izquierdo, Blanca Arenas Ram\u00edrez, Jos\u00e9 Manuel Mira McWilliams, Edinalva Gomes Bastos, Almudena Sanjurjo de No, Giovanny Pillajo Quijia agradecen a la Fundaci\u00f3n Eduardo Barreiros, el apoyo recibido a trav\u00e9s de la C\u00e1tedra Universidad \u2013 Empresa: Eduardo Barreiros Autom\u00f3vil y Movilidad Sostenible para su realizaci\u00f3n.<\/p>","protected":false},"excerpt":{"rendered":"<p>Publicaci\u00f3n de la Monograf\u00eda: \u201cEstudio de accidentes y v\u00edctimas de tr\u00e1fico con ciclistas implicados en Espa\u00f1a\u201d con los resultados del proyecto de investigaci\u00f3n realizada por investigadores de la unidad de Estudios de transporte e impacto medioambiental de los veh\u00edculos del INSIA en el marco de la C\u00e1tedra Eduardo Barreiros Autom\u00f3vil y Movilidad Sostenible financiada por [&hellip;]<\/p>\n","protected":false},"author":1,"featured_media":19466,"comment_status":"open","ping_status":"open","sticky":false,"template":"","format":"standard","meta":{"_et_pb_use_builder":"","_et_pb_old_content":"","_et_gb_content_width":"","_monsterinsights_skip_tracking":false,"_monsterinsights_sitenote_active":false,"_monsterinsights_sitenote_note":"","_monsterinsights_sitenote_category":0,"footnotes":""},"categories":[41],"tags":[],"class_list":["post-19464","post","type-post","status-publish","format-standard","has-post-thumbnail","hentry","category-automocion"],"yoast_head":"<!-- This site is optimized with the Yoast SEO plugin v27.5 - https:\/\/yoast.com\/product\/yoast-seo-wordpress\/ -->\n<title>Publicaci\u00f3n de la monograf\u00eda \u201cEstudio de accidentes y v\u00edctimas de tr\u00e1fico con ciclistas implicados en Espa\u00f1a\u201d - Instituto Universitario de Investigaci\u00f3n del Autom\u00f3vil Francisco Aparicio Izquierdo<\/title>\n<meta name=\"description\" content=\"INSIA, C\u00e1tedra Eduardo Barreiros: Autom\u00f3vil y Movilidad Sostenible, Fundaci\u00f3n Eduardo Barreiros, UPM, ETSII.\" \/>\n<meta name=\"robots\" content=\"index, follow, max-snippet:-1, max-image-preview:large, max-video-preview:-1\" \/>\n<link rel=\"canonical\" href=\"https:\/\/insia-upm.es\/en\/publicacion-de-la-monografia-estudio-de-accidentes-y-victimas-de-trafico-con-ciclistas-implicados-en-espana\/\" \/>\n<meta property=\"og:locale\" content=\"en_GB\" \/>\n<meta property=\"og:type\" content=\"article\" \/>\n<meta property=\"og:title\" content=\"Publicaci\u00f3n de la monograf\u00eda \u201cEstudio de accidentes y v\u00edctimas de tr\u00e1fico con ciclistas implicados en Espa\u00f1a\u201d - Instituto Universitario de Investigaci\u00f3n del Autom\u00f3vil Francisco Aparicio Izquierdo\" \/>\n<meta property=\"og:description\" content=\"INSIA, C\u00e1tedra Eduardo Barreiros: Autom\u00f3vil y Movilidad Sostenible, Fundaci\u00f3n Eduardo Barreiros, UPM, ETSII.\" \/>\n<meta property=\"og:url\" content=\"https:\/\/insia-upm.es\/en\/publicacion-de-la-monografia-estudio-de-accidentes-y-victimas-de-trafico-con-ciclistas-implicados-en-espana\/\" \/>\n<meta property=\"og:site_name\" content=\"Instituto Universitario de Investigaci\u00f3n del Autom\u00f3vil Francisco Aparicio Izquierdo\" \/>\n<meta property=\"article:published_time\" content=\"2025-05-26T08:15:54+00:00\" \/>\n<meta property=\"og:image\" content=\"https:\/\/insia-upm.es\/wp-content\/uploads\/2025\/05\/portada-monografia.jpg\" \/>\n\t<meta property=\"og:image:width\" content=\"599\" \/>\n\t<meta property=\"og:image:height\" content=\"672\" \/>\n\t<meta property=\"og:image:type\" content=\"image\/jpeg\" \/>\n<meta name=\"author\" content=\"desarrollo\" \/>\n<meta name=\"twitter:card\" content=\"summary_large_image\" \/>\n<meta name=\"twitter:creator\" content=\"@INSIAUPM\" \/>\n<meta name=\"twitter:site\" content=\"@INSIAUPM\" \/>\n<meta name=\"twitter:label1\" content=\"Written by\" \/>\n\t<meta name=\"twitter:data1\" content=\"desarrollo\" \/>\n\t<meta name=\"twitter:label2\" content=\"Estimated reading time\" \/>\n\t<meta name=\"twitter:data2\" content=\"1 minute\" \/>\n<script type=\"application\/ld+json\" class=\"yoast-schema-graph\">{\"@context\":\"https:\\\/\\\/schema.org\",\"@graph\":[{\"@type\":\"Article\",\"@id\":\"https:\\\/\\\/insia-upm.es\\\/publicacion-de-la-monografia-estudio-de-accidentes-y-victimas-de-trafico-con-ciclistas-implicados-en-espana\\\/#article\",\"isPartOf\":{\"@id\":\"https:\\\/\\\/insia-upm.es\\\/publicacion-de-la-monografia-estudio-de-accidentes-y-victimas-de-trafico-con-ciclistas-implicados-en-espana\\\/\"},\"author\":{\"name\":\"desarrollo\",\"@id\":\"https:\\\/\\\/insia-upm.es\\\/#\\\/schema\\\/person\\\/ea86956259a9cb1c71947e50fada3117\"},\"headline\":\"Publicaci\u00f3n de la monograf\u00eda \u201cEstudio de accidentes y v\u00edctimas de tr\u00e1fico con ciclistas implicados en Espa\u00f1a\u201d\",\"datePublished\":\"2025-05-26T08:15:54+00:00\",\"mainEntityOfPage\":{\"@id\":\"https:\\\/\\\/insia-upm.es\\\/publicacion-de-la-monografia-estudio-de-accidentes-y-victimas-de-trafico-con-ciclistas-implicados-en-espana\\\/\"},\"wordCount\":217,\"commentCount\":0,\"publisher\":{\"@id\":\"https:\\\/\\\/insia-upm.es\\\/#organization\"},\"image\":{\"@id\":\"https:\\\/\\\/insia-upm.es\\\/publicacion-de-la-monografia-estudio-de-accidentes-y-victimas-de-trafico-con-ciclistas-implicados-en-espana\\\/#primaryimage\"},\"thumbnailUrl\":\"https:\\\/\\\/insia-upm.es\\\/wp-content\\\/uploads\\\/2025\\\/05\\\/portada-monografia.jpg\",\"articleSection\":[\"AUTOMOCION\"],\"inLanguage\":\"en-GB\",\"potentialAction\":[{\"@type\":\"CommentAction\",\"name\":\"Comment\",\"target\":[\"https:\\\/\\\/insia-upm.es\\\/publicacion-de-la-monografia-estudio-de-accidentes-y-victimas-de-trafico-con-ciclistas-implicados-en-espana\\\/#respond\"]}]},{\"@type\":\"WebPage\",\"@id\":\"https:\\\/\\\/insia-upm.es\\\/publicacion-de-la-monografia-estudio-de-accidentes-y-victimas-de-trafico-con-ciclistas-implicados-en-espana\\\/\",\"url\":\"https:\\\/\\\/insia-upm.es\\\/publicacion-de-la-monografia-estudio-de-accidentes-y-victimas-de-trafico-con-ciclistas-implicados-en-espana\\\/\",\"name\":\"Publicaci\u00f3n de la monograf\u00eda \u201cEstudio de accidentes y v\u00edctimas de tr\u00e1fico con ciclistas implicados en Espa\u00f1a\u201d - Instituto Universitario de Investigaci\u00f3n del Autom\u00f3vil Francisco Aparicio Izquierdo\",\"isPartOf\":{\"@id\":\"https:\\\/\\\/insia-upm.es\\\/#website\"},\"primaryImageOfPage\":{\"@id\":\"https:\\\/\\\/insia-upm.es\\\/publicacion-de-la-monografia-estudio-de-accidentes-y-victimas-de-trafico-con-ciclistas-implicados-en-espana\\\/#primaryimage\"},\"image\":{\"@id\":\"https:\\\/\\\/insia-upm.es\\\/publicacion-de-la-monografia-estudio-de-accidentes-y-victimas-de-trafico-con-ciclistas-implicados-en-espana\\\/#primaryimage\"},\"thumbnailUrl\":\"https:\\\/\\\/insia-upm.es\\\/wp-content\\\/uploads\\\/2025\\\/05\\\/portada-monografia.jpg\",\"datePublished\":\"2025-05-26T08:15:54+00:00\",\"description\":\"INSIA, C\u00e1tedra Eduardo Barreiros: Autom\u00f3vil y Movilidad Sostenible, Fundaci\u00f3n Eduardo Barreiros, UPM, ETSII.\",\"breadcrumb\":{\"@id\":\"https:\\\/\\\/insia-upm.es\\\/publicacion-de-la-monografia-estudio-de-accidentes-y-victimas-de-trafico-con-ciclistas-implicados-en-espana\\\/#breadcrumb\"},\"inLanguage\":\"en-GB\",\"potentialAction\":[{\"@type\":\"ReadAction\",\"target\":[\"https:\\\/\\\/insia-upm.es\\\/publicacion-de-la-monografia-estudio-de-accidentes-y-victimas-de-trafico-con-ciclistas-implicados-en-espana\\\/\"]}]},{\"@type\":\"ImageObject\",\"inLanguage\":\"en-GB\",\"@id\":\"https:\\\/\\\/insia-upm.es\\\/publicacion-de-la-monografia-estudio-de-accidentes-y-victimas-de-trafico-con-ciclistas-implicados-en-espana\\\/#primaryimage\",\"url\":\"https:\\\/\\\/insia-upm.es\\\/wp-content\\\/uploads\\\/2025\\\/05\\\/portada-monografia.jpg\",\"contentUrl\":\"https:\\\/\\\/insia-upm.es\\\/wp-content\\\/uploads\\\/2025\\\/05\\\/portada-monografia.jpg\",\"width\":599,\"height\":672},{\"@type\":\"BreadcrumbList\",\"@id\":\"https:\\\/\\\/insia-upm.es\\\/publicacion-de-la-monografia-estudio-de-accidentes-y-victimas-de-trafico-con-ciclistas-implicados-en-espana\\\/#breadcrumb\",\"itemListElement\":[{\"@type\":\"ListItem\",\"position\":1,\"name\":\"Portada\",\"item\":\"https:\\\/\\\/insia-upm.es\\\/\"},{\"@type\":\"ListItem\",\"position\":2,\"name\":\"Publicaci\u00f3n de la monograf\u00eda \u201cEstudio de accidentes y v\u00edctimas de tr\u00e1fico con ciclistas implicados en Espa\u00f1a\u201d\"}]},{\"@type\":\"WebSite\",\"@id\":\"https:\\\/\\\/insia-upm.es\\\/#website\",\"url\":\"https:\\\/\\\/insia-upm.es\\\/\",\"name\":\"Instituto Universitario de Investigaci\u00f3n del Autom\u00f3vil Francisco Aparicio Izquierdo\",\"description\":\"Instituto de Investigaci\u00f3n del Autom\u00f3vil Francisco Aparicio Izquierdo\",\"publisher\":{\"@id\":\"https:\\\/\\\/insia-upm.es\\\/#organization\"},\"potentialAction\":[{\"@type\":\"SearchAction\",\"target\":{\"@type\":\"EntryPoint\",\"urlTemplate\":\"https:\\\/\\\/insia-upm.es\\\/?s={search_term_string}\"},\"query-input\":{\"@type\":\"PropertyValueSpecification\",\"valueRequired\":true,\"valueName\":\"search_term_string\"}}],\"inLanguage\":\"en-GB\"},{\"@type\":\"Organization\",\"@id\":\"https:\\\/\\\/insia-upm.es\\\/#organization\",\"name\":\"UPM-INSIA\",\"url\":\"https:\\\/\\\/insia-upm.es\\\/\",\"logo\":{\"@type\":\"ImageObject\",\"inLanguage\":\"en-GB\",\"@id\":\"https:\\\/\\\/insia-upm.es\\\/#\\\/schema\\\/logo\\\/image\\\/\",\"url\":\"https:\\\/\\\/insia-upm.es\\\/wp-content\\\/uploads\\\/2021\\\/12\\\/logo-insia-low-e1412177316550.png\",\"contentUrl\":\"https:\\\/\\\/insia-upm.es\\\/wp-content\\\/uploads\\\/2021\\\/12\\\/logo-insia-low-e1412177316550.png\",\"width\":50,\"height\":71,\"caption\":\"UPM-INSIA\"},\"image\":{\"@id\":\"https:\\\/\\\/insia-upm.es\\\/#\\\/schema\\\/logo\\\/image\\\/\"},\"sameAs\":[\"https:\\\/\\\/x.com\\\/INSIAUPM\",\"https:\\\/\\\/www.instagram.com\\\/insia.upm\\\/\",\"https:\\\/\\\/www.linkedin.com\\\/in\\\/insia-instituto-universitario-investigaci\u00f3n-9088635a\\\/\",\"https:\\\/\\\/www.youtube.com\\\/user\\\/gestionidi\"]},{\"@type\":\"Person\",\"@id\":\"https:\\\/\\\/insia-upm.es\\\/#\\\/schema\\\/person\\\/ea86956259a9cb1c71947e50fada3117\",\"name\":\"desarrollo\",\"image\":{\"@type\":\"ImageObject\",\"inLanguage\":\"en-GB\",\"@id\":\"https:\\\/\\\/secure.gravatar.com\\\/avatar\\\/adcd1146e74a083903bd51ea0ac5e00b3905e9c35fc0c1b39da8534ca17f7257?s=96&d=mm&r=g\",\"url\":\"https:\\\/\\\/secure.gravatar.com\\\/avatar\\\/adcd1146e74a083903bd51ea0ac5e00b3905e9c35fc0c1b39da8534ca17f7257?s=96&d=mm&r=g\",\"contentUrl\":\"https:\\\/\\\/secure.gravatar.com\\\/avatar\\\/adcd1146e74a083903bd51ea0ac5e00b3905e9c35fc0c1b39da8534ca17f7257?s=96&d=mm&r=g\",\"caption\":\"desarrollo\"},\"sameAs\":[\"https:\\\/\\\/insia-upm.es\"],\"url\":\"https:\\\/\\\/insia-upm.es\\\/en\\\/author\\\/desarrollo\\\/\"}]}<\/script>\n<!-- \/ Yoast SEO plugin. -->","yoast_head_json":{"title":"Publicaci\u00f3n de la monograf\u00eda \u201cEstudio de accidentes y v\u00edctimas de tr\u00e1fico con ciclistas implicados en Espa\u00f1a\u201d - Instituto Universitario de Investigaci\u00f3n del Autom\u00f3vil Francisco Aparicio Izquierdo","description":"INSIA, C\u00e1tedra Eduardo Barreiros: Autom\u00f3vil y Movilidad Sostenible, Fundaci\u00f3n Eduardo Barreiros, UPM, ETSII.","robots":{"index":"index","follow":"follow","max-snippet":"max-snippet:-1","max-image-preview":"max-image-preview:large","max-video-preview":"max-video-preview:-1"},"canonical":"https:\/\/insia-upm.es\/en\/publicacion-de-la-monografia-estudio-de-accidentes-y-victimas-de-trafico-con-ciclistas-implicados-en-espana\/","og_locale":"en_GB","og_type":"article","og_title":"Publicaci\u00f3n de la monograf\u00eda \u201cEstudio de accidentes y v\u00edctimas de tr\u00e1fico con ciclistas implicados en Espa\u00f1a\u201d - Instituto Universitario de Investigaci\u00f3n del Autom\u00f3vil Francisco Aparicio Izquierdo","og_description":"INSIA, C\u00e1tedra Eduardo Barreiros: Autom\u00f3vil y Movilidad Sostenible, Fundaci\u00f3n Eduardo Barreiros, UPM, ETSII.","og_url":"https:\/\/insia-upm.es\/en\/publicacion-de-la-monografia-estudio-de-accidentes-y-victimas-de-trafico-con-ciclistas-implicados-en-espana\/","og_site_name":"Instituto Universitario de Investigaci\u00f3n del Autom\u00f3vil Francisco Aparicio Izquierdo","article_published_time":"2025-05-26T08:15:54+00:00","og_image":[{"width":599,"height":672,"url":"https:\/\/insia-upm.es\/wp-content\/uploads\/2025\/05\/portada-monografia.jpg","type":"image\/jpeg"}],"author":"desarrollo","twitter_card":"summary_large_image","twitter_creator":"@INSIAUPM","twitter_site":"@INSIAUPM","twitter_misc":{"Written by":"desarrollo","Estimated reading time":"1 minute"},"schema":{"@context":"https:\/\/schema.org","@graph":[{"@type":"Article","@id":"https:\/\/insia-upm.es\/publicacion-de-la-monografia-estudio-de-accidentes-y-victimas-de-trafico-con-ciclistas-implicados-en-espana\/#article","isPartOf":{"@id":"https:\/\/insia-upm.es\/publicacion-de-la-monografia-estudio-de-accidentes-y-victimas-de-trafico-con-ciclistas-implicados-en-espana\/"},"author":{"name":"desarrollo","@id":"https:\/\/insia-upm.es\/#\/schema\/person\/ea86956259a9cb1c71947e50fada3117"},"headline":"Publicaci\u00f3n de la monograf\u00eda \u201cEstudio de accidentes y v\u00edctimas de tr\u00e1fico con ciclistas implicados en Espa\u00f1a\u201d","datePublished":"2025-05-26T08:15:54+00:00","mainEntityOfPage":{"@id":"https:\/\/insia-upm.es\/publicacion-de-la-monografia-estudio-de-accidentes-y-victimas-de-trafico-con-ciclistas-implicados-en-espana\/"},"wordCount":217,"commentCount":0,"publisher":{"@id":"https:\/\/insia-upm.es\/#organization"},"image":{"@id":"https:\/\/insia-upm.es\/publicacion-de-la-monografia-estudio-de-accidentes-y-victimas-de-trafico-con-ciclistas-implicados-en-espana\/#primaryimage"},"thumbnailUrl":"https:\/\/insia-upm.es\/wp-content\/uploads\/2025\/05\/portada-monografia.jpg","articleSection":["AUTOMOCION"],"inLanguage":"en-GB","potentialAction":[{"@type":"CommentAction","name":"Comment","target":["https:\/\/insia-upm.es\/publicacion-de-la-monografia-estudio-de-accidentes-y-victimas-de-trafico-con-ciclistas-implicados-en-espana\/#respond"]}]},{"@type":"WebPage","@id":"https:\/\/insia-upm.es\/publicacion-de-la-monografia-estudio-de-accidentes-y-victimas-de-trafico-con-ciclistas-implicados-en-espana\/","url":"https:\/\/insia-upm.es\/publicacion-de-la-monografia-estudio-de-accidentes-y-victimas-de-trafico-con-ciclistas-implicados-en-espana\/","name":"Publicaci\u00f3n de la monograf\u00eda \u201cEstudio de accidentes y v\u00edctimas de tr\u00e1fico con ciclistas implicados en Espa\u00f1a\u201d - Instituto Universitario de Investigaci\u00f3n del Autom\u00f3vil Francisco Aparicio Izquierdo","isPartOf":{"@id":"https:\/\/insia-upm.es\/#website"},"primaryImageOfPage":{"@id":"https:\/\/insia-upm.es\/publicacion-de-la-monografia-estudio-de-accidentes-y-victimas-de-trafico-con-ciclistas-implicados-en-espana\/#primaryimage"},"image":{"@id":"https:\/\/insia-upm.es\/publicacion-de-la-monografia-estudio-de-accidentes-y-victimas-de-trafico-con-ciclistas-implicados-en-espana\/#primaryimage"},"thumbnailUrl":"https:\/\/insia-upm.es\/wp-content\/uploads\/2025\/05\/portada-monografia.jpg","datePublished":"2025-05-26T08:15:54+00:00","description":"INSIA, C\u00e1tedra Eduardo Barreiros: Autom\u00f3vil y Movilidad Sostenible, Fundaci\u00f3n Eduardo Barreiros, UPM, ETSII.","breadcrumb":{"@id":"https:\/\/insia-upm.es\/publicacion-de-la-monografia-estudio-de-accidentes-y-victimas-de-trafico-con-ciclistas-implicados-en-espana\/#breadcrumb"},"inLanguage":"en-GB","potentialAction":[{"@type":"ReadAction","target":["https:\/\/insia-upm.es\/publicacion-de-la-monografia-estudio-de-accidentes-y-victimas-de-trafico-con-ciclistas-implicados-en-espana\/"]}]},{"@type":"ImageObject","inLanguage":"en-GB","@id":"https:\/\/insia-upm.es\/publicacion-de-la-monografia-estudio-de-accidentes-y-victimas-de-trafico-con-ciclistas-implicados-en-espana\/#primaryimage","url":"https:\/\/insia-upm.es\/wp-content\/uploads\/2025\/05\/portada-monografia.jpg","contentUrl":"https:\/\/insia-upm.es\/wp-content\/uploads\/2025\/05\/portada-monografia.jpg","width":599,"height":672},{"@type":"BreadcrumbList","@id":"https:\/\/insia-upm.es\/publicacion-de-la-monografia-estudio-de-accidentes-y-victimas-de-trafico-con-ciclistas-implicados-en-espana\/#breadcrumb","itemListElement":[{"@type":"ListItem","position":1,"name":"Portada","item":"https:\/\/insia-upm.es\/"},{"@type":"ListItem","position":2,"name":"Publicaci\u00f3n de la monograf\u00eda \u201cEstudio de accidentes y v\u00edctimas de tr\u00e1fico con ciclistas implicados en Espa\u00f1a\u201d"}]},{"@type":"WebSite","@id":"https:\/\/insia-upm.es\/#website","url":"https:\/\/insia-upm.es\/","name":"Instituto Universitario de Investigaci\u00f3n del Autom\u00f3vil Francisco Aparicio Izquierdo","description":"Instituto de Investigaci\u00f3n del Autom\u00f3vil Francisco Aparicio Izquierdo","publisher":{"@id":"https:\/\/insia-upm.es\/#organization"},"potentialAction":[{"@type":"SearchAction","target":{"@type":"EntryPoint","urlTemplate":"https:\/\/insia-upm.es\/?s={search_term_string}"},"query-input":{"@type":"PropertyValueSpecification","valueRequired":true,"valueName":"search_term_string"}}],"inLanguage":"en-GB"},{"@type":"Organization","@id":"https:\/\/insia-upm.es\/#organization","name":"UPM-INSIA","url":"https:\/\/insia-upm.es\/","logo":{"@type":"ImageObject","inLanguage":"en-GB","@id":"https:\/\/insia-upm.es\/#\/schema\/logo\/image\/","url":"https:\/\/insia-upm.es\/wp-content\/uploads\/2021\/12\/logo-insia-low-e1412177316550.png","contentUrl":"https:\/\/insia-upm.es\/wp-content\/uploads\/2021\/12\/logo-insia-low-e1412177316550.png","width":50,"height":71,"caption":"UPM-INSIA"},"image":{"@id":"https:\/\/insia-upm.es\/#\/schema\/logo\/image\/"},"sameAs":["https:\/\/x.com\/INSIAUPM","https:\/\/www.instagram.com\/insia.upm\/","https:\/\/www.linkedin.com\/in\/insia-instituto-universitario-investigaci\u00f3n-9088635a\/","https:\/\/www.youtube.com\/user\/gestionidi"]},{"@type":"Person","@id":"https:\/\/insia-upm.es\/#\/schema\/person\/ea86956259a9cb1c71947e50fada3117","name":"desarrollo","image":{"@type":"ImageObject","inLanguage":"en-GB","@id":"https:\/\/secure.gravatar.com\/avatar\/adcd1146e74a083903bd51ea0ac5e00b3905e9c35fc0c1b39da8534ca17f7257?s=96&d=mm&r=g","url":"https:\/\/secure.gravatar.com\/avatar\/adcd1146e74a083903bd51ea0ac5e00b3905e9c35fc0c1b39da8534ca17f7257?s=96&d=mm&r=g","contentUrl":"https:\/\/secure.gravatar.com\/avatar\/adcd1146e74a083903bd51ea0ac5e00b3905e9c35fc0c1b39da8534ca17f7257?s=96&d=mm&r=g","caption":"desarrollo"},"sameAs":["https:\/\/insia-upm.es"],"url":"https:\/\/insia-upm.es\/en\/author\/desarrollo\/"}]}},"_links":{"self":[{"href":"https:\/\/insia-upm.es\/en\/wp-json\/wp\/v2\/posts\/19464","targetHints":{"allow":["GET"]}}],"collection":[{"href":"https:\/\/insia-upm.es\/en\/wp-json\/wp\/v2\/posts"}],"about":[{"href":"https:\/\/insia-upm.es\/en\/wp-json\/wp\/v2\/types\/post"}],"author":[{"embeddable":true,"href":"https:\/\/insia-upm.es\/en\/wp-json\/wp\/v2\/users\/1"}],"replies":[{"embeddable":true,"href":"https:\/\/insia-upm.es\/en\/wp-json\/wp\/v2\/comments?post=19464"}],"version-history":[{"count":2,"href":"https:\/\/insia-upm.es\/en\/wp-json\/wp\/v2\/posts\/19464\/revisions"}],"predecessor-version":[{"id":19468,"href":"https:\/\/insia-upm.es\/en\/wp-json\/wp\/v2\/posts\/19464\/revisions\/19468"}],"wp:featuredmedia":[{"embeddable":true,"href":"https:\/\/insia-upm.es\/en\/wp-json\/wp\/v2\/media\/19466"}],"wp:attachment":[{"href":"https:\/\/insia-upm.es\/en\/wp-json\/wp\/v2\/media?parent=19464"}],"wp:term":[{"taxonomy":"category","embeddable":true,"href":"https:\/\/insia-upm.es\/en\/wp-json\/wp\/v2\/categories?post=19464"},{"taxonomy":"post_tag","embeddable":true,"href":"https:\/\/insia-upm.es\/en\/wp-json\/wp\/v2\/tags?post=19464"}],"curies":[{"name":"wp","href":"https:\/\/api.w.org\/{rel}","templated":true}]}}