{"id":18742,"date":"2023-03-28T09:13:11","date_gmt":"2023-03-28T09:13:11","guid":{"rendered":"https:\/\/insia-upm.es\/?p=18742"},"modified":"2023-03-28T14:10:14","modified_gmt":"2023-03-28T14:10:14","slug":"ciclo-extraordinario-de-conferencias-del-master-en-ingenieria-de-automocion-curso-22-23","status":"publish","type":"post","link":"https:\/\/insia-upm.es\/en\/ciclo-extraordinario-de-conferencias-del-master-en-ingenieria-de-automocion-curso-22-23\/","title":{"rendered":"Ciclo extraordinario de conferencias del master  en ingenier\u00eda de automoci\u00f3n curso 22\/23"},"content":{"rendered":"<h2 style=\"text-align: center;\"><strong>T\u00cdTULO DEL CICLO:<\/strong> <strong>\u201cEvoluci\u00f3n de la electromovilidad en Espa\u00f1a. Retos\u201d<\/strong><\/h2>\n<h4>Lugar: Sal\u00f3n de actos del INSIA<\/h4>\n<p><img loading=\"lazy\" decoding=\"async\" class=\"alignnone wp-image-18743 size-full\" src=\"https:\/\/insia-upm.es\/wp-content\/uploads\/2023\/03\/PROGRAMA-CEXT-curso-22_23-1-2.jpg\" alt=\"\" width=\"1551\" height=\"1676\" srcset=\"https:\/\/insia-upm.es\/wp-content\/uploads\/2023\/03\/PROGRAMA-CEXT-curso-22_23-1-2.jpg 1551w, https:\/\/insia-upm.es\/wp-content\/uploads\/2023\/03\/PROGRAMA-CEXT-curso-22_23-1-2-1280x1383.jpg 1280w, https:\/\/insia-upm.es\/wp-content\/uploads\/2023\/03\/PROGRAMA-CEXT-curso-22_23-1-2-980x1059.jpg 980w, https:\/\/insia-upm.es\/wp-content\/uploads\/2023\/03\/PROGRAMA-CEXT-curso-22_23-1-2-480x519.jpg 480w\" sizes=\"(min-width: 0px) and (max-width: 480px) 480px, (min-width: 481px) and (max-width: 980px) 980px, (min-width: 981px) and (max-width: 1280px) 1280px, (min-width: 1281px) 1551px, 100vw\" \/><\/p>","protected":false},"excerpt":{"rendered":"<p>T\u00cdTULO DEL CICLO: \u201cEvoluci\u00f3n de la electromovilidad en Espa\u00f1a. Retos\u201d Lugar: Sal\u00f3n de actos del INSIA<\/p>","protected":false},"author":1,"featured_media":18719,"comment_status":"closed","ping_status":"open","sticky":false,"template":"","format":"standard","meta":{"_et_pb_use_builder":"","_et_pb_old_content":"","_et_gb_content_width":"","_monsterinsights_skip_tracking":false,"_monsterinsights_sitenote_active":false,"_monsterinsights_sitenote_note":"","_monsterinsights_sitenote_category":0,"footnotes":""},"categories":[41,40],"tags":[],"class_list":["post-18742","post","type-post","status-publish","format-standard","has-post-thumbnail","hentry","category-automocion","category-conferencia-automocion-y-del-master-en-ingenieria-de-vehiculos-hibridos-y-electricos"],"yoast_head":"<!-- This site is optimized with the Yoast SEO plugin v27.4 - https:\/\/yoast.com\/product\/yoast-seo-wordpress\/ -->\n<title>Ciclo extraordinario de conferencias del master en ingenier\u00eda de automoci\u00f3n curso 22\/23 - Instituto Universitario de Investigaci\u00f3n del Autom\u00f3vil Francisco Aparicio Izquierdo<\/title>\n<meta name=\"description\" content=\"Evoluci\u00f3n de la electromovilidad en Espa\u00f1a. Retos\" \/>\n<meta name=\"robots\" content=\"index, follow, max-snippet:-1, max-image-preview:large, max-video-preview:-1\" \/>\n<link rel=\"canonical\" href=\"https:\/\/insia-upm.es\/en\/ciclo-extraordinario-de-conferencias-del-master-en-ingenieria-de-automocion-curso-22-23\/\" \/>\n<meta property=\"og:locale\" content=\"en_GB\" \/>\n<meta property=\"og:type\" content=\"article\" \/>\n<meta property=\"og:title\" content=\"Ciclo extraordinario de conferencias del master en ingenier\u00eda de automoci\u00f3n curso 22\/23 - Instituto Universitario de Investigaci\u00f3n del Autom\u00f3vil Francisco Aparicio Izquierdo\" \/>\n<meta property=\"og:description\" content=\"Evoluci\u00f3n de la electromovilidad en Espa\u00f1a. Retos\" \/>\n<meta property=\"og:url\" content=\"https:\/\/insia-upm.es\/en\/ciclo-extraordinario-de-conferencias-del-master-en-ingenieria-de-automocion-curso-22-23\/\" \/>\n<meta property=\"og:site_name\" content=\"Instituto Universitario de Investigaci\u00f3n del Autom\u00f3vil Francisco Aparicio Izquierdo\" \/>\n<meta property=\"article:published_time\" content=\"2023-03-28T09:13:11+00:00\" \/>\n<meta property=\"article:modified_time\" content=\"2023-03-28T14:10:14+00:00\" \/>\n<meta property=\"og:image\" content=\"https:\/\/insia-upm.es\/wp-content\/uploads\/2023\/02\/master-automocion-UPM-2023.png\" \/>\n\t<meta property=\"og:image:width\" content=\"1366\" \/>\n\t<meta property=\"og:image:height\" content=\"768\" \/>\n\t<meta property=\"og:image:type\" content=\"image\/png\" \/>\n<meta name=\"author\" content=\"desarrollo\" \/>\n<meta name=\"twitter:card\" content=\"summary_large_image\" \/>\n<meta name=\"twitter:title\" content=\"Evoluci\u00f3n de la electromovilidad en Espa\u00f1a. Retos\" \/>\n<meta name=\"twitter:image\" content=\"https:\/\/insia-upm.es\/wp-content\/uploads\/2023\/02\/master-automocion-UPM-2023.png\" \/>\n<meta name=\"twitter:creator\" content=\"@INSIAUPM\" \/>\n<meta name=\"twitter:site\" content=\"@INSIAUPM\" \/>\n<meta name=\"twitter:label1\" content=\"Written by\" \/>\n\t<meta name=\"twitter:data1\" content=\"desarrollo\" \/>\n\t<meta name=\"twitter:label2\" content=\"Estimated reading time\" \/>\n\t<meta name=\"twitter:data2\" content=\"1 minute\" \/>\n<script type=\"application\/ld+json\" class=\"yoast-schema-graph\">{\"@context\":\"https:\\\/\\\/schema.org\",\"@graph\":[{\"@type\":\"Article\",\"@id\":\"https:\\\/\\\/insia-upm.es\\\/ciclo-extraordinario-de-conferencias-del-master-en-ingenieria-de-automocion-curso-22-23\\\/#article\",\"isPartOf\":{\"@id\":\"https:\\\/\\\/insia-upm.es\\\/ciclo-extraordinario-de-conferencias-del-master-en-ingenieria-de-automocion-curso-22-23\\\/\"},\"author\":{\"name\":\"desarrollo\",\"@id\":\"https:\\\/\\\/insia-upm.es\\\/#\\\/schema\\\/person\\\/ea86956259a9cb1c71947e50fada3117\"},\"headline\":\"Ciclo extraordinario de conferencias del master en ingenier\u00eda de automoci\u00f3n curso 22\\\/23\",\"datePublished\":\"2023-03-28T09:13:11+00:00\",\"dateModified\":\"2023-03-28T14:10:14+00:00\",\"mainEntityOfPage\":{\"@id\":\"https:\\\/\\\/insia-upm.es\\\/ciclo-extraordinario-de-conferencias-del-master-en-ingenieria-de-automocion-curso-22-23\\\/\"},\"wordCount\":33,\"publisher\":{\"@id\":\"https:\\\/\\\/insia-upm.es\\\/#organization\"},\"image\":{\"@id\":\"https:\\\/\\\/insia-upm.es\\\/ciclo-extraordinario-de-conferencias-del-master-en-ingenieria-de-automocion-curso-22-23\\\/#primaryimage\"},\"thumbnailUrl\":\"https:\\\/\\\/insia-upm.es\\\/wp-content\\\/uploads\\\/2023\\\/02\\\/master-automocion-UPM-2023.png\",\"articleSection\":[\"AUTOMOCION\",\"Conferencia Automoci\u00f3n y del Master en Ingenier\u00eda de Veh\u00edculos H\u00edbridos y El\u00e9ctricos\"],\"inLanguage\":\"en-GB\"},{\"@type\":\"WebPage\",\"@id\":\"https:\\\/\\\/insia-upm.es\\\/ciclo-extraordinario-de-conferencias-del-master-en-ingenieria-de-automocion-curso-22-23\\\/\",\"url\":\"https:\\\/\\\/insia-upm.es\\\/ciclo-extraordinario-de-conferencias-del-master-en-ingenieria-de-automocion-curso-22-23\\\/\",\"name\":\"Ciclo extraordinario de conferencias del master en ingenier\u00eda de automoci\u00f3n curso 22\\\/23 - Instituto Universitario de Investigaci\u00f3n del Autom\u00f3vil Francisco Aparicio Izquierdo\",\"isPartOf\":{\"@id\":\"https:\\\/\\\/insia-upm.es\\\/#website\"},\"primaryImageOfPage\":{\"@id\":\"https:\\\/\\\/insia-upm.es\\\/ciclo-extraordinario-de-conferencias-del-master-en-ingenieria-de-automocion-curso-22-23\\\/#primaryimage\"},\"image\":{\"@id\":\"https:\\\/\\\/insia-upm.es\\\/ciclo-extraordinario-de-conferencias-del-master-en-ingenieria-de-automocion-curso-22-23\\\/#primaryimage\"},\"thumbnailUrl\":\"https:\\\/\\\/insia-upm.es\\\/wp-content\\\/uploads\\\/2023\\\/02\\\/master-automocion-UPM-2023.png\",\"datePublished\":\"2023-03-28T09:13:11+00:00\",\"dateModified\":\"2023-03-28T14:10:14+00:00\",\"description\":\"Evoluci\u00f3n de la electromovilidad en Espa\u00f1a. Retos\",\"breadcrumb\":{\"@id\":\"https:\\\/\\\/insia-upm.es\\\/ciclo-extraordinario-de-conferencias-del-master-en-ingenieria-de-automocion-curso-22-23\\\/#breadcrumb\"},\"inLanguage\":\"en-GB\",\"potentialAction\":[{\"@type\":\"ReadAction\",\"target\":[\"https:\\\/\\\/insia-upm.es\\\/ciclo-extraordinario-de-conferencias-del-master-en-ingenieria-de-automocion-curso-22-23\\\/\"]}]},{\"@type\":\"ImageObject\",\"inLanguage\":\"en-GB\",\"@id\":\"https:\\\/\\\/insia-upm.es\\\/ciclo-extraordinario-de-conferencias-del-master-en-ingenieria-de-automocion-curso-22-23\\\/#primaryimage\",\"url\":\"https:\\\/\\\/insia-upm.es\\\/wp-content\\\/uploads\\\/2023\\\/02\\\/master-automocion-UPM-2023.png\",\"contentUrl\":\"https:\\\/\\\/insia-upm.es\\\/wp-content\\\/uploads\\\/2023\\\/02\\\/master-automocion-UPM-2023.png\",\"width\":1366,\"height\":768},{\"@type\":\"BreadcrumbList\",\"@id\":\"https:\\\/\\\/insia-upm.es\\\/ciclo-extraordinario-de-conferencias-del-master-en-ingenieria-de-automocion-curso-22-23\\\/#breadcrumb\",\"itemListElement\":[{\"@type\":\"ListItem\",\"position\":1,\"name\":\"Portada\",\"item\":\"https:\\\/\\\/insia-upm.es\\\/\"},{\"@type\":\"ListItem\",\"position\":2,\"name\":\"Ciclo extraordinario de conferencias del master en ingenier\u00eda de automoci\u00f3n curso 22\\\/23\"}]},{\"@type\":\"WebSite\",\"@id\":\"https:\\\/\\\/insia-upm.es\\\/#website\",\"url\":\"https:\\\/\\\/insia-upm.es\\\/\",\"name\":\"Instituto Universitario de Investigaci\u00f3n del Autom\u00f3vil Francisco Aparicio Izquierdo\",\"description\":\"Instituto de Investigaci\u00f3n del Autom\u00f3vil Francisco Aparicio Izquierdo\",\"publisher\":{\"@id\":\"https:\\\/\\\/insia-upm.es\\\/#organization\"},\"potentialAction\":[{\"@type\":\"SearchAction\",\"target\":{\"@type\":\"EntryPoint\",\"urlTemplate\":\"https:\\\/\\\/insia-upm.es\\\/?s={search_term_string}\"},\"query-input\":{\"@type\":\"PropertyValueSpecification\",\"valueRequired\":true,\"valueName\":\"search_term_string\"}}],\"inLanguage\":\"en-GB\"},{\"@type\":\"Organization\",\"@id\":\"https:\\\/\\\/insia-upm.es\\\/#organization\",\"name\":\"UPM-INSIA\",\"url\":\"https:\\\/\\\/insia-upm.es\\\/\",\"logo\":{\"@type\":\"ImageObject\",\"inLanguage\":\"en-GB\",\"@id\":\"https:\\\/\\\/insia-upm.es\\\/#\\\/schema\\\/logo\\\/image\\\/\",\"url\":\"https:\\\/\\\/insia-upm.es\\\/wp-content\\\/uploads\\\/2021\\\/12\\\/logo-insia-low-e1412177316550.png\",\"contentUrl\":\"https:\\\/\\\/insia-upm.es\\\/wp-content\\\/uploads\\\/2021\\\/12\\\/logo-insia-low-e1412177316550.png\",\"width\":50,\"height\":71,\"caption\":\"UPM-INSIA\"},\"image\":{\"@id\":\"https:\\\/\\\/insia-upm.es\\\/#\\\/schema\\\/logo\\\/image\\\/\"},\"sameAs\":[\"https:\\\/\\\/x.com\\\/INSIAUPM\",\"https:\\\/\\\/www.instagram.com\\\/insia.upm\\\/\",\"https:\\\/\\\/www.linkedin.com\\\/in\\\/insia-instituto-universitario-investigaci\u00f3n-9088635a\\\/\",\"https:\\\/\\\/www.youtube.com\\\/user\\\/gestionidi\"]},{\"@type\":\"Person\",\"@id\":\"https:\\\/\\\/insia-upm.es\\\/#\\\/schema\\\/person\\\/ea86956259a9cb1c71947e50fada3117\",\"name\":\"desarrollo\",\"image\":{\"@type\":\"ImageObject\",\"inLanguage\":\"en-GB\",\"@id\":\"https:\\\/\\\/secure.gravatar.com\\\/avatar\\\/adcd1146e74a083903bd51ea0ac5e00b3905e9c35fc0c1b39da8534ca17f7257?s=96&d=mm&r=g\",\"url\":\"https:\\\/\\\/secure.gravatar.com\\\/avatar\\\/adcd1146e74a083903bd51ea0ac5e00b3905e9c35fc0c1b39da8534ca17f7257?s=96&d=mm&r=g\",\"contentUrl\":\"https:\\\/\\\/secure.gravatar.com\\\/avatar\\\/adcd1146e74a083903bd51ea0ac5e00b3905e9c35fc0c1b39da8534ca17f7257?s=96&d=mm&r=g\",\"caption\":\"desarrollo\"},\"sameAs\":[\"https:\\\/\\\/insia-upm.es\"],\"url\":\"https:\\\/\\\/insia-upm.es\\\/en\\\/author\\\/desarrollo\\\/\"}]}<\/script>\n<!-- \/ Yoast SEO plugin. -->","yoast_head_json":{"title":"Ciclo extraordinario de conferencias del master en ingenier\u00eda de automoci\u00f3n curso 22\/23 - Instituto Universitario de Investigaci\u00f3n del Autom\u00f3vil Francisco Aparicio Izquierdo","description":"Evoluci\u00f3n de la electromovilidad en Espa\u00f1a. Retos","robots":{"index":"index","follow":"follow","max-snippet":"max-snippet:-1","max-image-preview":"max-image-preview:large","max-video-preview":"max-video-preview:-1"},"canonical":"https:\/\/insia-upm.es\/en\/ciclo-extraordinario-de-conferencias-del-master-en-ingenieria-de-automocion-curso-22-23\/","og_locale":"en_GB","og_type":"article","og_title":"Ciclo extraordinario de conferencias del master en ingenier\u00eda de automoci\u00f3n curso 22\/23 - Instituto Universitario de Investigaci\u00f3n del Autom\u00f3vil Francisco Aparicio Izquierdo","og_description":"Evoluci\u00f3n de la electromovilidad en Espa\u00f1a. Retos","og_url":"https:\/\/insia-upm.es\/en\/ciclo-extraordinario-de-conferencias-del-master-en-ingenieria-de-automocion-curso-22-23\/","og_site_name":"Instituto Universitario de Investigaci\u00f3n del Autom\u00f3vil Francisco Aparicio Izquierdo","article_published_time":"2023-03-28T09:13:11+00:00","article_modified_time":"2023-03-28T14:10:14+00:00","og_image":[{"width":1366,"height":768,"url":"https:\/\/insia-upm.es\/wp-content\/uploads\/2023\/02\/master-automocion-UPM-2023.png","type":"image\/png"}],"author":"desarrollo","twitter_card":"summary_large_image","twitter_title":"Evoluci\u00f3n de la electromovilidad en Espa\u00f1a. Retos","twitter_image":"https:\/\/insia-upm.es\/wp-content\/uploads\/2023\/02\/master-automocion-UPM-2023.png","twitter_creator":"@INSIAUPM","twitter_site":"@INSIAUPM","twitter_misc":{"Written by":"desarrollo","Estimated reading time":"1 minute"},"schema":{"@context":"https:\/\/schema.org","@graph":[{"@type":"Article","@id":"https:\/\/insia-upm.es\/ciclo-extraordinario-de-conferencias-del-master-en-ingenieria-de-automocion-curso-22-23\/#article","isPartOf":{"@id":"https:\/\/insia-upm.es\/ciclo-extraordinario-de-conferencias-del-master-en-ingenieria-de-automocion-curso-22-23\/"},"author":{"name":"desarrollo","@id":"https:\/\/insia-upm.es\/#\/schema\/person\/ea86956259a9cb1c71947e50fada3117"},"headline":"Ciclo extraordinario de conferencias del master en ingenier\u00eda de automoci\u00f3n curso 22\/23","datePublished":"2023-03-28T09:13:11+00:00","dateModified":"2023-03-28T14:10:14+00:00","mainEntityOfPage":{"@id":"https:\/\/insia-upm.es\/ciclo-extraordinario-de-conferencias-del-master-en-ingenieria-de-automocion-curso-22-23\/"},"wordCount":33,"publisher":{"@id":"https:\/\/insia-upm.es\/#organization"},"image":{"@id":"https:\/\/insia-upm.es\/ciclo-extraordinario-de-conferencias-del-master-en-ingenieria-de-automocion-curso-22-23\/#primaryimage"},"thumbnailUrl":"https:\/\/insia-upm.es\/wp-content\/uploads\/2023\/02\/master-automocion-UPM-2023.png","articleSection":["AUTOMOCION","Conferencia Automoci\u00f3n y del Master en Ingenier\u00eda de Veh\u00edculos H\u00edbridos y El\u00e9ctricos"],"inLanguage":"en-GB"},{"@type":"WebPage","@id":"https:\/\/insia-upm.es\/ciclo-extraordinario-de-conferencias-del-master-en-ingenieria-de-automocion-curso-22-23\/","url":"https:\/\/insia-upm.es\/ciclo-extraordinario-de-conferencias-del-master-en-ingenieria-de-automocion-curso-22-23\/","name":"Ciclo extraordinario de conferencias del master en ingenier\u00eda de automoci\u00f3n curso 22\/23 - Instituto Universitario de Investigaci\u00f3n del Autom\u00f3vil Francisco Aparicio Izquierdo","isPartOf":{"@id":"https:\/\/insia-upm.es\/#website"},"primaryImageOfPage":{"@id":"https:\/\/insia-upm.es\/ciclo-extraordinario-de-conferencias-del-master-en-ingenieria-de-automocion-curso-22-23\/#primaryimage"},"image":{"@id":"https:\/\/insia-upm.es\/ciclo-extraordinario-de-conferencias-del-master-en-ingenieria-de-automocion-curso-22-23\/#primaryimage"},"thumbnailUrl":"https:\/\/insia-upm.es\/wp-content\/uploads\/2023\/02\/master-automocion-UPM-2023.png","datePublished":"2023-03-28T09:13:11+00:00","dateModified":"2023-03-28T14:10:14+00:00","description":"Evoluci\u00f3n de la electromovilidad en Espa\u00f1a. Retos","breadcrumb":{"@id":"https:\/\/insia-upm.es\/ciclo-extraordinario-de-conferencias-del-master-en-ingenieria-de-automocion-curso-22-23\/#breadcrumb"},"inLanguage":"en-GB","potentialAction":[{"@type":"ReadAction","target":["https:\/\/insia-upm.es\/ciclo-extraordinario-de-conferencias-del-master-en-ingenieria-de-automocion-curso-22-23\/"]}]},{"@type":"ImageObject","inLanguage":"en-GB","@id":"https:\/\/insia-upm.es\/ciclo-extraordinario-de-conferencias-del-master-en-ingenieria-de-automocion-curso-22-23\/#primaryimage","url":"https:\/\/insia-upm.es\/wp-content\/uploads\/2023\/02\/master-automocion-UPM-2023.png","contentUrl":"https:\/\/insia-upm.es\/wp-content\/uploads\/2023\/02\/master-automocion-UPM-2023.png","width":1366,"height":768},{"@type":"BreadcrumbList","@id":"https:\/\/insia-upm.es\/ciclo-extraordinario-de-conferencias-del-master-en-ingenieria-de-automocion-curso-22-23\/#breadcrumb","itemListElement":[{"@type":"ListItem","position":1,"name":"Portada","item":"https:\/\/insia-upm.es\/"},{"@type":"ListItem","position":2,"name":"Ciclo extraordinario de conferencias del master en ingenier\u00eda de automoci\u00f3n curso 22\/23"}]},{"@type":"WebSite","@id":"https:\/\/insia-upm.es\/#website","url":"https:\/\/insia-upm.es\/","name":"Instituto Universitario de Investigaci\u00f3n del Autom\u00f3vil Francisco Aparicio Izquierdo","description":"Instituto de Investigaci\u00f3n del Autom\u00f3vil Francisco Aparicio Izquierdo","publisher":{"@id":"https:\/\/insia-upm.es\/#organization"},"potentialAction":[{"@type":"SearchAction","target":{"@type":"EntryPoint","urlTemplate":"https:\/\/insia-upm.es\/?s={search_term_string}"},"query-input":{"@type":"PropertyValueSpecification","valueRequired":true,"valueName":"search_term_string"}}],"inLanguage":"en-GB"},{"@type":"Organization","@id":"https:\/\/insia-upm.es\/#organization","name":"UPM-INSIA","url":"https:\/\/insia-upm.es\/","logo":{"@type":"ImageObject","inLanguage":"en-GB","@id":"https:\/\/insia-upm.es\/#\/schema\/logo\/image\/","url":"https:\/\/insia-upm.es\/wp-content\/uploads\/2021\/12\/logo-insia-low-e1412177316550.png","contentUrl":"https:\/\/insia-upm.es\/wp-content\/uploads\/2021\/12\/logo-insia-low-e1412177316550.png","width":50,"height":71,"caption":"UPM-INSIA"},"image":{"@id":"https:\/\/insia-upm.es\/#\/schema\/logo\/image\/"},"sameAs":["https:\/\/x.com\/INSIAUPM","https:\/\/www.instagram.com\/insia.upm\/","https:\/\/www.linkedin.com\/in\/insia-instituto-universitario-investigaci\u00f3n-9088635a\/","https:\/\/www.youtube.com\/user\/gestionidi"]},{"@type":"Person","@id":"https:\/\/insia-upm.es\/#\/schema\/person\/ea86956259a9cb1c71947e50fada3117","name":"desarrollo","image":{"@type":"ImageObject","inLanguage":"en-GB","@id":"https:\/\/secure.gravatar.com\/avatar\/adcd1146e74a083903bd51ea0ac5e00b3905e9c35fc0c1b39da8534ca17f7257?s=96&d=mm&r=g","url":"https:\/\/secure.gravatar.com\/avatar\/adcd1146e74a083903bd51ea0ac5e00b3905e9c35fc0c1b39da8534ca17f7257?s=96&d=mm&r=g","contentUrl":"https:\/\/secure.gravatar.com\/avatar\/adcd1146e74a083903bd51ea0ac5e00b3905e9c35fc0c1b39da8534ca17f7257?s=96&d=mm&r=g","caption":"desarrollo"},"sameAs":["https:\/\/insia-upm.es"],"url":"https:\/\/insia-upm.es\/en\/author\/desarrollo\/"}]}},"_links":{"self":[{"href":"https:\/\/insia-upm.es\/en\/wp-json\/wp\/v2\/posts\/18742","targetHints":{"allow":["GET"]}}],"collection":[{"href":"https:\/\/insia-upm.es\/en\/wp-json\/wp\/v2\/posts"}],"about":[{"href":"https:\/\/insia-upm.es\/en\/wp-json\/wp\/v2\/types\/post"}],"author":[{"embeddable":true,"href":"https:\/\/insia-upm.es\/en\/wp-json\/wp\/v2\/users\/1"}],"replies":[{"embeddable":true,"href":"https:\/\/insia-upm.es\/en\/wp-json\/wp\/v2\/comments?post=18742"}],"version-history":[{"count":2,"href":"https:\/\/insia-upm.es\/en\/wp-json\/wp\/v2\/posts\/18742\/revisions"}],"predecessor-version":[{"id":18745,"href":"https:\/\/insia-upm.es\/en\/wp-json\/wp\/v2\/posts\/18742\/revisions\/18745"}],"wp:featuredmedia":[{"embeddable":true,"href":"https:\/\/insia-upm.es\/en\/wp-json\/wp\/v2\/media\/18719"}],"wp:attachment":[{"href":"https:\/\/insia-upm.es\/en\/wp-json\/wp\/v2\/media?parent=18742"}],"wp:term":[{"taxonomy":"category","embeddable":true,"href":"https:\/\/insia-upm.es\/en\/wp-json\/wp\/v2\/categories?post=18742"},{"taxonomy":"post_tag","embeddable":true,"href":"https:\/\/insia-upm.es\/en\/wp-json\/wp\/v2\/tags?post=18742"}],"curies":[{"name":"wp","href":"https:\/\/api.w.org\/{rel}","templated":true}]}}