{"id":13936,"date":"2018-07-24T09:23:03","date_gmt":"2018-07-24T07:23:03","guid":{"rendered":"https:\/\/insia-upm.es\/?p=13936"},"modified":"2018-07-24T09:23:03","modified_gmt":"2018-07-24T07:23:03","slug":"triple-cero-cero-emisiones-cero-victimas-en-accidente-cero-barreras","status":"publish","type":"post","link":"https:\/\/insia-upm.es\/en\/triple-cero-cero-emisiones-cero-victimas-en-accidente-cero-barreras\/","title":{"rendered":"Triple CERO: cero emisiones, cero v\u00edctimas en accidente, cero barreras"},"content":{"rendered":"<p style=\"text-align: justify;\">El <strong>SIMPOSIO<\/strong> que organiza el INSIA que tendr\u00e1 lugar los <strong>d\u00edas 3, 4 y 5 de octubre de 2018<\/strong>, tiene por objetivo fundamental convocar a especialistas en los diferentes temas; responsables de movilidad de las administraciones locales, auton\u00f3micas y nacional;\u00a0 empresas de fabricaci\u00f3n y carrozado de veh\u00edculos y otros sistemas tecnol\u00f3gicos; empresas y asociaciones de operadores de transporte y asociaciones de usuarios, para presentar y debatir los principales temas de inter\u00e9s de este importante y pluridisciplinar sector.<\/p>\n<p>Destacamos de este <strong>SIMPOSIO<\/strong> varios aspectos que le hacen\u00a0 singular y le confieren un gran inter\u00e9s para cuantas personas nos sentimos vinculadas al transporte colectivo de personas:<\/p>\n<p style=\"text-align: justify;\"><strong>ES OPORTUNO<\/strong>, por cuanto se organiza en un momento en el que concurren dos circunstancias que, sin ser nuevas, se viven con especial intensidad: la necesidad de implementar nuevas soluciones que hagan m\u00e1s atractivo y accesible el transporte colectivo de personas, como una forma de reducir los impactos energ\u00e9tico y medioambientales de la movilidad y la posibilidad de incorporar nuevas tecnolog\u00edas de propulsi\u00f3n, automatizaci\u00f3n y gesti\u00f3n que facilita el objetivo general indicado antes.<\/p>\n<p style=\"text-align: justify;\"><strong>ES MUY COMPLETO Y ABIERTO. <\/strong>En su contenido, porque a trav\u00e9s de sus diez mesas redondas que incluyen a unos cuarenta temas de indudable inter\u00e9s y actualidad, relativos a aspectos tecnol\u00f3gicos, organizativos o de pol\u00edticas en los diferentes \u00e1mbitos y administraciones; en su desarrollo, porque incluye\u00a0 expertos de primer nivel de los diferentes \u00e1mbitos p\u00fablicos y privados ya citados y diez moderadores de mesa todos ellos con responsabilidades o reconocimientos especiales en el Sector y en su convocatoria porque pretende reunir a cuantas personas con responsabilidades t\u00e9cnicas, de gesti\u00f3n o pol\u00edticas\u00a0 est\u00e9n interesadas en asistir, sin excluir a estudiosos o profesionales de otros \u00e1mbitos.<\/p>\n<p><strong>INCORPORA ACTIVIDADES COMPLEMENTARIAS DE INDUDABLE INTER\u00c9S<\/strong><\/p>\n<p style=\"text-align: justify;\"><strong>Una jornada t\u00e9cnica<\/strong> en una de las instalaciones m\u00e1s modernas de la EMT (Empresa Municipal de Transportes de Madrid), como es el Centro de Operaciones SANCHINARRO, en el que, adem\u00e1s de visitar todas sus dependencias t\u00e9cnicas, se ofrecer\u00e1 a los asistentes una conferencia sobre \u201cOrganizaci\u00f3n de las operaciones y procesos de la EMT\u201d.<\/p>\n<p style=\"text-align: justify;\"><strong>Una exposici\u00f3n de veh\u00edculos<\/strong> que incorporan innovaciones para un mejor servicio o un funcionamiento optimizado en materia de energ\u00eda e impacto medioambiental.<\/p>\n<p style=\"text-align: justify;\"><strong>Una exposici\u00f3n de sistemas t\u00e9cnicos y de gesti\u00f3n, energ\u00e9ticos<\/strong>\u00a0 y otros orientados a la mejora de soluciones al transporte colectivo de personas.<\/p>\n<p><strong>SE DESARROLLA EN\u00a0 ESPACIOS PRIVILEGIADOS<\/strong><\/p>\n<p style=\"text-align: justify;\">Las sesiones de trabajo y la exposici\u00f3n de sistemas tendr\u00e1n lugar en los locales de la Escuela T\u00e9cnica Superior de Ingenieros Industriales de la Universidad Polit\u00e9cnica de Madrid, ubicada en el emblem\u00e1tico Paseo de la Castellana de esta capital.<\/p>\n<p>La Jornada T\u00e9cnica y la exposici\u00f3n de veh\u00edculos tendr\u00e1n lugar, como se ha indicado, en el\u00a0Centro de Operaciones SANCHINARRO de la EMT.<br \/>\n<strong>OFRECE UN AMBITO DE RELACI\u00d3N AMPLIO Y CON VARIADAS OPORTUNIDADES DE INTERCAMBIO\u00a0 DE IDEAS ENTRE LOS ASISITENTES<\/strong><\/p>\n<p style=\"text-align: justify;\">En las sesiones de trabajo con espacios para los coloquios en torno a las ponencias presentadas y en los diferentes momentos de descanso, comidas y otros, en un ambiente propicio para la toma de contacto e intercambios de experiencias o preocupaciones con colegas y expertos.<\/p>\n<p><strong>ES FRUTO DE UN ESFUERZO COLECTIVO Y SE DESARROLLA CON LA COLABORACI\u00d3N DE MUCHOS<\/strong><\/p>\n<p style=\"text-align: justify;\">Por este motivo, los organizadores del SIMPOSIO desean agradecer las ideas\u00a0 y los apoyos recibidos durante el proceso laborioso de organizaci\u00f3n de este evento, especialmente:<\/p>\n<p style=\"text-align: justify;\">A personas con responsabilidad en los Ministerios de Fomento de Econom\u00eda, Industria y Competitividad; Direcci\u00f3n General de Tr\u00e1fico; Federaci\u00f3n de Municipios y\u00a0 Provincias; Consorcio de Transportes de Madrid; Ayuntamiento de Madrid;\u00a0 miembros de\u00a0 otras administraciones; a CONFEBUS y\u00a0 ATUC y a las numerosas empresas y otras asociaciones que participan aportando expertos como ponentes o moderadores de mesa; como expositores, presentando sus veh\u00edculos u otros sistemas y elementos innovadores o como patrocinadores.<\/p>\n<p style=\"text-align: justify;\">Debemos de hacer una menci\u00f3n especial a la Empresa Municipal de Transportes de Madrid (EMT) que colabora con la organizaci\u00f3n, asumiendo la mayor responsabilidad en la Jornada T\u00e9cnica y a la Revista VIAJEROS\u00a0 que asume desinteresadamente el papel de Medio Oficial de comunicaci\u00f3n del SIMPOSIO.<\/p>\n<p style=\"text-align: justify;\"><strong>El programa completo:<\/strong><\/p>\n<p style=\"text-align: justify;\">\n<h2 style=\"text-align: center;\">P\u00e1gina <a href=\"https:\/\/eventos.upm.es\/20466\/detail\/transporte-en-autobus-y-autocar.-hacia-una-vision-triple-cero..html\">web del SIMPOSIO<\/a><\/h2>\n<p style=\"text-align: justify;\">","protected":false},"excerpt":{"rendered":"<p>El SIMPOSIO que organiza el INSIA que tendr\u00e1 lugar los d\u00edas 3, 4 y 5 de octubre de 2018, tiene por objetivo fundamental convocar a especialistas en los diferentes temas; responsables de movilidad de las administraciones locales, auton\u00f3micas y nacional;\u00a0 empresas de fabricaci\u00f3n y carrozado de veh\u00edculos y otros sistemas tecnol\u00f3gicos; empresas y asociaciones de [&hellip;]<\/p>\n","protected":false},"author":1,"featured_media":13931,"comment_status":"closed","ping_status":"open","sticky":false,"template":"","format":"standard","meta":{"_et_pb_use_builder":"","_et_pb_old_content":"","_et_gb_content_width":"","_monsterinsights_skip_tracking":false,"_monsterinsights_sitenote_active":false,"_monsterinsights_sitenote_note":"","_monsterinsights_sitenote_category":0,"footnotes":""},"categories":[41,29,49],"tags":[],"class_list":["post-13936","post","type-post","status-publish","format-standard","has-post-thumbnail","hentry","category-automocion","category-insia","category-transporte"],"yoast_head":"<!-- This site is optimized with the Yoast SEO plugin v27.4 - https:\/\/yoast.com\/product\/yoast-seo-wordpress\/ -->\n<title>Triple CERO: cero emisiones, cero v\u00edctimas en accidente, cero barreras - Instituto Universitario de Investigaci\u00f3n del Autom\u00f3vil Francisco Aparicio Izquierdo<\/title>\n<meta name=\"description\" content=\"objetivo fundamental convocar a especialistas en los diferentes temas; responsables de movilidad de las administraciones locales, auton\u00f3micas y nacional; empresas de fabricaci\u00f3n y carrozado de veh\u00edculos y otros sistemas tecnol\u00f3gicos; empresas y asociaciones de operadores de transporte y asociaciones de usuarios, para presentar y debatir los principales temas de inter\u00e9s de este importante y pluridisciplinar sector\" \/>\n<meta name=\"robots\" content=\"index, follow, max-snippet:-1, max-image-preview:large, max-video-preview:-1\" \/>\n<link rel=\"canonical\" href=\"https:\/\/insia-upm.es\/en\/triple-cero-cero-emisiones-cero-victimas-en-accidente-cero-barreras\/\" \/>\n<meta property=\"og:locale\" content=\"en_GB\" \/>\n<meta property=\"og:type\" content=\"article\" \/>\n<meta property=\"og:title\" content=\"Triple CERO: cero emisiones, cero v\u00edctimas en accidente, cero barreras - Instituto Universitario de Investigaci\u00f3n del Autom\u00f3vil Francisco Aparicio Izquierdo\" \/>\n<meta property=\"og:description\" content=\"objetivo fundamental convocar a especialistas en los diferentes temas; responsables de movilidad de las administraciones locales, auton\u00f3micas y nacional; empresas de fabricaci\u00f3n y carrozado de veh\u00edculos y otros sistemas tecnol\u00f3gicos; empresas y asociaciones de operadores de transporte y asociaciones de usuarios, para presentar y debatir los principales temas de inter\u00e9s de este importante y pluridisciplinar sector\" \/>\n<meta property=\"og:url\" content=\"https:\/\/insia-upm.es\/en\/triple-cero-cero-emisiones-cero-victimas-en-accidente-cero-barreras\/\" \/>\n<meta property=\"og:site_name\" content=\"Instituto Universitario de Investigaci\u00f3n del Autom\u00f3vil Francisco Aparicio Izquierdo\" \/>\n<meta property=\"article:published_time\" content=\"2018-07-24T07:23:03+00:00\" \/>\n<meta name=\"author\" content=\"desarrollo\" \/>\n<meta name=\"twitter:card\" content=\"summary_large_image\" \/>\n<meta name=\"twitter:creator\" content=\"@INSIAUPM\" \/>\n<meta name=\"twitter:site\" content=\"@INSIAUPM\" \/>\n<meta name=\"twitter:label1\" content=\"Written by\" \/>\n\t<meta name=\"twitter:data1\" content=\"desarrollo\" \/>\n\t<meta name=\"twitter:label2\" content=\"Estimated reading time\" \/>\n\t<meta name=\"twitter:data2\" content=\"4 minutes\" \/>\n<script type=\"application\/ld+json\" class=\"yoast-schema-graph\">{\"@context\":\"https:\\\/\\\/schema.org\",\"@graph\":[{\"@type\":\"Article\",\"@id\":\"https:\\\/\\\/insia-upm.es\\\/triple-cero-cero-emisiones-cero-victimas-en-accidente-cero-barreras\\\/#article\",\"isPartOf\":{\"@id\":\"https:\\\/\\\/insia-upm.es\\\/triple-cero-cero-emisiones-cero-victimas-en-accidente-cero-barreras\\\/\"},\"author\":{\"name\":\"desarrollo\",\"@id\":\"https:\\\/\\\/insia-upm.es\\\/#\\\/schema\\\/person\\\/ea86956259a9cb1c71947e50fada3117\"},\"headline\":\"Triple CERO: cero emisiones, cero v\u00edctimas en accidente, cero barreras\",\"datePublished\":\"2018-07-24T07:23:03+00:00\",\"mainEntityOfPage\":{\"@id\":\"https:\\\/\\\/insia-upm.es\\\/triple-cero-cero-emisiones-cero-victimas-en-accidente-cero-barreras\\\/\"},\"wordCount\":742,\"publisher\":{\"@id\":\"https:\\\/\\\/insia-upm.es\\\/#organization\"},\"image\":{\"@id\":\"https:\\\/\\\/insia-upm.es\\\/triple-cero-cero-emisiones-cero-victimas-en-accidente-cero-barreras\\\/#primaryimage\"},\"thumbnailUrl\":\"\",\"articleSection\":[\"AUTOMOCION\",\"insia\",\"TRANSPORTE\"],\"inLanguage\":\"en-GB\"},{\"@type\":\"WebPage\",\"@id\":\"https:\\\/\\\/insia-upm.es\\\/triple-cero-cero-emisiones-cero-victimas-en-accidente-cero-barreras\\\/\",\"url\":\"https:\\\/\\\/insia-upm.es\\\/triple-cero-cero-emisiones-cero-victimas-en-accidente-cero-barreras\\\/\",\"name\":\"Triple CERO: cero emisiones, cero v\u00edctimas en accidente, cero barreras - Instituto Universitario de Investigaci\u00f3n del Autom\u00f3vil Francisco Aparicio Izquierdo\",\"isPartOf\":{\"@id\":\"https:\\\/\\\/insia-upm.es\\\/#website\"},\"primaryImageOfPage\":{\"@id\":\"https:\\\/\\\/insia-upm.es\\\/triple-cero-cero-emisiones-cero-victimas-en-accidente-cero-barreras\\\/#primaryimage\"},\"image\":{\"@id\":\"https:\\\/\\\/insia-upm.es\\\/triple-cero-cero-emisiones-cero-victimas-en-accidente-cero-barreras\\\/#primaryimage\"},\"thumbnailUrl\":\"\",\"datePublished\":\"2018-07-24T07:23:03+00:00\",\"description\":\"objetivo fundamental convocar a especialistas en los diferentes temas; responsables de movilidad de las administraciones locales, auton\u00f3micas y nacional; empresas de fabricaci\u00f3n y carrozado de veh\u00edculos y otros sistemas tecnol\u00f3gicos; empresas y asociaciones de operadores de transporte y asociaciones de usuarios, para presentar y debatir los principales temas de inter\u00e9s de este importante y pluridisciplinar sector\",\"breadcrumb\":{\"@id\":\"https:\\\/\\\/insia-upm.es\\\/triple-cero-cero-emisiones-cero-victimas-en-accidente-cero-barreras\\\/#breadcrumb\"},\"inLanguage\":\"en-GB\",\"potentialAction\":[{\"@type\":\"ReadAction\",\"target\":[\"https:\\\/\\\/insia-upm.es\\\/triple-cero-cero-emisiones-cero-victimas-en-accidente-cero-barreras\\\/\"]}]},{\"@type\":\"ImageObject\",\"inLanguage\":\"en-GB\",\"@id\":\"https:\\\/\\\/insia-upm.es\\\/triple-cero-cero-emisiones-cero-victimas-en-accidente-cero-barreras\\\/#primaryimage\",\"url\":\"\",\"contentUrl\":\"\"},{\"@type\":\"BreadcrumbList\",\"@id\":\"https:\\\/\\\/insia-upm.es\\\/triple-cero-cero-emisiones-cero-victimas-en-accidente-cero-barreras\\\/#breadcrumb\",\"itemListElement\":[{\"@type\":\"ListItem\",\"position\":1,\"name\":\"Portada\",\"item\":\"https:\\\/\\\/insia-upm.es\\\/\"},{\"@type\":\"ListItem\",\"position\":2,\"name\":\"Triple CERO: cero emisiones, cero v\u00edctimas en accidente, cero barreras\"}]},{\"@type\":\"WebSite\",\"@id\":\"https:\\\/\\\/insia-upm.es\\\/#website\",\"url\":\"https:\\\/\\\/insia-upm.es\\\/\",\"name\":\"Instituto Universitario de Investigaci\u00f3n del Autom\u00f3vil Francisco Aparicio Izquierdo\",\"description\":\"Instituto de Investigaci\u00f3n del Autom\u00f3vil Francisco Aparicio Izquierdo\",\"publisher\":{\"@id\":\"https:\\\/\\\/insia-upm.es\\\/#organization\"},\"potentialAction\":[{\"@type\":\"SearchAction\",\"target\":{\"@type\":\"EntryPoint\",\"urlTemplate\":\"https:\\\/\\\/insia-upm.es\\\/?s={search_term_string}\"},\"query-input\":{\"@type\":\"PropertyValueSpecification\",\"valueRequired\":true,\"valueName\":\"search_term_string\"}}],\"inLanguage\":\"en-GB\"},{\"@type\":\"Organization\",\"@id\":\"https:\\\/\\\/insia-upm.es\\\/#organization\",\"name\":\"UPM-INSIA\",\"url\":\"https:\\\/\\\/insia-upm.es\\\/\",\"logo\":{\"@type\":\"ImageObject\",\"inLanguage\":\"en-GB\",\"@id\":\"https:\\\/\\\/insia-upm.es\\\/#\\\/schema\\\/logo\\\/image\\\/\",\"url\":\"https:\\\/\\\/insia-upm.es\\\/wp-content\\\/uploads\\\/2021\\\/12\\\/logo-insia-low-e1412177316550.png\",\"contentUrl\":\"https:\\\/\\\/insia-upm.es\\\/wp-content\\\/uploads\\\/2021\\\/12\\\/logo-insia-low-e1412177316550.png\",\"width\":50,\"height\":71,\"caption\":\"UPM-INSIA\"},\"image\":{\"@id\":\"https:\\\/\\\/insia-upm.es\\\/#\\\/schema\\\/logo\\\/image\\\/\"},\"sameAs\":[\"https:\\\/\\\/x.com\\\/INSIAUPM\",\"https:\\\/\\\/www.instagram.com\\\/insia.upm\\\/\",\"https:\\\/\\\/www.linkedin.com\\\/in\\\/insia-instituto-universitario-investigaci\u00f3n-9088635a\\\/\",\"https:\\\/\\\/www.youtube.com\\\/user\\\/gestionidi\"]},{\"@type\":\"Person\",\"@id\":\"https:\\\/\\\/insia-upm.es\\\/#\\\/schema\\\/person\\\/ea86956259a9cb1c71947e50fada3117\",\"name\":\"desarrollo\",\"image\":{\"@type\":\"ImageObject\",\"inLanguage\":\"en-GB\",\"@id\":\"https:\\\/\\\/secure.gravatar.com\\\/avatar\\\/adcd1146e74a083903bd51ea0ac5e00b3905e9c35fc0c1b39da8534ca17f7257?s=96&d=mm&r=g\",\"url\":\"https:\\\/\\\/secure.gravatar.com\\\/avatar\\\/adcd1146e74a083903bd51ea0ac5e00b3905e9c35fc0c1b39da8534ca17f7257?s=96&d=mm&r=g\",\"contentUrl\":\"https:\\\/\\\/secure.gravatar.com\\\/avatar\\\/adcd1146e74a083903bd51ea0ac5e00b3905e9c35fc0c1b39da8534ca17f7257?s=96&d=mm&r=g\",\"caption\":\"desarrollo\"},\"sameAs\":[\"https:\\\/\\\/insia-upm.es\"],\"url\":\"https:\\\/\\\/insia-upm.es\\\/en\\\/author\\\/desarrollo\\\/\"}]}<\/script>\n<!-- \/ Yoast SEO plugin. -->","yoast_head_json":{"title":"Triple CERO: cero emisiones, cero v\u00edctimas en accidente, cero barreras - Instituto Universitario de Investigaci\u00f3n del Autom\u00f3vil Francisco Aparicio Izquierdo","description":"objetivo fundamental convocar a especialistas en los diferentes temas; responsables de movilidad de las administraciones locales, auton\u00f3micas y nacional; empresas de fabricaci\u00f3n y carrozado de veh\u00edculos y otros sistemas tecnol\u00f3gicos; empresas y asociaciones de operadores de transporte y asociaciones de usuarios, para presentar y debatir los principales temas de inter\u00e9s de este importante y pluridisciplinar sector","robots":{"index":"index","follow":"follow","max-snippet":"max-snippet:-1","max-image-preview":"max-image-preview:large","max-video-preview":"max-video-preview:-1"},"canonical":"https:\/\/insia-upm.es\/en\/triple-cero-cero-emisiones-cero-victimas-en-accidente-cero-barreras\/","og_locale":"en_GB","og_type":"article","og_title":"Triple CERO: cero emisiones, cero v\u00edctimas en accidente, cero barreras - Instituto Universitario de Investigaci\u00f3n del Autom\u00f3vil Francisco Aparicio Izquierdo","og_description":"objetivo fundamental convocar a especialistas en los diferentes temas; responsables de movilidad de las administraciones locales, auton\u00f3micas y nacional; empresas de fabricaci\u00f3n y carrozado de veh\u00edculos y otros sistemas tecnol\u00f3gicos; empresas y asociaciones de operadores de transporte y asociaciones de usuarios, para presentar y debatir los principales temas de inter\u00e9s de este importante y pluridisciplinar sector","og_url":"https:\/\/insia-upm.es\/en\/triple-cero-cero-emisiones-cero-victimas-en-accidente-cero-barreras\/","og_site_name":"Instituto Universitario de Investigaci\u00f3n del Autom\u00f3vil Francisco Aparicio Izquierdo","article_published_time":"2018-07-24T07:23:03+00:00","author":"desarrollo","twitter_card":"summary_large_image","twitter_creator":"@INSIAUPM","twitter_site":"@INSIAUPM","twitter_misc":{"Written by":"desarrollo","Estimated reading time":"4 minutes"},"schema":{"@context":"https:\/\/schema.org","@graph":[{"@type":"Article","@id":"https:\/\/insia-upm.es\/triple-cero-cero-emisiones-cero-victimas-en-accidente-cero-barreras\/#article","isPartOf":{"@id":"https:\/\/insia-upm.es\/triple-cero-cero-emisiones-cero-victimas-en-accidente-cero-barreras\/"},"author":{"name":"desarrollo","@id":"https:\/\/insia-upm.es\/#\/schema\/person\/ea86956259a9cb1c71947e50fada3117"},"headline":"Triple CERO: cero emisiones, cero v\u00edctimas en accidente, cero barreras","datePublished":"2018-07-24T07:23:03+00:00","mainEntityOfPage":{"@id":"https:\/\/insia-upm.es\/triple-cero-cero-emisiones-cero-victimas-en-accidente-cero-barreras\/"},"wordCount":742,"publisher":{"@id":"https:\/\/insia-upm.es\/#organization"},"image":{"@id":"https:\/\/insia-upm.es\/triple-cero-cero-emisiones-cero-victimas-en-accidente-cero-barreras\/#primaryimage"},"thumbnailUrl":"","articleSection":["AUTOMOCION","insia","TRANSPORTE"],"inLanguage":"en-GB"},{"@type":"WebPage","@id":"https:\/\/insia-upm.es\/triple-cero-cero-emisiones-cero-victimas-en-accidente-cero-barreras\/","url":"https:\/\/insia-upm.es\/triple-cero-cero-emisiones-cero-victimas-en-accidente-cero-barreras\/","name":"Triple CERO: cero emisiones, cero v\u00edctimas en accidente, cero barreras - Instituto Universitario de Investigaci\u00f3n del Autom\u00f3vil Francisco Aparicio Izquierdo","isPartOf":{"@id":"https:\/\/insia-upm.es\/#website"},"primaryImageOfPage":{"@id":"https:\/\/insia-upm.es\/triple-cero-cero-emisiones-cero-victimas-en-accidente-cero-barreras\/#primaryimage"},"image":{"@id":"https:\/\/insia-upm.es\/triple-cero-cero-emisiones-cero-victimas-en-accidente-cero-barreras\/#primaryimage"},"thumbnailUrl":"","datePublished":"2018-07-24T07:23:03+00:00","description":"objetivo fundamental convocar a especialistas en los diferentes temas; responsables de movilidad de las administraciones locales, auton\u00f3micas y nacional; empresas de fabricaci\u00f3n y carrozado de veh\u00edculos y otros sistemas tecnol\u00f3gicos; empresas y asociaciones de operadores de transporte y asociaciones de usuarios, para presentar y debatir los principales temas de inter\u00e9s de este importante y pluridisciplinar sector","breadcrumb":{"@id":"https:\/\/insia-upm.es\/triple-cero-cero-emisiones-cero-victimas-en-accidente-cero-barreras\/#breadcrumb"},"inLanguage":"en-GB","potentialAction":[{"@type":"ReadAction","target":["https:\/\/insia-upm.es\/triple-cero-cero-emisiones-cero-victimas-en-accidente-cero-barreras\/"]}]},{"@type":"ImageObject","inLanguage":"en-GB","@id":"https:\/\/insia-upm.es\/triple-cero-cero-emisiones-cero-victimas-en-accidente-cero-barreras\/#primaryimage","url":"","contentUrl":""},{"@type":"BreadcrumbList","@id":"https:\/\/insia-upm.es\/triple-cero-cero-emisiones-cero-victimas-en-accidente-cero-barreras\/#breadcrumb","itemListElement":[{"@type":"ListItem","position":1,"name":"Portada","item":"https:\/\/insia-upm.es\/"},{"@type":"ListItem","position":2,"name":"Triple CERO: cero emisiones, cero v\u00edctimas en accidente, cero barreras"}]},{"@type":"WebSite","@id":"https:\/\/insia-upm.es\/#website","url":"https:\/\/insia-upm.es\/","name":"Instituto Universitario de Investigaci\u00f3n del Autom\u00f3vil Francisco Aparicio Izquierdo","description":"Instituto de Investigaci\u00f3n del Autom\u00f3vil Francisco Aparicio Izquierdo","publisher":{"@id":"https:\/\/insia-upm.es\/#organization"},"potentialAction":[{"@type":"SearchAction","target":{"@type":"EntryPoint","urlTemplate":"https:\/\/insia-upm.es\/?s={search_term_string}"},"query-input":{"@type":"PropertyValueSpecification","valueRequired":true,"valueName":"search_term_string"}}],"inLanguage":"en-GB"},{"@type":"Organization","@id":"https:\/\/insia-upm.es\/#organization","name":"UPM-INSIA","url":"https:\/\/insia-upm.es\/","logo":{"@type":"ImageObject","inLanguage":"en-GB","@id":"https:\/\/insia-upm.es\/#\/schema\/logo\/image\/","url":"https:\/\/insia-upm.es\/wp-content\/uploads\/2021\/12\/logo-insia-low-e1412177316550.png","contentUrl":"https:\/\/insia-upm.es\/wp-content\/uploads\/2021\/12\/logo-insia-low-e1412177316550.png","width":50,"height":71,"caption":"UPM-INSIA"},"image":{"@id":"https:\/\/insia-upm.es\/#\/schema\/logo\/image\/"},"sameAs":["https:\/\/x.com\/INSIAUPM","https:\/\/www.instagram.com\/insia.upm\/","https:\/\/www.linkedin.com\/in\/insia-instituto-universitario-investigaci\u00f3n-9088635a\/","https:\/\/www.youtube.com\/user\/gestionidi"]},{"@type":"Person","@id":"https:\/\/insia-upm.es\/#\/schema\/person\/ea86956259a9cb1c71947e50fada3117","name":"desarrollo","image":{"@type":"ImageObject","inLanguage":"en-GB","@id":"https:\/\/secure.gravatar.com\/avatar\/adcd1146e74a083903bd51ea0ac5e00b3905e9c35fc0c1b39da8534ca17f7257?s=96&d=mm&r=g","url":"https:\/\/secure.gravatar.com\/avatar\/adcd1146e74a083903bd51ea0ac5e00b3905e9c35fc0c1b39da8534ca17f7257?s=96&d=mm&r=g","contentUrl":"https:\/\/secure.gravatar.com\/avatar\/adcd1146e74a083903bd51ea0ac5e00b3905e9c35fc0c1b39da8534ca17f7257?s=96&d=mm&r=g","caption":"desarrollo"},"sameAs":["https:\/\/insia-upm.es"],"url":"https:\/\/insia-upm.es\/en\/author\/desarrollo\/"}]}},"_links":{"self":[{"href":"https:\/\/insia-upm.es\/en\/wp-json\/wp\/v2\/posts\/13936","targetHints":{"allow":["GET"]}}],"collection":[{"href":"https:\/\/insia-upm.es\/en\/wp-json\/wp\/v2\/posts"}],"about":[{"href":"https:\/\/insia-upm.es\/en\/wp-json\/wp\/v2\/types\/post"}],"author":[{"embeddable":true,"href":"https:\/\/insia-upm.es\/en\/wp-json\/wp\/v2\/users\/1"}],"replies":[{"embeddable":true,"href":"https:\/\/insia-upm.es\/en\/wp-json\/wp\/v2\/comments?post=13936"}],"version-history":[{"count":0,"href":"https:\/\/insia-upm.es\/en\/wp-json\/wp\/v2\/posts\/13936\/revisions"}],"wp:featuredmedia":[{"embeddable":true,"href":"https:\/\/insia-upm.es\/en\/wp-json\/"}],"wp:attachment":[{"href":"https:\/\/insia-upm.es\/en\/wp-json\/wp\/v2\/media?parent=13936"}],"wp:term":[{"taxonomy":"category","embeddable":true,"href":"https:\/\/insia-upm.es\/en\/wp-json\/wp\/v2\/categories?post=13936"},{"taxonomy":"post_tag","embeddable":true,"href":"https:\/\/insia-upm.es\/en\/wp-json\/wp\/v2\/tags?post=13936"}],"curies":[{"name":"wp","href":"https:\/\/api.w.org\/{rel}","templated":true}]}}