{"id":13929,"date":"2018-07-23T14:41:05","date_gmt":"2018-07-23T12:41:05","guid":{"rendered":"https:\/\/insia-upm.es\/?p=13929"},"modified":"2018-07-23T14:41:05","modified_gmt":"2018-07-23T12:41:05","slug":"retos-del-transporte-sostenible-en-entornos-urbanos","status":"publish","type":"post","link":"https:\/\/insia-upm.es\/en\/retos-del-transporte-sostenible-en-entornos-urbanos\/","title":{"rendered":"Retos del transporte sostenible en entornos urbanos"},"content":{"rendered":"<p style=\"text-align: justify;\">La movilidad humana se ha desarrollado de manera muy importante desde que los veh\u00edculos autom\u00f3viles se incorporaron como opci\u00f3n a disposici\u00f3n de los ciudadanos, especialmente en los pa\u00edses m\u00e1s desarrollados. El incremento espectacular del uso de los veh\u00edculos turismo, acerc\u00e1ndose el parque mundial a los 1000 millones de veh\u00edculos, cifra que podr\u00eda duplicarse en la d\u00e9cada de los a\u00f1os 30 de este siglo, alarma a los responsables y a los ciudadanos de los pa\u00edses con mayor \u00edndice de motorizaci\u00f3n entre los que se encuentran los principales de la Uni\u00f3n Europea, entre ellos el nuestro. Entre los problemas de este notable incremento de la movilidad fuertemente basada en el uso de los coches se encuentran:<\/p>\n<ul>\n<li>Consumo muy elevado de energ\u00eda, fuertemente vinculada a los combustibles f\u00f3siles.<\/li>\n<\/ul>\n<ul>\n<li>Impacto importante en el medio ambiente natural, tanto a trav\u00e9s del incremento de los gases de efecto invernadero, as\u00ed como del incremento de contaminantes del aire en los \u00e1mbitos urbanos.<\/li>\n<\/ul>\n<ul>\n<li>P\u00e9rdida de vidas humanas, da\u00f1os a las personas y p\u00e9rdidas materiales producidas por los accidentes de tr\u00e1fico.<\/li>\n<\/ul>\n<ul>\n<li>Perdidas por incrementos de tiempo de viaje originados por la congesti\u00f3n, especialmente en entornos urbanos y periurbanos.<\/li>\n<\/ul>\n<p style=\"text-align: justify;\">En los \u00e1mbitos urbanos, especialmente en las grandes ciudades,\u00a0 adquiere gran importancia el impacto del tr\u00e1fico rodado en la calidad del aire. El futuro agravar\u00e1 presumiblemente este problema debido a la creciente \u201curbanizaci\u00f3n\u201d de la poblaci\u00f3n, que podr\u00eda hacer que del algo m\u00e1s del 70% de actual se pase al 84% de personas viviendo en ciudades en 2050, los cual supondr\u00e1, entre otros efectos, la expansi\u00f3n de la superficie urbana. Todo ello supondr\u00e1, no solo un mayor incremento de las demandas de movilidad sino, tambi\u00e9n, una mayor complejidad y mayores retos para satisfacerla sin restricciones inasumibles para los ciudadanos y para la Sociedad.<\/p>\n<p style=\"text-align: justify;\">Por otra parte, \u00a0es necesario tener en cuenta que la \u00a0movilidad es un derecho fundamental de todos los ciudadanos y para que esta movilidad sea efectiva, hay que conseguir que sea accesible. A lo largo de los \u00faltimos a\u00f1os se han ido desarrollando y aprobando normas legales, tanto en Espa\u00f1a como a nivel internacional, dirigidas a garantizar el cumplimiento de las especificaciones t\u00e9cnicas en materia de Accesibilidad Universal (AU)<\/p>\n<p style=\"text-align: justify;\">La evoluci\u00f3n previsible,\u00a0 descrita de manera muy simplificada justifica la necesidad de abordar con rigor los anteriores problemas y de arbitrar soluciones que conduzcan a garantizar la sostenibilidad energ\u00e9tica y medioambiental del sistema de transporte, a la vez que se garantiza la accesibilidad a los mismos de todos los ciudadanos con independencia de la ubicaci\u00f3n de sus lugares de residencia, trabajo y otros destinos, as\u00ed como de sus condiciones\u00a0 de movilidad personal.\u00a0 En este contexto, el transporte colectivo de personas en autob\u00fas y autocar, debe jugar un papel protagonista en la oferta de transporte del futuro, por varias razones de gran inter\u00e9s:<\/p>\n<ul>\n<li>Ofrece ratios favorables en relaci\u00f3n con la energ\u00eda consumida por pasajero y km de desplazamiento y con las emisiones, tanto de gases de efecto invernadero como de contaminaci\u00f3n del aire.<\/li>\n<li>Facilita, m\u00e1s que el resto de los modos de transporte colectivo,\u00a0 una densidad elevada de red, lo cual es requisito imprescindible para asegurar la accesibilidad de los ciudadanos\u00a0 a los servicios de transporte, en contextos de diferentes densidades de poblaci\u00f3n.<\/li>\n<li>Incorpora elementos t\u00e9cnicos que \u00a0facilitan, de manera eficaz, la accesibilidad de los diferentes colectivos con movilidad reducida, incluida la poblaci\u00f3n de mayor edad en continuo crecimiento.<\/li>\n<li>Y todo ello puede hacerse a unos precios muy favorables para todas las personas y en especial a las de menores ingresos, sin renunciar a una elevada calidad de los\u00a0 servicios en los diferentes aspectos.<\/li>\n<\/ul>\n<p>&nbsp;<br \/>\nEn el Simposio:<strong>TRANSPORTE EN AUTOBUS Y AUTOCAR. HACIA UNA VISI\u00d3N TRIPLE CERO.\u00a0<\/strong><strong>\u201cCERO EMISIONES, CERO V\u00cdCTIMAS EN ACCIDENTE, CERO BARRERAS\u201d<\/strong><br \/>\nque organiza el INSIA, y cuyo desarrollo tendr\u00e1 lugar los d\u00edas 3, 4 y 5 de octubre pr\u00f3ximo en Madrid, en cuatro de las 10 mesas redondas que constituyen su programa, se abordaran y discutir\u00e1n temas de gran actualidad relacionados con los dos \u00e1mbitos se\u00f1alados;\u00a0 \u00a0en ellas participaran 12 expertos, miembros de administraciones, empresas y centros de investigaci\u00f3n de reconocida cualificaci\u00f3n. Los t\u00edtulos de dichas mesas redondas y de las ponencias que se incluir\u00e1n en cada una de ellas son:<br \/>\n<strong>\u201cEL TRANSPORTE COLECTIVO DE PERSONAS EN LAS POL\u00cdTICAS EUROPEAS, NACIONALES, REGIONALES Y MUNICIPALES\u201d.<\/strong><br \/>\n<strong>\u00a0 \u00a0 \u00a0 \u00a0 \u00a0 \u00a0 \u00a0 \u00a0 \u00a0 \u00a0 \u00a0 Partners:<\/strong><br \/>\nEuroparlamentaria espa\u00f1ola<br \/>\n<em>Responsable de Transportes a nivel nacional<\/em><br \/>\n<em>Responsable de Transportes a nivel de Comunidad Aut\u00f3noma<\/em><br \/>\n<em>Responsable de movilidad y medioambiente de una gran ciudad<\/em><br \/>\n&nbsp;<br \/>\n<strong>\u201cDESCARBONIZACI\u00d3N DEL TRANSPORTE I: ELECTRIFICACI\u00d3N\u201d<\/strong><br \/>\n<strong>\u00a0 \u00a0 \u00a0 \u00a0 \u00a0 \u00a0 \u00a0 \u00a0 Ponencias<\/strong><br \/>\n-Tecnolog\u00edas de propulsi\u00f3n el\u00e9ctrica en autobuses y autocares<br \/>\n&#8211; Veh\u00edculos el\u00e9ctricos e h\u00edbridos<br \/>\n&#8211; Experiencias de explotaci\u00f3n de veh\u00edculos el\u00e9ctricos e h\u00edbridos<br \/>\n&nbsp;<br \/>\n<strong>\u00a0\u201cDESCARBONIZACI\u00d3N DEL TRANSPORTE II: TENCOLOG\u00cdAS CONVENCIONALES DE BAJAS EMISIONES\u201d<\/strong><br \/>\n<strong>Ponencias:<\/strong><br \/>\n-Veh\u00edculos de GN en el transporte<br \/>\n-Estrategias de dise\u00f1o y control de rutas. Influencia en el consumo y emisiones<br \/>\n-Estilos de conducci\u00f3n, Influencia en el consumo y emisiones<br \/>\n-Mantenimiento de los veh\u00edculos. Influencia en el consumo y emisiones-<br \/>\n<strong>\u201cUNIVERSALIZACI\u00d3N DE LA ACCESIBILIDAD\u201d<\/strong><br \/>\n<strong>\u00a0 Ponencias:<\/strong><br \/>\n-Diversidad de colectivos<br \/>\n-Accesibilidad f\u00edsica y a la informaci\u00f3n de los servicios de transporte<br \/>\n-Servicios flexibles. Adecuaci\u00f3n a la demanda. El punto de vista de los usuarios<br \/>\n&nbsp;<\/p>\n<h2 style=\"text-align: center;\"><a href=\"https:\/\/eventos.upm.es\/20466\/detail\/transporte-en-autobus-y-autocar.-hacia-una-vision-triple-cero..html\" target=\"_blank\" rel=\"noopener\">Abierto plazo de inscripci\u00f3n<\/a><\/h2>","protected":false},"excerpt":{"rendered":"<p>La movilidad humana se ha desarrollado de manera muy importante desde que los veh\u00edculos autom\u00f3viles se incorporaron como opci\u00f3n a disposici\u00f3n de los ciudadanos, especialmente en los pa\u00edses m\u00e1s desarrollados. El incremento espectacular del uso de los veh\u00edculos turismo, acerc\u00e1ndose el parque mundial a los 1000 millones de veh\u00edculos, cifra que podr\u00eda duplicarse en la [&hellip;]<\/p>\n","protected":false},"author":1,"featured_media":13931,"comment_status":"closed","ping_status":"open","sticky":false,"template":"","format":"standard","meta":{"_et_pb_use_builder":"","_et_pb_old_content":"","_et_gb_content_width":"","_monsterinsights_skip_tracking":false,"_monsterinsights_sitenote_active":false,"_monsterinsights_sitenote_note":"","_monsterinsights_sitenote_category":0,"footnotes":""},"categories":[49],"tags":[],"class_list":["post-13929","post","type-post","status-publish","format-standard","has-post-thumbnail","hentry","category-transporte"],"yoast_head":"<!-- This site is optimized with the Yoast SEO plugin v27.4 - https:\/\/yoast.com\/product\/yoast-seo-wordpress\/ -->\n<title>Retos del transporte sostenible en entornos urbanos - Instituto Universitario de Investigaci\u00f3n del Autom\u00f3vil Francisco Aparicio Izquierdo<\/title>\n<meta name=\"description\" content=\"TRANSPORTE EN AUTOB\u00daS Y AUTOCAR. HACIA UNA VISI\u00d3N TRIPLE CERO.\" \/>\n<meta name=\"robots\" content=\"index, follow, max-snippet:-1, max-image-preview:large, max-video-preview:-1\" \/>\n<link rel=\"canonical\" href=\"https:\/\/insia-upm.es\/en\/retos-del-transporte-sostenible-en-entornos-urbanos\/\" \/>\n<meta property=\"og:locale\" content=\"en_GB\" \/>\n<meta property=\"og:type\" content=\"article\" \/>\n<meta property=\"og:title\" content=\"Retos del transporte sostenible en entornos urbanos - Instituto Universitario de Investigaci\u00f3n del Autom\u00f3vil Francisco Aparicio Izquierdo\" \/>\n<meta property=\"og:description\" content=\"TRANSPORTE EN AUTOB\u00daS Y AUTOCAR. HACIA UNA VISI\u00d3N TRIPLE CERO.\" \/>\n<meta property=\"og:url\" content=\"https:\/\/insia-upm.es\/en\/retos-del-transporte-sostenible-en-entornos-urbanos\/\" \/>\n<meta property=\"og:site_name\" content=\"Instituto Universitario de Investigaci\u00f3n del Autom\u00f3vil Francisco Aparicio Izquierdo\" \/>\n<meta property=\"article:published_time\" content=\"2018-07-23T12:41:05+00:00\" \/>\n<meta name=\"author\" content=\"desarrollo\" \/>\n<meta name=\"twitter:card\" content=\"summary_large_image\" \/>\n<meta name=\"twitter:creator\" content=\"@INSIAUPM\" \/>\n<meta name=\"twitter:site\" content=\"@INSIAUPM\" \/>\n<meta name=\"twitter:label1\" content=\"Written by\" \/>\n\t<meta name=\"twitter:data1\" content=\"desarrollo\" \/>\n\t<meta name=\"twitter:label2\" content=\"Estimated reading time\" \/>\n\t<meta name=\"twitter:data2\" content=\"5 minutes\" \/>\n<script type=\"application\/ld+json\" class=\"yoast-schema-graph\">{\"@context\":\"https:\\\/\\\/schema.org\",\"@graph\":[{\"@type\":\"Article\",\"@id\":\"https:\\\/\\\/insia-upm.es\\\/retos-del-transporte-sostenible-en-entornos-urbanos\\\/#article\",\"isPartOf\":{\"@id\":\"https:\\\/\\\/insia-upm.es\\\/retos-del-transporte-sostenible-en-entornos-urbanos\\\/\"},\"author\":{\"name\":\"desarrollo\",\"@id\":\"https:\\\/\\\/insia-upm.es\\\/#\\\/schema\\\/person\\\/ea86956259a9cb1c71947e50fada3117\"},\"headline\":\"Retos del transporte sostenible en entornos urbanos\",\"datePublished\":\"2018-07-23T12:41:05+00:00\",\"mainEntityOfPage\":{\"@id\":\"https:\\\/\\\/insia-upm.es\\\/retos-del-transporte-sostenible-en-entornos-urbanos\\\/\"},\"wordCount\":928,\"publisher\":{\"@id\":\"https:\\\/\\\/insia-upm.es\\\/#organization\"},\"image\":{\"@id\":\"https:\\\/\\\/insia-upm.es\\\/retos-del-transporte-sostenible-en-entornos-urbanos\\\/#primaryimage\"},\"thumbnailUrl\":\"\",\"articleSection\":[\"TRANSPORTE\"],\"inLanguage\":\"en-GB\"},{\"@type\":\"WebPage\",\"@id\":\"https:\\\/\\\/insia-upm.es\\\/retos-del-transporte-sostenible-en-entornos-urbanos\\\/\",\"url\":\"https:\\\/\\\/insia-upm.es\\\/retos-del-transporte-sostenible-en-entornos-urbanos\\\/\",\"name\":\"Retos del transporte sostenible en entornos urbanos - Instituto Universitario de Investigaci\u00f3n del Autom\u00f3vil Francisco Aparicio Izquierdo\",\"isPartOf\":{\"@id\":\"https:\\\/\\\/insia-upm.es\\\/#website\"},\"primaryImageOfPage\":{\"@id\":\"https:\\\/\\\/insia-upm.es\\\/retos-del-transporte-sostenible-en-entornos-urbanos\\\/#primaryimage\"},\"image\":{\"@id\":\"https:\\\/\\\/insia-upm.es\\\/retos-del-transporte-sostenible-en-entornos-urbanos\\\/#primaryimage\"},\"thumbnailUrl\":\"\",\"datePublished\":\"2018-07-23T12:41:05+00:00\",\"description\":\"TRANSPORTE EN AUTOB\u00daS Y AUTOCAR. HACIA UNA VISI\u00d3N TRIPLE CERO.\",\"breadcrumb\":{\"@id\":\"https:\\\/\\\/insia-upm.es\\\/retos-del-transporte-sostenible-en-entornos-urbanos\\\/#breadcrumb\"},\"inLanguage\":\"en-GB\",\"potentialAction\":[{\"@type\":\"ReadAction\",\"target\":[\"https:\\\/\\\/insia-upm.es\\\/retos-del-transporte-sostenible-en-entornos-urbanos\\\/\"]}]},{\"@type\":\"ImageObject\",\"inLanguage\":\"en-GB\",\"@id\":\"https:\\\/\\\/insia-upm.es\\\/retos-del-transporte-sostenible-en-entornos-urbanos\\\/#primaryimage\",\"url\":\"\",\"contentUrl\":\"\"},{\"@type\":\"BreadcrumbList\",\"@id\":\"https:\\\/\\\/insia-upm.es\\\/retos-del-transporte-sostenible-en-entornos-urbanos\\\/#breadcrumb\",\"itemListElement\":[{\"@type\":\"ListItem\",\"position\":1,\"name\":\"Portada\",\"item\":\"https:\\\/\\\/insia-upm.es\\\/\"},{\"@type\":\"ListItem\",\"position\":2,\"name\":\"Retos del transporte sostenible en entornos urbanos\"}]},{\"@type\":\"WebSite\",\"@id\":\"https:\\\/\\\/insia-upm.es\\\/#website\",\"url\":\"https:\\\/\\\/insia-upm.es\\\/\",\"name\":\"Instituto Universitario de Investigaci\u00f3n del Autom\u00f3vil Francisco Aparicio Izquierdo\",\"description\":\"Instituto de Investigaci\u00f3n del Autom\u00f3vil Francisco Aparicio Izquierdo\",\"publisher\":{\"@id\":\"https:\\\/\\\/insia-upm.es\\\/#organization\"},\"potentialAction\":[{\"@type\":\"SearchAction\",\"target\":{\"@type\":\"EntryPoint\",\"urlTemplate\":\"https:\\\/\\\/insia-upm.es\\\/?s={search_term_string}\"},\"query-input\":{\"@type\":\"PropertyValueSpecification\",\"valueRequired\":true,\"valueName\":\"search_term_string\"}}],\"inLanguage\":\"en-GB\"},{\"@type\":\"Organization\",\"@id\":\"https:\\\/\\\/insia-upm.es\\\/#organization\",\"name\":\"UPM-INSIA\",\"url\":\"https:\\\/\\\/insia-upm.es\\\/\",\"logo\":{\"@type\":\"ImageObject\",\"inLanguage\":\"en-GB\",\"@id\":\"https:\\\/\\\/insia-upm.es\\\/#\\\/schema\\\/logo\\\/image\\\/\",\"url\":\"https:\\\/\\\/insia-upm.es\\\/wp-content\\\/uploads\\\/2021\\\/12\\\/logo-insia-low-e1412177316550.png\",\"contentUrl\":\"https:\\\/\\\/insia-upm.es\\\/wp-content\\\/uploads\\\/2021\\\/12\\\/logo-insia-low-e1412177316550.png\",\"width\":50,\"height\":71,\"caption\":\"UPM-INSIA\"},\"image\":{\"@id\":\"https:\\\/\\\/insia-upm.es\\\/#\\\/schema\\\/logo\\\/image\\\/\"},\"sameAs\":[\"https:\\\/\\\/x.com\\\/INSIAUPM\",\"https:\\\/\\\/www.instagram.com\\\/insia.upm\\\/\",\"https:\\\/\\\/www.linkedin.com\\\/in\\\/insia-instituto-universitario-investigaci\u00f3n-9088635a\\\/\",\"https:\\\/\\\/www.youtube.com\\\/user\\\/gestionidi\"]},{\"@type\":\"Person\",\"@id\":\"https:\\\/\\\/insia-upm.es\\\/#\\\/schema\\\/person\\\/ea86956259a9cb1c71947e50fada3117\",\"name\":\"desarrollo\",\"image\":{\"@type\":\"ImageObject\",\"inLanguage\":\"en-GB\",\"@id\":\"https:\\\/\\\/secure.gravatar.com\\\/avatar\\\/adcd1146e74a083903bd51ea0ac5e00b3905e9c35fc0c1b39da8534ca17f7257?s=96&d=mm&r=g\",\"url\":\"https:\\\/\\\/secure.gravatar.com\\\/avatar\\\/adcd1146e74a083903bd51ea0ac5e00b3905e9c35fc0c1b39da8534ca17f7257?s=96&d=mm&r=g\",\"contentUrl\":\"https:\\\/\\\/secure.gravatar.com\\\/avatar\\\/adcd1146e74a083903bd51ea0ac5e00b3905e9c35fc0c1b39da8534ca17f7257?s=96&d=mm&r=g\",\"caption\":\"desarrollo\"},\"sameAs\":[\"https:\\\/\\\/insia-upm.es\"],\"url\":\"https:\\\/\\\/insia-upm.es\\\/en\\\/author\\\/desarrollo\\\/\"}]}<\/script>\n<!-- \/ Yoast SEO plugin. -->","yoast_head_json":{"title":"Retos del transporte sostenible en entornos urbanos - Instituto Universitario de Investigaci\u00f3n del Autom\u00f3vil Francisco Aparicio Izquierdo","description":"TRANSPORTE EN AUTOB\u00daS Y AUTOCAR. HACIA UNA VISI\u00d3N TRIPLE CERO.","robots":{"index":"index","follow":"follow","max-snippet":"max-snippet:-1","max-image-preview":"max-image-preview:large","max-video-preview":"max-video-preview:-1"},"canonical":"https:\/\/insia-upm.es\/en\/retos-del-transporte-sostenible-en-entornos-urbanos\/","og_locale":"en_GB","og_type":"article","og_title":"Retos del transporte sostenible en entornos urbanos - Instituto Universitario de Investigaci\u00f3n del Autom\u00f3vil Francisco Aparicio Izquierdo","og_description":"TRANSPORTE EN AUTOB\u00daS Y AUTOCAR. HACIA UNA VISI\u00d3N TRIPLE CERO.","og_url":"https:\/\/insia-upm.es\/en\/retos-del-transporte-sostenible-en-entornos-urbanos\/","og_site_name":"Instituto Universitario de Investigaci\u00f3n del Autom\u00f3vil Francisco Aparicio Izquierdo","article_published_time":"2018-07-23T12:41:05+00:00","author":"desarrollo","twitter_card":"summary_large_image","twitter_creator":"@INSIAUPM","twitter_site":"@INSIAUPM","twitter_misc":{"Written by":"desarrollo","Estimated reading time":"5 minutes"},"schema":{"@context":"https:\/\/schema.org","@graph":[{"@type":"Article","@id":"https:\/\/insia-upm.es\/retos-del-transporte-sostenible-en-entornos-urbanos\/#article","isPartOf":{"@id":"https:\/\/insia-upm.es\/retos-del-transporte-sostenible-en-entornos-urbanos\/"},"author":{"name":"desarrollo","@id":"https:\/\/insia-upm.es\/#\/schema\/person\/ea86956259a9cb1c71947e50fada3117"},"headline":"Retos del transporte sostenible en entornos urbanos","datePublished":"2018-07-23T12:41:05+00:00","mainEntityOfPage":{"@id":"https:\/\/insia-upm.es\/retos-del-transporte-sostenible-en-entornos-urbanos\/"},"wordCount":928,"publisher":{"@id":"https:\/\/insia-upm.es\/#organization"},"image":{"@id":"https:\/\/insia-upm.es\/retos-del-transporte-sostenible-en-entornos-urbanos\/#primaryimage"},"thumbnailUrl":"","articleSection":["TRANSPORTE"],"inLanguage":"en-GB"},{"@type":"WebPage","@id":"https:\/\/insia-upm.es\/retos-del-transporte-sostenible-en-entornos-urbanos\/","url":"https:\/\/insia-upm.es\/retos-del-transporte-sostenible-en-entornos-urbanos\/","name":"Retos del transporte sostenible en entornos urbanos - Instituto Universitario de Investigaci\u00f3n del Autom\u00f3vil Francisco Aparicio Izquierdo","isPartOf":{"@id":"https:\/\/insia-upm.es\/#website"},"primaryImageOfPage":{"@id":"https:\/\/insia-upm.es\/retos-del-transporte-sostenible-en-entornos-urbanos\/#primaryimage"},"image":{"@id":"https:\/\/insia-upm.es\/retos-del-transporte-sostenible-en-entornos-urbanos\/#primaryimage"},"thumbnailUrl":"","datePublished":"2018-07-23T12:41:05+00:00","description":"TRANSPORTE EN AUTOB\u00daS Y AUTOCAR. HACIA UNA VISI\u00d3N TRIPLE CERO.","breadcrumb":{"@id":"https:\/\/insia-upm.es\/retos-del-transporte-sostenible-en-entornos-urbanos\/#breadcrumb"},"inLanguage":"en-GB","potentialAction":[{"@type":"ReadAction","target":["https:\/\/insia-upm.es\/retos-del-transporte-sostenible-en-entornos-urbanos\/"]}]},{"@type":"ImageObject","inLanguage":"en-GB","@id":"https:\/\/insia-upm.es\/retos-del-transporte-sostenible-en-entornos-urbanos\/#primaryimage","url":"","contentUrl":""},{"@type":"BreadcrumbList","@id":"https:\/\/insia-upm.es\/retos-del-transporte-sostenible-en-entornos-urbanos\/#breadcrumb","itemListElement":[{"@type":"ListItem","position":1,"name":"Portada","item":"https:\/\/insia-upm.es\/"},{"@type":"ListItem","position":2,"name":"Retos del transporte sostenible en entornos urbanos"}]},{"@type":"WebSite","@id":"https:\/\/insia-upm.es\/#website","url":"https:\/\/insia-upm.es\/","name":"Instituto Universitario de Investigaci\u00f3n del Autom\u00f3vil Francisco Aparicio Izquierdo","description":"Instituto de Investigaci\u00f3n del Autom\u00f3vil Francisco Aparicio Izquierdo","publisher":{"@id":"https:\/\/insia-upm.es\/#organization"},"potentialAction":[{"@type":"SearchAction","target":{"@type":"EntryPoint","urlTemplate":"https:\/\/insia-upm.es\/?s={search_term_string}"},"query-input":{"@type":"PropertyValueSpecification","valueRequired":true,"valueName":"search_term_string"}}],"inLanguage":"en-GB"},{"@type":"Organization","@id":"https:\/\/insia-upm.es\/#organization","name":"UPM-INSIA","url":"https:\/\/insia-upm.es\/","logo":{"@type":"ImageObject","inLanguage":"en-GB","@id":"https:\/\/insia-upm.es\/#\/schema\/logo\/image\/","url":"https:\/\/insia-upm.es\/wp-content\/uploads\/2021\/12\/logo-insia-low-e1412177316550.png","contentUrl":"https:\/\/insia-upm.es\/wp-content\/uploads\/2021\/12\/logo-insia-low-e1412177316550.png","width":50,"height":71,"caption":"UPM-INSIA"},"image":{"@id":"https:\/\/insia-upm.es\/#\/schema\/logo\/image\/"},"sameAs":["https:\/\/x.com\/INSIAUPM","https:\/\/www.instagram.com\/insia.upm\/","https:\/\/www.linkedin.com\/in\/insia-instituto-universitario-investigaci\u00f3n-9088635a\/","https:\/\/www.youtube.com\/user\/gestionidi"]},{"@type":"Person","@id":"https:\/\/insia-upm.es\/#\/schema\/person\/ea86956259a9cb1c71947e50fada3117","name":"desarrollo","image":{"@type":"ImageObject","inLanguage":"en-GB","@id":"https:\/\/secure.gravatar.com\/avatar\/adcd1146e74a083903bd51ea0ac5e00b3905e9c35fc0c1b39da8534ca17f7257?s=96&d=mm&r=g","url":"https:\/\/secure.gravatar.com\/avatar\/adcd1146e74a083903bd51ea0ac5e00b3905e9c35fc0c1b39da8534ca17f7257?s=96&d=mm&r=g","contentUrl":"https:\/\/secure.gravatar.com\/avatar\/adcd1146e74a083903bd51ea0ac5e00b3905e9c35fc0c1b39da8534ca17f7257?s=96&d=mm&r=g","caption":"desarrollo"},"sameAs":["https:\/\/insia-upm.es"],"url":"https:\/\/insia-upm.es\/en\/author\/desarrollo\/"}]}},"_links":{"self":[{"href":"https:\/\/insia-upm.es\/en\/wp-json\/wp\/v2\/posts\/13929","targetHints":{"allow":["GET"]}}],"collection":[{"href":"https:\/\/insia-upm.es\/en\/wp-json\/wp\/v2\/posts"}],"about":[{"href":"https:\/\/insia-upm.es\/en\/wp-json\/wp\/v2\/types\/post"}],"author":[{"embeddable":true,"href":"https:\/\/insia-upm.es\/en\/wp-json\/wp\/v2\/users\/1"}],"replies":[{"embeddable":true,"href":"https:\/\/insia-upm.es\/en\/wp-json\/wp\/v2\/comments?post=13929"}],"version-history":[{"count":0,"href":"https:\/\/insia-upm.es\/en\/wp-json\/wp\/v2\/posts\/13929\/revisions"}],"wp:featuredmedia":[{"embeddable":true,"href":"https:\/\/insia-upm.es\/en\/wp-json\/"}],"wp:attachment":[{"href":"https:\/\/insia-upm.es\/en\/wp-json\/wp\/v2\/media?parent=13929"}],"wp:term":[{"taxonomy":"category","embeddable":true,"href":"https:\/\/insia-upm.es\/en\/wp-json\/wp\/v2\/categories?post=13929"},{"taxonomy":"post_tag","embeddable":true,"href":"https:\/\/insia-upm.es\/en\/wp-json\/wp\/v2\/tags?post=13929"}],"curies":[{"name":"wp","href":"https:\/\/api.w.org\/{rel}","templated":true}]}}