{"id":13894,"date":"2018-05-17T16:15:02","date_gmt":"2018-05-17T14:15:02","guid":{"rendered":"https:\/\/insia-upm.es\/?p=13894"},"modified":"2018-05-17T16:15:02","modified_gmt":"2018-05-17T14:15:02","slug":"transporte-en-autobus-y-en-autocar-hacia-una-vision-triple-cero","status":"publish","type":"post","link":"https:\/\/insia-upm.es\/en\/transporte-en-autobus-y-en-autocar-hacia-una-vision-triple-cero\/","title":{"rendered":"Transporte en autob\u00fas y en autocar. Hacia una visi\u00f3n triple cero."},"content":{"rendered":"<p style=\"text-align: justify;\">El INSIA\u00a0 organiza el SIMPOSIO \u00ab<strong>Transporte en autob\u00fas y en autocar. Hacia una visi\u00f3n triple cero\u00bb<\/strong> que se celebrar\u00e1 los d\u00edas <strong>3, 4 y 5 de octubre pr\u00f3ximo<\/strong> en el auditorio de la Escuela T\u00e9cnica de Ingenieros Industriales de la Universidad Polit\u00e9cnica de Madrid, bajo la direcci\u00f3n de D. Francisco Aparicio Izquierdo, Presidente del INSIA y D. Jos\u00e9 Mar\u00eda L\u00f3pez Mart\u00ednez, Director del Instituto.<\/p>\n<p style=\"text-align: justify;\">Dos razones importantes que justifican la oportunidad de esta importante iniciativa:<\/p>\n<ol>\n<li style=\"text-align: justify;\">El transporte colectivo de personas es un modo imprescindible para garantizar una movilidad sostenible, tanto en ciudad como en \u00e1mbitos interurbanos. Dentro de este sector, el transporte en autob\u00fas y autocar es el que cuenta con una mayor cuota de mercado, debido a las ventajas competitivas que ofrece: elevado nivel de accesibilidad; elevada calidad de los servicios; impactos medioambientales reducidos; seguridad muy elevada y precios asequibles a amplias capas de la poblaci\u00f3n. Es, por tanto, un sector que jugar\u00e1 en el futuro un papel m\u00e1s relevante a\u00fan en la oferta de transporte de personas.<\/li>\n<li style=\"text-align: justify;\">Para lograr lo anterior, debe continuar en la senda de la actualizaci\u00f3n continua y en la incorporaci\u00f3n de las nuevas tecnolog\u00edas; destacan entre ellas todas las relativas a la descarbonizaci\u00f3n: veh\u00edculos el\u00e9ctricos, h\u00edbridos, de motores convencionales de gas y otras y las oportunidades que ofrecen las tecnolog\u00edas de automatizaci\u00f3n de funciones de conducci\u00f3n; las comunicaciones en el marco de los veh\u00edculos\u00a0 y sistemas inteligentes y conectados; la aplicaci\u00f3n de estrategias y t\u00e9cnicas eficientes de gesti\u00f3n y organizaci\u00f3n de operaciones, entre otras; es decir, afrontar nuevos retos tecnol\u00f3gicos y organizativos.<\/li>\n<\/ol>\n<p>Todos estos aspectos, en continua evoluci\u00f3n, ser\u00e1n tratados por unos cuarenta expertos desarrollando otros tantos temas, agrupados en 10 mesas redondas.<br \/>\n&nbsp;<\/p>","protected":false},"excerpt":{"rendered":"<p>El INSIA\u00a0 organiza el SIMPOSIO \u00abTransporte en autob\u00fas y en autocar. Hacia una visi\u00f3n triple cero\u00bb que se celebrar\u00e1 los d\u00edas 3, 4 y 5 de octubre pr\u00f3ximo en el auditorio de la Escuela T\u00e9cnica de Ingenieros Industriales de la Universidad Polit\u00e9cnica de Madrid, bajo la direcci\u00f3n de D. Francisco Aparicio Izquierdo, Presidente del INSIA [&hellip;]<\/p>\n","protected":false},"author":1,"featured_media":12375,"comment_status":"closed","ping_status":"open","sticky":false,"template":"","format":"standard","meta":{"_et_pb_use_builder":"","_et_pb_old_content":"","_et_gb_content_width":"","_monsterinsights_skip_tracking":false,"_monsterinsights_sitenote_active":false,"_monsterinsights_sitenote_note":"","_monsterinsights_sitenote_category":0,"footnotes":""},"categories":[41,66,49],"tags":[],"class_list":["post-13894","post","type-post","status-publish","format-standard","has-post-thumbnail","hentry","category-automocion","category-idi-en-la-upm","category-transporte"],"yoast_head":"<!-- This site is optimized with the Yoast SEO plugin v27.4 - https:\/\/yoast.com\/product\/yoast-seo-wordpress\/ -->\n<title>Transporte en autob\u00fas y en autocar. Hacia una visi\u00f3n triple cero. - Instituto Universitario de Investigaci\u00f3n del Autom\u00f3vil Francisco Aparicio Izquierdo<\/title>\n<meta name=\"description\" content=\"Transporte en autob\u00fas y en autocar. Hacia una visi\u00f3n triple cero\" \/>\n<meta name=\"robots\" content=\"index, follow, max-snippet:-1, max-image-preview:large, max-video-preview:-1\" \/>\n<link rel=\"canonical\" href=\"https:\/\/insia-upm.es\/en\/transporte-en-autobus-y-en-autocar-hacia-una-vision-triple-cero\/\" \/>\n<meta property=\"og:locale\" content=\"en_GB\" \/>\n<meta property=\"og:type\" content=\"article\" \/>\n<meta property=\"og:title\" content=\"Transporte en autob\u00fas y en autocar. Hacia una visi\u00f3n triple cero. - Instituto Universitario de Investigaci\u00f3n del Autom\u00f3vil Francisco Aparicio Izquierdo\" \/>\n<meta property=\"og:description\" content=\"Transporte en autob\u00fas y en autocar. Hacia una visi\u00f3n triple cero\" \/>\n<meta property=\"og:url\" content=\"https:\/\/insia-upm.es\/en\/transporte-en-autobus-y-en-autocar-hacia-una-vision-triple-cero\/\" \/>\n<meta property=\"og:site_name\" content=\"Instituto Universitario de Investigaci\u00f3n del Autom\u00f3vil Francisco Aparicio Izquierdo\" \/>\n<meta property=\"article:published_time\" content=\"2018-05-17T14:15:02+00:00\" \/>\n<meta property=\"og:image\" content=\"https:\/\/insia-upm.es\/wp-content\/uploads\/2015\/02\/Foto_Tecmusa.png\" \/>\n\t<meta property=\"og:image:width\" content=\"1281\" \/>\n\t<meta property=\"og:image:height\" content=\"732\" \/>\n\t<meta property=\"og:image:type\" content=\"image\/png\" \/>\n<meta name=\"author\" content=\"desarrollo\" \/>\n<meta name=\"twitter:card\" content=\"summary_large_image\" \/>\n<meta name=\"twitter:creator\" content=\"@INSIAUPM\" \/>\n<meta name=\"twitter:site\" content=\"@INSIAUPM\" \/>\n<meta name=\"twitter:label1\" content=\"Written by\" \/>\n\t<meta name=\"twitter:data1\" content=\"desarrollo\" \/>\n\t<meta name=\"twitter:label2\" content=\"Estimated reading time\" \/>\n\t<meta name=\"twitter:data2\" content=\"2 minutes\" \/>\n<script type=\"application\/ld+json\" class=\"yoast-schema-graph\">{\"@context\":\"https:\\\/\\\/schema.org\",\"@graph\":[{\"@type\":\"Article\",\"@id\":\"https:\\\/\\\/insia-upm.es\\\/transporte-en-autobus-y-en-autocar-hacia-una-vision-triple-cero\\\/#article\",\"isPartOf\":{\"@id\":\"https:\\\/\\\/insia-upm.es\\\/transporte-en-autobus-y-en-autocar-hacia-una-vision-triple-cero\\\/\"},\"author\":{\"name\":\"desarrollo\",\"@id\":\"https:\\\/\\\/insia-upm.es\\\/#\\\/schema\\\/person\\\/ea86956259a9cb1c71947e50fada3117\"},\"headline\":\"Transporte en autob\u00fas y en autocar. Hacia una visi\u00f3n triple cero.\",\"datePublished\":\"2018-05-17T14:15:02+00:00\",\"mainEntityOfPage\":{\"@id\":\"https:\\\/\\\/insia-upm.es\\\/transporte-en-autobus-y-en-autocar-hacia-una-vision-triple-cero\\\/\"},\"wordCount\":321,\"publisher\":{\"@id\":\"https:\\\/\\\/insia-upm.es\\\/#organization\"},\"image\":{\"@id\":\"https:\\\/\\\/insia-upm.es\\\/transporte-en-autobus-y-en-autocar-hacia-una-vision-triple-cero\\\/#primaryimage\"},\"thumbnailUrl\":\"https:\\\/\\\/insia-upm.es\\\/wp-content\\\/uploads\\\/2015\\\/02\\\/Foto_Tecmusa.png\",\"articleSection\":[\"AUTOMOCION\",\"I+D+i en la UPM\",\"TRANSPORTE\"],\"inLanguage\":\"en-GB\"},{\"@type\":\"WebPage\",\"@id\":\"https:\\\/\\\/insia-upm.es\\\/transporte-en-autobus-y-en-autocar-hacia-una-vision-triple-cero\\\/\",\"url\":\"https:\\\/\\\/insia-upm.es\\\/transporte-en-autobus-y-en-autocar-hacia-una-vision-triple-cero\\\/\",\"name\":\"Transporte en autob\u00fas y en autocar. Hacia una visi\u00f3n triple cero. - Instituto Universitario de Investigaci\u00f3n del Autom\u00f3vil Francisco Aparicio Izquierdo\",\"isPartOf\":{\"@id\":\"https:\\\/\\\/insia-upm.es\\\/#website\"},\"primaryImageOfPage\":{\"@id\":\"https:\\\/\\\/insia-upm.es\\\/transporte-en-autobus-y-en-autocar-hacia-una-vision-triple-cero\\\/#primaryimage\"},\"image\":{\"@id\":\"https:\\\/\\\/insia-upm.es\\\/transporte-en-autobus-y-en-autocar-hacia-una-vision-triple-cero\\\/#primaryimage\"},\"thumbnailUrl\":\"https:\\\/\\\/insia-upm.es\\\/wp-content\\\/uploads\\\/2015\\\/02\\\/Foto_Tecmusa.png\",\"datePublished\":\"2018-05-17T14:15:02+00:00\",\"description\":\"Transporte en autob\u00fas y en autocar. Hacia una visi\u00f3n triple cero\",\"breadcrumb\":{\"@id\":\"https:\\\/\\\/insia-upm.es\\\/transporte-en-autobus-y-en-autocar-hacia-una-vision-triple-cero\\\/#breadcrumb\"},\"inLanguage\":\"en-GB\",\"potentialAction\":[{\"@type\":\"ReadAction\",\"target\":[\"https:\\\/\\\/insia-upm.es\\\/transporte-en-autobus-y-en-autocar-hacia-una-vision-triple-cero\\\/\"]}]},{\"@type\":\"ImageObject\",\"inLanguage\":\"en-GB\",\"@id\":\"https:\\\/\\\/insia-upm.es\\\/transporte-en-autobus-y-en-autocar-hacia-una-vision-triple-cero\\\/#primaryimage\",\"url\":\"https:\\\/\\\/insia-upm.es\\\/wp-content\\\/uploads\\\/2015\\\/02\\\/Foto_Tecmusa.png\",\"contentUrl\":\"https:\\\/\\\/insia-upm.es\\\/wp-content\\\/uploads\\\/2015\\\/02\\\/Foto_Tecmusa.png\",\"width\":1281,\"height\":732},{\"@type\":\"BreadcrumbList\",\"@id\":\"https:\\\/\\\/insia-upm.es\\\/transporte-en-autobus-y-en-autocar-hacia-una-vision-triple-cero\\\/#breadcrumb\",\"itemListElement\":[{\"@type\":\"ListItem\",\"position\":1,\"name\":\"Portada\",\"item\":\"https:\\\/\\\/insia-upm.es\\\/\"},{\"@type\":\"ListItem\",\"position\":2,\"name\":\"Transporte en autob\u00fas y en autocar. Hacia una visi\u00f3n triple cero.\"}]},{\"@type\":\"WebSite\",\"@id\":\"https:\\\/\\\/insia-upm.es\\\/#website\",\"url\":\"https:\\\/\\\/insia-upm.es\\\/\",\"name\":\"Instituto Universitario de Investigaci\u00f3n del Autom\u00f3vil Francisco Aparicio Izquierdo\",\"description\":\"Instituto de Investigaci\u00f3n del Autom\u00f3vil Francisco Aparicio Izquierdo\",\"publisher\":{\"@id\":\"https:\\\/\\\/insia-upm.es\\\/#organization\"},\"potentialAction\":[{\"@type\":\"SearchAction\",\"target\":{\"@type\":\"EntryPoint\",\"urlTemplate\":\"https:\\\/\\\/insia-upm.es\\\/?s={search_term_string}\"},\"query-input\":{\"@type\":\"PropertyValueSpecification\",\"valueRequired\":true,\"valueName\":\"search_term_string\"}}],\"inLanguage\":\"en-GB\"},{\"@type\":\"Organization\",\"@id\":\"https:\\\/\\\/insia-upm.es\\\/#organization\",\"name\":\"UPM-INSIA\",\"url\":\"https:\\\/\\\/insia-upm.es\\\/\",\"logo\":{\"@type\":\"ImageObject\",\"inLanguage\":\"en-GB\",\"@id\":\"https:\\\/\\\/insia-upm.es\\\/#\\\/schema\\\/logo\\\/image\\\/\",\"url\":\"https:\\\/\\\/insia-upm.es\\\/wp-content\\\/uploads\\\/2021\\\/12\\\/logo-insia-low-e1412177316550.png\",\"contentUrl\":\"https:\\\/\\\/insia-upm.es\\\/wp-content\\\/uploads\\\/2021\\\/12\\\/logo-insia-low-e1412177316550.png\",\"width\":50,\"height\":71,\"caption\":\"UPM-INSIA\"},\"image\":{\"@id\":\"https:\\\/\\\/insia-upm.es\\\/#\\\/schema\\\/logo\\\/image\\\/\"},\"sameAs\":[\"https:\\\/\\\/x.com\\\/INSIAUPM\",\"https:\\\/\\\/www.instagram.com\\\/insia.upm\\\/\",\"https:\\\/\\\/www.linkedin.com\\\/in\\\/insia-instituto-universitario-investigaci\u00f3n-9088635a\\\/\",\"https:\\\/\\\/www.youtube.com\\\/user\\\/gestionidi\"]},{\"@type\":\"Person\",\"@id\":\"https:\\\/\\\/insia-upm.es\\\/#\\\/schema\\\/person\\\/ea86956259a9cb1c71947e50fada3117\",\"name\":\"desarrollo\",\"image\":{\"@type\":\"ImageObject\",\"inLanguage\":\"en-GB\",\"@id\":\"https:\\\/\\\/secure.gravatar.com\\\/avatar\\\/adcd1146e74a083903bd51ea0ac5e00b3905e9c35fc0c1b39da8534ca17f7257?s=96&d=mm&r=g\",\"url\":\"https:\\\/\\\/secure.gravatar.com\\\/avatar\\\/adcd1146e74a083903bd51ea0ac5e00b3905e9c35fc0c1b39da8534ca17f7257?s=96&d=mm&r=g\",\"contentUrl\":\"https:\\\/\\\/secure.gravatar.com\\\/avatar\\\/adcd1146e74a083903bd51ea0ac5e00b3905e9c35fc0c1b39da8534ca17f7257?s=96&d=mm&r=g\",\"caption\":\"desarrollo\"},\"sameAs\":[\"https:\\\/\\\/insia-upm.es\"],\"url\":\"https:\\\/\\\/insia-upm.es\\\/en\\\/author\\\/desarrollo\\\/\"}]}<\/script>\n<!-- \/ Yoast SEO plugin. -->","yoast_head_json":{"title":"Transporte en autob\u00fas y en autocar. Hacia una visi\u00f3n triple cero. - Instituto Universitario de Investigaci\u00f3n del Autom\u00f3vil Francisco Aparicio Izquierdo","description":"Transporte en autob\u00fas y en autocar. Hacia una visi\u00f3n triple cero","robots":{"index":"index","follow":"follow","max-snippet":"max-snippet:-1","max-image-preview":"max-image-preview:large","max-video-preview":"max-video-preview:-1"},"canonical":"https:\/\/insia-upm.es\/en\/transporte-en-autobus-y-en-autocar-hacia-una-vision-triple-cero\/","og_locale":"en_GB","og_type":"article","og_title":"Transporte en autob\u00fas y en autocar. Hacia una visi\u00f3n triple cero. - Instituto Universitario de Investigaci\u00f3n del Autom\u00f3vil Francisco Aparicio Izquierdo","og_description":"Transporte en autob\u00fas y en autocar. Hacia una visi\u00f3n triple cero","og_url":"https:\/\/insia-upm.es\/en\/transporte-en-autobus-y-en-autocar-hacia-una-vision-triple-cero\/","og_site_name":"Instituto Universitario de Investigaci\u00f3n del Autom\u00f3vil Francisco Aparicio Izquierdo","article_published_time":"2018-05-17T14:15:02+00:00","og_image":[{"width":1281,"height":732,"url":"https:\/\/insia-upm.es\/wp-content\/uploads\/2015\/02\/Foto_Tecmusa.png","type":"image\/png"}],"author":"desarrollo","twitter_card":"summary_large_image","twitter_creator":"@INSIAUPM","twitter_site":"@INSIAUPM","twitter_misc":{"Written by":"desarrollo","Estimated reading time":"2 minutes"},"schema":{"@context":"https:\/\/schema.org","@graph":[{"@type":"Article","@id":"https:\/\/insia-upm.es\/transporte-en-autobus-y-en-autocar-hacia-una-vision-triple-cero\/#article","isPartOf":{"@id":"https:\/\/insia-upm.es\/transporte-en-autobus-y-en-autocar-hacia-una-vision-triple-cero\/"},"author":{"name":"desarrollo","@id":"https:\/\/insia-upm.es\/#\/schema\/person\/ea86956259a9cb1c71947e50fada3117"},"headline":"Transporte en autob\u00fas y en autocar. Hacia una visi\u00f3n triple cero.","datePublished":"2018-05-17T14:15:02+00:00","mainEntityOfPage":{"@id":"https:\/\/insia-upm.es\/transporte-en-autobus-y-en-autocar-hacia-una-vision-triple-cero\/"},"wordCount":321,"publisher":{"@id":"https:\/\/insia-upm.es\/#organization"},"image":{"@id":"https:\/\/insia-upm.es\/transporte-en-autobus-y-en-autocar-hacia-una-vision-triple-cero\/#primaryimage"},"thumbnailUrl":"https:\/\/insia-upm.es\/wp-content\/uploads\/2015\/02\/Foto_Tecmusa.png","articleSection":["AUTOMOCION","I+D+i en la UPM","TRANSPORTE"],"inLanguage":"en-GB"},{"@type":"WebPage","@id":"https:\/\/insia-upm.es\/transporte-en-autobus-y-en-autocar-hacia-una-vision-triple-cero\/","url":"https:\/\/insia-upm.es\/transporte-en-autobus-y-en-autocar-hacia-una-vision-triple-cero\/","name":"Transporte en autob\u00fas y en autocar. Hacia una visi\u00f3n triple cero. - Instituto Universitario de Investigaci\u00f3n del Autom\u00f3vil Francisco Aparicio Izquierdo","isPartOf":{"@id":"https:\/\/insia-upm.es\/#website"},"primaryImageOfPage":{"@id":"https:\/\/insia-upm.es\/transporte-en-autobus-y-en-autocar-hacia-una-vision-triple-cero\/#primaryimage"},"image":{"@id":"https:\/\/insia-upm.es\/transporte-en-autobus-y-en-autocar-hacia-una-vision-triple-cero\/#primaryimage"},"thumbnailUrl":"https:\/\/insia-upm.es\/wp-content\/uploads\/2015\/02\/Foto_Tecmusa.png","datePublished":"2018-05-17T14:15:02+00:00","description":"Transporte en autob\u00fas y en autocar. Hacia una visi\u00f3n triple cero","breadcrumb":{"@id":"https:\/\/insia-upm.es\/transporte-en-autobus-y-en-autocar-hacia-una-vision-triple-cero\/#breadcrumb"},"inLanguage":"en-GB","potentialAction":[{"@type":"ReadAction","target":["https:\/\/insia-upm.es\/transporte-en-autobus-y-en-autocar-hacia-una-vision-triple-cero\/"]}]},{"@type":"ImageObject","inLanguage":"en-GB","@id":"https:\/\/insia-upm.es\/transporte-en-autobus-y-en-autocar-hacia-una-vision-triple-cero\/#primaryimage","url":"https:\/\/insia-upm.es\/wp-content\/uploads\/2015\/02\/Foto_Tecmusa.png","contentUrl":"https:\/\/insia-upm.es\/wp-content\/uploads\/2015\/02\/Foto_Tecmusa.png","width":1281,"height":732},{"@type":"BreadcrumbList","@id":"https:\/\/insia-upm.es\/transporte-en-autobus-y-en-autocar-hacia-una-vision-triple-cero\/#breadcrumb","itemListElement":[{"@type":"ListItem","position":1,"name":"Portada","item":"https:\/\/insia-upm.es\/"},{"@type":"ListItem","position":2,"name":"Transporte en autob\u00fas y en autocar. Hacia una visi\u00f3n triple cero."}]},{"@type":"WebSite","@id":"https:\/\/insia-upm.es\/#website","url":"https:\/\/insia-upm.es\/","name":"Instituto Universitario de Investigaci\u00f3n del Autom\u00f3vil Francisco Aparicio Izquierdo","description":"Instituto de Investigaci\u00f3n del Autom\u00f3vil Francisco Aparicio Izquierdo","publisher":{"@id":"https:\/\/insia-upm.es\/#organization"},"potentialAction":[{"@type":"SearchAction","target":{"@type":"EntryPoint","urlTemplate":"https:\/\/insia-upm.es\/?s={search_term_string}"},"query-input":{"@type":"PropertyValueSpecification","valueRequired":true,"valueName":"search_term_string"}}],"inLanguage":"en-GB"},{"@type":"Organization","@id":"https:\/\/insia-upm.es\/#organization","name":"UPM-INSIA","url":"https:\/\/insia-upm.es\/","logo":{"@type":"ImageObject","inLanguage":"en-GB","@id":"https:\/\/insia-upm.es\/#\/schema\/logo\/image\/","url":"https:\/\/insia-upm.es\/wp-content\/uploads\/2021\/12\/logo-insia-low-e1412177316550.png","contentUrl":"https:\/\/insia-upm.es\/wp-content\/uploads\/2021\/12\/logo-insia-low-e1412177316550.png","width":50,"height":71,"caption":"UPM-INSIA"},"image":{"@id":"https:\/\/insia-upm.es\/#\/schema\/logo\/image\/"},"sameAs":["https:\/\/x.com\/INSIAUPM","https:\/\/www.instagram.com\/insia.upm\/","https:\/\/www.linkedin.com\/in\/insia-instituto-universitario-investigaci\u00f3n-9088635a\/","https:\/\/www.youtube.com\/user\/gestionidi"]},{"@type":"Person","@id":"https:\/\/insia-upm.es\/#\/schema\/person\/ea86956259a9cb1c71947e50fada3117","name":"desarrollo","image":{"@type":"ImageObject","inLanguage":"en-GB","@id":"https:\/\/secure.gravatar.com\/avatar\/adcd1146e74a083903bd51ea0ac5e00b3905e9c35fc0c1b39da8534ca17f7257?s=96&d=mm&r=g","url":"https:\/\/secure.gravatar.com\/avatar\/adcd1146e74a083903bd51ea0ac5e00b3905e9c35fc0c1b39da8534ca17f7257?s=96&d=mm&r=g","contentUrl":"https:\/\/secure.gravatar.com\/avatar\/adcd1146e74a083903bd51ea0ac5e00b3905e9c35fc0c1b39da8534ca17f7257?s=96&d=mm&r=g","caption":"desarrollo"},"sameAs":["https:\/\/insia-upm.es"],"url":"https:\/\/insia-upm.es\/en\/author\/desarrollo\/"}]}},"_links":{"self":[{"href":"https:\/\/insia-upm.es\/en\/wp-json\/wp\/v2\/posts\/13894","targetHints":{"allow":["GET"]}}],"collection":[{"href":"https:\/\/insia-upm.es\/en\/wp-json\/wp\/v2\/posts"}],"about":[{"href":"https:\/\/insia-upm.es\/en\/wp-json\/wp\/v2\/types\/post"}],"author":[{"embeddable":true,"href":"https:\/\/insia-upm.es\/en\/wp-json\/wp\/v2\/users\/1"}],"replies":[{"embeddable":true,"href":"https:\/\/insia-upm.es\/en\/wp-json\/wp\/v2\/comments?post=13894"}],"version-history":[{"count":0,"href":"https:\/\/insia-upm.es\/en\/wp-json\/wp\/v2\/posts\/13894\/revisions"}],"wp:featuredmedia":[{"embeddable":true,"href":"https:\/\/insia-upm.es\/en\/wp-json\/wp\/v2\/media\/12375"}],"wp:attachment":[{"href":"https:\/\/insia-upm.es\/en\/wp-json\/wp\/v2\/media?parent=13894"}],"wp:term":[{"taxonomy":"category","embeddable":true,"href":"https:\/\/insia-upm.es\/en\/wp-json\/wp\/v2\/categories?post=13894"},{"taxonomy":"post_tag","embeddable":true,"href":"https:\/\/insia-upm.es\/en\/wp-json\/wp\/v2\/tags?post=13894"}],"curies":[{"name":"wp","href":"https:\/\/api.w.org\/{rel}","templated":true}]}}