{"id":13787,"date":"2017-12-14T09:40:18","date_gmt":"2017-12-14T08:40:18","guid":{"rendered":"https:\/\/insia-upm.es\/?p=13787"},"modified":"2017-12-14T09:40:18","modified_gmt":"2017-12-14T08:40:18","slug":"jornada-sobre-lineas-de-investigacion-en-vehiculos-inteligentes","status":"publish","type":"post","link":"https:\/\/insia-upm.es\/en\/jornada-sobre-lineas-de-investigacion-en-vehiculos-inteligentes\/","title":{"rendered":"Jornada sobre l\u00edneas de investigaci\u00f3n en veh\u00edculos inteligentes"},"content":{"rendered":"<p>El pr\u00f3ximo d\u00eda 18 de diciembre a partir de las 11 de la ma\u00f1ana va a tener lugar en el INSIA una jornada sobre l\u00edneas de investigaci\u00f3n en veh\u00edculos inteligentes.<\/p>\n<p style=\"text-align: center;\"><a href=\"https:\/\/insia-upm.es\/wp-content\/uploads\/2017\/12\/programa-lineas-investigacion-vehiculos-inteligentes.png\"><img loading=\"lazy\" decoding=\"async\" class=\"alignleft size-large wp-image-13788\" src=\"https:\/\/insia-upm.es\/wp-content\/uploads\/2017\/12\/programa-lineas-investigacion-vehiculos-inteligentes-724x1024.png\" alt=\"programa lineas investigacion vehiculos inteligentes\" width=\"669\" height=\"946\" \/><\/a><\/p>","protected":false},"excerpt":{"rendered":"<p>El pr\u00f3ximo d\u00eda 18 de diciembre a partir de las 11 de la ma\u00f1ana va a tener lugar en el INSIA una jornada sobre l\u00edneas de investigaci\u00f3n en veh\u00edculos inteligentes.<\/p>","protected":false},"author":1,"featured_media":13739,"comment_status":"closed","ping_status":"open","sticky":false,"template":"","format":"standard","meta":{"_et_pb_use_builder":"","_et_pb_old_content":"","_et_gb_content_width":"","_monsterinsights_skip_tracking":false,"_monsterinsights_sitenote_active":false,"_monsterinsights_sitenote_note":"","_monsterinsights_sitenote_category":0,"footnotes":""},"categories":[29],"tags":[],"class_list":["post-13787","post","type-post","status-publish","format-standard","has-post-thumbnail","hentry","category-insia"],"yoast_head":"<!-- This site is optimized with the Yoast SEO plugin v27.4 - https:\/\/yoast.com\/product\/yoast-seo-wordpress\/ -->\n<title>Jornada sobre l\u00edneas de investigaci\u00f3n en veh\u00edculos inteligentes - Instituto Universitario de Investigaci\u00f3n del Autom\u00f3vil Francisco Aparicio Izquierdo<\/title>\n<meta name=\"robots\" content=\"index, follow, max-snippet:-1, max-image-preview:large, max-video-preview:-1\" \/>\n<link rel=\"canonical\" href=\"https:\/\/insia-upm.es\/en\/jornada-sobre-lineas-de-investigacion-en-vehiculos-inteligentes\/\" \/>\n<meta property=\"og:locale\" content=\"en_GB\" \/>\n<meta property=\"og:type\" content=\"article\" \/>\n<meta property=\"og:title\" content=\"Jornada sobre l\u00edneas de investigaci\u00f3n en veh\u00edculos inteligentes - Instituto Universitario de Investigaci\u00f3n del Autom\u00f3vil Francisco Aparicio Izquierdo\" \/>\n<meta property=\"og:description\" content=\"El pr\u00f3ximo d\u00eda 18 de diciembre a partir de las 11 de la ma\u00f1ana va a tener lugar en el INSIA una jornada sobre l\u00edneas de investigaci\u00f3n en veh\u00edculos inteligentes.\" \/>\n<meta property=\"og:url\" content=\"https:\/\/insia-upm.es\/en\/jornada-sobre-lineas-de-investigacion-en-vehiculos-inteligentes\/\" \/>\n<meta property=\"og:site_name\" content=\"Instituto Universitario de Investigaci\u00f3n del Autom\u00f3vil Francisco Aparicio Izquierdo\" \/>\n<meta property=\"article:published_time\" content=\"2017-12-14T08:40:18+00:00\" \/>\n<meta property=\"og:image\" content=\"https:\/\/insia-upm.es\/wp-content\/uploads\/2017\/09\/ADAS-ROAD-Imagen1.jpg\" \/>\n\t<meta property=\"og:image:width\" content=\"724\" \/>\n\t<meta property=\"og:image:height\" content=\"295\" \/>\n\t<meta property=\"og:image:type\" content=\"image\/jpeg\" \/>\n<meta name=\"author\" content=\"desarrollo\" \/>\n<meta name=\"twitter:card\" content=\"summary_large_image\" \/>\n<meta name=\"twitter:creator\" content=\"@INSIAUPM\" \/>\n<meta name=\"twitter:site\" content=\"@INSIAUPM\" \/>\n<meta name=\"twitter:label1\" content=\"Written by\" \/>\n\t<meta name=\"twitter:data1\" content=\"desarrollo\" \/>\n<script type=\"application\/ld+json\" class=\"yoast-schema-graph\">{\"@context\":\"https:\\\/\\\/schema.org\",\"@graph\":[{\"@type\":\"Article\",\"@id\":\"https:\\\/\\\/insia-upm.es\\\/jornada-sobre-lineas-de-investigacion-en-vehiculos-inteligentes\\\/#article\",\"isPartOf\":{\"@id\":\"https:\\\/\\\/insia-upm.es\\\/jornada-sobre-lineas-de-investigacion-en-vehiculos-inteligentes\\\/\"},\"author\":{\"name\":\"desarrollo\",\"@id\":\"https:\\\/\\\/insia-upm.es\\\/#\\\/schema\\\/person\\\/ea86956259a9cb1c71947e50fada3117\"},\"headline\":\"Jornada sobre l\u00edneas de investigaci\u00f3n en veh\u00edculos inteligentes\",\"datePublished\":\"2017-12-14T08:40:18+00:00\",\"mainEntityOfPage\":{\"@id\":\"https:\\\/\\\/insia-upm.es\\\/jornada-sobre-lineas-de-investigacion-en-vehiculos-inteligentes\\\/\"},\"wordCount\":45,\"publisher\":{\"@id\":\"https:\\\/\\\/insia-upm.es\\\/#organization\"},\"image\":{\"@id\":\"https:\\\/\\\/insia-upm.es\\\/jornada-sobre-lineas-de-investigacion-en-vehiculos-inteligentes\\\/#primaryimage\"},\"thumbnailUrl\":\"https:\\\/\\\/insia-upm.es\\\/wp-content\\\/uploads\\\/2017\\\/09\\\/ADAS-ROAD-Imagen1.jpg\",\"articleSection\":[\"insia\"],\"inLanguage\":\"en-GB\"},{\"@type\":\"WebPage\",\"@id\":\"https:\\\/\\\/insia-upm.es\\\/jornada-sobre-lineas-de-investigacion-en-vehiculos-inteligentes\\\/\",\"url\":\"https:\\\/\\\/insia-upm.es\\\/jornada-sobre-lineas-de-investigacion-en-vehiculos-inteligentes\\\/\",\"name\":\"Jornada sobre l\u00edneas de investigaci\u00f3n en veh\u00edculos inteligentes - Instituto Universitario de Investigaci\u00f3n del Autom\u00f3vil Francisco Aparicio Izquierdo\",\"isPartOf\":{\"@id\":\"https:\\\/\\\/insia-upm.es\\\/#website\"},\"primaryImageOfPage\":{\"@id\":\"https:\\\/\\\/insia-upm.es\\\/jornada-sobre-lineas-de-investigacion-en-vehiculos-inteligentes\\\/#primaryimage\"},\"image\":{\"@id\":\"https:\\\/\\\/insia-upm.es\\\/jornada-sobre-lineas-de-investigacion-en-vehiculos-inteligentes\\\/#primaryimage\"},\"thumbnailUrl\":\"https:\\\/\\\/insia-upm.es\\\/wp-content\\\/uploads\\\/2017\\\/09\\\/ADAS-ROAD-Imagen1.jpg\",\"datePublished\":\"2017-12-14T08:40:18+00:00\",\"breadcrumb\":{\"@id\":\"https:\\\/\\\/insia-upm.es\\\/jornada-sobre-lineas-de-investigacion-en-vehiculos-inteligentes\\\/#breadcrumb\"},\"inLanguage\":\"en-GB\",\"potentialAction\":[{\"@type\":\"ReadAction\",\"target\":[\"https:\\\/\\\/insia-upm.es\\\/jornada-sobre-lineas-de-investigacion-en-vehiculos-inteligentes\\\/\"]}]},{\"@type\":\"ImageObject\",\"inLanguage\":\"en-GB\",\"@id\":\"https:\\\/\\\/insia-upm.es\\\/jornada-sobre-lineas-de-investigacion-en-vehiculos-inteligentes\\\/#primaryimage\",\"url\":\"https:\\\/\\\/insia-upm.es\\\/wp-content\\\/uploads\\\/2017\\\/09\\\/ADAS-ROAD-Imagen1.jpg\",\"contentUrl\":\"https:\\\/\\\/insia-upm.es\\\/wp-content\\\/uploads\\\/2017\\\/09\\\/ADAS-ROAD-Imagen1.jpg\",\"width\":724,\"height\":295},{\"@type\":\"BreadcrumbList\",\"@id\":\"https:\\\/\\\/insia-upm.es\\\/jornada-sobre-lineas-de-investigacion-en-vehiculos-inteligentes\\\/#breadcrumb\",\"itemListElement\":[{\"@type\":\"ListItem\",\"position\":1,\"name\":\"Portada\",\"item\":\"https:\\\/\\\/insia-upm.es\\\/\"},{\"@type\":\"ListItem\",\"position\":2,\"name\":\"Jornada sobre l\u00edneas de investigaci\u00f3n en veh\u00edculos inteligentes\"}]},{\"@type\":\"WebSite\",\"@id\":\"https:\\\/\\\/insia-upm.es\\\/#website\",\"url\":\"https:\\\/\\\/insia-upm.es\\\/\",\"name\":\"Instituto Universitario de Investigaci\u00f3n del Autom\u00f3vil Francisco Aparicio Izquierdo\",\"description\":\"Instituto de Investigaci\u00f3n del Autom\u00f3vil Francisco Aparicio Izquierdo\",\"publisher\":{\"@id\":\"https:\\\/\\\/insia-upm.es\\\/#organization\"},\"potentialAction\":[{\"@type\":\"SearchAction\",\"target\":{\"@type\":\"EntryPoint\",\"urlTemplate\":\"https:\\\/\\\/insia-upm.es\\\/?s={search_term_string}\"},\"query-input\":{\"@type\":\"PropertyValueSpecification\",\"valueRequired\":true,\"valueName\":\"search_term_string\"}}],\"inLanguage\":\"en-GB\"},{\"@type\":\"Organization\",\"@id\":\"https:\\\/\\\/insia-upm.es\\\/#organization\",\"name\":\"UPM-INSIA\",\"url\":\"https:\\\/\\\/insia-upm.es\\\/\",\"logo\":{\"@type\":\"ImageObject\",\"inLanguage\":\"en-GB\",\"@id\":\"https:\\\/\\\/insia-upm.es\\\/#\\\/schema\\\/logo\\\/image\\\/\",\"url\":\"https:\\\/\\\/insia-upm.es\\\/wp-content\\\/uploads\\\/2021\\\/12\\\/logo-insia-low-e1412177316550.png\",\"contentUrl\":\"https:\\\/\\\/insia-upm.es\\\/wp-content\\\/uploads\\\/2021\\\/12\\\/logo-insia-low-e1412177316550.png\",\"width\":50,\"height\":71,\"caption\":\"UPM-INSIA\"},\"image\":{\"@id\":\"https:\\\/\\\/insia-upm.es\\\/#\\\/schema\\\/logo\\\/image\\\/\"},\"sameAs\":[\"https:\\\/\\\/x.com\\\/INSIAUPM\",\"https:\\\/\\\/www.instagram.com\\\/insia.upm\\\/\",\"https:\\\/\\\/www.linkedin.com\\\/in\\\/insia-instituto-universitario-investigaci\u00f3n-9088635a\\\/\",\"https:\\\/\\\/www.youtube.com\\\/user\\\/gestionidi\"]},{\"@type\":\"Person\",\"@id\":\"https:\\\/\\\/insia-upm.es\\\/#\\\/schema\\\/person\\\/ea86956259a9cb1c71947e50fada3117\",\"name\":\"desarrollo\",\"image\":{\"@type\":\"ImageObject\",\"inLanguage\":\"en-GB\",\"@id\":\"https:\\\/\\\/secure.gravatar.com\\\/avatar\\\/adcd1146e74a083903bd51ea0ac5e00b3905e9c35fc0c1b39da8534ca17f7257?s=96&d=mm&r=g\",\"url\":\"https:\\\/\\\/secure.gravatar.com\\\/avatar\\\/adcd1146e74a083903bd51ea0ac5e00b3905e9c35fc0c1b39da8534ca17f7257?s=96&d=mm&r=g\",\"contentUrl\":\"https:\\\/\\\/secure.gravatar.com\\\/avatar\\\/adcd1146e74a083903bd51ea0ac5e00b3905e9c35fc0c1b39da8534ca17f7257?s=96&d=mm&r=g\",\"caption\":\"desarrollo\"},\"sameAs\":[\"https:\\\/\\\/insia-upm.es\"],\"url\":\"https:\\\/\\\/insia-upm.es\\\/en\\\/author\\\/desarrollo\\\/\"}]}<\/script>\n<!-- \/ Yoast SEO plugin. -->","yoast_head_json":{"title":"Jornada sobre l\u00edneas de investigaci\u00f3n en veh\u00edculos inteligentes - Instituto Universitario de Investigaci\u00f3n del Autom\u00f3vil Francisco Aparicio Izquierdo","robots":{"index":"index","follow":"follow","max-snippet":"max-snippet:-1","max-image-preview":"max-image-preview:large","max-video-preview":"max-video-preview:-1"},"canonical":"https:\/\/insia-upm.es\/en\/jornada-sobre-lineas-de-investigacion-en-vehiculos-inteligentes\/","og_locale":"en_GB","og_type":"article","og_title":"Jornada sobre l\u00edneas de investigaci\u00f3n en veh\u00edculos inteligentes - Instituto Universitario de Investigaci\u00f3n del Autom\u00f3vil Francisco Aparicio Izquierdo","og_description":"El pr\u00f3ximo d\u00eda 18 de diciembre a partir de las 11 de la ma\u00f1ana va a tener lugar en el INSIA una jornada sobre l\u00edneas de investigaci\u00f3n en veh\u00edculos inteligentes.","og_url":"https:\/\/insia-upm.es\/en\/jornada-sobre-lineas-de-investigacion-en-vehiculos-inteligentes\/","og_site_name":"Instituto Universitario de Investigaci\u00f3n del Autom\u00f3vil Francisco Aparicio Izquierdo","article_published_time":"2017-12-14T08:40:18+00:00","og_image":[{"width":724,"height":295,"url":"https:\/\/insia-upm.es\/wp-content\/uploads\/2017\/09\/ADAS-ROAD-Imagen1.jpg","type":"image\/jpeg"}],"author":"desarrollo","twitter_card":"summary_large_image","twitter_creator":"@INSIAUPM","twitter_site":"@INSIAUPM","twitter_misc":{"Written by":"desarrollo"},"schema":{"@context":"https:\/\/schema.org","@graph":[{"@type":"Article","@id":"https:\/\/insia-upm.es\/jornada-sobre-lineas-de-investigacion-en-vehiculos-inteligentes\/#article","isPartOf":{"@id":"https:\/\/insia-upm.es\/jornada-sobre-lineas-de-investigacion-en-vehiculos-inteligentes\/"},"author":{"name":"desarrollo","@id":"https:\/\/insia-upm.es\/#\/schema\/person\/ea86956259a9cb1c71947e50fada3117"},"headline":"Jornada sobre l\u00edneas de investigaci\u00f3n en veh\u00edculos inteligentes","datePublished":"2017-12-14T08:40:18+00:00","mainEntityOfPage":{"@id":"https:\/\/insia-upm.es\/jornada-sobre-lineas-de-investigacion-en-vehiculos-inteligentes\/"},"wordCount":45,"publisher":{"@id":"https:\/\/insia-upm.es\/#organization"},"image":{"@id":"https:\/\/insia-upm.es\/jornada-sobre-lineas-de-investigacion-en-vehiculos-inteligentes\/#primaryimage"},"thumbnailUrl":"https:\/\/insia-upm.es\/wp-content\/uploads\/2017\/09\/ADAS-ROAD-Imagen1.jpg","articleSection":["insia"],"inLanguage":"en-GB"},{"@type":"WebPage","@id":"https:\/\/insia-upm.es\/jornada-sobre-lineas-de-investigacion-en-vehiculos-inteligentes\/","url":"https:\/\/insia-upm.es\/jornada-sobre-lineas-de-investigacion-en-vehiculos-inteligentes\/","name":"Jornada sobre l\u00edneas de investigaci\u00f3n en veh\u00edculos inteligentes - Instituto Universitario de Investigaci\u00f3n del Autom\u00f3vil Francisco Aparicio Izquierdo","isPartOf":{"@id":"https:\/\/insia-upm.es\/#website"},"primaryImageOfPage":{"@id":"https:\/\/insia-upm.es\/jornada-sobre-lineas-de-investigacion-en-vehiculos-inteligentes\/#primaryimage"},"image":{"@id":"https:\/\/insia-upm.es\/jornada-sobre-lineas-de-investigacion-en-vehiculos-inteligentes\/#primaryimage"},"thumbnailUrl":"https:\/\/insia-upm.es\/wp-content\/uploads\/2017\/09\/ADAS-ROAD-Imagen1.jpg","datePublished":"2017-12-14T08:40:18+00:00","breadcrumb":{"@id":"https:\/\/insia-upm.es\/jornada-sobre-lineas-de-investigacion-en-vehiculos-inteligentes\/#breadcrumb"},"inLanguage":"en-GB","potentialAction":[{"@type":"ReadAction","target":["https:\/\/insia-upm.es\/jornada-sobre-lineas-de-investigacion-en-vehiculos-inteligentes\/"]}]},{"@type":"ImageObject","inLanguage":"en-GB","@id":"https:\/\/insia-upm.es\/jornada-sobre-lineas-de-investigacion-en-vehiculos-inteligentes\/#primaryimage","url":"https:\/\/insia-upm.es\/wp-content\/uploads\/2017\/09\/ADAS-ROAD-Imagen1.jpg","contentUrl":"https:\/\/insia-upm.es\/wp-content\/uploads\/2017\/09\/ADAS-ROAD-Imagen1.jpg","width":724,"height":295},{"@type":"BreadcrumbList","@id":"https:\/\/insia-upm.es\/jornada-sobre-lineas-de-investigacion-en-vehiculos-inteligentes\/#breadcrumb","itemListElement":[{"@type":"ListItem","position":1,"name":"Portada","item":"https:\/\/insia-upm.es\/"},{"@type":"ListItem","position":2,"name":"Jornada sobre l\u00edneas de investigaci\u00f3n en veh\u00edculos inteligentes"}]},{"@type":"WebSite","@id":"https:\/\/insia-upm.es\/#website","url":"https:\/\/insia-upm.es\/","name":"Instituto Universitario de Investigaci\u00f3n del Autom\u00f3vil Francisco Aparicio Izquierdo","description":"Instituto de Investigaci\u00f3n del Autom\u00f3vil Francisco Aparicio Izquierdo","publisher":{"@id":"https:\/\/insia-upm.es\/#organization"},"potentialAction":[{"@type":"SearchAction","target":{"@type":"EntryPoint","urlTemplate":"https:\/\/insia-upm.es\/?s={search_term_string}"},"query-input":{"@type":"PropertyValueSpecification","valueRequired":true,"valueName":"search_term_string"}}],"inLanguage":"en-GB"},{"@type":"Organization","@id":"https:\/\/insia-upm.es\/#organization","name":"UPM-INSIA","url":"https:\/\/insia-upm.es\/","logo":{"@type":"ImageObject","inLanguage":"en-GB","@id":"https:\/\/insia-upm.es\/#\/schema\/logo\/image\/","url":"https:\/\/insia-upm.es\/wp-content\/uploads\/2021\/12\/logo-insia-low-e1412177316550.png","contentUrl":"https:\/\/insia-upm.es\/wp-content\/uploads\/2021\/12\/logo-insia-low-e1412177316550.png","width":50,"height":71,"caption":"UPM-INSIA"},"image":{"@id":"https:\/\/insia-upm.es\/#\/schema\/logo\/image\/"},"sameAs":["https:\/\/x.com\/INSIAUPM","https:\/\/www.instagram.com\/insia.upm\/","https:\/\/www.linkedin.com\/in\/insia-instituto-universitario-investigaci\u00f3n-9088635a\/","https:\/\/www.youtube.com\/user\/gestionidi"]},{"@type":"Person","@id":"https:\/\/insia-upm.es\/#\/schema\/person\/ea86956259a9cb1c71947e50fada3117","name":"desarrollo","image":{"@type":"ImageObject","inLanguage":"en-GB","@id":"https:\/\/secure.gravatar.com\/avatar\/adcd1146e74a083903bd51ea0ac5e00b3905e9c35fc0c1b39da8534ca17f7257?s=96&d=mm&r=g","url":"https:\/\/secure.gravatar.com\/avatar\/adcd1146e74a083903bd51ea0ac5e00b3905e9c35fc0c1b39da8534ca17f7257?s=96&d=mm&r=g","contentUrl":"https:\/\/secure.gravatar.com\/avatar\/adcd1146e74a083903bd51ea0ac5e00b3905e9c35fc0c1b39da8534ca17f7257?s=96&d=mm&r=g","caption":"desarrollo"},"sameAs":["https:\/\/insia-upm.es"],"url":"https:\/\/insia-upm.es\/en\/author\/desarrollo\/"}]}},"_links":{"self":[{"href":"https:\/\/insia-upm.es\/en\/wp-json\/wp\/v2\/posts\/13787","targetHints":{"allow":["GET"]}}],"collection":[{"href":"https:\/\/insia-upm.es\/en\/wp-json\/wp\/v2\/posts"}],"about":[{"href":"https:\/\/insia-upm.es\/en\/wp-json\/wp\/v2\/types\/post"}],"author":[{"embeddable":true,"href":"https:\/\/insia-upm.es\/en\/wp-json\/wp\/v2\/users\/1"}],"replies":[{"embeddable":true,"href":"https:\/\/insia-upm.es\/en\/wp-json\/wp\/v2\/comments?post=13787"}],"version-history":[{"count":0,"href":"https:\/\/insia-upm.es\/en\/wp-json\/wp\/v2\/posts\/13787\/revisions"}],"wp:featuredmedia":[{"embeddable":true,"href":"https:\/\/insia-upm.es\/en\/wp-json\/wp\/v2\/media\/13739"}],"wp:attachment":[{"href":"https:\/\/insia-upm.es\/en\/wp-json\/wp\/v2\/media?parent=13787"}],"wp:term":[{"taxonomy":"category","embeddable":true,"href":"https:\/\/insia-upm.es\/en\/wp-json\/wp\/v2\/categories?post=13787"},{"taxonomy":"post_tag","embeddable":true,"href":"https:\/\/insia-upm.es\/en\/wp-json\/wp\/v2\/tags?post=13787"}],"curies":[{"name":"wp","href":"https:\/\/api.w.org\/{rel}","templated":true}]}}