{"id":13755,"date":"2017-10-10T10:21:34","date_gmt":"2017-10-10T08:21:34","guid":{"rendered":"https:\/\/insia-upm.es\/?p=13755"},"modified":"2017-10-10T10:21:34","modified_gmt":"2017-10-10T08:21:34","slug":"ii-jornadas-factoria-de-talento-upm-adecco","status":"publish","type":"post","link":"https:\/\/insia-upm.es\/en\/ii-jornadas-factoria-de-talento-upm-adecco\/","title":{"rendered":"II Jornadas Factor\u00eda de Talento UPM &#8211; ADECCO"},"content":{"rendered":"<p><strong>Dos sedes:<\/strong><\/p>\n<ul>\n<li><strong><strong>Jueves 19 de Octubre &#8211;\u00a0<\/strong>AUDITORIO Campus Sur\u00a0UPM de\u00a0ETSI SISTEMAS deTELECOMUNICACI\u00d3N Y ETSI de SISTEMAS INFORM\u00c1TICOS<\/strong><\/li>\n<\/ul>\n<ul>\n<li><strong><strong>Martes 31 de Octubre &#8211;\u00a0<\/strong>Sal\u00f3n de Actos de ETSI INDUSTRIALES<\/strong><\/li>\n<\/ul>\n<p style=\"text-align: center;\"><span style=\"color: #0000ff;\"><strong>\u00a1Descubre el Talento que hay en ti!<\/strong><\/span><\/p>\n<p>\u00bfTe gustar\u00eda saber que piden las empresas a los ingenieros que van a contratar?<br \/>\n\u00bfQuieres aprender a hacer un buen CV, pasar con \u00e9xito una din\u00e1mica de grupo o afrontar una entrevista de trabajo?<br \/>\n\u00bfEst\u00e1s informado de las posibilidades que ofrece la universidad para desarrollar tu talento? \u00bfConoces los puntos que deber\u00edas fortalecer para dar el salto al mundo laboral?<br \/>\n\u00bfTe gustar\u00eda tener herramientas para saber enfocar tu futuro?<br \/>\nEn un mundo como el que vivimos, es clave de \u00e9xito lograr explotar el talento que llevamos dentro. Todos tenemos talento para algo, pero a menudo, no sabemos cu\u00e1l es. Y si lo sabemos,\u00a0no sabemos c\u00f3mo cuidarlo y hacerlo crecer.<br \/>\nLa mayor parte de los j\u00f3venes universitarios, aspiran a convertirse en buenos profesionales, que realicen tareas atractivas en empresas reconocidas, que remuneren bien el trabajo.<br \/>\nPero, \u00bfqu\u00e9 piden esas empresas en la actualidad? \u00bfQu\u00e9 buscan y c\u00f3mo lo buscan en sus procesos de selecci\u00f3n? \u00bfY c\u00f3mo hacer que nuestro talento brille en los momentos de la verdad?<br \/>\nEsta jornada nace con la intenci\u00f3n de responder a todas estas preguntas y ofrecer\u00a0a los estudiantes de la Universidad Polit\u00e9cnica de Madrid, herramientas \u00fatiles para gestionar su futuro.<br \/>\nEn este\u00a0<a href=\"https:\/\/www.youtube.com\/watch?time_continue=1&amp;v=UCU81bNNM0E\"><strong>enlace<\/strong><\/a>\u00a0podr\u00e1s ver uno de los v\u00eddeos corporativos Factor\u00eda de Talento.<\/p>","protected":false},"excerpt":{"rendered":"<p>Dos sedes: Jueves 19 de Octubre &#8211;\u00a0AUDITORIO Campus Sur\u00a0UPM de\u00a0ETSI SISTEMAS deTELECOMUNICACI\u00d3N Y ETSI de SISTEMAS INFORM\u00c1TICOS Martes 31 de Octubre &#8211;\u00a0Sal\u00f3n de Actos de ETSI INDUSTRIALES \u00a1Descubre el Talento que hay en ti! \u00bfTe gustar\u00eda saber que piden las empresas a los ingenieros que van a contratar? \u00bfQuieres aprender a hacer un buen CV, [&hellip;]<\/p>\n","protected":false},"author":1,"featured_media":13756,"comment_status":"closed","ping_status":"open","sticky":false,"template":"","format":"standard","meta":{"_et_pb_use_builder":"","_et_pb_old_content":"","_et_gb_content_width":"","_monsterinsights_skip_tracking":false,"_monsterinsights_sitenote_active":false,"_monsterinsights_sitenote_note":"","_monsterinsights_sitenote_category":0,"footnotes":""},"categories":[81],"tags":[],"class_list":["post-13755","post","type-post","status-publish","format-standard","has-post-thumbnail","hentry","category-formacion"],"yoast_head":"<!-- This site is optimized with the Yoast SEO plugin v27.4 - https:\/\/yoast.com\/product\/yoast-seo-wordpress\/ -->\n<title>II Jornadas Factor\u00eda de Talento UPM - ADECCO - Instituto Universitario de Investigaci\u00f3n del Autom\u00f3vil Francisco Aparicio Izquierdo<\/title>\n<meta name=\"robots\" content=\"index, follow, max-snippet:-1, max-image-preview:large, max-video-preview:-1\" \/>\n<link rel=\"canonical\" href=\"https:\/\/insia-upm.es\/en\/ii-jornadas-factoria-de-talento-upm-adecco\/\" \/>\n<meta property=\"og:locale\" content=\"en_GB\" \/>\n<meta property=\"og:type\" content=\"article\" \/>\n<meta property=\"og:title\" content=\"II Jornadas Factor\u00eda de Talento UPM - ADECCO - Instituto Universitario de Investigaci\u00f3n del Autom\u00f3vil Francisco Aparicio Izquierdo\" \/>\n<meta property=\"og:description\" content=\"Dos sedes: Jueves 19 de Octubre &#8211;\u00a0AUDITORIO Campus Sur\u00a0UPM de\u00a0ETSI SISTEMAS deTELECOMUNICACI\u00d3N Y ETSI de SISTEMAS INFORM\u00c1TICOS Martes 31 de Octubre &#8211;\u00a0Sal\u00f3n de Actos de ETSI INDUSTRIALES \u00a1Descubre el Talento que hay en ti! \u00bfTe gustar\u00eda saber que piden las empresas a los ingenieros que van a contratar? \u00bfQuieres aprender a hacer un buen CV, [&hellip;]\" \/>\n<meta property=\"og:url\" content=\"https:\/\/insia-upm.es\/en\/ii-jornadas-factoria-de-talento-upm-adecco\/\" \/>\n<meta property=\"og:site_name\" content=\"Instituto Universitario de Investigaci\u00f3n del Autom\u00f3vil Francisco Aparicio Izquierdo\" \/>\n<meta property=\"article:published_time\" content=\"2017-10-10T08:21:34+00:00\" \/>\n<meta name=\"author\" content=\"desarrollo\" \/>\n<meta name=\"twitter:card\" content=\"summary_large_image\" \/>\n<meta name=\"twitter:creator\" content=\"@INSIAUPM\" \/>\n<meta name=\"twitter:site\" content=\"@INSIAUPM\" \/>\n<meta name=\"twitter:label1\" content=\"Written by\" \/>\n\t<meta name=\"twitter:data1\" content=\"desarrollo\" \/>\n\t<meta name=\"twitter:label2\" content=\"Estimated reading time\" \/>\n\t<meta name=\"twitter:data2\" content=\"1 minute\" \/>\n<script type=\"application\/ld+json\" class=\"yoast-schema-graph\">{\"@context\":\"https:\\\/\\\/schema.org\",\"@graph\":[{\"@type\":\"Article\",\"@id\":\"https:\\\/\\\/insia-upm.es\\\/ii-jornadas-factoria-de-talento-upm-adecco\\\/#article\",\"isPartOf\":{\"@id\":\"https:\\\/\\\/insia-upm.es\\\/ii-jornadas-factoria-de-talento-upm-adecco\\\/\"},\"author\":{\"name\":\"desarrollo\",\"@id\":\"https:\\\/\\\/insia-upm.es\\\/#\\\/schema\\\/person\\\/ea86956259a9cb1c71947e50fada3117\"},\"headline\":\"II Jornadas Factor\u00eda de Talento UPM &#8211; ADECCO\",\"datePublished\":\"2017-10-10T08:21:34+00:00\",\"mainEntityOfPage\":{\"@id\":\"https:\\\/\\\/insia-upm.es\\\/ii-jornadas-factoria-de-talento-upm-adecco\\\/\"},\"wordCount\":273,\"publisher\":{\"@id\":\"https:\\\/\\\/insia-upm.es\\\/#organization\"},\"image\":{\"@id\":\"https:\\\/\\\/insia-upm.es\\\/ii-jornadas-factoria-de-talento-upm-adecco\\\/#primaryimage\"},\"thumbnailUrl\":\"\",\"articleSection\":[\"Formaci\u00f3n\"],\"inLanguage\":\"en-GB\"},{\"@type\":\"WebPage\",\"@id\":\"https:\\\/\\\/insia-upm.es\\\/ii-jornadas-factoria-de-talento-upm-adecco\\\/\",\"url\":\"https:\\\/\\\/insia-upm.es\\\/ii-jornadas-factoria-de-talento-upm-adecco\\\/\",\"name\":\"II Jornadas Factor\u00eda de Talento UPM - ADECCO - Instituto Universitario de Investigaci\u00f3n del Autom\u00f3vil Francisco Aparicio Izquierdo\",\"isPartOf\":{\"@id\":\"https:\\\/\\\/insia-upm.es\\\/#website\"},\"primaryImageOfPage\":{\"@id\":\"https:\\\/\\\/insia-upm.es\\\/ii-jornadas-factoria-de-talento-upm-adecco\\\/#primaryimage\"},\"image\":{\"@id\":\"https:\\\/\\\/insia-upm.es\\\/ii-jornadas-factoria-de-talento-upm-adecco\\\/#primaryimage\"},\"thumbnailUrl\":\"\",\"datePublished\":\"2017-10-10T08:21:34+00:00\",\"breadcrumb\":{\"@id\":\"https:\\\/\\\/insia-upm.es\\\/ii-jornadas-factoria-de-talento-upm-adecco\\\/#breadcrumb\"},\"inLanguage\":\"en-GB\",\"potentialAction\":[{\"@type\":\"ReadAction\",\"target\":[\"https:\\\/\\\/insia-upm.es\\\/ii-jornadas-factoria-de-talento-upm-adecco\\\/\"]}]},{\"@type\":\"ImageObject\",\"inLanguage\":\"en-GB\",\"@id\":\"https:\\\/\\\/insia-upm.es\\\/ii-jornadas-factoria-de-talento-upm-adecco\\\/#primaryimage\",\"url\":\"\",\"contentUrl\":\"\"},{\"@type\":\"BreadcrumbList\",\"@id\":\"https:\\\/\\\/insia-upm.es\\\/ii-jornadas-factoria-de-talento-upm-adecco\\\/#breadcrumb\",\"itemListElement\":[{\"@type\":\"ListItem\",\"position\":1,\"name\":\"Portada\",\"item\":\"https:\\\/\\\/insia-upm.es\\\/\"},{\"@type\":\"ListItem\",\"position\":2,\"name\":\"II Jornadas Factor\u00eda de Talento UPM &#8211; ADECCO\"}]},{\"@type\":\"WebSite\",\"@id\":\"https:\\\/\\\/insia-upm.es\\\/#website\",\"url\":\"https:\\\/\\\/insia-upm.es\\\/\",\"name\":\"Instituto Universitario de Investigaci\u00f3n del Autom\u00f3vil Francisco Aparicio Izquierdo\",\"description\":\"Instituto de Investigaci\u00f3n del Autom\u00f3vil Francisco Aparicio Izquierdo\",\"publisher\":{\"@id\":\"https:\\\/\\\/insia-upm.es\\\/#organization\"},\"potentialAction\":[{\"@type\":\"SearchAction\",\"target\":{\"@type\":\"EntryPoint\",\"urlTemplate\":\"https:\\\/\\\/insia-upm.es\\\/?s={search_term_string}\"},\"query-input\":{\"@type\":\"PropertyValueSpecification\",\"valueRequired\":true,\"valueName\":\"search_term_string\"}}],\"inLanguage\":\"en-GB\"},{\"@type\":\"Organization\",\"@id\":\"https:\\\/\\\/insia-upm.es\\\/#organization\",\"name\":\"UPM-INSIA\",\"url\":\"https:\\\/\\\/insia-upm.es\\\/\",\"logo\":{\"@type\":\"ImageObject\",\"inLanguage\":\"en-GB\",\"@id\":\"https:\\\/\\\/insia-upm.es\\\/#\\\/schema\\\/logo\\\/image\\\/\",\"url\":\"https:\\\/\\\/insia-upm.es\\\/wp-content\\\/uploads\\\/2021\\\/12\\\/logo-insia-low-e1412177316550.png\",\"contentUrl\":\"https:\\\/\\\/insia-upm.es\\\/wp-content\\\/uploads\\\/2021\\\/12\\\/logo-insia-low-e1412177316550.png\",\"width\":50,\"height\":71,\"caption\":\"UPM-INSIA\"},\"image\":{\"@id\":\"https:\\\/\\\/insia-upm.es\\\/#\\\/schema\\\/logo\\\/image\\\/\"},\"sameAs\":[\"https:\\\/\\\/x.com\\\/INSIAUPM\",\"https:\\\/\\\/www.instagram.com\\\/insia.upm\\\/\",\"https:\\\/\\\/www.linkedin.com\\\/in\\\/insia-instituto-universitario-investigaci\u00f3n-9088635a\\\/\",\"https:\\\/\\\/www.youtube.com\\\/user\\\/gestionidi\"]},{\"@type\":\"Person\",\"@id\":\"https:\\\/\\\/insia-upm.es\\\/#\\\/schema\\\/person\\\/ea86956259a9cb1c71947e50fada3117\",\"name\":\"desarrollo\",\"image\":{\"@type\":\"ImageObject\",\"inLanguage\":\"en-GB\",\"@id\":\"https:\\\/\\\/secure.gravatar.com\\\/avatar\\\/adcd1146e74a083903bd51ea0ac5e00b3905e9c35fc0c1b39da8534ca17f7257?s=96&d=mm&r=g\",\"url\":\"https:\\\/\\\/secure.gravatar.com\\\/avatar\\\/adcd1146e74a083903bd51ea0ac5e00b3905e9c35fc0c1b39da8534ca17f7257?s=96&d=mm&r=g\",\"contentUrl\":\"https:\\\/\\\/secure.gravatar.com\\\/avatar\\\/adcd1146e74a083903bd51ea0ac5e00b3905e9c35fc0c1b39da8534ca17f7257?s=96&d=mm&r=g\",\"caption\":\"desarrollo\"},\"sameAs\":[\"https:\\\/\\\/insia-upm.es\"],\"url\":\"https:\\\/\\\/insia-upm.es\\\/en\\\/author\\\/desarrollo\\\/\"}]}<\/script>\n<!-- \/ Yoast SEO plugin. -->","yoast_head_json":{"title":"II Jornadas Factor\u00eda de Talento UPM - ADECCO - Instituto Universitario de Investigaci\u00f3n del Autom\u00f3vil Francisco Aparicio Izquierdo","robots":{"index":"index","follow":"follow","max-snippet":"max-snippet:-1","max-image-preview":"max-image-preview:large","max-video-preview":"max-video-preview:-1"},"canonical":"https:\/\/insia-upm.es\/en\/ii-jornadas-factoria-de-talento-upm-adecco\/","og_locale":"en_GB","og_type":"article","og_title":"II Jornadas Factor\u00eda de Talento UPM - ADECCO - Instituto Universitario de Investigaci\u00f3n del Autom\u00f3vil Francisco Aparicio Izquierdo","og_description":"Dos sedes: Jueves 19 de Octubre &#8211;\u00a0AUDITORIO Campus Sur\u00a0UPM de\u00a0ETSI SISTEMAS deTELECOMUNICACI\u00d3N Y ETSI de SISTEMAS INFORM\u00c1TICOS Martes 31 de Octubre &#8211;\u00a0Sal\u00f3n de Actos de ETSI INDUSTRIALES \u00a1Descubre el Talento que hay en ti! \u00bfTe gustar\u00eda saber que piden las empresas a los ingenieros que van a contratar? \u00bfQuieres aprender a hacer un buen CV, [&hellip;]","og_url":"https:\/\/insia-upm.es\/en\/ii-jornadas-factoria-de-talento-upm-adecco\/","og_site_name":"Instituto Universitario de Investigaci\u00f3n del Autom\u00f3vil Francisco Aparicio Izquierdo","article_published_time":"2017-10-10T08:21:34+00:00","author":"desarrollo","twitter_card":"summary_large_image","twitter_creator":"@INSIAUPM","twitter_site":"@INSIAUPM","twitter_misc":{"Written by":"desarrollo","Estimated reading time":"1 minute"},"schema":{"@context":"https:\/\/schema.org","@graph":[{"@type":"Article","@id":"https:\/\/insia-upm.es\/ii-jornadas-factoria-de-talento-upm-adecco\/#article","isPartOf":{"@id":"https:\/\/insia-upm.es\/ii-jornadas-factoria-de-talento-upm-adecco\/"},"author":{"name":"desarrollo","@id":"https:\/\/insia-upm.es\/#\/schema\/person\/ea86956259a9cb1c71947e50fada3117"},"headline":"II Jornadas Factor\u00eda de Talento UPM &#8211; ADECCO","datePublished":"2017-10-10T08:21:34+00:00","mainEntityOfPage":{"@id":"https:\/\/insia-upm.es\/ii-jornadas-factoria-de-talento-upm-adecco\/"},"wordCount":273,"publisher":{"@id":"https:\/\/insia-upm.es\/#organization"},"image":{"@id":"https:\/\/insia-upm.es\/ii-jornadas-factoria-de-talento-upm-adecco\/#primaryimage"},"thumbnailUrl":"","articleSection":["Formaci\u00f3n"],"inLanguage":"en-GB"},{"@type":"WebPage","@id":"https:\/\/insia-upm.es\/ii-jornadas-factoria-de-talento-upm-adecco\/","url":"https:\/\/insia-upm.es\/ii-jornadas-factoria-de-talento-upm-adecco\/","name":"II Jornadas Factor\u00eda de Talento UPM - ADECCO - Instituto Universitario de Investigaci\u00f3n del Autom\u00f3vil Francisco Aparicio Izquierdo","isPartOf":{"@id":"https:\/\/insia-upm.es\/#website"},"primaryImageOfPage":{"@id":"https:\/\/insia-upm.es\/ii-jornadas-factoria-de-talento-upm-adecco\/#primaryimage"},"image":{"@id":"https:\/\/insia-upm.es\/ii-jornadas-factoria-de-talento-upm-adecco\/#primaryimage"},"thumbnailUrl":"","datePublished":"2017-10-10T08:21:34+00:00","breadcrumb":{"@id":"https:\/\/insia-upm.es\/ii-jornadas-factoria-de-talento-upm-adecco\/#breadcrumb"},"inLanguage":"en-GB","potentialAction":[{"@type":"ReadAction","target":["https:\/\/insia-upm.es\/ii-jornadas-factoria-de-talento-upm-adecco\/"]}]},{"@type":"ImageObject","inLanguage":"en-GB","@id":"https:\/\/insia-upm.es\/ii-jornadas-factoria-de-talento-upm-adecco\/#primaryimage","url":"","contentUrl":""},{"@type":"BreadcrumbList","@id":"https:\/\/insia-upm.es\/ii-jornadas-factoria-de-talento-upm-adecco\/#breadcrumb","itemListElement":[{"@type":"ListItem","position":1,"name":"Portada","item":"https:\/\/insia-upm.es\/"},{"@type":"ListItem","position":2,"name":"II Jornadas Factor\u00eda de Talento UPM &#8211; ADECCO"}]},{"@type":"WebSite","@id":"https:\/\/insia-upm.es\/#website","url":"https:\/\/insia-upm.es\/","name":"Instituto Universitario de Investigaci\u00f3n del Autom\u00f3vil Francisco Aparicio Izquierdo","description":"Instituto de Investigaci\u00f3n del Autom\u00f3vil Francisco Aparicio Izquierdo","publisher":{"@id":"https:\/\/insia-upm.es\/#organization"},"potentialAction":[{"@type":"SearchAction","target":{"@type":"EntryPoint","urlTemplate":"https:\/\/insia-upm.es\/?s={search_term_string}"},"query-input":{"@type":"PropertyValueSpecification","valueRequired":true,"valueName":"search_term_string"}}],"inLanguage":"en-GB"},{"@type":"Organization","@id":"https:\/\/insia-upm.es\/#organization","name":"UPM-INSIA","url":"https:\/\/insia-upm.es\/","logo":{"@type":"ImageObject","inLanguage":"en-GB","@id":"https:\/\/insia-upm.es\/#\/schema\/logo\/image\/","url":"https:\/\/insia-upm.es\/wp-content\/uploads\/2021\/12\/logo-insia-low-e1412177316550.png","contentUrl":"https:\/\/insia-upm.es\/wp-content\/uploads\/2021\/12\/logo-insia-low-e1412177316550.png","width":50,"height":71,"caption":"UPM-INSIA"},"image":{"@id":"https:\/\/insia-upm.es\/#\/schema\/logo\/image\/"},"sameAs":["https:\/\/x.com\/INSIAUPM","https:\/\/www.instagram.com\/insia.upm\/","https:\/\/www.linkedin.com\/in\/insia-instituto-universitario-investigaci\u00f3n-9088635a\/","https:\/\/www.youtube.com\/user\/gestionidi"]},{"@type":"Person","@id":"https:\/\/insia-upm.es\/#\/schema\/person\/ea86956259a9cb1c71947e50fada3117","name":"desarrollo","image":{"@type":"ImageObject","inLanguage":"en-GB","@id":"https:\/\/secure.gravatar.com\/avatar\/adcd1146e74a083903bd51ea0ac5e00b3905e9c35fc0c1b39da8534ca17f7257?s=96&d=mm&r=g","url":"https:\/\/secure.gravatar.com\/avatar\/adcd1146e74a083903bd51ea0ac5e00b3905e9c35fc0c1b39da8534ca17f7257?s=96&d=mm&r=g","contentUrl":"https:\/\/secure.gravatar.com\/avatar\/adcd1146e74a083903bd51ea0ac5e00b3905e9c35fc0c1b39da8534ca17f7257?s=96&d=mm&r=g","caption":"desarrollo"},"sameAs":["https:\/\/insia-upm.es"],"url":"https:\/\/insia-upm.es\/en\/author\/desarrollo\/"}]}},"_links":{"self":[{"href":"https:\/\/insia-upm.es\/en\/wp-json\/wp\/v2\/posts\/13755","targetHints":{"allow":["GET"]}}],"collection":[{"href":"https:\/\/insia-upm.es\/en\/wp-json\/wp\/v2\/posts"}],"about":[{"href":"https:\/\/insia-upm.es\/en\/wp-json\/wp\/v2\/types\/post"}],"author":[{"embeddable":true,"href":"https:\/\/insia-upm.es\/en\/wp-json\/wp\/v2\/users\/1"}],"replies":[{"embeddable":true,"href":"https:\/\/insia-upm.es\/en\/wp-json\/wp\/v2\/comments?post=13755"}],"version-history":[{"count":0,"href":"https:\/\/insia-upm.es\/en\/wp-json\/wp\/v2\/posts\/13755\/revisions"}],"wp:featuredmedia":[{"embeddable":true,"href":"https:\/\/insia-upm.es\/en\/wp-json\/"}],"wp:attachment":[{"href":"https:\/\/insia-upm.es\/en\/wp-json\/wp\/v2\/media?parent=13755"}],"wp:term":[{"taxonomy":"category","embeddable":true,"href":"https:\/\/insia-upm.es\/en\/wp-json\/wp\/v2\/categories?post=13755"},{"taxonomy":"post_tag","embeddable":true,"href":"https:\/\/insia-upm.es\/en\/wp-json\/wp\/v2\/tags?post=13755"}],"curies":[{"name":"wp","href":"https:\/\/api.w.org\/{rel}","templated":true}]}}