{"id":13692,"date":"2017-06-29T09:53:09","date_gmt":"2017-06-29T07:53:09","guid":{"rendered":"https:\/\/insia-upm.es\/?p=13692"},"modified":"2017-06-29T09:53:09","modified_gmt":"2017-06-29T07:53:09","slug":"presentacion-del-monoplaza-formula-student-2017-de-upm-racing-que-competira-en-silverstone-en-el-mes-de-julio","status":"publish","type":"post","link":"https:\/\/insia-upm.es\/en\/presentacion-del-monoplaza-formula-student-2017-de-upm-racing-que-competira-en-silverstone-en-el-mes-de-julio\/","title":{"rendered":"Presentaci\u00f3n del monoplaza \u201cFormula Student 2017\u201d de UPM Racing que competir\u00e1 en Silverstone en el mes de julio"},"content":{"rendered":"[fusion_text]\n[\/fusion_text][fullwidth backgroundcolor=\u00bb\u00bb backgroundimage=\u00bb\u00bb backgroundrepeat=\u00bbno-repeat\u00bb backgroundposition=\u00bbleft top\u00bb backgroundattachment=\u00bbscroll\u00bb video_webm=\u00bb\u00bb video_mp4=\u00bb\u00bb video_ogv=\u00bb\u00bb video_preview_image=\u00bb\u00bb overlay_color=\u00bb\u00bb overlay_opacity=\u00bb0.5&#8243; video_mute=\u00bbyes\u00bb video_loop=\u00bbyes\u00bb fade=\u00bbno\u00bb bordersize=\u00bb0px\u00bb bordercolor=\u00bb\u00bb borderstyle=\u00bb\u00bb paddingtop=\u00bb20px\u00bb paddingbottom=\u00bb20px\u00bb paddingleft=\u00bb0px\u00bb paddingright=\u00bb0px\u00bb menu_anchor=\u00bb\u00bb equal_height_columns=\u00bbno\u00bb hundred_percent=\u00bbno\u00bb class=\u00bb\u00bb id=\u00bb\u00bb][fusion_text]Im\u00e1genes de la Gala INGENIA 2017, previa a la presentaci\u00f3n oficial, en la que se cont\u00f3 con la presencia del Rector de la Universidad Polit\u00e9cnica de Madrid, <strong>D. Guillermo Cisneros P\u00e9rez<\/strong>\u00a0y el Director de la ETSII, <strong>D. Emilio Minguez Torres.\u00a0<\/strong>[\/fusion_text][\/fullwidth]<div class='one_half'>\n\t\t\t\t\t[imageframe lightbox=\u00bbno\u00bb style_type=\u00bbglow\u00bb bordercolor=\u00bb\u00bb bordersize=\u00bb0px\u00bb borderradius=\u00bb0&#8243; stylecolor=\u00bb\u00bb align=\u00bbnone\u00bb link=\u00bb\u00bb linktarget=\u00bb_self\u00bb animation_type=\u00bb0&#8243; animation_direction=\u00bbdown\u00bb animation_speed=\u00bb0.1&#8243; class=\u00bb\u00bb id=\u00bb\u00bb] <img decoding=\"async\" src=\"https:\/\/insia-upm.es\/wp-content\/uploads\/2017\/06\/IMG_8126-1024x683.jpg\" alt=\"\" \/>[\/imageframe]\n\t\t\t\t<\/div><div class='one_half'>\n\t\t\t\t\t[imageframe lightbox=\u00bbno\u00bb style_type=\u00bbglow\u00bb bordercolor=\u00bb\u00bb bordersize=\u00bb0px\u00bb borderradius=\u00bb0&#8243; stylecolor=\u00bb\u00bb align=\u00bbnone\u00bb link=\u00bb\u00bb linktarget=\u00bb_self\u00bb animation_type=\u00bb0&#8243; animation_direction=\u00bbdown\u00bb animation_speed=\u00bb0.1&#8243; class=\u00bb\u00bb id=\u00bb\u00bb] <img decoding=\"async\" src=\"https:\/\/insia-upm.es\/wp-content\/uploads\/2017\/06\/IMG_8157-1024x683.jpg\" alt=\"\" \/>[\/imageframe]\n\t\t\t\t<\/div>[fullwidth backgroundcolor=\u00bb\u00bb backgroundimage=\u00bb\u00bb backgroundrepeat=\u00bbno-repeat\u00bb backgroundposition=\u00bbleft top\u00bb backgroundattachment=\u00bbscroll\u00bb video_webm=\u00bb\u00bb video_mp4=\u00bb\u00bb video_ogv=\u00bb\u00bb video_preview_image=\u00bb\u00bb overlay_color=\u00bb\u00bb overlay_opacity=\u00bb0.5&#8243; video_mute=\u00bbyes\u00bb video_loop=\u00bbyes\u00bb fade=\u00bbno\u00bb bordersize=\u00bb0px\u00bb bordercolor=\u00bb\u00bb borderstyle=\u00bb\u00bb paddingtop=\u00bb20px\u00bb paddingbottom=\u00bb20px\u00bb paddingleft=\u00bb0px\u00bb paddingright=\u00bb0px\u00bb menu_anchor=\u00bb\u00bb equal_height_columns=\u00bbno\u00bb hundred_percent=\u00bbno\u00bb class=\u00bb\u00bb id=\u00bb\u00bb][fusion_text]\n<p style=\"text-align: justify;\">Entre los d\u00edas 20 y 23 de julio tendr\u00e1 lugar en el circuito Silverstone, en UK, el campeonato internacional \u2018Formula Student, en el que participan m\u00e1s de 80 equipos de todo el mundo y m\u00e1s de 2.500 estudiantes de ingenier\u00edas que competir\u00e1n con sus monoplazas, dise\u00f1ados y construidos por ellos mismos. En esta edici\u00f3n 2017 participa \u2018UPM Racing\u2019 de la Universidad Polit\u00e9cnica de Madrid, formado por un equipo de m\u00e1s de 40 alumnos de la Escuela T\u00e9cnica Superior de Ingenieros Industriales de la UPM, del M\u00e1ster de Ingenier\u00eda en Automoci\u00f3n del INSIA, y de la Escuela T\u00e9cnica Superior de Ingenier\u00eda Aeron\u00e1utica y del Espacio. \u2018UPM Racing\u2019 compite con un prototipo, equipado con un motor de gasolina de 4 cilindros y 80 CV, que se present\u00f3 el 28 de junio en la pista del INSIA.<\/p>\n<p style=\"text-align: justify;\">Al acto asistieron el Vicerrector de Comunicaci\u00f3n de la UPM <strong>D. Fco. Javier Jim\u00e9nez Leube,<\/strong> el Director del INSIA <strong>D. Jos\u00e9 Mar\u00eda L\u00f3pez Mart\u00ednez. \u00a0<\/strong><\/p>\n[\/fusion_text][\/fullwidth]<div class='one_half'>\n\t\t\t\t\t[imageframe lightbox=\u00bbno\u00bb style_type=\u00bbglow\u00bb bordercolor=\u00bb\u00bb bordersize=\u00bb0px\u00bb borderradius=\u00bb0&#8243; stylecolor=\u00bb\u00bb align=\u00bbnone\u00bb link=\u00bb\u00bb linktarget=\u00bb_self\u00bb animation_type=\u00bb0&#8243; animation_direction=\u00bbdown\u00bb animation_speed=\u00bb0.1&#8243; class=\u00bb\u00bb id=\u00bb\u00bb] <img decoding=\"async\" src=\"https:\/\/insia-upm.es\/wp-content\/uploads\/2017\/06\/DSCF3202-Version-2-683x1024.jpg\" alt=\"Monoplaza formula student 2017 de UPM Racing\" \/>[\/imageframe]\n\t\t\t\t<\/div><div class='one_half'>\n\t\t\t\t\t[imageframe lightbox=\u00bbno\u00bb style_type=\u00bbglow\u00bb bordercolor=\u00bb\u00bb bordersize=\u00bb0px\u00bb borderradius=\u00bb0&#8243; stylecolor=\u00bb\u00bb align=\u00bbnone\u00bb link=\u00bb\u00bb linktarget=\u00bb_self\u00bb animation_type=\u00bb0&#8243; animation_direction=\u00bbdown\u00bb animation_speed=\u00bb0.1&#8243; class=\u00bb\u00bb id=\u00bb\u00bb] <img decoding=\"async\" src=\"https:\/\/insia-upm.es\/wp-content\/uploads\/2017\/06\/DSCF3225-683x1024.jpg\" alt=\"Monoplaza formula student 2017 de UPM Racing\" \/>[\/imageframe]\n\t\t\t\t<\/div><div class='one_half'>\n\t\t\t\t\t[imageframe lightbox=\u00bbyes\u00bb style_type=\u00bbglow\u00bb bordercolor=\u00bb\u00bb bordersize=\u00bb0px\u00bb borderradius=\u00bb0&#8243; stylecolor=\u00bb\u00bb align=\u00bbnone\u00bb link=\u00bb\u00bb linktarget=\u00bb_blank\u00bb animation_type=\u00bbfade\u00bb animation_direction=\u00bbdown\u00bb animation_speed=\u00bb0.1&#8243; class=\u00bb\u00bb id=\u00bb\u00bb] <img decoding=\"async\" src=\"https:\/\/insia-upm.es\/wp-content\/uploads\/2017\/06\/IMG_8030-1024x683.jpg\" alt=\"Monoplaza formula student 2017 de UPM Racing\" \/>[\/imageframe]\n\t\t\t\t<\/div><div class='one_half'>\n\t\t\t\t\t[imageframe lightbox=\u00bbno\u00bb style_type=\u00bbglow\u00bb bordercolor=\u00bb\u00bb bordersize=\u00bb0px\u00bb borderradius=\u00bb0&#8243; stylecolor=\u00bb\u00bb align=\u00bbnone\u00bb link=\u00bb\u00bb linktarget=\u00bb_self\u00bb animation_type=\u00bb0&#8243; animation_direction=\u00bbdown\u00bb animation_speed=\u00bb0.1&#8243; class=\u00bb\u00bb id=\u00bb\u00bb] <img decoding=\"async\" src=\"https:\/\/insia-upm.es\/wp-content\/uploads\/2017\/06\/IMG_8067-1024x554.jpg\" alt=\"Monoplaza formula student 2017 de UPM Racing\" \/>[\/imageframe]\n\t\t\t\t<\/div><div class='one_half'>\n\t\t\t\t\t[imageframe lightbox=\u00bbno\u00bb style_type=\u00bbglow\u00bb bordercolor=\u00bb\u00bb bordersize=\u00bb0px\u00bb borderradius=\u00bb0&#8243; stylecolor=\u00bb\u00bb align=\u00bbnone\u00bb link=\u00bb\u00bb linktarget=\u00bb_self\u00bb animation_type=\u00bb0&#8243; animation_direction=\u00bbdown\u00bb animation_speed=\u00bb0.1&#8243; class=\u00bb\u00bb id=\u00bb\u00bb] <img decoding=\"async\" src=\"https:\/\/insia-upm.es\/wp-content\/uploads\/2017\/06\/DSCF3230-1024x683.jpg\" alt=\"Monoplaza formula student 2017 de UPM Racing\" \/>[\/imageframe]\n\t\t\t\t<\/div><div class='one_half'>\n\t\t\t\t\t[imageframe lightbox=\u00bbno\u00bb style_type=\u00bbglow\u00bb bordercolor=\u00bb\u00bb bordersize=\u00bb0px\u00bb borderradius=\u00bb0&#8243; stylecolor=\u00bb\u00bb align=\u00bbnone\u00bb link=\u00bb\u00bb linktarget=\u00bb_self\u00bb animation_type=\u00bb0&#8243; animation_direction=\u00bbdown\u00bb animation_speed=\u00bb0.1&#8243; class=\u00bb\u00bb id=\u00bb\u00bb] <img decoding=\"async\" src=\"https:\/\/insia-upm.es\/wp-content\/uploads\/2017\/06\/DSCF3203-1024x683.jpg\" alt=\"Monoplaza formula student 2017 de UPM Racing\" \/>[\/imageframe]\n\t\t\t\t<\/div>\n","protected":false},"excerpt":{"rendered":"<p>[fusion_text] [\/fusion_text][fullwidth backgroundcolor=\u00bb\u00bb backgroundimage=\u00bb\u00bb backgroundrepeat=\u00bbno-repeat\u00bb backgroundposition=\u00bbleft top\u00bb backgroundattachment=\u00bbscroll\u00bb video_webm=\u00bb\u00bb video_mp4=\u00bb\u00bb video_ogv=\u00bb\u00bb video_preview_image=\u00bb\u00bb overlay_color=\u00bb\u00bb overlay_opacity=\u00bb0.5&#8243; video_mute=\u00bbyes\u00bb video_loop=\u00bbyes\u00bb fade=\u00bbno\u00bb bordersize=\u00bb0px\u00bb bordercolor=\u00bb\u00bb borderstyle=\u00bb\u00bb paddingtop=\u00bb20px\u00bb paddingbottom=\u00bb20px\u00bb paddingleft=\u00bb0px\u00bb paddingright=\u00bb0px\u00bb menu_anchor=\u00bb\u00bb equal_height_columns=\u00bbno\u00bb hundred_percent=\u00bbno\u00bb class=\u00bb\u00bb id=\u00bb\u00bb][fusion_text]Im\u00e1genes de la Gala INGENIA 2017, previa a la presentaci\u00f3n oficial, en la que se cont\u00f3 con la presencia del Rector de la Universidad Polit\u00e9cnica de Madrid, [&hellip;]<\/p>\n","protected":false},"author":1,"featured_media":13698,"comment_status":"closed","ping_status":"open","sticky":false,"template":"","format":"standard","meta":{"_et_pb_use_builder":"","_et_pb_old_content":"","_et_gb_content_width":"","_monsterinsights_skip_tracking":false,"_monsterinsights_sitenote_active":false,"_monsterinsights_sitenote_note":"","_monsterinsights_sitenote_category":0,"footnotes":""},"categories":[41,81,29],"tags":[],"class_list":["post-13692","post","type-post","status-publish","format-standard","has-post-thumbnail","hentry","category-automocion","category-formacion","category-insia"],"yoast_head":"<!-- This site is optimized with the Yoast SEO plugin v27.4 - https:\/\/yoast.com\/product\/yoast-seo-wordpress\/ -->\n<title>Presentaci\u00f3n del monoplaza \u201cFormula Student 2017\u201d de UPM Racing que competir\u00e1 en Silverstone en el mes de julio - Instituto Universitario de Investigaci\u00f3n del Autom\u00f3vil Francisco Aparicio Izquierdo<\/title>\n<meta name=\"robots\" content=\"index, follow, max-snippet:-1, max-image-preview:large, max-video-preview:-1\" \/>\n<link rel=\"canonical\" href=\"https:\/\/insia-upm.es\/en\/presentacion-del-monoplaza-formula-student-2017-de-upm-racing-que-competira-en-silverstone-en-el-mes-de-julio\/\" \/>\n<meta property=\"og:locale\" content=\"en_GB\" \/>\n<meta property=\"og:type\" content=\"article\" \/>\n<meta property=\"og:title\" content=\"Presentaci\u00f3n del monoplaza \u201cFormula Student 2017\u201d de UPM Racing que competir\u00e1 en Silverstone en el mes de julio - Instituto Universitario de Investigaci\u00f3n del Autom\u00f3vil Francisco Aparicio Izquierdo\" \/>\n<meta property=\"og:description\" content=\"[fusion_text] [\/fusion_text][fullwidth backgroundcolor=\u00bb\u00bb backgroundimage=\u00bb\u00bb backgroundrepeat=\u00bbno-repeat\u00bb backgroundposition=\u00bbleft top\u00bb backgroundattachment=\u00bbscroll\u00bb video_webm=\u00bb\u00bb video_mp4=\u00bb\u00bb video_ogv=\u00bb\u00bb video_preview_image=\u00bb\u00bb overlay_color=\u00bb\u00bb overlay_opacity=\u00bb0.5&#8243; video_mute=\u00bbyes\u00bb video_loop=\u00bbyes\u00bb fade=\u00bbno\u00bb bordersize=\u00bb0px\u00bb bordercolor=\u00bb\u00bb borderstyle=\u00bb\u00bb paddingtop=\u00bb20px\u00bb paddingbottom=\u00bb20px\u00bb paddingleft=\u00bb0px\u00bb paddingright=\u00bb0px\u00bb menu_anchor=\u00bb\u00bb equal_height_columns=\u00bbno\u00bb hundred_percent=\u00bbno\u00bb class=\u00bb\u00bb id=\u00bb\u00bb][fusion_text]Im\u00e1genes de la Gala INGENIA 2017, previa a la presentaci\u00f3n oficial, en la que se cont\u00f3 con la presencia del Rector de la Universidad Polit\u00e9cnica de Madrid, [&hellip;]\" \/>\n<meta property=\"og:url\" content=\"https:\/\/insia-upm.es\/en\/presentacion-del-monoplaza-formula-student-2017-de-upm-racing-que-competira-en-silverstone-en-el-mes-de-julio\/\" \/>\n<meta property=\"og:site_name\" content=\"Instituto Universitario de Investigaci\u00f3n del Autom\u00f3vil Francisco Aparicio Izquierdo\" \/>\n<meta property=\"article:published_time\" content=\"2017-06-29T07:53:09+00:00\" \/>\n<meta name=\"author\" content=\"desarrollo\" \/>\n<meta name=\"twitter:card\" content=\"summary_large_image\" \/>\n<meta name=\"twitter:creator\" content=\"@INSIAUPM\" \/>\n<meta name=\"twitter:site\" content=\"@INSIAUPM\" \/>\n<meta name=\"twitter:label1\" content=\"Written by\" \/>\n\t<meta name=\"twitter:data1\" content=\"desarrollo\" \/>\n\t<meta name=\"twitter:label2\" content=\"Estimated reading time\" \/>\n\t<meta name=\"twitter:data2\" content=\"4 minutes\" \/>\n<script type=\"application\/ld+json\" class=\"yoast-schema-graph\">{\"@context\":\"https:\\\/\\\/schema.org\",\"@graph\":[{\"@type\":\"Article\",\"@id\":\"https:\\\/\\\/insia-upm.es\\\/presentacion-del-monoplaza-formula-student-2017-de-upm-racing-que-competira-en-silverstone-en-el-mes-de-julio\\\/#article\",\"isPartOf\":{\"@id\":\"https:\\\/\\\/insia-upm.es\\\/presentacion-del-monoplaza-formula-student-2017-de-upm-racing-que-competira-en-silverstone-en-el-mes-de-julio\\\/\"},\"author\":{\"name\":\"desarrollo\",\"@id\":\"https:\\\/\\\/insia-upm.es\\\/#\\\/schema\\\/person\\\/ea86956259a9cb1c71947e50fada3117\"},\"headline\":\"Presentaci\u00f3n del monoplaza \u201cFormula Student 2017\u201d de UPM Racing que competir\u00e1 en Silverstone en el mes de julio\",\"datePublished\":\"2017-06-29T07:53:09+00:00\",\"mainEntityOfPage\":{\"@id\":\"https:\\\/\\\/insia-upm.es\\\/presentacion-del-monoplaza-formula-student-2017-de-upm-racing-que-competira-en-silverstone-en-el-mes-de-julio\\\/\"},\"wordCount\":795,\"publisher\":{\"@id\":\"https:\\\/\\\/insia-upm.es\\\/#organization\"},\"image\":{\"@id\":\"https:\\\/\\\/insia-upm.es\\\/presentacion-del-monoplaza-formula-student-2017-de-upm-racing-que-competira-en-silverstone-en-el-mes-de-julio\\\/#primaryimage\"},\"thumbnailUrl\":\"\",\"articleSection\":[\"AUTOMOCION\",\"Formaci\u00f3n\",\"insia\"],\"inLanguage\":\"en-GB\"},{\"@type\":\"WebPage\",\"@id\":\"https:\\\/\\\/insia-upm.es\\\/presentacion-del-monoplaza-formula-student-2017-de-upm-racing-que-competira-en-silverstone-en-el-mes-de-julio\\\/\",\"url\":\"https:\\\/\\\/insia-upm.es\\\/presentacion-del-monoplaza-formula-student-2017-de-upm-racing-que-competira-en-silverstone-en-el-mes-de-julio\\\/\",\"name\":\"Presentaci\u00f3n del monoplaza \u201cFormula Student 2017\u201d de UPM Racing que competir\u00e1 en Silverstone en el mes de julio - Instituto Universitario de Investigaci\u00f3n del Autom\u00f3vil Francisco Aparicio Izquierdo\",\"isPartOf\":{\"@id\":\"https:\\\/\\\/insia-upm.es\\\/#website\"},\"primaryImageOfPage\":{\"@id\":\"https:\\\/\\\/insia-upm.es\\\/presentacion-del-monoplaza-formula-student-2017-de-upm-racing-que-competira-en-silverstone-en-el-mes-de-julio\\\/#primaryimage\"},\"image\":{\"@id\":\"https:\\\/\\\/insia-upm.es\\\/presentacion-del-monoplaza-formula-student-2017-de-upm-racing-que-competira-en-silverstone-en-el-mes-de-julio\\\/#primaryimage\"},\"thumbnailUrl\":\"\",\"datePublished\":\"2017-06-29T07:53:09+00:00\",\"breadcrumb\":{\"@id\":\"https:\\\/\\\/insia-upm.es\\\/presentacion-del-monoplaza-formula-student-2017-de-upm-racing-que-competira-en-silverstone-en-el-mes-de-julio\\\/#breadcrumb\"},\"inLanguage\":\"en-GB\",\"potentialAction\":[{\"@type\":\"ReadAction\",\"target\":[\"https:\\\/\\\/insia-upm.es\\\/presentacion-del-monoplaza-formula-student-2017-de-upm-racing-que-competira-en-silverstone-en-el-mes-de-julio\\\/\"]}]},{\"@type\":\"ImageObject\",\"inLanguage\":\"en-GB\",\"@id\":\"https:\\\/\\\/insia-upm.es\\\/presentacion-del-monoplaza-formula-student-2017-de-upm-racing-que-competira-en-silverstone-en-el-mes-de-julio\\\/#primaryimage\",\"url\":\"\",\"contentUrl\":\"\"},{\"@type\":\"BreadcrumbList\",\"@id\":\"https:\\\/\\\/insia-upm.es\\\/presentacion-del-monoplaza-formula-student-2017-de-upm-racing-que-competira-en-silverstone-en-el-mes-de-julio\\\/#breadcrumb\",\"itemListElement\":[{\"@type\":\"ListItem\",\"position\":1,\"name\":\"Portada\",\"item\":\"https:\\\/\\\/insia-upm.es\\\/\"},{\"@type\":\"ListItem\",\"position\":2,\"name\":\"Presentaci\u00f3n del monoplaza \u201cFormula Student 2017\u201d de UPM Racing que competir\u00e1 en Silverstone en el mes de julio\"}]},{\"@type\":\"WebSite\",\"@id\":\"https:\\\/\\\/insia-upm.es\\\/#website\",\"url\":\"https:\\\/\\\/insia-upm.es\\\/\",\"name\":\"Instituto Universitario de Investigaci\u00f3n del Autom\u00f3vil Francisco Aparicio Izquierdo\",\"description\":\"Instituto de Investigaci\u00f3n del Autom\u00f3vil Francisco Aparicio Izquierdo\",\"publisher\":{\"@id\":\"https:\\\/\\\/insia-upm.es\\\/#organization\"},\"potentialAction\":[{\"@type\":\"SearchAction\",\"target\":{\"@type\":\"EntryPoint\",\"urlTemplate\":\"https:\\\/\\\/insia-upm.es\\\/?s={search_term_string}\"},\"query-input\":{\"@type\":\"PropertyValueSpecification\",\"valueRequired\":true,\"valueName\":\"search_term_string\"}}],\"inLanguage\":\"en-GB\"},{\"@type\":\"Organization\",\"@id\":\"https:\\\/\\\/insia-upm.es\\\/#organization\",\"name\":\"UPM-INSIA\",\"url\":\"https:\\\/\\\/insia-upm.es\\\/\",\"logo\":{\"@type\":\"ImageObject\",\"inLanguage\":\"en-GB\",\"@id\":\"https:\\\/\\\/insia-upm.es\\\/#\\\/schema\\\/logo\\\/image\\\/\",\"url\":\"https:\\\/\\\/insia-upm.es\\\/wp-content\\\/uploads\\\/2021\\\/12\\\/logo-insia-low-e1412177316550.png\",\"contentUrl\":\"https:\\\/\\\/insia-upm.es\\\/wp-content\\\/uploads\\\/2021\\\/12\\\/logo-insia-low-e1412177316550.png\",\"width\":50,\"height\":71,\"caption\":\"UPM-INSIA\"},\"image\":{\"@id\":\"https:\\\/\\\/insia-upm.es\\\/#\\\/schema\\\/logo\\\/image\\\/\"},\"sameAs\":[\"https:\\\/\\\/x.com\\\/INSIAUPM\",\"https:\\\/\\\/www.instagram.com\\\/insia.upm\\\/\",\"https:\\\/\\\/www.linkedin.com\\\/in\\\/insia-instituto-universitario-investigaci\u00f3n-9088635a\\\/\",\"https:\\\/\\\/www.youtube.com\\\/user\\\/gestionidi\"]},{\"@type\":\"Person\",\"@id\":\"https:\\\/\\\/insia-upm.es\\\/#\\\/schema\\\/person\\\/ea86956259a9cb1c71947e50fada3117\",\"name\":\"desarrollo\",\"image\":{\"@type\":\"ImageObject\",\"inLanguage\":\"en-GB\",\"@id\":\"https:\\\/\\\/secure.gravatar.com\\\/avatar\\\/adcd1146e74a083903bd51ea0ac5e00b3905e9c35fc0c1b39da8534ca17f7257?s=96&d=mm&r=g\",\"url\":\"https:\\\/\\\/secure.gravatar.com\\\/avatar\\\/adcd1146e74a083903bd51ea0ac5e00b3905e9c35fc0c1b39da8534ca17f7257?s=96&d=mm&r=g\",\"contentUrl\":\"https:\\\/\\\/secure.gravatar.com\\\/avatar\\\/adcd1146e74a083903bd51ea0ac5e00b3905e9c35fc0c1b39da8534ca17f7257?s=96&d=mm&r=g\",\"caption\":\"desarrollo\"},\"sameAs\":[\"https:\\\/\\\/insia-upm.es\"],\"url\":\"https:\\\/\\\/insia-upm.es\\\/en\\\/author\\\/desarrollo\\\/\"}]}<\/script>\n<!-- \/ Yoast SEO plugin. -->","yoast_head_json":{"title":"Presentaci\u00f3n del monoplaza \u201cFormula Student 2017\u201d de UPM Racing que competir\u00e1 en Silverstone en el mes de julio - Instituto Universitario de Investigaci\u00f3n del Autom\u00f3vil Francisco Aparicio Izquierdo","robots":{"index":"index","follow":"follow","max-snippet":"max-snippet:-1","max-image-preview":"max-image-preview:large","max-video-preview":"max-video-preview:-1"},"canonical":"https:\/\/insia-upm.es\/en\/presentacion-del-monoplaza-formula-student-2017-de-upm-racing-que-competira-en-silverstone-en-el-mes-de-julio\/","og_locale":"en_GB","og_type":"article","og_title":"Presentaci\u00f3n del monoplaza \u201cFormula Student 2017\u201d de UPM Racing que competir\u00e1 en Silverstone en el mes de julio - Instituto Universitario de Investigaci\u00f3n del Autom\u00f3vil Francisco Aparicio Izquierdo","og_description":"[fusion_text] [\/fusion_text][fullwidth backgroundcolor=\u00bb\u00bb backgroundimage=\u00bb\u00bb backgroundrepeat=\u00bbno-repeat\u00bb backgroundposition=\u00bbleft top\u00bb backgroundattachment=\u00bbscroll\u00bb video_webm=\u00bb\u00bb video_mp4=\u00bb\u00bb video_ogv=\u00bb\u00bb video_preview_image=\u00bb\u00bb overlay_color=\u00bb\u00bb overlay_opacity=\u00bb0.5&#8243; video_mute=\u00bbyes\u00bb video_loop=\u00bbyes\u00bb fade=\u00bbno\u00bb bordersize=\u00bb0px\u00bb bordercolor=\u00bb\u00bb borderstyle=\u00bb\u00bb paddingtop=\u00bb20px\u00bb paddingbottom=\u00bb20px\u00bb paddingleft=\u00bb0px\u00bb paddingright=\u00bb0px\u00bb menu_anchor=\u00bb\u00bb equal_height_columns=\u00bbno\u00bb hundred_percent=\u00bbno\u00bb class=\u00bb\u00bb id=\u00bb\u00bb][fusion_text]Im\u00e1genes de la Gala INGENIA 2017, previa a la presentaci\u00f3n oficial, en la que se cont\u00f3 con la presencia del Rector de la Universidad Polit\u00e9cnica de Madrid, [&hellip;]","og_url":"https:\/\/insia-upm.es\/en\/presentacion-del-monoplaza-formula-student-2017-de-upm-racing-que-competira-en-silverstone-en-el-mes-de-julio\/","og_site_name":"Instituto Universitario de Investigaci\u00f3n del Autom\u00f3vil Francisco Aparicio Izquierdo","article_published_time":"2017-06-29T07:53:09+00:00","author":"desarrollo","twitter_card":"summary_large_image","twitter_creator":"@INSIAUPM","twitter_site":"@INSIAUPM","twitter_misc":{"Written by":"desarrollo","Estimated reading time":"4 minutes"},"schema":{"@context":"https:\/\/schema.org","@graph":[{"@type":"Article","@id":"https:\/\/insia-upm.es\/presentacion-del-monoplaza-formula-student-2017-de-upm-racing-que-competira-en-silverstone-en-el-mes-de-julio\/#article","isPartOf":{"@id":"https:\/\/insia-upm.es\/presentacion-del-monoplaza-formula-student-2017-de-upm-racing-que-competira-en-silverstone-en-el-mes-de-julio\/"},"author":{"name":"desarrollo","@id":"https:\/\/insia-upm.es\/#\/schema\/person\/ea86956259a9cb1c71947e50fada3117"},"headline":"Presentaci\u00f3n del monoplaza \u201cFormula Student 2017\u201d de UPM Racing que competir\u00e1 en Silverstone en el mes de julio","datePublished":"2017-06-29T07:53:09+00:00","mainEntityOfPage":{"@id":"https:\/\/insia-upm.es\/presentacion-del-monoplaza-formula-student-2017-de-upm-racing-que-competira-en-silverstone-en-el-mes-de-julio\/"},"wordCount":795,"publisher":{"@id":"https:\/\/insia-upm.es\/#organization"},"image":{"@id":"https:\/\/insia-upm.es\/presentacion-del-monoplaza-formula-student-2017-de-upm-racing-que-competira-en-silverstone-en-el-mes-de-julio\/#primaryimage"},"thumbnailUrl":"","articleSection":["AUTOMOCION","Formaci\u00f3n","insia"],"inLanguage":"en-GB"},{"@type":"WebPage","@id":"https:\/\/insia-upm.es\/presentacion-del-monoplaza-formula-student-2017-de-upm-racing-que-competira-en-silverstone-en-el-mes-de-julio\/","url":"https:\/\/insia-upm.es\/presentacion-del-monoplaza-formula-student-2017-de-upm-racing-que-competira-en-silverstone-en-el-mes-de-julio\/","name":"Presentaci\u00f3n del monoplaza \u201cFormula Student 2017\u201d de UPM Racing que competir\u00e1 en Silverstone en el mes de julio - Instituto Universitario de Investigaci\u00f3n del Autom\u00f3vil Francisco Aparicio Izquierdo","isPartOf":{"@id":"https:\/\/insia-upm.es\/#website"},"primaryImageOfPage":{"@id":"https:\/\/insia-upm.es\/presentacion-del-monoplaza-formula-student-2017-de-upm-racing-que-competira-en-silverstone-en-el-mes-de-julio\/#primaryimage"},"image":{"@id":"https:\/\/insia-upm.es\/presentacion-del-monoplaza-formula-student-2017-de-upm-racing-que-competira-en-silverstone-en-el-mes-de-julio\/#primaryimage"},"thumbnailUrl":"","datePublished":"2017-06-29T07:53:09+00:00","breadcrumb":{"@id":"https:\/\/insia-upm.es\/presentacion-del-monoplaza-formula-student-2017-de-upm-racing-que-competira-en-silverstone-en-el-mes-de-julio\/#breadcrumb"},"inLanguage":"en-GB","potentialAction":[{"@type":"ReadAction","target":["https:\/\/insia-upm.es\/presentacion-del-monoplaza-formula-student-2017-de-upm-racing-que-competira-en-silverstone-en-el-mes-de-julio\/"]}]},{"@type":"ImageObject","inLanguage":"en-GB","@id":"https:\/\/insia-upm.es\/presentacion-del-monoplaza-formula-student-2017-de-upm-racing-que-competira-en-silverstone-en-el-mes-de-julio\/#primaryimage","url":"","contentUrl":""},{"@type":"BreadcrumbList","@id":"https:\/\/insia-upm.es\/presentacion-del-monoplaza-formula-student-2017-de-upm-racing-que-competira-en-silverstone-en-el-mes-de-julio\/#breadcrumb","itemListElement":[{"@type":"ListItem","position":1,"name":"Portada","item":"https:\/\/insia-upm.es\/"},{"@type":"ListItem","position":2,"name":"Presentaci\u00f3n del monoplaza \u201cFormula Student 2017\u201d de UPM Racing que competir\u00e1 en Silverstone en el mes de julio"}]},{"@type":"WebSite","@id":"https:\/\/insia-upm.es\/#website","url":"https:\/\/insia-upm.es\/","name":"Instituto Universitario de Investigaci\u00f3n del Autom\u00f3vil Francisco Aparicio Izquierdo","description":"Instituto de Investigaci\u00f3n del Autom\u00f3vil Francisco Aparicio Izquierdo","publisher":{"@id":"https:\/\/insia-upm.es\/#organization"},"potentialAction":[{"@type":"SearchAction","target":{"@type":"EntryPoint","urlTemplate":"https:\/\/insia-upm.es\/?s={search_term_string}"},"query-input":{"@type":"PropertyValueSpecification","valueRequired":true,"valueName":"search_term_string"}}],"inLanguage":"en-GB"},{"@type":"Organization","@id":"https:\/\/insia-upm.es\/#organization","name":"UPM-INSIA","url":"https:\/\/insia-upm.es\/","logo":{"@type":"ImageObject","inLanguage":"en-GB","@id":"https:\/\/insia-upm.es\/#\/schema\/logo\/image\/","url":"https:\/\/insia-upm.es\/wp-content\/uploads\/2021\/12\/logo-insia-low-e1412177316550.png","contentUrl":"https:\/\/insia-upm.es\/wp-content\/uploads\/2021\/12\/logo-insia-low-e1412177316550.png","width":50,"height":71,"caption":"UPM-INSIA"},"image":{"@id":"https:\/\/insia-upm.es\/#\/schema\/logo\/image\/"},"sameAs":["https:\/\/x.com\/INSIAUPM","https:\/\/www.instagram.com\/insia.upm\/","https:\/\/www.linkedin.com\/in\/insia-instituto-universitario-investigaci\u00f3n-9088635a\/","https:\/\/www.youtube.com\/user\/gestionidi"]},{"@type":"Person","@id":"https:\/\/insia-upm.es\/#\/schema\/person\/ea86956259a9cb1c71947e50fada3117","name":"desarrollo","image":{"@type":"ImageObject","inLanguage":"en-GB","@id":"https:\/\/secure.gravatar.com\/avatar\/adcd1146e74a083903bd51ea0ac5e00b3905e9c35fc0c1b39da8534ca17f7257?s=96&d=mm&r=g","url":"https:\/\/secure.gravatar.com\/avatar\/adcd1146e74a083903bd51ea0ac5e00b3905e9c35fc0c1b39da8534ca17f7257?s=96&d=mm&r=g","contentUrl":"https:\/\/secure.gravatar.com\/avatar\/adcd1146e74a083903bd51ea0ac5e00b3905e9c35fc0c1b39da8534ca17f7257?s=96&d=mm&r=g","caption":"desarrollo"},"sameAs":["https:\/\/insia-upm.es"],"url":"https:\/\/insia-upm.es\/en\/author\/desarrollo\/"}]}},"_links":{"self":[{"href":"https:\/\/insia-upm.es\/en\/wp-json\/wp\/v2\/posts\/13692","targetHints":{"allow":["GET"]}}],"collection":[{"href":"https:\/\/insia-upm.es\/en\/wp-json\/wp\/v2\/posts"}],"about":[{"href":"https:\/\/insia-upm.es\/en\/wp-json\/wp\/v2\/types\/post"}],"author":[{"embeddable":true,"href":"https:\/\/insia-upm.es\/en\/wp-json\/wp\/v2\/users\/1"}],"replies":[{"embeddable":true,"href":"https:\/\/insia-upm.es\/en\/wp-json\/wp\/v2\/comments?post=13692"}],"version-history":[{"count":0,"href":"https:\/\/insia-upm.es\/en\/wp-json\/wp\/v2\/posts\/13692\/revisions"}],"wp:featuredmedia":[{"embeddable":true,"href":"https:\/\/insia-upm.es\/en\/wp-json\/"}],"wp:attachment":[{"href":"https:\/\/insia-upm.es\/en\/wp-json\/wp\/v2\/media?parent=13692"}],"wp:term":[{"taxonomy":"category","embeddable":true,"href":"https:\/\/insia-upm.es\/en\/wp-json\/wp\/v2\/categories?post=13692"},{"taxonomy":"post_tag","embeddable":true,"href":"https:\/\/insia-upm.es\/en\/wp-json\/wp\/v2\/tags?post=13692"}],"curies":[{"name":"wp","href":"https:\/\/api.w.org\/{rel}","templated":true}]}}