{"id":13685,"date":"2017-06-05T15:33:28","date_gmt":"2017-06-05T13:33:28","guid":{"rendered":"https:\/\/insia-upm.es\/?p=13685"},"modified":"2017-06-05T15:33:28","modified_gmt":"2017-06-05T13:33:28","slug":"ya-puedes-inscribirte-en-el-mivac-i","status":"publish","type":"post","link":"https:\/\/insia-upm.es\/en\/ya-puedes-inscribirte-en-el-mivac-i\/","title":{"rendered":"Ya puedes inscribirte en el MIVAC-I"},"content":{"rendered":"[fullwidth backgroundcolor=\u00bb\u00bb backgroundimage=\u00bb\u00bb backgroundrepeat=\u00bbno-repeat\u00bb backgroundposition=\u00bbleft top\u00bb backgroundattachment=\u00bbscroll\u00bb video_webm=\u00bb\u00bb video_mp4=\u00bb\u00bb video_ogv=\u00bb\u00bb video_preview_image=\u00bb\u00bb overlay_color=\u00bb\u00bb overlay_opacity=\u00bb0.5&#8243; video_mute=\u00bbyes\u00bb video_loop=\u00bbyes\u00bb fade=\u00bbno\u00bb bordersize=\u00bb0px\u00bb bordercolor=\u00bb\u00bb borderstyle=\u00bb\u00bb paddingtop=\u00bb20px\u00bb paddingbottom=\u00bb20px\u00bb paddingleft=\u00bb0px\u00bb paddingright=\u00bb0px\u00bb menu_anchor=\u00bb\u00bb equal_height_columns=\u00bbno\u00bb hundred_percent=\u00bbno\u00bb class=\u00bb\u00bb id=\u00bb\u00bb][title size=\u00bb1&#8243; content_align=\u00bbleft\u00bb style_type=\u00bbsingle\u00bb sep_color=\u00bb\u00bb class=\u00bb\u00bb id=\u00bb\u00bb]I M\u00e1ster en Ingenier\u00eda de Veh\u00edculos Aut\u00f3nomos y Conectados (MIVAC-I)[\/title][fusion_text]\n<p style=\"text-align: justify;\">El pasado jueves <strong>1 de junio a las 9\u201930 horas<\/strong>, se present\u00f3 en el <strong>Instituto Universitario de Investigaci\u00f3n del Autom\u00f3vil (INSIA)<\/strong>, \u00a0el <strong>I M\u00e1ster en Ingenier\u00eda de Veh\u00edculos Aut\u00f3nomos y Conectados (MIVAC-I)<\/strong>, que se impartir\u00e1 <strong>por primera vez<\/strong> en el curso 2017-18. El m\u00e1ster est\u00e1 organizado por el INSIA, Instituto de Investigaci\u00f3n de la <strong>Universidad Polit\u00e9cnica Madrid<\/strong>, adscrito a la Escuela T\u00e9cnica Superior de Ingenieros Industriales.<\/p>\n<p style=\"text-align: justify;\">El Director del M\u00e1ster, D. Felipe Jim\u00e9nez Alonso, present\u00f3 los contenidos del master, entre los que destacan: arquitectura del veh\u00edculo aut\u00f3nomo, control e inteligencia artificial, sistemas de percepci\u00f3n, etc., pero tambi\u00e9n se tratar\u00e1n en este master temas como analizar los aspectos legislativos, normativos, sociales de la introducci\u00f3n del veh\u00edculo aut\u00f3nomo y conectado, as\u00ed como casos pr\u00e1cticos de aplicaciones del veh\u00edculo aut\u00f3nomo, con demostraciones pr\u00e1cticas.<\/p>\n<p style=\"text-align: justify;\">En este master se tratar\u00e1 de dar respuesta a importantes retos a los que se enfrenta el Veh\u00edculo Aut\u00f3nomo y Conectado (VAC), tales como:<\/p>\n<ul style=\"text-align: justify;\">\n<li><strong>\u00bfQu\u00e9 criterios se emplean para tomar decisiones autom\u00e1ticas?<\/strong><\/li>\n<li><strong>\u00bfC\u00f3mo integrar el VAC en el tr\u00e1fico en escenarios complejos?<\/strong><\/li>\n<li><strong>\u00bfDebe decidir un VAC qui\u00e9n sobrevive en un accidente?<\/strong><\/li>\n<li><strong>\u00bfCambia el VAC el modelo de propiedad del autom\u00f3vil?<\/strong><\/li>\n<li><strong>\u00bfC\u00f3mo afecta a los profesionales del transporte? \u00bfQu\u00e9 papel juegan las autoescuelas? \u00bfY las aseguradoras?<\/strong><\/li>\n<\/ul>\n<p style=\"text-align: justify;\">Este nuevo m\u00e1ster est\u00e1 orientado a todos aquellos profesionales y postgraduados con inter\u00e9s en profundizar en este \u00e1mbito, principalmente desde un enfoque tecnol\u00f3gico aunque tambi\u00e9n abordando aspectos normativos y sociales. Permitir\u00e1 adquirir unos conocimientos y capacidades para desenvolverse en este <strong>campo de gran proyecci\u00f3n en el presente y en el futuro por el que est\u00e1n apostando numerosas empresas<\/strong>, no s\u00f3lo de automoci\u00f3n.<\/p>\n[\/fusion_text][\/fullwidth][images picture_size=\u00bbauto\u00bb lightbox=\u00bbyes\u00bb class=\u00bb\u00bb id=\u00bb\u00bb][image link=\u00bb\u00bb linktarget=\u00bb_self\u00bb image=\u00bbhttps:\/\/insia-upm.es\/wp-content\/uploads\/2017\/06\/20170601_103523-1024&#215;768.jpg\u00bb alt=\u00bb\u00bb][image link=\u00bb\u00bb linktarget=\u00bb_self\u00bb image=\u00bbhttps:\/\/insia-upm.es\/wp-content\/uploads\/2017\/06\/IMG_2257.jpg\u00bb alt=\u00bb\u00bb][image link=\u00bb\u00bb linktarget=\u00bb_self\u00bb image=\u00bbhttps:\/\/insia-upm.es\/wp-content\/uploads\/2017\/06\/IMG_2252.jpg\u00bb alt=\u00bb\u00bb][\/images]\n","protected":false},"excerpt":{"rendered":"<p>[fullwidth backgroundcolor=\u00bb\u00bb backgroundimage=\u00bb\u00bb backgroundrepeat=\u00bbno-repeat\u00bb backgroundposition=\u00bbleft top\u00bb backgroundattachment=\u00bbscroll\u00bb video_webm=\u00bb\u00bb video_mp4=\u00bb\u00bb video_ogv=\u00bb\u00bb video_preview_image=\u00bb\u00bb overlay_color=\u00bb\u00bb overlay_opacity=\u00bb0.5&#8243; video_mute=\u00bbyes\u00bb video_loop=\u00bbyes\u00bb fade=\u00bbno\u00bb bordersize=\u00bb0px\u00bb bordercolor=\u00bb\u00bb borderstyle=\u00bb\u00bb paddingtop=\u00bb20px\u00bb paddingbottom=\u00bb20px\u00bb paddingleft=\u00bb0px\u00bb paddingright=\u00bb0px\u00bb menu_anchor=\u00bb\u00bb equal_height_columns=\u00bbno\u00bb hundred_percent=\u00bbno\u00bb class=\u00bb\u00bb id=\u00bb\u00bb][title size=\u00bb1&#8243; content_align=\u00bbleft\u00bb style_type=\u00bbsingle\u00bb sep_color=\u00bb\u00bb class=\u00bb\u00bb id=\u00bb\u00bb]I M\u00e1ster en Ingenier\u00eda de Veh\u00edculos Aut\u00f3nomos y Conectados (MIVAC-I)[\/title][fusion_text] El pasado jueves 1 de junio a las 9\u201930 horas, se present\u00f3 [&hellip;]<\/p>\n","protected":false},"author":1,"featured_media":13686,"comment_status":"closed","ping_status":"open","sticky":false,"template":"","format":"standard","meta":{"_et_pb_use_builder":"","_et_pb_old_content":"","_et_gb_content_width":"","_monsterinsights_skip_tracking":false,"_monsterinsights_sitenote_active":false,"_monsterinsights_sitenote_note":"","_monsterinsights_sitenote_category":0,"footnotes":""},"categories":[1],"tags":[],"class_list":["post-13685","post","type-post","status-publish","format-standard","has-post-thumbnail","hentry","category-uncategorized"],"yoast_head":"<!-- This site is optimized with the Yoast SEO plugin v27.4 - https:\/\/yoast.com\/product\/yoast-seo-wordpress\/ -->\n<title>Ya puedes inscribirte en el MIVAC-I - Instituto Universitario de Investigaci\u00f3n del Autom\u00f3vil Francisco Aparicio Izquierdo<\/title>\n<meta name=\"description\" content=\"I M\u00e1ster en Ingenier\u00eda de Veh\u00edculos Aut\u00f3nomos y Conectados (MIVAC-I)\" \/>\n<meta name=\"robots\" content=\"index, follow, max-snippet:-1, max-image-preview:large, max-video-preview:-1\" \/>\n<link rel=\"canonical\" href=\"https:\/\/insia-upm.es\/en\/ya-puedes-inscribirte-en-el-mivac-i\/\" \/>\n<meta property=\"og:locale\" content=\"en_GB\" \/>\n<meta property=\"og:type\" content=\"article\" \/>\n<meta property=\"og:title\" content=\"Ya puedes inscribirte en el MIVAC-I - Instituto Universitario de Investigaci\u00f3n del Autom\u00f3vil Francisco Aparicio Izquierdo\" \/>\n<meta property=\"og:description\" content=\"I M\u00e1ster en Ingenier\u00eda de Veh\u00edculos Aut\u00f3nomos y Conectados (MIVAC-I)\" \/>\n<meta property=\"og:url\" content=\"https:\/\/insia-upm.es\/en\/ya-puedes-inscribirte-en-el-mivac-i\/\" \/>\n<meta property=\"og:site_name\" content=\"Instituto Universitario de Investigaci\u00f3n del Autom\u00f3vil Francisco Aparicio Izquierdo\" \/>\n<meta property=\"article:published_time\" content=\"2017-06-05T13:33:28+00:00\" \/>\n<meta name=\"author\" content=\"desarrollo\" \/>\n<meta name=\"twitter:card\" content=\"summary_large_image\" \/>\n<meta name=\"twitter:creator\" content=\"@INSIAUPM\" \/>\n<meta name=\"twitter:site\" content=\"@INSIAUPM\" \/>\n<meta name=\"twitter:label1\" content=\"Written by\" \/>\n\t<meta name=\"twitter:data1\" content=\"desarrollo\" \/>\n\t<meta name=\"twitter:label2\" content=\"Estimated reading time\" \/>\n\t<meta name=\"twitter:data2\" content=\"2 minutes\" \/>\n<script type=\"application\/ld+json\" class=\"yoast-schema-graph\">{\"@context\":\"https:\\\/\\\/schema.org\",\"@graph\":[{\"@type\":\"Article\",\"@id\":\"https:\\\/\\\/insia-upm.es\\\/ya-puedes-inscribirte-en-el-mivac-i\\\/#article\",\"isPartOf\":{\"@id\":\"https:\\\/\\\/insia-upm.es\\\/ya-puedes-inscribirte-en-el-mivac-i\\\/\"},\"author\":{\"name\":\"desarrollo\",\"@id\":\"https:\\\/\\\/insia-upm.es\\\/#\\\/schema\\\/person\\\/ea86956259a9cb1c71947e50fada3117\"},\"headline\":\"Ya puedes inscribirte en el MIVAC-I\",\"datePublished\":\"2017-06-05T13:33:28+00:00\",\"mainEntityOfPage\":{\"@id\":\"https:\\\/\\\/insia-upm.es\\\/ya-puedes-inscribirte-en-el-mivac-i\\\/\"},\"wordCount\":446,\"publisher\":{\"@id\":\"https:\\\/\\\/insia-upm.es\\\/#organization\"},\"image\":{\"@id\":\"https:\\\/\\\/insia-upm.es\\\/ya-puedes-inscribirte-en-el-mivac-i\\\/#primaryimage\"},\"thumbnailUrl\":\"\",\"articleSection\":[\"Uncategorized\"],\"inLanguage\":\"en-GB\"},{\"@type\":\"WebPage\",\"@id\":\"https:\\\/\\\/insia-upm.es\\\/ya-puedes-inscribirte-en-el-mivac-i\\\/\",\"url\":\"https:\\\/\\\/insia-upm.es\\\/ya-puedes-inscribirte-en-el-mivac-i\\\/\",\"name\":\"Ya puedes inscribirte en el MIVAC-I - Instituto Universitario de Investigaci\u00f3n del Autom\u00f3vil Francisco Aparicio Izquierdo\",\"isPartOf\":{\"@id\":\"https:\\\/\\\/insia-upm.es\\\/#website\"},\"primaryImageOfPage\":{\"@id\":\"https:\\\/\\\/insia-upm.es\\\/ya-puedes-inscribirte-en-el-mivac-i\\\/#primaryimage\"},\"image\":{\"@id\":\"https:\\\/\\\/insia-upm.es\\\/ya-puedes-inscribirte-en-el-mivac-i\\\/#primaryimage\"},\"thumbnailUrl\":\"\",\"datePublished\":\"2017-06-05T13:33:28+00:00\",\"description\":\"I M\u00e1ster en Ingenier\u00eda de Veh\u00edculos Aut\u00f3nomos y Conectados (MIVAC-I)\",\"breadcrumb\":{\"@id\":\"https:\\\/\\\/insia-upm.es\\\/ya-puedes-inscribirte-en-el-mivac-i\\\/#breadcrumb\"},\"inLanguage\":\"en-GB\",\"potentialAction\":[{\"@type\":\"ReadAction\",\"target\":[\"https:\\\/\\\/insia-upm.es\\\/ya-puedes-inscribirte-en-el-mivac-i\\\/\"]}]},{\"@type\":\"ImageObject\",\"inLanguage\":\"en-GB\",\"@id\":\"https:\\\/\\\/insia-upm.es\\\/ya-puedes-inscribirte-en-el-mivac-i\\\/#primaryimage\",\"url\":\"\",\"contentUrl\":\"\"},{\"@type\":\"BreadcrumbList\",\"@id\":\"https:\\\/\\\/insia-upm.es\\\/ya-puedes-inscribirte-en-el-mivac-i\\\/#breadcrumb\",\"itemListElement\":[{\"@type\":\"ListItem\",\"position\":1,\"name\":\"Portada\",\"item\":\"https:\\\/\\\/insia-upm.es\\\/\"},{\"@type\":\"ListItem\",\"position\":2,\"name\":\"Ya puedes inscribirte en el MIVAC-I\"}]},{\"@type\":\"WebSite\",\"@id\":\"https:\\\/\\\/insia-upm.es\\\/#website\",\"url\":\"https:\\\/\\\/insia-upm.es\\\/\",\"name\":\"Instituto Universitario de Investigaci\u00f3n del Autom\u00f3vil Francisco Aparicio Izquierdo\",\"description\":\"Instituto de Investigaci\u00f3n del Autom\u00f3vil Francisco Aparicio Izquierdo\",\"publisher\":{\"@id\":\"https:\\\/\\\/insia-upm.es\\\/#organization\"},\"potentialAction\":[{\"@type\":\"SearchAction\",\"target\":{\"@type\":\"EntryPoint\",\"urlTemplate\":\"https:\\\/\\\/insia-upm.es\\\/?s={search_term_string}\"},\"query-input\":{\"@type\":\"PropertyValueSpecification\",\"valueRequired\":true,\"valueName\":\"search_term_string\"}}],\"inLanguage\":\"en-GB\"},{\"@type\":\"Organization\",\"@id\":\"https:\\\/\\\/insia-upm.es\\\/#organization\",\"name\":\"UPM-INSIA\",\"url\":\"https:\\\/\\\/insia-upm.es\\\/\",\"logo\":{\"@type\":\"ImageObject\",\"inLanguage\":\"en-GB\",\"@id\":\"https:\\\/\\\/insia-upm.es\\\/#\\\/schema\\\/logo\\\/image\\\/\",\"url\":\"https:\\\/\\\/insia-upm.es\\\/wp-content\\\/uploads\\\/2021\\\/12\\\/logo-insia-low-e1412177316550.png\",\"contentUrl\":\"https:\\\/\\\/insia-upm.es\\\/wp-content\\\/uploads\\\/2021\\\/12\\\/logo-insia-low-e1412177316550.png\",\"width\":50,\"height\":71,\"caption\":\"UPM-INSIA\"},\"image\":{\"@id\":\"https:\\\/\\\/insia-upm.es\\\/#\\\/schema\\\/logo\\\/image\\\/\"},\"sameAs\":[\"https:\\\/\\\/x.com\\\/INSIAUPM\",\"https:\\\/\\\/www.instagram.com\\\/insia.upm\\\/\",\"https:\\\/\\\/www.linkedin.com\\\/in\\\/insia-instituto-universitario-investigaci\u00f3n-9088635a\\\/\",\"https:\\\/\\\/www.youtube.com\\\/user\\\/gestionidi\"]},{\"@type\":\"Person\",\"@id\":\"https:\\\/\\\/insia-upm.es\\\/#\\\/schema\\\/person\\\/ea86956259a9cb1c71947e50fada3117\",\"name\":\"desarrollo\",\"image\":{\"@type\":\"ImageObject\",\"inLanguage\":\"en-GB\",\"@id\":\"https:\\\/\\\/secure.gravatar.com\\\/avatar\\\/adcd1146e74a083903bd51ea0ac5e00b3905e9c35fc0c1b39da8534ca17f7257?s=96&d=mm&r=g\",\"url\":\"https:\\\/\\\/secure.gravatar.com\\\/avatar\\\/adcd1146e74a083903bd51ea0ac5e00b3905e9c35fc0c1b39da8534ca17f7257?s=96&d=mm&r=g\",\"contentUrl\":\"https:\\\/\\\/secure.gravatar.com\\\/avatar\\\/adcd1146e74a083903bd51ea0ac5e00b3905e9c35fc0c1b39da8534ca17f7257?s=96&d=mm&r=g\",\"caption\":\"desarrollo\"},\"sameAs\":[\"https:\\\/\\\/insia-upm.es\"],\"url\":\"https:\\\/\\\/insia-upm.es\\\/en\\\/author\\\/desarrollo\\\/\"}]}<\/script>\n<!-- \/ Yoast SEO plugin. -->","yoast_head_json":{"title":"Ya puedes inscribirte en el MIVAC-I - Instituto Universitario de Investigaci\u00f3n del Autom\u00f3vil Francisco Aparicio Izquierdo","description":"I M\u00e1ster en Ingenier\u00eda de Veh\u00edculos Aut\u00f3nomos y Conectados (MIVAC-I)","robots":{"index":"index","follow":"follow","max-snippet":"max-snippet:-1","max-image-preview":"max-image-preview:large","max-video-preview":"max-video-preview:-1"},"canonical":"https:\/\/insia-upm.es\/en\/ya-puedes-inscribirte-en-el-mivac-i\/","og_locale":"en_GB","og_type":"article","og_title":"Ya puedes inscribirte en el MIVAC-I - Instituto Universitario de Investigaci\u00f3n del Autom\u00f3vil Francisco Aparicio Izquierdo","og_description":"I M\u00e1ster en Ingenier\u00eda de Veh\u00edculos Aut\u00f3nomos y Conectados (MIVAC-I)","og_url":"https:\/\/insia-upm.es\/en\/ya-puedes-inscribirte-en-el-mivac-i\/","og_site_name":"Instituto Universitario de Investigaci\u00f3n del Autom\u00f3vil Francisco Aparicio Izquierdo","article_published_time":"2017-06-05T13:33:28+00:00","author":"desarrollo","twitter_card":"summary_large_image","twitter_creator":"@INSIAUPM","twitter_site":"@INSIAUPM","twitter_misc":{"Written by":"desarrollo","Estimated reading time":"2 minutes"},"schema":{"@context":"https:\/\/schema.org","@graph":[{"@type":"Article","@id":"https:\/\/insia-upm.es\/ya-puedes-inscribirte-en-el-mivac-i\/#article","isPartOf":{"@id":"https:\/\/insia-upm.es\/ya-puedes-inscribirte-en-el-mivac-i\/"},"author":{"name":"desarrollo","@id":"https:\/\/insia-upm.es\/#\/schema\/person\/ea86956259a9cb1c71947e50fada3117"},"headline":"Ya puedes inscribirte en el MIVAC-I","datePublished":"2017-06-05T13:33:28+00:00","mainEntityOfPage":{"@id":"https:\/\/insia-upm.es\/ya-puedes-inscribirte-en-el-mivac-i\/"},"wordCount":446,"publisher":{"@id":"https:\/\/insia-upm.es\/#organization"},"image":{"@id":"https:\/\/insia-upm.es\/ya-puedes-inscribirte-en-el-mivac-i\/#primaryimage"},"thumbnailUrl":"","articleSection":["Uncategorized"],"inLanguage":"en-GB"},{"@type":"WebPage","@id":"https:\/\/insia-upm.es\/ya-puedes-inscribirte-en-el-mivac-i\/","url":"https:\/\/insia-upm.es\/ya-puedes-inscribirte-en-el-mivac-i\/","name":"Ya puedes inscribirte en el MIVAC-I - Instituto Universitario de Investigaci\u00f3n del Autom\u00f3vil Francisco Aparicio Izquierdo","isPartOf":{"@id":"https:\/\/insia-upm.es\/#website"},"primaryImageOfPage":{"@id":"https:\/\/insia-upm.es\/ya-puedes-inscribirte-en-el-mivac-i\/#primaryimage"},"image":{"@id":"https:\/\/insia-upm.es\/ya-puedes-inscribirte-en-el-mivac-i\/#primaryimage"},"thumbnailUrl":"","datePublished":"2017-06-05T13:33:28+00:00","description":"I M\u00e1ster en Ingenier\u00eda de Veh\u00edculos Aut\u00f3nomos y Conectados (MIVAC-I)","breadcrumb":{"@id":"https:\/\/insia-upm.es\/ya-puedes-inscribirte-en-el-mivac-i\/#breadcrumb"},"inLanguage":"en-GB","potentialAction":[{"@type":"ReadAction","target":["https:\/\/insia-upm.es\/ya-puedes-inscribirte-en-el-mivac-i\/"]}]},{"@type":"ImageObject","inLanguage":"en-GB","@id":"https:\/\/insia-upm.es\/ya-puedes-inscribirte-en-el-mivac-i\/#primaryimage","url":"","contentUrl":""},{"@type":"BreadcrumbList","@id":"https:\/\/insia-upm.es\/ya-puedes-inscribirte-en-el-mivac-i\/#breadcrumb","itemListElement":[{"@type":"ListItem","position":1,"name":"Portada","item":"https:\/\/insia-upm.es\/"},{"@type":"ListItem","position":2,"name":"Ya puedes inscribirte en el MIVAC-I"}]},{"@type":"WebSite","@id":"https:\/\/insia-upm.es\/#website","url":"https:\/\/insia-upm.es\/","name":"Instituto Universitario de Investigaci\u00f3n del Autom\u00f3vil Francisco Aparicio Izquierdo","description":"Instituto de Investigaci\u00f3n del Autom\u00f3vil Francisco Aparicio Izquierdo","publisher":{"@id":"https:\/\/insia-upm.es\/#organization"},"potentialAction":[{"@type":"SearchAction","target":{"@type":"EntryPoint","urlTemplate":"https:\/\/insia-upm.es\/?s={search_term_string}"},"query-input":{"@type":"PropertyValueSpecification","valueRequired":true,"valueName":"search_term_string"}}],"inLanguage":"en-GB"},{"@type":"Organization","@id":"https:\/\/insia-upm.es\/#organization","name":"UPM-INSIA","url":"https:\/\/insia-upm.es\/","logo":{"@type":"ImageObject","inLanguage":"en-GB","@id":"https:\/\/insia-upm.es\/#\/schema\/logo\/image\/","url":"https:\/\/insia-upm.es\/wp-content\/uploads\/2021\/12\/logo-insia-low-e1412177316550.png","contentUrl":"https:\/\/insia-upm.es\/wp-content\/uploads\/2021\/12\/logo-insia-low-e1412177316550.png","width":50,"height":71,"caption":"UPM-INSIA"},"image":{"@id":"https:\/\/insia-upm.es\/#\/schema\/logo\/image\/"},"sameAs":["https:\/\/x.com\/INSIAUPM","https:\/\/www.instagram.com\/insia.upm\/","https:\/\/www.linkedin.com\/in\/insia-instituto-universitario-investigaci\u00f3n-9088635a\/","https:\/\/www.youtube.com\/user\/gestionidi"]},{"@type":"Person","@id":"https:\/\/insia-upm.es\/#\/schema\/person\/ea86956259a9cb1c71947e50fada3117","name":"desarrollo","image":{"@type":"ImageObject","inLanguage":"en-GB","@id":"https:\/\/secure.gravatar.com\/avatar\/adcd1146e74a083903bd51ea0ac5e00b3905e9c35fc0c1b39da8534ca17f7257?s=96&d=mm&r=g","url":"https:\/\/secure.gravatar.com\/avatar\/adcd1146e74a083903bd51ea0ac5e00b3905e9c35fc0c1b39da8534ca17f7257?s=96&d=mm&r=g","contentUrl":"https:\/\/secure.gravatar.com\/avatar\/adcd1146e74a083903bd51ea0ac5e00b3905e9c35fc0c1b39da8534ca17f7257?s=96&d=mm&r=g","caption":"desarrollo"},"sameAs":["https:\/\/insia-upm.es"],"url":"https:\/\/insia-upm.es\/en\/author\/desarrollo\/"}]}},"_links":{"self":[{"href":"https:\/\/insia-upm.es\/en\/wp-json\/wp\/v2\/posts\/13685","targetHints":{"allow":["GET"]}}],"collection":[{"href":"https:\/\/insia-upm.es\/en\/wp-json\/wp\/v2\/posts"}],"about":[{"href":"https:\/\/insia-upm.es\/en\/wp-json\/wp\/v2\/types\/post"}],"author":[{"embeddable":true,"href":"https:\/\/insia-upm.es\/en\/wp-json\/wp\/v2\/users\/1"}],"replies":[{"embeddable":true,"href":"https:\/\/insia-upm.es\/en\/wp-json\/wp\/v2\/comments?post=13685"}],"version-history":[{"count":0,"href":"https:\/\/insia-upm.es\/en\/wp-json\/wp\/v2\/posts\/13685\/revisions"}],"wp:featuredmedia":[{"embeddable":true,"href":"https:\/\/insia-upm.es\/en\/wp-json\/"}],"wp:attachment":[{"href":"https:\/\/insia-upm.es\/en\/wp-json\/wp\/v2\/media?parent=13685"}],"wp:term":[{"taxonomy":"category","embeddable":true,"href":"https:\/\/insia-upm.es\/en\/wp-json\/wp\/v2\/categories?post=13685"},{"taxonomy":"post_tag","embeddable":true,"href":"https:\/\/insia-upm.es\/en\/wp-json\/wp\/v2\/tags?post=13685"}],"curies":[{"name":"wp","href":"https:\/\/api.w.org\/{rel}","templated":true}]}}