{"id":13622,"date":"2017-03-08T09:35:58","date_gmt":"2017-03-08T08:35:58","guid":{"rendered":"https:\/\/insia-upm.es\/?p=13622"},"modified":"2017-03-08T09:35:58","modified_gmt":"2017-03-08T08:35:58","slug":"xx-forum-de-la-automocion-espanola","status":"publish","type":"post","link":"https:\/\/insia-upm.es\/en\/xx-forum-de-la-automocion-espanola\/","title":{"rendered":"XX Forum de la Automoci\u00f3n Espa\u00f1ola"},"content":{"rendered":"<p style=\"text-align: justify;\">El pr\u00f3ximo <strong>d\u00eda 9 de marzo<\/strong> en la ETSII de Madrid, tendr\u00e1 lugar el XX \u00a0Forum de la Automoci\u00f3n Espa\u00f1ola.<\/p>\n<p style=\"text-align: justify;\"><strong>La Jornada T\u00e9cnica<\/strong> de la ma\u00f1ana, estar\u00e1 dedicada a \u00a0<strong>\u2018LOS VEH\u00cdCULOS AUT\u00d3NOMOS Y CONECTADOS\u2019<\/strong>, con todo lo m\u00e1s avanzado de estos nuevos tipos de veh\u00edculos y que ser\u00e1 presentado por expertos de la universidad, empresas y otras instituciones.<\/p>\n<p style=\"text-align: justify;\">Por la tarde, \u00a0el <strong>Acto Solemne<\/strong> de reconocimiento como <em>\u2018Personaje Ilustre de la Automoci\u00f3n Espa\u00f1ola\u2019<\/em>, a <strong>D. CARLOS ESPINOSA DE LOS MONTEROS<\/strong>.<\/p>\n<p style=\"text-align: justify;\">Ya sabes que est\u00e1s invitado y que la asistencia es gratuita a ambos actos. Es importante destacar que en la Jornada T\u00e9cnica se obtendr\u00e1 tambi\u00e9n gratuitamente un diploma de asistencia.<\/p>\n<p style=\"text-align: justify;\">\n<p style=\"text-align: justify;\">","protected":false},"excerpt":{"rendered":"<p>El pr\u00f3ximo d\u00eda 9 de marzo en la ETSII de Madrid, tendr\u00e1 lugar el XX \u00a0Forum de la Automoci\u00f3n Espa\u00f1ola. La Jornada T\u00e9cnica de la ma\u00f1ana, estar\u00e1 dedicada a \u00a0\u2018LOS VEH\u00cdCULOS AUT\u00d3NOMOS Y CONECTADOS\u2019, con todo lo m\u00e1s avanzado de estos nuevos tipos de veh\u00edculos y que ser\u00e1 presentado por expertos de la universidad, empresas [&hellip;]<\/p>\n","protected":false},"author":1,"featured_media":13623,"comment_status":"closed","ping_status":"open","sticky":false,"template":"","format":"standard","meta":{"_et_pb_use_builder":"","_et_pb_old_content":"","_et_gb_content_width":"","_monsterinsights_skip_tracking":false,"_monsterinsights_sitenote_active":false,"_monsterinsights_sitenote_note":"","_monsterinsights_sitenote_category":0,"footnotes":""},"categories":[59,41],"tags":[],"class_list":["post-13622","post","type-post","status-publish","format-standard","has-post-thumbnail","hentry","category-asepa","category-automocion"],"yoast_head":"<!-- This site is optimized with the Yoast SEO plugin v27.4 - https:\/\/yoast.com\/product\/yoast-seo-wordpress\/ -->\n<title>XX Forum de la Automoci\u00f3n Espa\u00f1ola - Instituto Universitario de Investigaci\u00f3n del Autom\u00f3vil Francisco Aparicio Izquierdo<\/title>\n<meta name=\"robots\" content=\"index, follow, max-snippet:-1, max-image-preview:large, max-video-preview:-1\" \/>\n<link rel=\"canonical\" href=\"https:\/\/insia-upm.es\/en\/xx-forum-de-la-automocion-espanola\/\" \/>\n<meta property=\"og:locale\" content=\"en_GB\" \/>\n<meta property=\"og:type\" content=\"article\" \/>\n<meta property=\"og:title\" content=\"XX Forum de la Automoci\u00f3n Espa\u00f1ola - Instituto Universitario de Investigaci\u00f3n del Autom\u00f3vil Francisco Aparicio Izquierdo\" \/>\n<meta property=\"og:description\" content=\"El pr\u00f3ximo d\u00eda 9 de marzo en la ETSII de Madrid, tendr\u00e1 lugar el XX \u00a0Forum de la Automoci\u00f3n Espa\u00f1ola. La Jornada T\u00e9cnica de la ma\u00f1ana, estar\u00e1 dedicada a \u00a0\u2018LOS VEH\u00cdCULOS AUT\u00d3NOMOS Y CONECTADOS\u2019, con todo lo m\u00e1s avanzado de estos nuevos tipos de veh\u00edculos y que ser\u00e1 presentado por expertos de la universidad, empresas [&hellip;]\" \/>\n<meta property=\"og:url\" content=\"https:\/\/insia-upm.es\/en\/xx-forum-de-la-automocion-espanola\/\" \/>\n<meta property=\"og:site_name\" content=\"Instituto Universitario de Investigaci\u00f3n del Autom\u00f3vil Francisco Aparicio Izquierdo\" \/>\n<meta property=\"article:published_time\" content=\"2017-03-08T08:35:58+00:00\" \/>\n<meta name=\"author\" content=\"desarrollo\" \/>\n<meta name=\"twitter:card\" content=\"summary_large_image\" \/>\n<meta name=\"twitter:creator\" content=\"@INSIAUPM\" \/>\n<meta name=\"twitter:site\" content=\"@INSIAUPM\" \/>\n<meta name=\"twitter:label1\" content=\"Written by\" \/>\n\t<meta name=\"twitter:data1\" content=\"desarrollo\" \/>\n\t<meta name=\"twitter:label2\" content=\"Estimated reading time\" \/>\n\t<meta name=\"twitter:data2\" content=\"1 minute\" \/>\n<script type=\"application\/ld+json\" class=\"yoast-schema-graph\">{\"@context\":\"https:\\\/\\\/schema.org\",\"@graph\":[{\"@type\":\"Article\",\"@id\":\"https:\\\/\\\/insia-upm.es\\\/xx-forum-de-la-automocion-espanola\\\/#article\",\"isPartOf\":{\"@id\":\"https:\\\/\\\/insia-upm.es\\\/xx-forum-de-la-automocion-espanola\\\/\"},\"author\":{\"name\":\"desarrollo\",\"@id\":\"https:\\\/\\\/insia-upm.es\\\/#\\\/schema\\\/person\\\/ea86956259a9cb1c71947e50fada3117\"},\"headline\":\"XX Forum de la Automoci\u00f3n Espa\u00f1ola\",\"datePublished\":\"2017-03-08T08:35:58+00:00\",\"mainEntityOfPage\":{\"@id\":\"https:\\\/\\\/insia-upm.es\\\/xx-forum-de-la-automocion-espanola\\\/\"},\"wordCount\":135,\"publisher\":{\"@id\":\"https:\\\/\\\/insia-upm.es\\\/#organization\"},\"image\":{\"@id\":\"https:\\\/\\\/insia-upm.es\\\/xx-forum-de-la-automocion-espanola\\\/#primaryimage\"},\"thumbnailUrl\":\"\",\"articleSection\":[\"ASEPA\",\"AUTOMOCION\"],\"inLanguage\":\"en-GB\"},{\"@type\":\"WebPage\",\"@id\":\"https:\\\/\\\/insia-upm.es\\\/xx-forum-de-la-automocion-espanola\\\/\",\"url\":\"https:\\\/\\\/insia-upm.es\\\/xx-forum-de-la-automocion-espanola\\\/\",\"name\":\"XX Forum de la Automoci\u00f3n Espa\u00f1ola - Instituto Universitario de Investigaci\u00f3n del Autom\u00f3vil Francisco Aparicio Izquierdo\",\"isPartOf\":{\"@id\":\"https:\\\/\\\/insia-upm.es\\\/#website\"},\"primaryImageOfPage\":{\"@id\":\"https:\\\/\\\/insia-upm.es\\\/xx-forum-de-la-automocion-espanola\\\/#primaryimage\"},\"image\":{\"@id\":\"https:\\\/\\\/insia-upm.es\\\/xx-forum-de-la-automocion-espanola\\\/#primaryimage\"},\"thumbnailUrl\":\"\",\"datePublished\":\"2017-03-08T08:35:58+00:00\",\"breadcrumb\":{\"@id\":\"https:\\\/\\\/insia-upm.es\\\/xx-forum-de-la-automocion-espanola\\\/#breadcrumb\"},\"inLanguage\":\"en-GB\",\"potentialAction\":[{\"@type\":\"ReadAction\",\"target\":[\"https:\\\/\\\/insia-upm.es\\\/xx-forum-de-la-automocion-espanola\\\/\"]}]},{\"@type\":\"ImageObject\",\"inLanguage\":\"en-GB\",\"@id\":\"https:\\\/\\\/insia-upm.es\\\/xx-forum-de-la-automocion-espanola\\\/#primaryimage\",\"url\":\"\",\"contentUrl\":\"\"},{\"@type\":\"BreadcrumbList\",\"@id\":\"https:\\\/\\\/insia-upm.es\\\/xx-forum-de-la-automocion-espanola\\\/#breadcrumb\",\"itemListElement\":[{\"@type\":\"ListItem\",\"position\":1,\"name\":\"Portada\",\"item\":\"https:\\\/\\\/insia-upm.es\\\/\"},{\"@type\":\"ListItem\",\"position\":2,\"name\":\"XX Forum de la Automoci\u00f3n Espa\u00f1ola\"}]},{\"@type\":\"WebSite\",\"@id\":\"https:\\\/\\\/insia-upm.es\\\/#website\",\"url\":\"https:\\\/\\\/insia-upm.es\\\/\",\"name\":\"Instituto Universitario de Investigaci\u00f3n del Autom\u00f3vil Francisco Aparicio Izquierdo\",\"description\":\"Instituto de Investigaci\u00f3n del Autom\u00f3vil Francisco Aparicio Izquierdo\",\"publisher\":{\"@id\":\"https:\\\/\\\/insia-upm.es\\\/#organization\"},\"potentialAction\":[{\"@type\":\"SearchAction\",\"target\":{\"@type\":\"EntryPoint\",\"urlTemplate\":\"https:\\\/\\\/insia-upm.es\\\/?s={search_term_string}\"},\"query-input\":{\"@type\":\"PropertyValueSpecification\",\"valueRequired\":true,\"valueName\":\"search_term_string\"}}],\"inLanguage\":\"en-GB\"},{\"@type\":\"Organization\",\"@id\":\"https:\\\/\\\/insia-upm.es\\\/#organization\",\"name\":\"UPM-INSIA\",\"url\":\"https:\\\/\\\/insia-upm.es\\\/\",\"logo\":{\"@type\":\"ImageObject\",\"inLanguage\":\"en-GB\",\"@id\":\"https:\\\/\\\/insia-upm.es\\\/#\\\/schema\\\/logo\\\/image\\\/\",\"url\":\"https:\\\/\\\/insia-upm.es\\\/wp-content\\\/uploads\\\/2021\\\/12\\\/logo-insia-low-e1412177316550.png\",\"contentUrl\":\"https:\\\/\\\/insia-upm.es\\\/wp-content\\\/uploads\\\/2021\\\/12\\\/logo-insia-low-e1412177316550.png\",\"width\":50,\"height\":71,\"caption\":\"UPM-INSIA\"},\"image\":{\"@id\":\"https:\\\/\\\/insia-upm.es\\\/#\\\/schema\\\/logo\\\/image\\\/\"},\"sameAs\":[\"https:\\\/\\\/x.com\\\/INSIAUPM\",\"https:\\\/\\\/www.instagram.com\\\/insia.upm\\\/\",\"https:\\\/\\\/www.linkedin.com\\\/in\\\/insia-instituto-universitario-investigaci\u00f3n-9088635a\\\/\",\"https:\\\/\\\/www.youtube.com\\\/user\\\/gestionidi\"]},{\"@type\":\"Person\",\"@id\":\"https:\\\/\\\/insia-upm.es\\\/#\\\/schema\\\/person\\\/ea86956259a9cb1c71947e50fada3117\",\"name\":\"desarrollo\",\"image\":{\"@type\":\"ImageObject\",\"inLanguage\":\"en-GB\",\"@id\":\"https:\\\/\\\/secure.gravatar.com\\\/avatar\\\/adcd1146e74a083903bd51ea0ac5e00b3905e9c35fc0c1b39da8534ca17f7257?s=96&d=mm&r=g\",\"url\":\"https:\\\/\\\/secure.gravatar.com\\\/avatar\\\/adcd1146e74a083903bd51ea0ac5e00b3905e9c35fc0c1b39da8534ca17f7257?s=96&d=mm&r=g\",\"contentUrl\":\"https:\\\/\\\/secure.gravatar.com\\\/avatar\\\/adcd1146e74a083903bd51ea0ac5e00b3905e9c35fc0c1b39da8534ca17f7257?s=96&d=mm&r=g\",\"caption\":\"desarrollo\"},\"sameAs\":[\"https:\\\/\\\/insia-upm.es\"],\"url\":\"https:\\\/\\\/insia-upm.es\\\/en\\\/author\\\/desarrollo\\\/\"}]}<\/script>\n<!-- \/ Yoast SEO plugin. -->","yoast_head_json":{"title":"XX Forum de la Automoci\u00f3n Espa\u00f1ola - Instituto Universitario de Investigaci\u00f3n del Autom\u00f3vil Francisco Aparicio Izquierdo","robots":{"index":"index","follow":"follow","max-snippet":"max-snippet:-1","max-image-preview":"max-image-preview:large","max-video-preview":"max-video-preview:-1"},"canonical":"https:\/\/insia-upm.es\/en\/xx-forum-de-la-automocion-espanola\/","og_locale":"en_GB","og_type":"article","og_title":"XX Forum de la Automoci\u00f3n Espa\u00f1ola - Instituto Universitario de Investigaci\u00f3n del Autom\u00f3vil Francisco Aparicio Izquierdo","og_description":"El pr\u00f3ximo d\u00eda 9 de marzo en la ETSII de Madrid, tendr\u00e1 lugar el XX \u00a0Forum de la Automoci\u00f3n Espa\u00f1ola. La Jornada T\u00e9cnica de la ma\u00f1ana, estar\u00e1 dedicada a \u00a0\u2018LOS VEH\u00cdCULOS AUT\u00d3NOMOS Y CONECTADOS\u2019, con todo lo m\u00e1s avanzado de estos nuevos tipos de veh\u00edculos y que ser\u00e1 presentado por expertos de la universidad, empresas [&hellip;]","og_url":"https:\/\/insia-upm.es\/en\/xx-forum-de-la-automocion-espanola\/","og_site_name":"Instituto Universitario de Investigaci\u00f3n del Autom\u00f3vil Francisco Aparicio Izquierdo","article_published_time":"2017-03-08T08:35:58+00:00","author":"desarrollo","twitter_card":"summary_large_image","twitter_creator":"@INSIAUPM","twitter_site":"@INSIAUPM","twitter_misc":{"Written by":"desarrollo","Estimated reading time":"1 minute"},"schema":{"@context":"https:\/\/schema.org","@graph":[{"@type":"Article","@id":"https:\/\/insia-upm.es\/xx-forum-de-la-automocion-espanola\/#article","isPartOf":{"@id":"https:\/\/insia-upm.es\/xx-forum-de-la-automocion-espanola\/"},"author":{"name":"desarrollo","@id":"https:\/\/insia-upm.es\/#\/schema\/person\/ea86956259a9cb1c71947e50fada3117"},"headline":"XX Forum de la Automoci\u00f3n Espa\u00f1ola","datePublished":"2017-03-08T08:35:58+00:00","mainEntityOfPage":{"@id":"https:\/\/insia-upm.es\/xx-forum-de-la-automocion-espanola\/"},"wordCount":135,"publisher":{"@id":"https:\/\/insia-upm.es\/#organization"},"image":{"@id":"https:\/\/insia-upm.es\/xx-forum-de-la-automocion-espanola\/#primaryimage"},"thumbnailUrl":"","articleSection":["ASEPA","AUTOMOCION"],"inLanguage":"en-GB"},{"@type":"WebPage","@id":"https:\/\/insia-upm.es\/xx-forum-de-la-automocion-espanola\/","url":"https:\/\/insia-upm.es\/xx-forum-de-la-automocion-espanola\/","name":"XX Forum de la Automoci\u00f3n Espa\u00f1ola - Instituto Universitario de Investigaci\u00f3n del Autom\u00f3vil Francisco Aparicio Izquierdo","isPartOf":{"@id":"https:\/\/insia-upm.es\/#website"},"primaryImageOfPage":{"@id":"https:\/\/insia-upm.es\/xx-forum-de-la-automocion-espanola\/#primaryimage"},"image":{"@id":"https:\/\/insia-upm.es\/xx-forum-de-la-automocion-espanola\/#primaryimage"},"thumbnailUrl":"","datePublished":"2017-03-08T08:35:58+00:00","breadcrumb":{"@id":"https:\/\/insia-upm.es\/xx-forum-de-la-automocion-espanola\/#breadcrumb"},"inLanguage":"en-GB","potentialAction":[{"@type":"ReadAction","target":["https:\/\/insia-upm.es\/xx-forum-de-la-automocion-espanola\/"]}]},{"@type":"ImageObject","inLanguage":"en-GB","@id":"https:\/\/insia-upm.es\/xx-forum-de-la-automocion-espanola\/#primaryimage","url":"","contentUrl":""},{"@type":"BreadcrumbList","@id":"https:\/\/insia-upm.es\/xx-forum-de-la-automocion-espanola\/#breadcrumb","itemListElement":[{"@type":"ListItem","position":1,"name":"Portada","item":"https:\/\/insia-upm.es\/"},{"@type":"ListItem","position":2,"name":"XX Forum de la Automoci\u00f3n Espa\u00f1ola"}]},{"@type":"WebSite","@id":"https:\/\/insia-upm.es\/#website","url":"https:\/\/insia-upm.es\/","name":"Instituto Universitario de Investigaci\u00f3n del Autom\u00f3vil Francisco Aparicio Izquierdo","description":"Instituto de Investigaci\u00f3n del Autom\u00f3vil Francisco Aparicio Izquierdo","publisher":{"@id":"https:\/\/insia-upm.es\/#organization"},"potentialAction":[{"@type":"SearchAction","target":{"@type":"EntryPoint","urlTemplate":"https:\/\/insia-upm.es\/?s={search_term_string}"},"query-input":{"@type":"PropertyValueSpecification","valueRequired":true,"valueName":"search_term_string"}}],"inLanguage":"en-GB"},{"@type":"Organization","@id":"https:\/\/insia-upm.es\/#organization","name":"UPM-INSIA","url":"https:\/\/insia-upm.es\/","logo":{"@type":"ImageObject","inLanguage":"en-GB","@id":"https:\/\/insia-upm.es\/#\/schema\/logo\/image\/","url":"https:\/\/insia-upm.es\/wp-content\/uploads\/2021\/12\/logo-insia-low-e1412177316550.png","contentUrl":"https:\/\/insia-upm.es\/wp-content\/uploads\/2021\/12\/logo-insia-low-e1412177316550.png","width":50,"height":71,"caption":"UPM-INSIA"},"image":{"@id":"https:\/\/insia-upm.es\/#\/schema\/logo\/image\/"},"sameAs":["https:\/\/x.com\/INSIAUPM","https:\/\/www.instagram.com\/insia.upm\/","https:\/\/www.linkedin.com\/in\/insia-instituto-universitario-investigaci\u00f3n-9088635a\/","https:\/\/www.youtube.com\/user\/gestionidi"]},{"@type":"Person","@id":"https:\/\/insia-upm.es\/#\/schema\/person\/ea86956259a9cb1c71947e50fada3117","name":"desarrollo","image":{"@type":"ImageObject","inLanguage":"en-GB","@id":"https:\/\/secure.gravatar.com\/avatar\/adcd1146e74a083903bd51ea0ac5e00b3905e9c35fc0c1b39da8534ca17f7257?s=96&d=mm&r=g","url":"https:\/\/secure.gravatar.com\/avatar\/adcd1146e74a083903bd51ea0ac5e00b3905e9c35fc0c1b39da8534ca17f7257?s=96&d=mm&r=g","contentUrl":"https:\/\/secure.gravatar.com\/avatar\/adcd1146e74a083903bd51ea0ac5e00b3905e9c35fc0c1b39da8534ca17f7257?s=96&d=mm&r=g","caption":"desarrollo"},"sameAs":["https:\/\/insia-upm.es"],"url":"https:\/\/insia-upm.es\/en\/author\/desarrollo\/"}]}},"_links":{"self":[{"href":"https:\/\/insia-upm.es\/en\/wp-json\/wp\/v2\/posts\/13622","targetHints":{"allow":["GET"]}}],"collection":[{"href":"https:\/\/insia-upm.es\/en\/wp-json\/wp\/v2\/posts"}],"about":[{"href":"https:\/\/insia-upm.es\/en\/wp-json\/wp\/v2\/types\/post"}],"author":[{"embeddable":true,"href":"https:\/\/insia-upm.es\/en\/wp-json\/wp\/v2\/users\/1"}],"replies":[{"embeddable":true,"href":"https:\/\/insia-upm.es\/en\/wp-json\/wp\/v2\/comments?post=13622"}],"version-history":[{"count":0,"href":"https:\/\/insia-upm.es\/en\/wp-json\/wp\/v2\/posts\/13622\/revisions"}],"wp:featuredmedia":[{"embeddable":true,"href":"https:\/\/insia-upm.es\/en\/wp-json\/"}],"wp:attachment":[{"href":"https:\/\/insia-upm.es\/en\/wp-json\/wp\/v2\/media?parent=13622"}],"wp:term":[{"taxonomy":"category","embeddable":true,"href":"https:\/\/insia-upm.es\/en\/wp-json\/wp\/v2\/categories?post=13622"},{"taxonomy":"post_tag","embeddable":true,"href":"https:\/\/insia-upm.es\/en\/wp-json\/wp\/v2\/tags?post=13622"}],"curies":[{"name":"wp","href":"https:\/\/api.w.org\/{rel}","templated":true}]}}