{"id":13614,"date":"2017-02-23T11:04:46","date_gmt":"2017-02-23T10:04:46","guid":{"rendered":"https:\/\/insia-upm.es\/?p=13614"},"modified":"2017-02-23T11:04:46","modified_gmt":"2017-02-23T10:04:46","slug":"mesa-redonda-el-sector-de-la-automocion-en-la-comunidad-de-madrid-fortalezas-y-retos","status":"publish","type":"post","link":"https:\/\/insia-upm.es\/en\/mesa-redonda-el-sector-de-la-automocion-en-la-comunidad-de-madrid-fortalezas-y-retos\/","title":{"rendered":"Mesa Redonda: El Sector de la Automoci\u00f3n en la Comunidad de Madrid: Fortalezas y Retos"},"content":{"rendered":"<p>Mesa Redonda <strong>\u2019El Sector de la Automoci\u00f3n en la Comunidad de Madrid: Fortalezas y Retos\u2019<\/strong>, que tendr\u00e1 lugar el pr\u00f3ximo <strong>27 de febrero a las 19:00 horas<\/strong> en la Escuela T\u00e9cnica Superior de Ingenieros Industriales de Madrid.<br \/>\nAsistencia libre hasta completar aforo. Inscripci\u00f3n en: <a href=\"https:\/\/indusnet.etsii.upm.es\/gestion_escuela\/antiguos_alumnos\/registro_eventos_ext.asp?evento=55\">https:\/\/indusnet.etsii.upm.es\/gestion_escuela\/antiguos_alumnos\/registro_eventos_ext.asp?evento=55<\/a><br \/>\n&nbsp;<\/p>","protected":false},"excerpt":{"rendered":"<p>Mesa Redonda \u2019El Sector de la Automoci\u00f3n en la Comunidad de Madrid: Fortalezas y Retos\u2019, que tendr\u00e1 lugar el pr\u00f3ximo 27 de febrero a las 19:00 horas en la Escuela T\u00e9cnica Superior de Ingenieros Industriales de Madrid. Asistencia libre hasta completar aforo. Inscripci\u00f3n en: https:\/\/indusnet.etsii.upm.es\/gestion_escuela\/antiguos_alumnos\/registro_eventos_ext.asp?evento=55 &nbsp;<\/p>","protected":false},"author":1,"featured_media":13615,"comment_status":"closed","ping_status":"open","sticky":false,"template":"","format":"standard","meta":{"_et_pb_use_builder":"","_et_pb_old_content":"","_et_gb_content_width":"","_monsterinsights_skip_tracking":false,"_monsterinsights_sitenote_active":false,"_monsterinsights_sitenote_note":"","_monsterinsights_sitenote_category":0,"footnotes":""},"categories":[41,39],"tags":[],"class_list":["post-13614","post","type-post","status-publish","format-standard","has-post-thumbnail","hentry","category-automocion","category-conferencia"],"yoast_head":"<!-- This site is optimized with the Yoast SEO plugin v27.4 - https:\/\/yoast.com\/product\/yoast-seo-wordpress\/ -->\n<title>Mesa Redonda: El Sector de la Automoci\u00f3n en la Comunidad de Madrid: Fortalezas y Retos - Instituto Universitario de Investigaci\u00f3n del Autom\u00f3vil Francisco Aparicio Izquierdo<\/title>\n<meta name=\"robots\" content=\"index, follow, max-snippet:-1, max-image-preview:large, max-video-preview:-1\" \/>\n<link rel=\"canonical\" href=\"https:\/\/insia-upm.es\/en\/mesa-redonda-el-sector-de-la-automocion-en-la-comunidad-de-madrid-fortalezas-y-retos\/\" \/>\n<meta property=\"og:locale\" content=\"en_GB\" \/>\n<meta property=\"og:type\" content=\"article\" \/>\n<meta property=\"og:title\" content=\"Mesa Redonda: El Sector de la Automoci\u00f3n en la Comunidad de Madrid: Fortalezas y Retos - Instituto Universitario de Investigaci\u00f3n del Autom\u00f3vil Francisco Aparicio Izquierdo\" \/>\n<meta property=\"og:description\" content=\"Mesa Redonda \u2019El Sector de la Automoci\u00f3n en la Comunidad de Madrid: Fortalezas y Retos\u2019, que tendr\u00e1 lugar el pr\u00f3ximo 27 de febrero a las 19:00 horas en la Escuela T\u00e9cnica Superior de Ingenieros Industriales de Madrid. Asistencia libre hasta completar aforo. Inscripci\u00f3n en: https:\/\/indusnet.etsii.upm.es\/gestion_escuela\/antiguos_alumnos\/registro_eventos_ext.asp?evento=55 &nbsp;\" \/>\n<meta property=\"og:url\" content=\"https:\/\/insia-upm.es\/en\/mesa-redonda-el-sector-de-la-automocion-en-la-comunidad-de-madrid-fortalezas-y-retos\/\" \/>\n<meta property=\"og:site_name\" content=\"Instituto Universitario de Investigaci\u00f3n del Autom\u00f3vil Francisco Aparicio Izquierdo\" \/>\n<meta property=\"article:published_time\" content=\"2017-02-23T10:04:46+00:00\" \/>\n<meta name=\"author\" content=\"desarrollo\" \/>\n<meta name=\"twitter:card\" content=\"summary_large_image\" \/>\n<meta name=\"twitter:creator\" content=\"@INSIAUPM\" \/>\n<meta name=\"twitter:site\" content=\"@INSIAUPM\" \/>\n<meta name=\"twitter:label1\" content=\"Written by\" \/>\n\t<meta name=\"twitter:data1\" content=\"desarrollo\" \/>\n<script type=\"application\/ld+json\" class=\"yoast-schema-graph\">{\"@context\":\"https:\\\/\\\/schema.org\",\"@graph\":[{\"@type\":\"Article\",\"@id\":\"https:\\\/\\\/insia-upm.es\\\/mesa-redonda-el-sector-de-la-automocion-en-la-comunidad-de-madrid-fortalezas-y-retos\\\/#article\",\"isPartOf\":{\"@id\":\"https:\\\/\\\/insia-upm.es\\\/mesa-redonda-el-sector-de-la-automocion-en-la-comunidad-de-madrid-fortalezas-y-retos\\\/\"},\"author\":{\"name\":\"desarrollo\",\"@id\":\"https:\\\/\\\/insia-upm.es\\\/#\\\/schema\\\/person\\\/ea86956259a9cb1c71947e50fada3117\"},\"headline\":\"Mesa Redonda: El Sector de la Automoci\u00f3n en la Comunidad de Madrid: Fortalezas y Retos\",\"datePublished\":\"2017-02-23T10:04:46+00:00\",\"mainEntityOfPage\":{\"@id\":\"https:\\\/\\\/insia-upm.es\\\/mesa-redonda-el-sector-de-la-automocion-en-la-comunidad-de-madrid-fortalezas-y-retos\\\/\"},\"wordCount\":77,\"publisher\":{\"@id\":\"https:\\\/\\\/insia-upm.es\\\/#organization\"},\"image\":{\"@id\":\"https:\\\/\\\/insia-upm.es\\\/mesa-redonda-el-sector-de-la-automocion-en-la-comunidad-de-madrid-fortalezas-y-retos\\\/#primaryimage\"},\"thumbnailUrl\":\"\",\"articleSection\":[\"AUTOMOCION\",\"conferencia\"],\"inLanguage\":\"en-GB\"},{\"@type\":\"WebPage\",\"@id\":\"https:\\\/\\\/insia-upm.es\\\/mesa-redonda-el-sector-de-la-automocion-en-la-comunidad-de-madrid-fortalezas-y-retos\\\/\",\"url\":\"https:\\\/\\\/insia-upm.es\\\/mesa-redonda-el-sector-de-la-automocion-en-la-comunidad-de-madrid-fortalezas-y-retos\\\/\",\"name\":\"Mesa Redonda: El Sector de la Automoci\u00f3n en la Comunidad de Madrid: Fortalezas y Retos - Instituto Universitario de Investigaci\u00f3n del Autom\u00f3vil Francisco Aparicio Izquierdo\",\"isPartOf\":{\"@id\":\"https:\\\/\\\/insia-upm.es\\\/#website\"},\"primaryImageOfPage\":{\"@id\":\"https:\\\/\\\/insia-upm.es\\\/mesa-redonda-el-sector-de-la-automocion-en-la-comunidad-de-madrid-fortalezas-y-retos\\\/#primaryimage\"},\"image\":{\"@id\":\"https:\\\/\\\/insia-upm.es\\\/mesa-redonda-el-sector-de-la-automocion-en-la-comunidad-de-madrid-fortalezas-y-retos\\\/#primaryimage\"},\"thumbnailUrl\":\"\",\"datePublished\":\"2017-02-23T10:04:46+00:00\",\"breadcrumb\":{\"@id\":\"https:\\\/\\\/insia-upm.es\\\/mesa-redonda-el-sector-de-la-automocion-en-la-comunidad-de-madrid-fortalezas-y-retos\\\/#breadcrumb\"},\"inLanguage\":\"en-GB\",\"potentialAction\":[{\"@type\":\"ReadAction\",\"target\":[\"https:\\\/\\\/insia-upm.es\\\/mesa-redonda-el-sector-de-la-automocion-en-la-comunidad-de-madrid-fortalezas-y-retos\\\/\"]}]},{\"@type\":\"ImageObject\",\"inLanguage\":\"en-GB\",\"@id\":\"https:\\\/\\\/insia-upm.es\\\/mesa-redonda-el-sector-de-la-automocion-en-la-comunidad-de-madrid-fortalezas-y-retos\\\/#primaryimage\",\"url\":\"\",\"contentUrl\":\"\"},{\"@type\":\"BreadcrumbList\",\"@id\":\"https:\\\/\\\/insia-upm.es\\\/mesa-redonda-el-sector-de-la-automocion-en-la-comunidad-de-madrid-fortalezas-y-retos\\\/#breadcrumb\",\"itemListElement\":[{\"@type\":\"ListItem\",\"position\":1,\"name\":\"Portada\",\"item\":\"https:\\\/\\\/insia-upm.es\\\/\"},{\"@type\":\"ListItem\",\"position\":2,\"name\":\"Mesa Redonda: El Sector de la Automoci\u00f3n en la Comunidad de Madrid: Fortalezas y Retos\"}]},{\"@type\":\"WebSite\",\"@id\":\"https:\\\/\\\/insia-upm.es\\\/#website\",\"url\":\"https:\\\/\\\/insia-upm.es\\\/\",\"name\":\"Instituto Universitario de Investigaci\u00f3n del Autom\u00f3vil Francisco Aparicio Izquierdo\",\"description\":\"Instituto de Investigaci\u00f3n del Autom\u00f3vil Francisco Aparicio Izquierdo\",\"publisher\":{\"@id\":\"https:\\\/\\\/insia-upm.es\\\/#organization\"},\"potentialAction\":[{\"@type\":\"SearchAction\",\"target\":{\"@type\":\"EntryPoint\",\"urlTemplate\":\"https:\\\/\\\/insia-upm.es\\\/?s={search_term_string}\"},\"query-input\":{\"@type\":\"PropertyValueSpecification\",\"valueRequired\":true,\"valueName\":\"search_term_string\"}}],\"inLanguage\":\"en-GB\"},{\"@type\":\"Organization\",\"@id\":\"https:\\\/\\\/insia-upm.es\\\/#organization\",\"name\":\"UPM-INSIA\",\"url\":\"https:\\\/\\\/insia-upm.es\\\/\",\"logo\":{\"@type\":\"ImageObject\",\"inLanguage\":\"en-GB\",\"@id\":\"https:\\\/\\\/insia-upm.es\\\/#\\\/schema\\\/logo\\\/image\\\/\",\"url\":\"https:\\\/\\\/insia-upm.es\\\/wp-content\\\/uploads\\\/2021\\\/12\\\/logo-insia-low-e1412177316550.png\",\"contentUrl\":\"https:\\\/\\\/insia-upm.es\\\/wp-content\\\/uploads\\\/2021\\\/12\\\/logo-insia-low-e1412177316550.png\",\"width\":50,\"height\":71,\"caption\":\"UPM-INSIA\"},\"image\":{\"@id\":\"https:\\\/\\\/insia-upm.es\\\/#\\\/schema\\\/logo\\\/image\\\/\"},\"sameAs\":[\"https:\\\/\\\/x.com\\\/INSIAUPM\",\"https:\\\/\\\/www.instagram.com\\\/insia.upm\\\/\",\"https:\\\/\\\/www.linkedin.com\\\/in\\\/insia-instituto-universitario-investigaci\u00f3n-9088635a\\\/\",\"https:\\\/\\\/www.youtube.com\\\/user\\\/gestionidi\"]},{\"@type\":\"Person\",\"@id\":\"https:\\\/\\\/insia-upm.es\\\/#\\\/schema\\\/person\\\/ea86956259a9cb1c71947e50fada3117\",\"name\":\"desarrollo\",\"image\":{\"@type\":\"ImageObject\",\"inLanguage\":\"en-GB\",\"@id\":\"https:\\\/\\\/secure.gravatar.com\\\/avatar\\\/adcd1146e74a083903bd51ea0ac5e00b3905e9c35fc0c1b39da8534ca17f7257?s=96&d=mm&r=g\",\"url\":\"https:\\\/\\\/secure.gravatar.com\\\/avatar\\\/adcd1146e74a083903bd51ea0ac5e00b3905e9c35fc0c1b39da8534ca17f7257?s=96&d=mm&r=g\",\"contentUrl\":\"https:\\\/\\\/secure.gravatar.com\\\/avatar\\\/adcd1146e74a083903bd51ea0ac5e00b3905e9c35fc0c1b39da8534ca17f7257?s=96&d=mm&r=g\",\"caption\":\"desarrollo\"},\"sameAs\":[\"https:\\\/\\\/insia-upm.es\"],\"url\":\"https:\\\/\\\/insia-upm.es\\\/en\\\/author\\\/desarrollo\\\/\"}]}<\/script>\n<!-- \/ Yoast SEO plugin. -->","yoast_head_json":{"title":"Mesa Redonda: El Sector de la Automoci\u00f3n en la Comunidad de Madrid: Fortalezas y Retos - Instituto Universitario de Investigaci\u00f3n del Autom\u00f3vil Francisco Aparicio Izquierdo","robots":{"index":"index","follow":"follow","max-snippet":"max-snippet:-1","max-image-preview":"max-image-preview:large","max-video-preview":"max-video-preview:-1"},"canonical":"https:\/\/insia-upm.es\/en\/mesa-redonda-el-sector-de-la-automocion-en-la-comunidad-de-madrid-fortalezas-y-retos\/","og_locale":"en_GB","og_type":"article","og_title":"Mesa Redonda: El Sector de la Automoci\u00f3n en la Comunidad de Madrid: Fortalezas y Retos - Instituto Universitario de Investigaci\u00f3n del Autom\u00f3vil Francisco Aparicio Izquierdo","og_description":"Mesa Redonda \u2019El Sector de la Automoci\u00f3n en la Comunidad de Madrid: Fortalezas y Retos\u2019, que tendr\u00e1 lugar el pr\u00f3ximo 27 de febrero a las 19:00 horas en la Escuela T\u00e9cnica Superior de Ingenieros Industriales de Madrid. Asistencia libre hasta completar aforo. Inscripci\u00f3n en: https:\/\/indusnet.etsii.upm.es\/gestion_escuela\/antiguos_alumnos\/registro_eventos_ext.asp?evento=55 &nbsp;","og_url":"https:\/\/insia-upm.es\/en\/mesa-redonda-el-sector-de-la-automocion-en-la-comunidad-de-madrid-fortalezas-y-retos\/","og_site_name":"Instituto Universitario de Investigaci\u00f3n del Autom\u00f3vil Francisco Aparicio Izquierdo","article_published_time":"2017-02-23T10:04:46+00:00","author":"desarrollo","twitter_card":"summary_large_image","twitter_creator":"@INSIAUPM","twitter_site":"@INSIAUPM","twitter_misc":{"Written by":"desarrollo"},"schema":{"@context":"https:\/\/schema.org","@graph":[{"@type":"Article","@id":"https:\/\/insia-upm.es\/mesa-redonda-el-sector-de-la-automocion-en-la-comunidad-de-madrid-fortalezas-y-retos\/#article","isPartOf":{"@id":"https:\/\/insia-upm.es\/mesa-redonda-el-sector-de-la-automocion-en-la-comunidad-de-madrid-fortalezas-y-retos\/"},"author":{"name":"desarrollo","@id":"https:\/\/insia-upm.es\/#\/schema\/person\/ea86956259a9cb1c71947e50fada3117"},"headline":"Mesa Redonda: El Sector de la Automoci\u00f3n en la Comunidad de Madrid: Fortalezas y Retos","datePublished":"2017-02-23T10:04:46+00:00","mainEntityOfPage":{"@id":"https:\/\/insia-upm.es\/mesa-redonda-el-sector-de-la-automocion-en-la-comunidad-de-madrid-fortalezas-y-retos\/"},"wordCount":77,"publisher":{"@id":"https:\/\/insia-upm.es\/#organization"},"image":{"@id":"https:\/\/insia-upm.es\/mesa-redonda-el-sector-de-la-automocion-en-la-comunidad-de-madrid-fortalezas-y-retos\/#primaryimage"},"thumbnailUrl":"","articleSection":["AUTOMOCION","conferencia"],"inLanguage":"en-GB"},{"@type":"WebPage","@id":"https:\/\/insia-upm.es\/mesa-redonda-el-sector-de-la-automocion-en-la-comunidad-de-madrid-fortalezas-y-retos\/","url":"https:\/\/insia-upm.es\/mesa-redonda-el-sector-de-la-automocion-en-la-comunidad-de-madrid-fortalezas-y-retos\/","name":"Mesa Redonda: El Sector de la Automoci\u00f3n en la Comunidad de Madrid: Fortalezas y Retos - Instituto Universitario de Investigaci\u00f3n del Autom\u00f3vil Francisco Aparicio Izquierdo","isPartOf":{"@id":"https:\/\/insia-upm.es\/#website"},"primaryImageOfPage":{"@id":"https:\/\/insia-upm.es\/mesa-redonda-el-sector-de-la-automocion-en-la-comunidad-de-madrid-fortalezas-y-retos\/#primaryimage"},"image":{"@id":"https:\/\/insia-upm.es\/mesa-redonda-el-sector-de-la-automocion-en-la-comunidad-de-madrid-fortalezas-y-retos\/#primaryimage"},"thumbnailUrl":"","datePublished":"2017-02-23T10:04:46+00:00","breadcrumb":{"@id":"https:\/\/insia-upm.es\/mesa-redonda-el-sector-de-la-automocion-en-la-comunidad-de-madrid-fortalezas-y-retos\/#breadcrumb"},"inLanguage":"en-GB","potentialAction":[{"@type":"ReadAction","target":["https:\/\/insia-upm.es\/mesa-redonda-el-sector-de-la-automocion-en-la-comunidad-de-madrid-fortalezas-y-retos\/"]}]},{"@type":"ImageObject","inLanguage":"en-GB","@id":"https:\/\/insia-upm.es\/mesa-redonda-el-sector-de-la-automocion-en-la-comunidad-de-madrid-fortalezas-y-retos\/#primaryimage","url":"","contentUrl":""},{"@type":"BreadcrumbList","@id":"https:\/\/insia-upm.es\/mesa-redonda-el-sector-de-la-automocion-en-la-comunidad-de-madrid-fortalezas-y-retos\/#breadcrumb","itemListElement":[{"@type":"ListItem","position":1,"name":"Portada","item":"https:\/\/insia-upm.es\/"},{"@type":"ListItem","position":2,"name":"Mesa Redonda: El Sector de la Automoci\u00f3n en la Comunidad de Madrid: Fortalezas y Retos"}]},{"@type":"WebSite","@id":"https:\/\/insia-upm.es\/#website","url":"https:\/\/insia-upm.es\/","name":"Instituto Universitario de Investigaci\u00f3n del Autom\u00f3vil Francisco Aparicio Izquierdo","description":"Instituto de Investigaci\u00f3n del Autom\u00f3vil Francisco Aparicio Izquierdo","publisher":{"@id":"https:\/\/insia-upm.es\/#organization"},"potentialAction":[{"@type":"SearchAction","target":{"@type":"EntryPoint","urlTemplate":"https:\/\/insia-upm.es\/?s={search_term_string}"},"query-input":{"@type":"PropertyValueSpecification","valueRequired":true,"valueName":"search_term_string"}}],"inLanguage":"en-GB"},{"@type":"Organization","@id":"https:\/\/insia-upm.es\/#organization","name":"UPM-INSIA","url":"https:\/\/insia-upm.es\/","logo":{"@type":"ImageObject","inLanguage":"en-GB","@id":"https:\/\/insia-upm.es\/#\/schema\/logo\/image\/","url":"https:\/\/insia-upm.es\/wp-content\/uploads\/2021\/12\/logo-insia-low-e1412177316550.png","contentUrl":"https:\/\/insia-upm.es\/wp-content\/uploads\/2021\/12\/logo-insia-low-e1412177316550.png","width":50,"height":71,"caption":"UPM-INSIA"},"image":{"@id":"https:\/\/insia-upm.es\/#\/schema\/logo\/image\/"},"sameAs":["https:\/\/x.com\/INSIAUPM","https:\/\/www.instagram.com\/insia.upm\/","https:\/\/www.linkedin.com\/in\/insia-instituto-universitario-investigaci\u00f3n-9088635a\/","https:\/\/www.youtube.com\/user\/gestionidi"]},{"@type":"Person","@id":"https:\/\/insia-upm.es\/#\/schema\/person\/ea86956259a9cb1c71947e50fada3117","name":"desarrollo","image":{"@type":"ImageObject","inLanguage":"en-GB","@id":"https:\/\/secure.gravatar.com\/avatar\/adcd1146e74a083903bd51ea0ac5e00b3905e9c35fc0c1b39da8534ca17f7257?s=96&d=mm&r=g","url":"https:\/\/secure.gravatar.com\/avatar\/adcd1146e74a083903bd51ea0ac5e00b3905e9c35fc0c1b39da8534ca17f7257?s=96&d=mm&r=g","contentUrl":"https:\/\/secure.gravatar.com\/avatar\/adcd1146e74a083903bd51ea0ac5e00b3905e9c35fc0c1b39da8534ca17f7257?s=96&d=mm&r=g","caption":"desarrollo"},"sameAs":["https:\/\/insia-upm.es"],"url":"https:\/\/insia-upm.es\/en\/author\/desarrollo\/"}]}},"_links":{"self":[{"href":"https:\/\/insia-upm.es\/en\/wp-json\/wp\/v2\/posts\/13614","targetHints":{"allow":["GET"]}}],"collection":[{"href":"https:\/\/insia-upm.es\/en\/wp-json\/wp\/v2\/posts"}],"about":[{"href":"https:\/\/insia-upm.es\/en\/wp-json\/wp\/v2\/types\/post"}],"author":[{"embeddable":true,"href":"https:\/\/insia-upm.es\/en\/wp-json\/wp\/v2\/users\/1"}],"replies":[{"embeddable":true,"href":"https:\/\/insia-upm.es\/en\/wp-json\/wp\/v2\/comments?post=13614"}],"version-history":[{"count":0,"href":"https:\/\/insia-upm.es\/en\/wp-json\/wp\/v2\/posts\/13614\/revisions"}],"wp:featuredmedia":[{"embeddable":true,"href":"https:\/\/insia-upm.es\/en\/wp-json\/"}],"wp:attachment":[{"href":"https:\/\/insia-upm.es\/en\/wp-json\/wp\/v2\/media?parent=13614"}],"wp:term":[{"taxonomy":"category","embeddable":true,"href":"https:\/\/insia-upm.es\/en\/wp-json\/wp\/v2\/categories?post=13614"},{"taxonomy":"post_tag","embeddable":true,"href":"https:\/\/insia-upm.es\/en\/wp-json\/wp\/v2\/tags?post=13614"}],"curies":[{"name":"wp","href":"https:\/\/api.w.org\/{rel}","templated":true}]}}