{"id":13494,"date":"2016-11-20T18:34:16","date_gmt":"2016-11-20T17:34:16","guid":{"rendered":"https:\/\/insia-upm.es\/?p=13494"},"modified":"2016-11-20T18:34:16","modified_gmt":"2016-11-20T17:34:16","slug":"premios-catedra-eduardo-barreiros-3","status":"publish","type":"post","link":"https:\/\/insia-upm.es\/en\/premios-catedra-eduardo-barreiros-3\/","title":{"rendered":"Premios \u201cC\u00e1tedra Eduardo Barreiros&quot;"},"content":{"rendered":"<p style=\"text-align: justify;\">El Comit\u00e9 convocado para otorgar los primeros Premios de la C\u00e1tedra Universidad \u2013 Empresa Eduardo Barreiros \u201cAutom\u00f3vil y movilidad sostenible\u201d ha valorado los 9 trabajos presentados: 3 de finalizaci\u00f3n de estudios y 6 Tesis doctorales y ha emitido su fallo.<\/p>\n<p><strong>Otorga el 1\u00ba Premio al Proyecto fin de carrera del a\u00f1o 2016:<\/strong><\/p>\n<p style=\"text-align: justify;\">\u00b7\u00a0\u00a0\u00a0\u00a0\u00a0 \u00a0A D\u00f1a. Marta de Loma-Ossorio Garc\u00eda por su trabajo \u201cAn\u00e1lisis de la seguridad pasiva ofrecida a los afectados por la osteog\u00e9nesis imperfecta\u201d proyecto realizado en la UPM.<\/p>\n<p><strong>El 1\u00ba Premio\u00a0 a la mejor Tesis Doctoral A\u00f1o \u00a02016\u201d ha sido otorgado:<\/strong><\/p>\n<p style=\"text-align: justify;\">\u00b7\u00a0\u00a0\u00a0\u00a0\u00a0 A D. Basam Musleh Lancis por su trabajo: An\u00e1lisis de entornos urbanos de tr\u00e1fico y estimaci\u00f3n del movimiento del veh\u00edculo para el desarrollo de sistemas avanzados de ayuda a la conducci\u00f3n\u201d, tesis defendida en la Universidad Carlos III de Madrid.<\/p>\n<p style=\"text-align: justify;\">El Comit\u00e9 ha valorado los trabajos por su Originalidad, Calidad cient\u00edfico-t\u00e9cnica y la Aplicabilidad y orientaci\u00f3n a la reducci\u00f3n del n\u00famero de accidentes y v\u00edctimas, impacto medioambiental de los veh\u00edculos o contribuciones de inter\u00e9s para la industria y sector de automoci\u00f3n.<\/p>\n<p style=\"text-align: justify;\">En virtud de la calidad e inter\u00e9s de los trabajos evaluados otorga <strong>menciones de honor<\/strong> a los siguientes trabajos:<\/p>\n<p style=\"text-align: justify;\">\u201cEstudio experimental de la combusti\u00f3n h\u00edbrida de butanol y metano en un motor de combusti\u00f3n interna\u201d\u00a0 trabajo de finalizaci\u00f3n de carrera de D. Daniel Agudo Fern\u00e1ndez.<\/p>\n<p style=\"text-align: justify;\">\u201cAnalysis and design considerations of an electric vehicle powertrain regarding energy efficiency and magnetic field exposure\u201d tesis realizada por D. Pablo Moreno-Torres Concha.<\/p>","protected":false},"excerpt":{"rendered":"<p>El Comit\u00e9 convocado para otorgar los primeros Premios de la C\u00e1tedra Universidad \u2013 Empresa Eduardo Barreiros \u201cAutom\u00f3vil y movilidad sostenible\u201d ha valorado los 9 trabajos presentados: 3 de finalizaci\u00f3n de estudios y 6 Tesis doctorales y ha emitido su fallo. Otorga el 1\u00ba Premio al Proyecto fin de carrera del a\u00f1o 2016: \u00b7\u00a0\u00a0\u00a0\u00a0\u00a0 \u00a0A D\u00f1a. [&hellip;]<\/p>\n","protected":false},"author":1,"featured_media":0,"comment_status":"closed","ping_status":"open","sticky":false,"template":"","format":"standard","meta":{"_et_pb_use_builder":"","_et_pb_old_content":"","_et_gb_content_width":"","_monsterinsights_skip_tracking":false,"_monsterinsights_sitenote_active":false,"_monsterinsights_sitenote_note":"","_monsterinsights_sitenote_category":0,"footnotes":""},"categories":[79],"tags":[],"class_list":["post-13494","post","type-post","status-publish","format-standard","hentry","category-catedra-eduardo-barreiros"],"yoast_head":"<!-- This site is optimized with the Yoast SEO plugin v27.4 - https:\/\/yoast.com\/product\/yoast-seo-wordpress\/ -->\n<title>Premios \u201cC\u00e1tedra Eduardo Barreiros&quot; - Instituto Universitario de Investigaci\u00f3n del Autom\u00f3vil Francisco Aparicio Izquierdo<\/title>\n<meta name=\"robots\" content=\"index, follow, max-snippet:-1, max-image-preview:large, max-video-preview:-1\" \/>\n<link rel=\"canonical\" href=\"https:\/\/insia-upm.es\/en\/premios-catedra-eduardo-barreiros-3\/\" \/>\n<meta property=\"og:locale\" content=\"en_GB\" \/>\n<meta property=\"og:type\" content=\"article\" \/>\n<meta property=\"og:title\" content=\"Premios \u201cC\u00e1tedra Eduardo Barreiros&quot; - Instituto Universitario de Investigaci\u00f3n del Autom\u00f3vil Francisco Aparicio Izquierdo\" \/>\n<meta property=\"og:description\" content=\"El Comit\u00e9 convocado para otorgar los primeros Premios de la C\u00e1tedra Universidad \u2013 Empresa Eduardo Barreiros \u201cAutom\u00f3vil y movilidad sostenible\u201d ha valorado los 9 trabajos presentados: 3 de finalizaci\u00f3n de estudios y 6 Tesis doctorales y ha emitido su fallo. Otorga el 1\u00ba Premio al Proyecto fin de carrera del a\u00f1o 2016: \u00b7\u00a0\u00a0\u00a0\u00a0\u00a0 \u00a0A D\u00f1a. [&hellip;]\" \/>\n<meta property=\"og:url\" content=\"https:\/\/insia-upm.es\/en\/premios-catedra-eduardo-barreiros-3\/\" \/>\n<meta property=\"og:site_name\" content=\"Instituto Universitario de Investigaci\u00f3n del Autom\u00f3vil Francisco Aparicio Izquierdo\" \/>\n<meta property=\"article:published_time\" content=\"2016-11-20T17:34:16+00:00\" \/>\n<meta name=\"author\" content=\"desarrollo\" \/>\n<meta name=\"twitter:card\" content=\"summary_large_image\" \/>\n<meta name=\"twitter:creator\" content=\"@INSIAUPM\" \/>\n<meta name=\"twitter:site\" content=\"@INSIAUPM\" \/>\n<meta name=\"twitter:label1\" content=\"Written by\" \/>\n\t<meta name=\"twitter:data1\" content=\"desarrollo\" \/>\n\t<meta name=\"twitter:label2\" content=\"Estimated reading time\" \/>\n\t<meta name=\"twitter:data2\" content=\"1 minute\" \/>\n<script type=\"application\/ld+json\" class=\"yoast-schema-graph\">{\"@context\":\"https:\\\/\\\/schema.org\",\"@graph\":[{\"@type\":\"Article\",\"@id\":\"https:\\\/\\\/insia-upm.es\\\/premios-catedra-eduardo-barreiros-3\\\/#article\",\"isPartOf\":{\"@id\":\"https:\\\/\\\/insia-upm.es\\\/premios-catedra-eduardo-barreiros-3\\\/\"},\"author\":{\"name\":\"desarrollo\",\"@id\":\"https:\\\/\\\/insia-upm.es\\\/#\\\/schema\\\/person\\\/ea86956259a9cb1c71947e50fada3117\"},\"headline\":\"Premios \u201cC\u00e1tedra Eduardo Barreiros&quot;\",\"datePublished\":\"2016-11-20T17:34:16+00:00\",\"mainEntityOfPage\":{\"@id\":\"https:\\\/\\\/insia-upm.es\\\/premios-catedra-eduardo-barreiros-3\\\/\"},\"wordCount\":268,\"publisher\":{\"@id\":\"https:\\\/\\\/insia-upm.es\\\/#organization\"},\"articleSection\":[\"Catedra Eduardo Barreiros\"],\"inLanguage\":\"en-GB\"},{\"@type\":\"WebPage\",\"@id\":\"https:\\\/\\\/insia-upm.es\\\/premios-catedra-eduardo-barreiros-3\\\/\",\"url\":\"https:\\\/\\\/insia-upm.es\\\/premios-catedra-eduardo-barreiros-3\\\/\",\"name\":\"Premios \u201cC\u00e1tedra Eduardo Barreiros&quot; - Instituto Universitario de Investigaci\u00f3n del Autom\u00f3vil Francisco Aparicio Izquierdo\",\"isPartOf\":{\"@id\":\"https:\\\/\\\/insia-upm.es\\\/#website\"},\"datePublished\":\"2016-11-20T17:34:16+00:00\",\"breadcrumb\":{\"@id\":\"https:\\\/\\\/insia-upm.es\\\/premios-catedra-eduardo-barreiros-3\\\/#breadcrumb\"},\"inLanguage\":\"en-GB\",\"potentialAction\":[{\"@type\":\"ReadAction\",\"target\":[\"https:\\\/\\\/insia-upm.es\\\/premios-catedra-eduardo-barreiros-3\\\/\"]}]},{\"@type\":\"BreadcrumbList\",\"@id\":\"https:\\\/\\\/insia-upm.es\\\/premios-catedra-eduardo-barreiros-3\\\/#breadcrumb\",\"itemListElement\":[{\"@type\":\"ListItem\",\"position\":1,\"name\":\"Portada\",\"item\":\"https:\\\/\\\/insia-upm.es\\\/\"},{\"@type\":\"ListItem\",\"position\":2,\"name\":\"Premios \u201cC\u00e1tedra Eduardo Barreiros&quot;\"}]},{\"@type\":\"WebSite\",\"@id\":\"https:\\\/\\\/insia-upm.es\\\/#website\",\"url\":\"https:\\\/\\\/insia-upm.es\\\/\",\"name\":\"Instituto Universitario de Investigaci\u00f3n del Autom\u00f3vil Francisco Aparicio Izquierdo\",\"description\":\"Instituto de Investigaci\u00f3n del Autom\u00f3vil Francisco Aparicio Izquierdo\",\"publisher\":{\"@id\":\"https:\\\/\\\/insia-upm.es\\\/#organization\"},\"potentialAction\":[{\"@type\":\"SearchAction\",\"target\":{\"@type\":\"EntryPoint\",\"urlTemplate\":\"https:\\\/\\\/insia-upm.es\\\/?s={search_term_string}\"},\"query-input\":{\"@type\":\"PropertyValueSpecification\",\"valueRequired\":true,\"valueName\":\"search_term_string\"}}],\"inLanguage\":\"en-GB\"},{\"@type\":\"Organization\",\"@id\":\"https:\\\/\\\/insia-upm.es\\\/#organization\",\"name\":\"UPM-INSIA\",\"url\":\"https:\\\/\\\/insia-upm.es\\\/\",\"logo\":{\"@type\":\"ImageObject\",\"inLanguage\":\"en-GB\",\"@id\":\"https:\\\/\\\/insia-upm.es\\\/#\\\/schema\\\/logo\\\/image\\\/\",\"url\":\"https:\\\/\\\/insia-upm.es\\\/wp-content\\\/uploads\\\/2021\\\/12\\\/logo-insia-low-e1412177316550.png\",\"contentUrl\":\"https:\\\/\\\/insia-upm.es\\\/wp-content\\\/uploads\\\/2021\\\/12\\\/logo-insia-low-e1412177316550.png\",\"width\":50,\"height\":71,\"caption\":\"UPM-INSIA\"},\"image\":{\"@id\":\"https:\\\/\\\/insia-upm.es\\\/#\\\/schema\\\/logo\\\/image\\\/\"},\"sameAs\":[\"https:\\\/\\\/x.com\\\/INSIAUPM\",\"https:\\\/\\\/www.instagram.com\\\/insia.upm\\\/\",\"https:\\\/\\\/www.linkedin.com\\\/in\\\/insia-instituto-universitario-investigaci\u00f3n-9088635a\\\/\",\"https:\\\/\\\/www.youtube.com\\\/user\\\/gestionidi\"]},{\"@type\":\"Person\",\"@id\":\"https:\\\/\\\/insia-upm.es\\\/#\\\/schema\\\/person\\\/ea86956259a9cb1c71947e50fada3117\",\"name\":\"desarrollo\",\"image\":{\"@type\":\"ImageObject\",\"inLanguage\":\"en-GB\",\"@id\":\"https:\\\/\\\/secure.gravatar.com\\\/avatar\\\/adcd1146e74a083903bd51ea0ac5e00b3905e9c35fc0c1b39da8534ca17f7257?s=96&d=mm&r=g\",\"url\":\"https:\\\/\\\/secure.gravatar.com\\\/avatar\\\/adcd1146e74a083903bd51ea0ac5e00b3905e9c35fc0c1b39da8534ca17f7257?s=96&d=mm&r=g\",\"contentUrl\":\"https:\\\/\\\/secure.gravatar.com\\\/avatar\\\/adcd1146e74a083903bd51ea0ac5e00b3905e9c35fc0c1b39da8534ca17f7257?s=96&d=mm&r=g\",\"caption\":\"desarrollo\"},\"sameAs\":[\"https:\\\/\\\/insia-upm.es\"],\"url\":\"https:\\\/\\\/insia-upm.es\\\/en\\\/author\\\/desarrollo\\\/\"}]}<\/script>\n<!-- \/ Yoast SEO plugin. -->","yoast_head_json":{"title":"Premios \u201cC\u00e1tedra Eduardo Barreiros&quot; - Instituto Universitario de Investigaci\u00f3n del Autom\u00f3vil Francisco Aparicio Izquierdo","robots":{"index":"index","follow":"follow","max-snippet":"max-snippet:-1","max-image-preview":"max-image-preview:large","max-video-preview":"max-video-preview:-1"},"canonical":"https:\/\/insia-upm.es\/en\/premios-catedra-eduardo-barreiros-3\/","og_locale":"en_GB","og_type":"article","og_title":"Premios \u201cC\u00e1tedra Eduardo Barreiros&quot; - Instituto Universitario de Investigaci\u00f3n del Autom\u00f3vil Francisco Aparicio Izquierdo","og_description":"El Comit\u00e9 convocado para otorgar los primeros Premios de la C\u00e1tedra Universidad \u2013 Empresa Eduardo Barreiros \u201cAutom\u00f3vil y movilidad sostenible\u201d ha valorado los 9 trabajos presentados: 3 de finalizaci\u00f3n de estudios y 6 Tesis doctorales y ha emitido su fallo. Otorga el 1\u00ba Premio al Proyecto fin de carrera del a\u00f1o 2016: \u00b7\u00a0\u00a0\u00a0\u00a0\u00a0 \u00a0A D\u00f1a. [&hellip;]","og_url":"https:\/\/insia-upm.es\/en\/premios-catedra-eduardo-barreiros-3\/","og_site_name":"Instituto Universitario de Investigaci\u00f3n del Autom\u00f3vil Francisco Aparicio Izquierdo","article_published_time":"2016-11-20T17:34:16+00:00","author":"desarrollo","twitter_card":"summary_large_image","twitter_creator":"@INSIAUPM","twitter_site":"@INSIAUPM","twitter_misc":{"Written by":"desarrollo","Estimated reading time":"1 minute"},"schema":{"@context":"https:\/\/schema.org","@graph":[{"@type":"Article","@id":"https:\/\/insia-upm.es\/premios-catedra-eduardo-barreiros-3\/#article","isPartOf":{"@id":"https:\/\/insia-upm.es\/premios-catedra-eduardo-barreiros-3\/"},"author":{"name":"desarrollo","@id":"https:\/\/insia-upm.es\/#\/schema\/person\/ea86956259a9cb1c71947e50fada3117"},"headline":"Premios \u201cC\u00e1tedra Eduardo Barreiros&quot;","datePublished":"2016-11-20T17:34:16+00:00","mainEntityOfPage":{"@id":"https:\/\/insia-upm.es\/premios-catedra-eduardo-barreiros-3\/"},"wordCount":268,"publisher":{"@id":"https:\/\/insia-upm.es\/#organization"},"articleSection":["Catedra Eduardo Barreiros"],"inLanguage":"en-GB"},{"@type":"WebPage","@id":"https:\/\/insia-upm.es\/premios-catedra-eduardo-barreiros-3\/","url":"https:\/\/insia-upm.es\/premios-catedra-eduardo-barreiros-3\/","name":"Premios \u201cC\u00e1tedra Eduardo Barreiros&quot; - Instituto Universitario de Investigaci\u00f3n del Autom\u00f3vil Francisco Aparicio Izquierdo","isPartOf":{"@id":"https:\/\/insia-upm.es\/#website"},"datePublished":"2016-11-20T17:34:16+00:00","breadcrumb":{"@id":"https:\/\/insia-upm.es\/premios-catedra-eduardo-barreiros-3\/#breadcrumb"},"inLanguage":"en-GB","potentialAction":[{"@type":"ReadAction","target":["https:\/\/insia-upm.es\/premios-catedra-eduardo-barreiros-3\/"]}]},{"@type":"BreadcrumbList","@id":"https:\/\/insia-upm.es\/premios-catedra-eduardo-barreiros-3\/#breadcrumb","itemListElement":[{"@type":"ListItem","position":1,"name":"Portada","item":"https:\/\/insia-upm.es\/"},{"@type":"ListItem","position":2,"name":"Premios \u201cC\u00e1tedra Eduardo Barreiros&quot;"}]},{"@type":"WebSite","@id":"https:\/\/insia-upm.es\/#website","url":"https:\/\/insia-upm.es\/","name":"Instituto Universitario de Investigaci\u00f3n del Autom\u00f3vil Francisco Aparicio Izquierdo","description":"Instituto de Investigaci\u00f3n del Autom\u00f3vil Francisco Aparicio Izquierdo","publisher":{"@id":"https:\/\/insia-upm.es\/#organization"},"potentialAction":[{"@type":"SearchAction","target":{"@type":"EntryPoint","urlTemplate":"https:\/\/insia-upm.es\/?s={search_term_string}"},"query-input":{"@type":"PropertyValueSpecification","valueRequired":true,"valueName":"search_term_string"}}],"inLanguage":"en-GB"},{"@type":"Organization","@id":"https:\/\/insia-upm.es\/#organization","name":"UPM-INSIA","url":"https:\/\/insia-upm.es\/","logo":{"@type":"ImageObject","inLanguage":"en-GB","@id":"https:\/\/insia-upm.es\/#\/schema\/logo\/image\/","url":"https:\/\/insia-upm.es\/wp-content\/uploads\/2021\/12\/logo-insia-low-e1412177316550.png","contentUrl":"https:\/\/insia-upm.es\/wp-content\/uploads\/2021\/12\/logo-insia-low-e1412177316550.png","width":50,"height":71,"caption":"UPM-INSIA"},"image":{"@id":"https:\/\/insia-upm.es\/#\/schema\/logo\/image\/"},"sameAs":["https:\/\/x.com\/INSIAUPM","https:\/\/www.instagram.com\/insia.upm\/","https:\/\/www.linkedin.com\/in\/insia-instituto-universitario-investigaci\u00f3n-9088635a\/","https:\/\/www.youtube.com\/user\/gestionidi"]},{"@type":"Person","@id":"https:\/\/insia-upm.es\/#\/schema\/person\/ea86956259a9cb1c71947e50fada3117","name":"desarrollo","image":{"@type":"ImageObject","inLanguage":"en-GB","@id":"https:\/\/secure.gravatar.com\/avatar\/adcd1146e74a083903bd51ea0ac5e00b3905e9c35fc0c1b39da8534ca17f7257?s=96&d=mm&r=g","url":"https:\/\/secure.gravatar.com\/avatar\/adcd1146e74a083903bd51ea0ac5e00b3905e9c35fc0c1b39da8534ca17f7257?s=96&d=mm&r=g","contentUrl":"https:\/\/secure.gravatar.com\/avatar\/adcd1146e74a083903bd51ea0ac5e00b3905e9c35fc0c1b39da8534ca17f7257?s=96&d=mm&r=g","caption":"desarrollo"},"sameAs":["https:\/\/insia-upm.es"],"url":"https:\/\/insia-upm.es\/en\/author\/desarrollo\/"}]}},"_links":{"self":[{"href":"https:\/\/insia-upm.es\/en\/wp-json\/wp\/v2\/posts\/13494","targetHints":{"allow":["GET"]}}],"collection":[{"href":"https:\/\/insia-upm.es\/en\/wp-json\/wp\/v2\/posts"}],"about":[{"href":"https:\/\/insia-upm.es\/en\/wp-json\/wp\/v2\/types\/post"}],"author":[{"embeddable":true,"href":"https:\/\/insia-upm.es\/en\/wp-json\/wp\/v2\/users\/1"}],"replies":[{"embeddable":true,"href":"https:\/\/insia-upm.es\/en\/wp-json\/wp\/v2\/comments?post=13494"}],"version-history":[{"count":0,"href":"https:\/\/insia-upm.es\/en\/wp-json\/wp\/v2\/posts\/13494\/revisions"}],"wp:attachment":[{"href":"https:\/\/insia-upm.es\/en\/wp-json\/wp\/v2\/media?parent=13494"}],"wp:term":[{"taxonomy":"category","embeddable":true,"href":"https:\/\/insia-upm.es\/en\/wp-json\/wp\/v2\/categories?post=13494"},{"taxonomy":"post_tag","embeddable":true,"href":"https:\/\/insia-upm.es\/en\/wp-json\/wp\/v2\/tags?post=13494"}],"curies":[{"name":"wp","href":"https:\/\/api.w.org\/{rel}","templated":true}]}}