{"id":13377,"date":"2016-04-29T16:05:13","date_gmt":"2016-04-29T14:05:13","guid":{"rendered":"https:\/\/insia-upm.es\/?p=13377"},"modified":"2016-04-29T16:05:13","modified_gmt":"2016-04-29T14:05:13","slug":"premios-catedra-eduardo-barreiros","status":"publish","type":"post","link":"https:\/\/insia-upm.es\/en\/premios-catedra-eduardo-barreiros\/","title":{"rendered":"Premios c\u00e1tedra Eduardo Barreiros"},"content":{"rendered":"<p style=\"text-align: justify;\">La C\u00e1tedra universidad-empresa \u201cEduardo Barreiros: autom\u00f3vil y Movilidad sostenible\u201c convoca los siguientes\u00a0premios:<\/p>\n<ul>\n<li style=\"text-align: justify;\"><strong>Al mejor Proyecto fin de carrera &#8211;\u00a0Proyecto fin de\u00a0<\/strong><b>M\u00e1ster<\/b>\u00a0destinado a estudiantes de la Universidad Polit\u00e9cnica de\u00a0Madrid que hayan defendido su PFC \/TFM durante los cursos 2014-2015 y 2015-\u00a02016, con anterioridad al d\u00eda 10 de mayo de 2016. El premio est\u00e1 dotado de 500\u20ac.<\/li>\n<li style=\"text-align: justify;\"><strong>A la mejor Tesis doctoral<\/strong>\u00a0destinado a doctores ingenieros que hayan defendido su tesis durante los cursos\u00a02014-2015 y 2015-2016, con anterioridad al d\u00eda 10 de mayo de 2016. El premio est\u00e1\u00a0dotado de 1000\u20ac.<\/li>\n<\/ul>\n<p>Puedes consultar las bases y dem\u00e1s informaci\u00f3n en el siguiente archivo:<br \/>\n\nFormulario de participaci\u00f3n:<br \/>","protected":false},"excerpt":{"rendered":"<p>La C\u00e1tedra universidad-empresa \u201cEduardo Barreiros: autom\u00f3vil y Movilidad sostenible\u201c convoca los siguientes\u00a0premios: Al mejor Proyecto fin de carrera &#8211;\u00a0Proyecto fin de\u00a0M\u00e1ster\u00a0destinado a estudiantes de la Universidad Polit\u00e9cnica de\u00a0Madrid que hayan defendido su PFC \/TFM durante los cursos 2014-2015 y 2015-\u00a02016, con anterioridad al d\u00eda 10 de mayo de 2016. El premio est\u00e1 dotado de 500\u20ac. [&hellip;]<\/p>\n","protected":false},"author":1,"featured_media":13306,"comment_status":"closed","ping_status":"open","sticky":false,"template":"","format":"standard","meta":{"_et_pb_use_builder":"","_et_pb_old_content":"","_et_gb_content_width":"","_monsterinsights_skip_tracking":false,"_monsterinsights_sitenote_active":false,"_monsterinsights_sitenote_note":"","_monsterinsights_sitenote_category":0,"footnotes":""},"categories":[79],"tags":[],"class_list":["post-13377","post","type-post","status-publish","format-standard","has-post-thumbnail","hentry","category-catedra-eduardo-barreiros"],"yoast_head":"<!-- This site is optimized with the Yoast SEO plugin v27.4 - https:\/\/yoast.com\/product\/yoast-seo-wordpress\/ -->\n<title>Premios c\u00e1tedra Eduardo Barreiros - Instituto Universitario de Investigaci\u00f3n del Autom\u00f3vil Francisco Aparicio Izquierdo<\/title>\n<meta name=\"description\" content=\"La C\u00e1tedra universidad-empresa \u201cEduardo Barreiros: autom\u00f3vil y Movilidad sostenible\u201c convoca 2 premios en 2016\" \/>\n<meta name=\"robots\" content=\"index, follow, max-snippet:-1, max-image-preview:large, max-video-preview:-1\" \/>\n<link rel=\"canonical\" href=\"https:\/\/insia-upm.es\/en\/premios-catedra-eduardo-barreiros\/\" \/>\n<meta property=\"og:locale\" content=\"en_GB\" \/>\n<meta property=\"og:type\" content=\"article\" \/>\n<meta property=\"og:title\" content=\"Premios c\u00e1tedra Eduardo Barreiros - Instituto Universitario de Investigaci\u00f3n del Autom\u00f3vil Francisco Aparicio Izquierdo\" \/>\n<meta property=\"og:description\" content=\"La C\u00e1tedra universidad-empresa \u201cEduardo Barreiros: autom\u00f3vil y Movilidad sostenible\u201c convoca 2 premios en 2016\" \/>\n<meta property=\"og:url\" content=\"https:\/\/insia-upm.es\/en\/premios-catedra-eduardo-barreiros\/\" \/>\n<meta property=\"og:site_name\" content=\"Instituto Universitario de Investigaci\u00f3n del Autom\u00f3vil Francisco Aparicio Izquierdo\" \/>\n<meta property=\"article:published_time\" content=\"2016-04-29T14:05:13+00:00\" \/>\n<meta property=\"og:image\" content=\"https:\/\/insia-upm.es\/wp-content\/uploads\/2016\/02\/logo-CatedraEB_Def.jpg\" \/>\n\t<meta property=\"og:image:width\" content=\"848\" \/>\n\t<meta property=\"og:image:height\" content=\"436\" \/>\n\t<meta property=\"og:image:type\" content=\"image\/jpeg\" \/>\n<meta name=\"author\" content=\"desarrollo\" \/>\n<meta name=\"twitter:card\" content=\"summary_large_image\" \/>\n<meta name=\"twitter:creator\" content=\"@INSIAUPM\" \/>\n<meta name=\"twitter:site\" content=\"@INSIAUPM\" \/>\n<meta name=\"twitter:label1\" content=\"Written by\" \/>\n\t<meta name=\"twitter:data1\" content=\"desarrollo\" \/>\n\t<meta name=\"twitter:label2\" content=\"Estimated reading time\" \/>\n\t<meta name=\"twitter:data2\" content=\"1 minute\" \/>\n<script type=\"application\/ld+json\" class=\"yoast-schema-graph\">{\"@context\":\"https:\\\/\\\/schema.org\",\"@graph\":[{\"@type\":\"Article\",\"@id\":\"https:\\\/\\\/insia-upm.es\\\/premios-catedra-eduardo-barreiros\\\/#article\",\"isPartOf\":{\"@id\":\"https:\\\/\\\/insia-upm.es\\\/premios-catedra-eduardo-barreiros\\\/\"},\"author\":{\"name\":\"desarrollo\",\"@id\":\"https:\\\/\\\/insia-upm.es\\\/#\\\/schema\\\/person\\\/ea86956259a9cb1c71947e50fada3117\"},\"headline\":\"Premios c\u00e1tedra Eduardo Barreiros\",\"datePublished\":\"2016-04-29T14:05:13+00:00\",\"mainEntityOfPage\":{\"@id\":\"https:\\\/\\\/insia-upm.es\\\/premios-catedra-eduardo-barreiros\\\/\"},\"wordCount\":123,\"publisher\":{\"@id\":\"https:\\\/\\\/insia-upm.es\\\/#organization\"},\"image\":{\"@id\":\"https:\\\/\\\/insia-upm.es\\\/premios-catedra-eduardo-barreiros\\\/#primaryimage\"},\"thumbnailUrl\":\"https:\\\/\\\/insia-upm.es\\\/wp-content\\\/uploads\\\/2016\\\/02\\\/logo-CatedraEB_Def.jpg\",\"articleSection\":[\"Catedra Eduardo Barreiros\"],\"inLanguage\":\"en-GB\"},{\"@type\":\"WebPage\",\"@id\":\"https:\\\/\\\/insia-upm.es\\\/premios-catedra-eduardo-barreiros\\\/\",\"url\":\"https:\\\/\\\/insia-upm.es\\\/premios-catedra-eduardo-barreiros\\\/\",\"name\":\"Premios c\u00e1tedra Eduardo Barreiros - Instituto Universitario de Investigaci\u00f3n del Autom\u00f3vil Francisco Aparicio Izquierdo\",\"isPartOf\":{\"@id\":\"https:\\\/\\\/insia-upm.es\\\/#website\"},\"primaryImageOfPage\":{\"@id\":\"https:\\\/\\\/insia-upm.es\\\/premios-catedra-eduardo-barreiros\\\/#primaryimage\"},\"image\":{\"@id\":\"https:\\\/\\\/insia-upm.es\\\/premios-catedra-eduardo-barreiros\\\/#primaryimage\"},\"thumbnailUrl\":\"https:\\\/\\\/insia-upm.es\\\/wp-content\\\/uploads\\\/2016\\\/02\\\/logo-CatedraEB_Def.jpg\",\"datePublished\":\"2016-04-29T14:05:13+00:00\",\"description\":\"La C\u00e1tedra universidad-empresa \u201cEduardo Barreiros: autom\u00f3vil y Movilidad sostenible\u201c convoca 2 premios en 2016\",\"breadcrumb\":{\"@id\":\"https:\\\/\\\/insia-upm.es\\\/premios-catedra-eduardo-barreiros\\\/#breadcrumb\"},\"inLanguage\":\"en-GB\",\"potentialAction\":[{\"@type\":\"ReadAction\",\"target\":[\"https:\\\/\\\/insia-upm.es\\\/premios-catedra-eduardo-barreiros\\\/\"]}]},{\"@type\":\"ImageObject\",\"inLanguage\":\"en-GB\",\"@id\":\"https:\\\/\\\/insia-upm.es\\\/premios-catedra-eduardo-barreiros\\\/#primaryimage\",\"url\":\"https:\\\/\\\/insia-upm.es\\\/wp-content\\\/uploads\\\/2016\\\/02\\\/logo-CatedraEB_Def.jpg\",\"contentUrl\":\"https:\\\/\\\/insia-upm.es\\\/wp-content\\\/uploads\\\/2016\\\/02\\\/logo-CatedraEB_Def.jpg\",\"width\":848,\"height\":436},{\"@type\":\"BreadcrumbList\",\"@id\":\"https:\\\/\\\/insia-upm.es\\\/premios-catedra-eduardo-barreiros\\\/#breadcrumb\",\"itemListElement\":[{\"@type\":\"ListItem\",\"position\":1,\"name\":\"Portada\",\"item\":\"https:\\\/\\\/insia-upm.es\\\/\"},{\"@type\":\"ListItem\",\"position\":2,\"name\":\"Premios c\u00e1tedra Eduardo Barreiros\"}]},{\"@type\":\"WebSite\",\"@id\":\"https:\\\/\\\/insia-upm.es\\\/#website\",\"url\":\"https:\\\/\\\/insia-upm.es\\\/\",\"name\":\"Instituto Universitario de Investigaci\u00f3n del Autom\u00f3vil Francisco Aparicio Izquierdo\",\"description\":\"Instituto de Investigaci\u00f3n del Autom\u00f3vil Francisco Aparicio Izquierdo\",\"publisher\":{\"@id\":\"https:\\\/\\\/insia-upm.es\\\/#organization\"},\"potentialAction\":[{\"@type\":\"SearchAction\",\"target\":{\"@type\":\"EntryPoint\",\"urlTemplate\":\"https:\\\/\\\/insia-upm.es\\\/?s={search_term_string}\"},\"query-input\":{\"@type\":\"PropertyValueSpecification\",\"valueRequired\":true,\"valueName\":\"search_term_string\"}}],\"inLanguage\":\"en-GB\"},{\"@type\":\"Organization\",\"@id\":\"https:\\\/\\\/insia-upm.es\\\/#organization\",\"name\":\"UPM-INSIA\",\"url\":\"https:\\\/\\\/insia-upm.es\\\/\",\"logo\":{\"@type\":\"ImageObject\",\"inLanguage\":\"en-GB\",\"@id\":\"https:\\\/\\\/insia-upm.es\\\/#\\\/schema\\\/logo\\\/image\\\/\",\"url\":\"https:\\\/\\\/insia-upm.es\\\/wp-content\\\/uploads\\\/2021\\\/12\\\/logo-insia-low-e1412177316550.png\",\"contentUrl\":\"https:\\\/\\\/insia-upm.es\\\/wp-content\\\/uploads\\\/2021\\\/12\\\/logo-insia-low-e1412177316550.png\",\"width\":50,\"height\":71,\"caption\":\"UPM-INSIA\"},\"image\":{\"@id\":\"https:\\\/\\\/insia-upm.es\\\/#\\\/schema\\\/logo\\\/image\\\/\"},\"sameAs\":[\"https:\\\/\\\/x.com\\\/INSIAUPM\",\"https:\\\/\\\/www.instagram.com\\\/insia.upm\\\/\",\"https:\\\/\\\/www.linkedin.com\\\/in\\\/insia-instituto-universitario-investigaci\u00f3n-9088635a\\\/\",\"https:\\\/\\\/www.youtube.com\\\/user\\\/gestionidi\"]},{\"@type\":\"Person\",\"@id\":\"https:\\\/\\\/insia-upm.es\\\/#\\\/schema\\\/person\\\/ea86956259a9cb1c71947e50fada3117\",\"name\":\"desarrollo\",\"image\":{\"@type\":\"ImageObject\",\"inLanguage\":\"en-GB\",\"@id\":\"https:\\\/\\\/secure.gravatar.com\\\/avatar\\\/adcd1146e74a083903bd51ea0ac5e00b3905e9c35fc0c1b39da8534ca17f7257?s=96&d=mm&r=g\",\"url\":\"https:\\\/\\\/secure.gravatar.com\\\/avatar\\\/adcd1146e74a083903bd51ea0ac5e00b3905e9c35fc0c1b39da8534ca17f7257?s=96&d=mm&r=g\",\"contentUrl\":\"https:\\\/\\\/secure.gravatar.com\\\/avatar\\\/adcd1146e74a083903bd51ea0ac5e00b3905e9c35fc0c1b39da8534ca17f7257?s=96&d=mm&r=g\",\"caption\":\"desarrollo\"},\"sameAs\":[\"https:\\\/\\\/insia-upm.es\"],\"url\":\"https:\\\/\\\/insia-upm.es\\\/en\\\/author\\\/desarrollo\\\/\"}]}<\/script>\n<!-- \/ Yoast SEO plugin. -->","yoast_head_json":{"title":"Premios c\u00e1tedra Eduardo Barreiros - Instituto Universitario de Investigaci\u00f3n del Autom\u00f3vil Francisco Aparicio Izquierdo","description":"La C\u00e1tedra universidad-empresa \u201cEduardo Barreiros: autom\u00f3vil y Movilidad sostenible\u201c convoca 2 premios en 2016","robots":{"index":"index","follow":"follow","max-snippet":"max-snippet:-1","max-image-preview":"max-image-preview:large","max-video-preview":"max-video-preview:-1"},"canonical":"https:\/\/insia-upm.es\/en\/premios-catedra-eduardo-barreiros\/","og_locale":"en_GB","og_type":"article","og_title":"Premios c\u00e1tedra Eduardo Barreiros - Instituto Universitario de Investigaci\u00f3n del Autom\u00f3vil Francisco Aparicio Izquierdo","og_description":"La C\u00e1tedra universidad-empresa \u201cEduardo Barreiros: autom\u00f3vil y Movilidad sostenible\u201c convoca 2 premios en 2016","og_url":"https:\/\/insia-upm.es\/en\/premios-catedra-eduardo-barreiros\/","og_site_name":"Instituto Universitario de Investigaci\u00f3n del Autom\u00f3vil Francisco Aparicio Izquierdo","article_published_time":"2016-04-29T14:05:13+00:00","og_image":[{"width":848,"height":436,"url":"https:\/\/insia-upm.es\/wp-content\/uploads\/2016\/02\/logo-CatedraEB_Def.jpg","type":"image\/jpeg"}],"author":"desarrollo","twitter_card":"summary_large_image","twitter_creator":"@INSIAUPM","twitter_site":"@INSIAUPM","twitter_misc":{"Written by":"desarrollo","Estimated reading time":"1 minute"},"schema":{"@context":"https:\/\/schema.org","@graph":[{"@type":"Article","@id":"https:\/\/insia-upm.es\/premios-catedra-eduardo-barreiros\/#article","isPartOf":{"@id":"https:\/\/insia-upm.es\/premios-catedra-eduardo-barreiros\/"},"author":{"name":"desarrollo","@id":"https:\/\/insia-upm.es\/#\/schema\/person\/ea86956259a9cb1c71947e50fada3117"},"headline":"Premios c\u00e1tedra Eduardo Barreiros","datePublished":"2016-04-29T14:05:13+00:00","mainEntityOfPage":{"@id":"https:\/\/insia-upm.es\/premios-catedra-eduardo-barreiros\/"},"wordCount":123,"publisher":{"@id":"https:\/\/insia-upm.es\/#organization"},"image":{"@id":"https:\/\/insia-upm.es\/premios-catedra-eduardo-barreiros\/#primaryimage"},"thumbnailUrl":"https:\/\/insia-upm.es\/wp-content\/uploads\/2016\/02\/logo-CatedraEB_Def.jpg","articleSection":["Catedra Eduardo Barreiros"],"inLanguage":"en-GB"},{"@type":"WebPage","@id":"https:\/\/insia-upm.es\/premios-catedra-eduardo-barreiros\/","url":"https:\/\/insia-upm.es\/premios-catedra-eduardo-barreiros\/","name":"Premios c\u00e1tedra Eduardo Barreiros - Instituto Universitario de Investigaci\u00f3n del Autom\u00f3vil Francisco Aparicio Izquierdo","isPartOf":{"@id":"https:\/\/insia-upm.es\/#website"},"primaryImageOfPage":{"@id":"https:\/\/insia-upm.es\/premios-catedra-eduardo-barreiros\/#primaryimage"},"image":{"@id":"https:\/\/insia-upm.es\/premios-catedra-eduardo-barreiros\/#primaryimage"},"thumbnailUrl":"https:\/\/insia-upm.es\/wp-content\/uploads\/2016\/02\/logo-CatedraEB_Def.jpg","datePublished":"2016-04-29T14:05:13+00:00","description":"La C\u00e1tedra universidad-empresa \u201cEduardo Barreiros: autom\u00f3vil y Movilidad sostenible\u201c convoca 2 premios en 2016","breadcrumb":{"@id":"https:\/\/insia-upm.es\/premios-catedra-eduardo-barreiros\/#breadcrumb"},"inLanguage":"en-GB","potentialAction":[{"@type":"ReadAction","target":["https:\/\/insia-upm.es\/premios-catedra-eduardo-barreiros\/"]}]},{"@type":"ImageObject","inLanguage":"en-GB","@id":"https:\/\/insia-upm.es\/premios-catedra-eduardo-barreiros\/#primaryimage","url":"https:\/\/insia-upm.es\/wp-content\/uploads\/2016\/02\/logo-CatedraEB_Def.jpg","contentUrl":"https:\/\/insia-upm.es\/wp-content\/uploads\/2016\/02\/logo-CatedraEB_Def.jpg","width":848,"height":436},{"@type":"BreadcrumbList","@id":"https:\/\/insia-upm.es\/premios-catedra-eduardo-barreiros\/#breadcrumb","itemListElement":[{"@type":"ListItem","position":1,"name":"Portada","item":"https:\/\/insia-upm.es\/"},{"@type":"ListItem","position":2,"name":"Premios c\u00e1tedra Eduardo Barreiros"}]},{"@type":"WebSite","@id":"https:\/\/insia-upm.es\/#website","url":"https:\/\/insia-upm.es\/","name":"Instituto Universitario de Investigaci\u00f3n del Autom\u00f3vil Francisco Aparicio Izquierdo","description":"Instituto de Investigaci\u00f3n del Autom\u00f3vil Francisco Aparicio Izquierdo","publisher":{"@id":"https:\/\/insia-upm.es\/#organization"},"potentialAction":[{"@type":"SearchAction","target":{"@type":"EntryPoint","urlTemplate":"https:\/\/insia-upm.es\/?s={search_term_string}"},"query-input":{"@type":"PropertyValueSpecification","valueRequired":true,"valueName":"search_term_string"}}],"inLanguage":"en-GB"},{"@type":"Organization","@id":"https:\/\/insia-upm.es\/#organization","name":"UPM-INSIA","url":"https:\/\/insia-upm.es\/","logo":{"@type":"ImageObject","inLanguage":"en-GB","@id":"https:\/\/insia-upm.es\/#\/schema\/logo\/image\/","url":"https:\/\/insia-upm.es\/wp-content\/uploads\/2021\/12\/logo-insia-low-e1412177316550.png","contentUrl":"https:\/\/insia-upm.es\/wp-content\/uploads\/2021\/12\/logo-insia-low-e1412177316550.png","width":50,"height":71,"caption":"UPM-INSIA"},"image":{"@id":"https:\/\/insia-upm.es\/#\/schema\/logo\/image\/"},"sameAs":["https:\/\/x.com\/INSIAUPM","https:\/\/www.instagram.com\/insia.upm\/","https:\/\/www.linkedin.com\/in\/insia-instituto-universitario-investigaci\u00f3n-9088635a\/","https:\/\/www.youtube.com\/user\/gestionidi"]},{"@type":"Person","@id":"https:\/\/insia-upm.es\/#\/schema\/person\/ea86956259a9cb1c71947e50fada3117","name":"desarrollo","image":{"@type":"ImageObject","inLanguage":"en-GB","@id":"https:\/\/secure.gravatar.com\/avatar\/adcd1146e74a083903bd51ea0ac5e00b3905e9c35fc0c1b39da8534ca17f7257?s=96&d=mm&r=g","url":"https:\/\/secure.gravatar.com\/avatar\/adcd1146e74a083903bd51ea0ac5e00b3905e9c35fc0c1b39da8534ca17f7257?s=96&d=mm&r=g","contentUrl":"https:\/\/secure.gravatar.com\/avatar\/adcd1146e74a083903bd51ea0ac5e00b3905e9c35fc0c1b39da8534ca17f7257?s=96&d=mm&r=g","caption":"desarrollo"},"sameAs":["https:\/\/insia-upm.es"],"url":"https:\/\/insia-upm.es\/en\/author\/desarrollo\/"}]}},"_links":{"self":[{"href":"https:\/\/insia-upm.es\/en\/wp-json\/wp\/v2\/posts\/13377","targetHints":{"allow":["GET"]}}],"collection":[{"href":"https:\/\/insia-upm.es\/en\/wp-json\/wp\/v2\/posts"}],"about":[{"href":"https:\/\/insia-upm.es\/en\/wp-json\/wp\/v2\/types\/post"}],"author":[{"embeddable":true,"href":"https:\/\/insia-upm.es\/en\/wp-json\/wp\/v2\/users\/1"}],"replies":[{"embeddable":true,"href":"https:\/\/insia-upm.es\/en\/wp-json\/wp\/v2\/comments?post=13377"}],"version-history":[{"count":0,"href":"https:\/\/insia-upm.es\/en\/wp-json\/wp\/v2\/posts\/13377\/revisions"}],"wp:featuredmedia":[{"embeddable":true,"href":"https:\/\/insia-upm.es\/en\/wp-json\/wp\/v2\/media\/13306"}],"wp:attachment":[{"href":"https:\/\/insia-upm.es\/en\/wp-json\/wp\/v2\/media?parent=13377"}],"wp:term":[{"taxonomy":"category","embeddable":true,"href":"https:\/\/insia-upm.es\/en\/wp-json\/wp\/v2\/categories?post=13377"},{"taxonomy":"post_tag","embeddable":true,"href":"https:\/\/insia-upm.es\/en\/wp-json\/wp\/v2\/tags?post=13377"}],"curies":[{"name":"wp","href":"https:\/\/api.w.org\/{rel}","templated":true}]}}