{"id":13313,"date":"2016-03-30T18:04:22","date_gmt":"2016-03-30T16:04:22","guid":{"rendered":"https:\/\/insia-upm.es\/?p=13313"},"modified":"2016-03-30T18:04:22","modified_gmt":"2016-03-30T16:04:22","slug":"la-energia-factor-clave-para-una-movilidad-sostenible-2","status":"publish","type":"post","link":"https:\/\/insia-upm.es\/en\/la-energia-factor-clave-para-una-movilidad-sostenible-2\/","title":{"rendered":"LA ENERG\u00cdA, FACTOR CLAVE PARA UNA MOVILIDAD SOSTENIBLE"},"content":{"rendered":"<p style=\"text-align: justify;\">El pasado d\u00eda 8 de marzo se celebr\u00f3\u00a0 la exitosa\u00a0 Jornada Acad\u00e9mica \u201c<strong>LA ENERG\u00cdA, FACTOR CLAVE <\/strong><strong>P<\/strong><strong>ara<\/strong> <strong>UNA MOVILIDAD SOSTENIBLE\u201d, <\/strong>organizada por la <em>C\u00e1tedra Universidad-Empresa Eduardo Barreiros \u201cAutom\u00f3vil y Movilidad Sostenible\u201d <\/em>y el GIVET con aforo completo del Sal\u00f3n de Actos de la ETS de Ingenieros Industriales de la UPM de Madrid. La asistencia de unas 350 personas cont\u00f3 con alumnos de los m\u00e1steres en Ingenier\u00eda Industrial; Ingenier\u00eda de Automoci\u00f3n; Ingenier\u00eda de Veh\u00edculos H\u00edbridos y El\u00e9ctricos y de Eficiencia Energ\u00e9tica en el Transporte, Edificaci\u00f3n e Industria de la UPM y profesionales del sector de la automoci\u00f3n. El acto de apertura de la Jornada fue presidido por el Director de la Escuela, Profesor Emilio M\u00ednguez y D\u00f1a. Mariluz Barreiros, Presidenta de la Fundaci\u00f3n Eduardo Barreiros que pronunci\u00f3 unas emotivas palabras en recuerdo de la actividad desarrollado por su padre, cuyos inicios industriales estuvieron vinculados con la utilizaci\u00f3n de combustibles alternativos en varios tipos de veh\u00edculos. La presentaci\u00f3n de la Jornada estuvo a cargo del Prof. Francisco Aparicio, Director de la C\u00e1tedra <em>Eduardo Barreiros \u201cAutom\u00f3vil y Movilidad Sostenible\u201d, Presidente del INSIA y responsable de la confecci\u00f3n del panel de expertos. El Prof. Aparicio recalc\u00f3 la necesidad de incorporar paulatinamente diferentes tipos de energ\u00eda para soportar una movilidad creciente a la par que sostenible. <\/em><\/p>\n<p style=\"text-align: justify;\">Los ponentes fueron D. Jos\u00e9 Mar\u00eda L\u00f3pez, Director del INSIA; D. Guillermo Wolff, Consultor Senior de Combustibles de Automoci\u00f3n de REPSOL, S.A.; D. Jos\u00e9 Ram\u00f3n Freire, Presidente de GASNAM; D. Jes\u00fas Javier L\u00e1zaro Mu\u00f1oz, Coordinador del \u00c1rea de Downstream en el Centro de Investigaci\u00f3n de CEPSA; D. Fernando Graumarti, Responsable Ib\u00e9rico de Gases Especiales y de Hidr\u00f3geno Energ\u00eda de AIR LIQUIDE\u00a0 y D. Jorge S\u00e1nchez, Chief of Living Labs and Innovation Projects de ENDESA.<\/p>\n<p style=\"text-align: justify;\"><em>El cartel de ponentes de la Jornada, combin\u00f3 la gran capacidad cient\u00edfica y la experiencia y cada uno en su \u00e1rea proyectaron las expectativas de la distribuci\u00f3n energ\u00e9tica de <\/em><strong>la gasolina, el di\u00e9sel, el gas natural, los biocombustibles, el hidr\u00f3geno y la electricidad<\/strong><em> en los pr\u00f3ximos 25 a\u00f1os para los diferentes tipos de veh\u00edculos: La confluencia de experiencias de investigadores y profesionales de diferentes empresas permiti\u00f3 a los asistentes conocer el estado tecnol\u00f3gico actual de los propulsores vehiculares y su proyecci\u00f3n en los pr\u00f3ximos lustros.<\/em><\/p>\n<p style=\"text-align: justify;\">Los asistentes alumnos de los 4 M\u00e1steres relevantes de la UPM pudieron completar su formaci\u00f3n compartiendo conocimientos de especialistas reconocidos en materias en las que seguramente trabajar\u00e1n en su vida profesional en un futuro muy pr\u00f3ximo.<\/p>\n<p style=\"text-align: justify;\">La invitaci\u00f3n realizada por ASEPA a sus socios permiti\u00f3 contar con un nutrido n\u00famero de profesionales entre los asistentes.<\/p>","protected":false},"excerpt":{"rendered":"<p>El pasado d\u00eda 8 de marzo se celebr\u00f3\u00a0 la exitosa\u00a0 Jornada Acad\u00e9mica \u201cLA ENERG\u00cdA, FACTOR CLAVE Para UNA MOVILIDAD SOSTENIBLE\u201d, organizada por la C\u00e1tedra Universidad-Empresa Eduardo Barreiros \u201cAutom\u00f3vil y Movilidad Sostenible\u201d y el GIVET con aforo completo del Sal\u00f3n de Actos de la ETS de Ingenieros Industriales de la UPM de Madrid. La asistencia de [&hellip;]<\/p>\n","protected":false},"author":1,"featured_media":13314,"comment_status":"closed","ping_status":"open","sticky":false,"template":"","format":"standard","meta":{"_et_pb_use_builder":"","_et_pb_old_content":"","_et_gb_content_width":"","_monsterinsights_skip_tracking":false,"_monsterinsights_sitenote_active":false,"_monsterinsights_sitenote_note":"","_monsterinsights_sitenote_category":0,"footnotes":""},"categories":[79],"tags":[],"class_list":["post-13313","post","type-post","status-publish","format-standard","has-post-thumbnail","hentry","category-catedra-eduardo-barreiros"],"yoast_head":"<!-- This site is optimized with the Yoast SEO plugin v27.4 - https:\/\/yoast.com\/product\/yoast-seo-wordpress\/ -->\n<title>LA ENERG\u00cdA, FACTOR CLAVE PARA UNA MOVILIDAD SOSTENIBLE - Instituto Universitario de Investigaci\u00f3n del Autom\u00f3vil Francisco Aparicio Izquierdo<\/title>\n<meta name=\"description\" content=\"C\u00e1tedra Universidad-Empresa Eduardo Barreiros \u201cAutom\u00f3vil y Movilidad Sostenible\" \/>\n<meta name=\"robots\" content=\"index, follow, max-snippet:-1, max-image-preview:large, max-video-preview:-1\" \/>\n<link rel=\"canonical\" href=\"https:\/\/insia-upm.es\/en\/la-energia-factor-clave-para-una-movilidad-sostenible-2\/\" \/>\n<meta property=\"og:locale\" content=\"en_GB\" \/>\n<meta property=\"og:type\" content=\"article\" \/>\n<meta property=\"og:title\" content=\"LA ENERG\u00cdA, FACTOR CLAVE PARA UNA MOVILIDAD SOSTENIBLE - Instituto Universitario de Investigaci\u00f3n del Autom\u00f3vil Francisco Aparicio Izquierdo\" \/>\n<meta property=\"og:description\" content=\"C\u00e1tedra Universidad-Empresa Eduardo Barreiros \u201cAutom\u00f3vil y Movilidad Sostenible\" \/>\n<meta property=\"og:url\" content=\"https:\/\/insia-upm.es\/en\/la-energia-factor-clave-para-una-movilidad-sostenible-2\/\" \/>\n<meta property=\"og:site_name\" content=\"Instituto Universitario de Investigaci\u00f3n del Autom\u00f3vil Francisco Aparicio Izquierdo\" \/>\n<meta property=\"article:published_time\" content=\"2016-03-30T16:04:22+00:00\" \/>\n<meta name=\"author\" content=\"desarrollo\" \/>\n<meta name=\"twitter:card\" content=\"summary_large_image\" \/>\n<meta name=\"twitter:creator\" content=\"@INSIAUPM\" \/>\n<meta name=\"twitter:site\" content=\"@INSIAUPM\" \/>\n<meta name=\"twitter:label1\" content=\"Written by\" \/>\n\t<meta name=\"twitter:data1\" content=\"desarrollo\" \/>\n\t<meta name=\"twitter:label2\" content=\"Estimated reading time\" \/>\n\t<meta name=\"twitter:data2\" content=\"2 minutes\" \/>\n<script type=\"application\/ld+json\" class=\"yoast-schema-graph\">{\"@context\":\"https:\\\/\\\/schema.org\",\"@graph\":[{\"@type\":\"Article\",\"@id\":\"https:\\\/\\\/insia-upm.es\\\/la-energia-factor-clave-para-una-movilidad-sostenible-2\\\/#article\",\"isPartOf\":{\"@id\":\"https:\\\/\\\/insia-upm.es\\\/la-energia-factor-clave-para-una-movilidad-sostenible-2\\\/\"},\"author\":{\"name\":\"desarrollo\",\"@id\":\"https:\\\/\\\/insia-upm.es\\\/#\\\/schema\\\/person\\\/ea86956259a9cb1c71947e50fada3117\"},\"headline\":\"LA ENERG\u00cdA, FACTOR CLAVE PARA UNA MOVILIDAD SOSTENIBLE\",\"datePublished\":\"2016-03-30T16:04:22+00:00\",\"mainEntityOfPage\":{\"@id\":\"https:\\\/\\\/insia-upm.es\\\/la-energia-factor-clave-para-una-movilidad-sostenible-2\\\/\"},\"wordCount\":488,\"publisher\":{\"@id\":\"https:\\\/\\\/insia-upm.es\\\/#organization\"},\"image\":{\"@id\":\"https:\\\/\\\/insia-upm.es\\\/la-energia-factor-clave-para-una-movilidad-sostenible-2\\\/#primaryimage\"},\"thumbnailUrl\":\"\",\"articleSection\":[\"Catedra Eduardo Barreiros\"],\"inLanguage\":\"en-GB\"},{\"@type\":\"WebPage\",\"@id\":\"https:\\\/\\\/insia-upm.es\\\/la-energia-factor-clave-para-una-movilidad-sostenible-2\\\/\",\"url\":\"https:\\\/\\\/insia-upm.es\\\/la-energia-factor-clave-para-una-movilidad-sostenible-2\\\/\",\"name\":\"LA ENERG\u00cdA, FACTOR CLAVE PARA UNA MOVILIDAD SOSTENIBLE - Instituto Universitario de Investigaci\u00f3n del Autom\u00f3vil Francisco Aparicio Izquierdo\",\"isPartOf\":{\"@id\":\"https:\\\/\\\/insia-upm.es\\\/#website\"},\"primaryImageOfPage\":{\"@id\":\"https:\\\/\\\/insia-upm.es\\\/la-energia-factor-clave-para-una-movilidad-sostenible-2\\\/#primaryimage\"},\"image\":{\"@id\":\"https:\\\/\\\/insia-upm.es\\\/la-energia-factor-clave-para-una-movilidad-sostenible-2\\\/#primaryimage\"},\"thumbnailUrl\":\"\",\"datePublished\":\"2016-03-30T16:04:22+00:00\",\"description\":\"C\u00e1tedra Universidad-Empresa Eduardo Barreiros \u201cAutom\u00f3vil y Movilidad Sostenible\",\"breadcrumb\":{\"@id\":\"https:\\\/\\\/insia-upm.es\\\/la-energia-factor-clave-para-una-movilidad-sostenible-2\\\/#breadcrumb\"},\"inLanguage\":\"en-GB\",\"potentialAction\":[{\"@type\":\"ReadAction\",\"target\":[\"https:\\\/\\\/insia-upm.es\\\/la-energia-factor-clave-para-una-movilidad-sostenible-2\\\/\"]}]},{\"@type\":\"ImageObject\",\"inLanguage\":\"en-GB\",\"@id\":\"https:\\\/\\\/insia-upm.es\\\/la-energia-factor-clave-para-una-movilidad-sostenible-2\\\/#primaryimage\",\"url\":\"\",\"contentUrl\":\"\"},{\"@type\":\"BreadcrumbList\",\"@id\":\"https:\\\/\\\/insia-upm.es\\\/la-energia-factor-clave-para-una-movilidad-sostenible-2\\\/#breadcrumb\",\"itemListElement\":[{\"@type\":\"ListItem\",\"position\":1,\"name\":\"Portada\",\"item\":\"https:\\\/\\\/insia-upm.es\\\/\"},{\"@type\":\"ListItem\",\"position\":2,\"name\":\"LA ENERG\u00cdA, FACTOR CLAVE PARA UNA MOVILIDAD SOSTENIBLE\"}]},{\"@type\":\"WebSite\",\"@id\":\"https:\\\/\\\/insia-upm.es\\\/#website\",\"url\":\"https:\\\/\\\/insia-upm.es\\\/\",\"name\":\"Instituto Universitario de Investigaci\u00f3n del Autom\u00f3vil Francisco Aparicio Izquierdo\",\"description\":\"Instituto de Investigaci\u00f3n del Autom\u00f3vil Francisco Aparicio Izquierdo\",\"publisher\":{\"@id\":\"https:\\\/\\\/insia-upm.es\\\/#organization\"},\"potentialAction\":[{\"@type\":\"SearchAction\",\"target\":{\"@type\":\"EntryPoint\",\"urlTemplate\":\"https:\\\/\\\/insia-upm.es\\\/?s={search_term_string}\"},\"query-input\":{\"@type\":\"PropertyValueSpecification\",\"valueRequired\":true,\"valueName\":\"search_term_string\"}}],\"inLanguage\":\"en-GB\"},{\"@type\":\"Organization\",\"@id\":\"https:\\\/\\\/insia-upm.es\\\/#organization\",\"name\":\"UPM-INSIA\",\"url\":\"https:\\\/\\\/insia-upm.es\\\/\",\"logo\":{\"@type\":\"ImageObject\",\"inLanguage\":\"en-GB\",\"@id\":\"https:\\\/\\\/insia-upm.es\\\/#\\\/schema\\\/logo\\\/image\\\/\",\"url\":\"https:\\\/\\\/insia-upm.es\\\/wp-content\\\/uploads\\\/2021\\\/12\\\/logo-insia-low-e1412177316550.png\",\"contentUrl\":\"https:\\\/\\\/insia-upm.es\\\/wp-content\\\/uploads\\\/2021\\\/12\\\/logo-insia-low-e1412177316550.png\",\"width\":50,\"height\":71,\"caption\":\"UPM-INSIA\"},\"image\":{\"@id\":\"https:\\\/\\\/insia-upm.es\\\/#\\\/schema\\\/logo\\\/image\\\/\"},\"sameAs\":[\"https:\\\/\\\/x.com\\\/INSIAUPM\",\"https:\\\/\\\/www.instagram.com\\\/insia.upm\\\/\",\"https:\\\/\\\/www.linkedin.com\\\/in\\\/insia-instituto-universitario-investigaci\u00f3n-9088635a\\\/\",\"https:\\\/\\\/www.youtube.com\\\/user\\\/gestionidi\"]},{\"@type\":\"Person\",\"@id\":\"https:\\\/\\\/insia-upm.es\\\/#\\\/schema\\\/person\\\/ea86956259a9cb1c71947e50fada3117\",\"name\":\"desarrollo\",\"image\":{\"@type\":\"ImageObject\",\"inLanguage\":\"en-GB\",\"@id\":\"https:\\\/\\\/secure.gravatar.com\\\/avatar\\\/adcd1146e74a083903bd51ea0ac5e00b3905e9c35fc0c1b39da8534ca17f7257?s=96&d=mm&r=g\",\"url\":\"https:\\\/\\\/secure.gravatar.com\\\/avatar\\\/adcd1146e74a083903bd51ea0ac5e00b3905e9c35fc0c1b39da8534ca17f7257?s=96&d=mm&r=g\",\"contentUrl\":\"https:\\\/\\\/secure.gravatar.com\\\/avatar\\\/adcd1146e74a083903bd51ea0ac5e00b3905e9c35fc0c1b39da8534ca17f7257?s=96&d=mm&r=g\",\"caption\":\"desarrollo\"},\"sameAs\":[\"https:\\\/\\\/insia-upm.es\"],\"url\":\"https:\\\/\\\/insia-upm.es\\\/en\\\/author\\\/desarrollo\\\/\"}]}<\/script>\n<!-- \/ Yoast SEO plugin. -->","yoast_head_json":{"title":"LA ENERG\u00cdA, FACTOR CLAVE PARA UNA MOVILIDAD SOSTENIBLE - Instituto Universitario de Investigaci\u00f3n del Autom\u00f3vil Francisco Aparicio Izquierdo","description":"C\u00e1tedra Universidad-Empresa Eduardo Barreiros \u201cAutom\u00f3vil y Movilidad Sostenible","robots":{"index":"index","follow":"follow","max-snippet":"max-snippet:-1","max-image-preview":"max-image-preview:large","max-video-preview":"max-video-preview:-1"},"canonical":"https:\/\/insia-upm.es\/en\/la-energia-factor-clave-para-una-movilidad-sostenible-2\/","og_locale":"en_GB","og_type":"article","og_title":"LA ENERG\u00cdA, FACTOR CLAVE PARA UNA MOVILIDAD SOSTENIBLE - Instituto Universitario de Investigaci\u00f3n del Autom\u00f3vil Francisco Aparicio Izquierdo","og_description":"C\u00e1tedra Universidad-Empresa Eduardo Barreiros \u201cAutom\u00f3vil y Movilidad Sostenible","og_url":"https:\/\/insia-upm.es\/en\/la-energia-factor-clave-para-una-movilidad-sostenible-2\/","og_site_name":"Instituto Universitario de Investigaci\u00f3n del Autom\u00f3vil Francisco Aparicio Izquierdo","article_published_time":"2016-03-30T16:04:22+00:00","author":"desarrollo","twitter_card":"summary_large_image","twitter_creator":"@INSIAUPM","twitter_site":"@INSIAUPM","twitter_misc":{"Written by":"desarrollo","Estimated reading time":"2 minutes"},"schema":{"@context":"https:\/\/schema.org","@graph":[{"@type":"Article","@id":"https:\/\/insia-upm.es\/la-energia-factor-clave-para-una-movilidad-sostenible-2\/#article","isPartOf":{"@id":"https:\/\/insia-upm.es\/la-energia-factor-clave-para-una-movilidad-sostenible-2\/"},"author":{"name":"desarrollo","@id":"https:\/\/insia-upm.es\/#\/schema\/person\/ea86956259a9cb1c71947e50fada3117"},"headline":"LA ENERG\u00cdA, FACTOR CLAVE PARA UNA MOVILIDAD SOSTENIBLE","datePublished":"2016-03-30T16:04:22+00:00","mainEntityOfPage":{"@id":"https:\/\/insia-upm.es\/la-energia-factor-clave-para-una-movilidad-sostenible-2\/"},"wordCount":488,"publisher":{"@id":"https:\/\/insia-upm.es\/#organization"},"image":{"@id":"https:\/\/insia-upm.es\/la-energia-factor-clave-para-una-movilidad-sostenible-2\/#primaryimage"},"thumbnailUrl":"","articleSection":["Catedra Eduardo Barreiros"],"inLanguage":"en-GB"},{"@type":"WebPage","@id":"https:\/\/insia-upm.es\/la-energia-factor-clave-para-una-movilidad-sostenible-2\/","url":"https:\/\/insia-upm.es\/la-energia-factor-clave-para-una-movilidad-sostenible-2\/","name":"LA ENERG\u00cdA, FACTOR CLAVE PARA UNA MOVILIDAD SOSTENIBLE - Instituto Universitario de Investigaci\u00f3n del Autom\u00f3vil Francisco Aparicio Izquierdo","isPartOf":{"@id":"https:\/\/insia-upm.es\/#website"},"primaryImageOfPage":{"@id":"https:\/\/insia-upm.es\/la-energia-factor-clave-para-una-movilidad-sostenible-2\/#primaryimage"},"image":{"@id":"https:\/\/insia-upm.es\/la-energia-factor-clave-para-una-movilidad-sostenible-2\/#primaryimage"},"thumbnailUrl":"","datePublished":"2016-03-30T16:04:22+00:00","description":"C\u00e1tedra Universidad-Empresa Eduardo Barreiros \u201cAutom\u00f3vil y Movilidad Sostenible","breadcrumb":{"@id":"https:\/\/insia-upm.es\/la-energia-factor-clave-para-una-movilidad-sostenible-2\/#breadcrumb"},"inLanguage":"en-GB","potentialAction":[{"@type":"ReadAction","target":["https:\/\/insia-upm.es\/la-energia-factor-clave-para-una-movilidad-sostenible-2\/"]}]},{"@type":"ImageObject","inLanguage":"en-GB","@id":"https:\/\/insia-upm.es\/la-energia-factor-clave-para-una-movilidad-sostenible-2\/#primaryimage","url":"","contentUrl":""},{"@type":"BreadcrumbList","@id":"https:\/\/insia-upm.es\/la-energia-factor-clave-para-una-movilidad-sostenible-2\/#breadcrumb","itemListElement":[{"@type":"ListItem","position":1,"name":"Portada","item":"https:\/\/insia-upm.es\/"},{"@type":"ListItem","position":2,"name":"LA ENERG\u00cdA, FACTOR CLAVE PARA UNA MOVILIDAD SOSTENIBLE"}]},{"@type":"WebSite","@id":"https:\/\/insia-upm.es\/#website","url":"https:\/\/insia-upm.es\/","name":"Instituto Universitario de Investigaci\u00f3n del Autom\u00f3vil Francisco Aparicio Izquierdo","description":"Instituto de Investigaci\u00f3n del Autom\u00f3vil Francisco Aparicio Izquierdo","publisher":{"@id":"https:\/\/insia-upm.es\/#organization"},"potentialAction":[{"@type":"SearchAction","target":{"@type":"EntryPoint","urlTemplate":"https:\/\/insia-upm.es\/?s={search_term_string}"},"query-input":{"@type":"PropertyValueSpecification","valueRequired":true,"valueName":"search_term_string"}}],"inLanguage":"en-GB"},{"@type":"Organization","@id":"https:\/\/insia-upm.es\/#organization","name":"UPM-INSIA","url":"https:\/\/insia-upm.es\/","logo":{"@type":"ImageObject","inLanguage":"en-GB","@id":"https:\/\/insia-upm.es\/#\/schema\/logo\/image\/","url":"https:\/\/insia-upm.es\/wp-content\/uploads\/2021\/12\/logo-insia-low-e1412177316550.png","contentUrl":"https:\/\/insia-upm.es\/wp-content\/uploads\/2021\/12\/logo-insia-low-e1412177316550.png","width":50,"height":71,"caption":"UPM-INSIA"},"image":{"@id":"https:\/\/insia-upm.es\/#\/schema\/logo\/image\/"},"sameAs":["https:\/\/x.com\/INSIAUPM","https:\/\/www.instagram.com\/insia.upm\/","https:\/\/www.linkedin.com\/in\/insia-instituto-universitario-investigaci\u00f3n-9088635a\/","https:\/\/www.youtube.com\/user\/gestionidi"]},{"@type":"Person","@id":"https:\/\/insia-upm.es\/#\/schema\/person\/ea86956259a9cb1c71947e50fada3117","name":"desarrollo","image":{"@type":"ImageObject","inLanguage":"en-GB","@id":"https:\/\/secure.gravatar.com\/avatar\/adcd1146e74a083903bd51ea0ac5e00b3905e9c35fc0c1b39da8534ca17f7257?s=96&d=mm&r=g","url":"https:\/\/secure.gravatar.com\/avatar\/adcd1146e74a083903bd51ea0ac5e00b3905e9c35fc0c1b39da8534ca17f7257?s=96&d=mm&r=g","contentUrl":"https:\/\/secure.gravatar.com\/avatar\/adcd1146e74a083903bd51ea0ac5e00b3905e9c35fc0c1b39da8534ca17f7257?s=96&d=mm&r=g","caption":"desarrollo"},"sameAs":["https:\/\/insia-upm.es"],"url":"https:\/\/insia-upm.es\/en\/author\/desarrollo\/"}]}},"_links":{"self":[{"href":"https:\/\/insia-upm.es\/en\/wp-json\/wp\/v2\/posts\/13313","targetHints":{"allow":["GET"]}}],"collection":[{"href":"https:\/\/insia-upm.es\/en\/wp-json\/wp\/v2\/posts"}],"about":[{"href":"https:\/\/insia-upm.es\/en\/wp-json\/wp\/v2\/types\/post"}],"author":[{"embeddable":true,"href":"https:\/\/insia-upm.es\/en\/wp-json\/wp\/v2\/users\/1"}],"replies":[{"embeddable":true,"href":"https:\/\/insia-upm.es\/en\/wp-json\/wp\/v2\/comments?post=13313"}],"version-history":[{"count":0,"href":"https:\/\/insia-upm.es\/en\/wp-json\/wp\/v2\/posts\/13313\/revisions"}],"wp:featuredmedia":[{"embeddable":true,"href":"https:\/\/insia-upm.es\/en\/wp-json\/"}],"wp:attachment":[{"href":"https:\/\/insia-upm.es\/en\/wp-json\/wp\/v2\/media?parent=13313"}],"wp:term":[{"taxonomy":"category","embeddable":true,"href":"https:\/\/insia-upm.es\/en\/wp-json\/wp\/v2\/categories?post=13313"},{"taxonomy":"post_tag","embeddable":true,"href":"https:\/\/insia-upm.es\/en\/wp-json\/wp\/v2\/tags?post=13313"}],"curies":[{"name":"wp","href":"https:\/\/api.w.org\/{rel}","templated":true}]}}