{"id":13304,"date":"2016-02-23T17:48:13","date_gmt":"2016-02-23T16:48:13","guid":{"rendered":"https:\/\/insia-upm.es\/?p=13304"},"modified":"2016-02-23T17:48:13","modified_gmt":"2016-02-23T16:48:13","slug":"la-energia-factor-clave-para-una-movilidad-sostenible","status":"publish","type":"post","link":"https:\/\/insia-upm.es\/en\/la-energia-factor-clave-para-una-movilidad-sostenible\/","title":{"rendered":"La energ\u00eda, factor clave para una movilidad sostenible"},"content":{"rendered":"<p>El pr\u00f3ximo 8 de marzo de 2016, en el \u00a0Sal\u00f3n de actos de la ETSII, tendr\u00e1 lugar una Jornada acad\u00e9mica titulada:<\/p>\n<p style=\"text-align: center;\"><strong>\u00abLa energ\u00eda, factor clave para una movilidad sostenible\u00bb<\/strong><\/p>\n<p>Esta jornada est\u00e1 organizada por:<\/p>\n<ul>\n<li>C\u00e1tedra Eduardo Barreiros \u201cAutom\u00f3vil y Movilidad Sostenible\u201d<\/li>\n<li>Grupo de Ingenier\u00eda de Veh\u00edculos y Transportes (GIVET) del Departamento de Ingenier\u00eda Mec\u00e1nica de la ETSII-UPM<\/li>\n<\/ul>\n<p><strong><u>OBJETIVO:<\/u><\/strong><br \/>\nAnalizar, de la mano de destacados especialistas en cada uno de los temas incluidos en la Jornada, el papel de las diferentes energ\u00edas disponibles en la movilidad del futuro a corto, medio y largo plazo y su contribuci\u00f3n previsible a la sostenibilidad de la movilidad, cuya demanda mantiene una tendencia creciente a nivel global.<br \/>\n<strong><u>\u00a0<\/u><\/strong><strong><u>DIRIGIDO A:<\/u><\/strong><\/p>\n<ul>\n<li style=\"text-align: justify;\">Estudiantes del M\u00e1ster en Ingenier\u00eda Industrial de la ETS Ingenieros Industriales de la Universidad Polit\u00e9cnica de Madrid<\/li>\n<li style=\"text-align: justify;\">Miembros de la Asociaci\u00f3n de Antiguos Alumnos de la ETS Ingenieros Industriales de la Universidad Polit\u00e9cnica de Madrid<\/li>\n<li style=\"text-align: justify;\">Miembros de ASEPA (Asociaci\u00f3n Espa\u00f1ola de Profesionales de Automoci\u00f3n)<\/li>\n<li>Especialistas del Sector<\/li>\n<\/ul>\n<p><strong><u>CONTENIDO:<\/u><\/strong><br \/>\n<span style=\"text-decoration: underline;\">APERTURA Y BIENVENIDA<\/span><\/p>\n<ul>\n<li>Emilio M\u00ednguez, Director de la ETSII-UPM.<\/li>\n<li>D\u00f1a. Mariluz Barreiros, Presidenta de la Fundaci\u00f3n Eduardo Barreiros<\/li>\n<\/ul>\n<p><span style=\"text-decoration: underline;\">PRESENTACI\u00d3N DE LA JORNADA<\/span><\/p>\n<ul>\n<li>Francisco Aparicio, Director de la C\u00e1tedra Eduardo Barreiros \u201cAutom\u00f3vil y Movilidad Sostenible\u201d<\/li>\n<\/ul>\n<p><span style=\"text-decoration: underline;\">EL RETO ENERG\u00c9TICO Y MEDIOAMBIENTAL EN EL MARCO DE UNA MOVILIDAD SOSTENIBLE<\/span><\/p>\n<ul>\n<li>Jos\u00e9 Mar\u00eda L\u00f3pez, Director del GIVET, Director del INSIA<\/li>\n<\/ul>\n<p><span style=\"text-decoration: underline;\">LOS COMBUSTIBLES CONVENCIONALES<\/span><\/p>\n<ul>\n<li>Guillermo Wolff, Consultor Senior de Combustibles de Automoci\u00f3n de REPSOL, S.A.<\/li>\n<\/ul>\n<p><span style=\"text-decoration: underline;\">COMBUSTIBLES ALTERNATIVOS<\/span><\/p>\n<ul>\n<li>EL GAS NATURAL\n<ul>\n<li>Jos\u00e9 Ram\u00f3n Freire, Presidente de GASNAM<\/li>\n<\/ul>\n<\/li>\n<li>BIOCOMBUSTIBLES\n<ul>\n<li>Jes\u00fas Javier L\u00e1zaro Mu\u00f1oz, Coordinador del \u00c1rea de Downstream en el Centro de Investigaci\u00f3n de CEPSA<\/li>\n<\/ul>\n<\/li>\n<li>EL HIDR\u00d3GENO\n<ul>\n<li>Fernando Graumarti, Responsable Ib\u00e9rico de Gases Especiales y de Hidr\u00f3geno Energ\u00eda de AIR LIQUIDE<\/li>\n<\/ul>\n<\/li>\n<\/ul>\n<p><span style=\"text-decoration: underline;\">LA ENERG\u00cdA EL\u00c9CTRICA<\/span><\/p>\n<ul>\n<li>Jorge S\u00e1nchez, Chief of Living Labs and Innovation Projects de ENDESA<\/li>\n<\/ul>\n<h3 style=\"padding-left: 300px;\"><strong>FECHA: 8 de marzo<\/strong><br \/>\n<strong>LUGAR: Sal\u00f3n de actos de la ETSII-UPM<\/strong><br \/>\n<strong>Horario: 16 a 20 horas<\/strong><\/h3>","protected":false},"excerpt":{"rendered":"<p>El pr\u00f3ximo 8 de marzo de 2016, en el \u00a0Sal\u00f3n de actos de la ETSII, tendr\u00e1 lugar una Jornada acad\u00e9mica titulada: \u00abLa energ\u00eda, factor clave para una movilidad sostenible\u00bb Esta jornada est\u00e1 organizada por: C\u00e1tedra Eduardo Barreiros \u201cAutom\u00f3vil y Movilidad Sostenible\u201d Grupo de Ingenier\u00eda de Veh\u00edculos y Transportes (GIVET) del Departamento de Ingenier\u00eda Mec\u00e1nica de [&hellip;]<\/p>\n","protected":false},"author":1,"featured_media":13306,"comment_status":"closed","ping_status":"open","sticky":false,"template":"","format":"standard","meta":{"_et_pb_use_builder":"","_et_pb_old_content":"","_et_gb_content_width":"","_monsterinsights_skip_tracking":false,"_monsterinsights_sitenote_active":false,"_monsterinsights_sitenote_note":"","_monsterinsights_sitenote_category":0,"footnotes":""},"categories":[41,79,39,58],"tags":[],"class_list":["post-13304","post","type-post","status-publish","format-standard","has-post-thumbnail","hentry","category-automocion","category-catedra-eduardo-barreiros","category-conferencia","category-jornada"],"yoast_head":"<!-- This site is optimized with the Yoast SEO plugin v27.4 - https:\/\/yoast.com\/product\/yoast-seo-wordpress\/ -->\n<title>La energ\u00eda, factor clave para una movilidad sostenible - Instituto Universitario de Investigaci\u00f3n del Autom\u00f3vil Francisco Aparicio Izquierdo<\/title>\n<meta name=\"description\" content=\"Jornada: La energ\u00eda, factor clave para una movilidad sostenible.\" \/>\n<meta name=\"robots\" content=\"index, follow, max-snippet:-1, max-image-preview:large, max-video-preview:-1\" \/>\n<link rel=\"canonical\" href=\"https:\/\/insia-upm.es\/en\/la-energia-factor-clave-para-una-movilidad-sostenible\/\" \/>\n<meta property=\"og:locale\" content=\"en_GB\" \/>\n<meta property=\"og:type\" content=\"article\" \/>\n<meta property=\"og:title\" content=\"La energ\u00eda, factor clave para una movilidad sostenible - Instituto Universitario de Investigaci\u00f3n del Autom\u00f3vil Francisco Aparicio Izquierdo\" \/>\n<meta property=\"og:description\" content=\"Jornada: La energ\u00eda, factor clave para una movilidad sostenible.\" \/>\n<meta property=\"og:url\" content=\"https:\/\/insia-upm.es\/en\/la-energia-factor-clave-para-una-movilidad-sostenible\/\" \/>\n<meta property=\"og:site_name\" content=\"Instituto Universitario de Investigaci\u00f3n del Autom\u00f3vil Francisco Aparicio Izquierdo\" \/>\n<meta property=\"article:published_time\" content=\"2016-02-23T16:48:13+00:00\" \/>\n<meta property=\"og:image\" content=\"https:\/\/insia-upm.es\/wp-content\/uploads\/2016\/02\/logo-CatedraEB_Def.jpg\" \/>\n\t<meta property=\"og:image:width\" content=\"848\" \/>\n\t<meta property=\"og:image:height\" content=\"436\" \/>\n\t<meta property=\"og:image:type\" content=\"image\/jpeg\" \/>\n<meta name=\"author\" content=\"desarrollo\" \/>\n<meta name=\"twitter:card\" content=\"summary_large_image\" \/>\n<meta name=\"twitter:creator\" content=\"@INSIAUPM\" \/>\n<meta name=\"twitter:site\" content=\"@INSIAUPM\" \/>\n<meta name=\"twitter:label1\" content=\"Written by\" \/>\n\t<meta name=\"twitter:data1\" content=\"desarrollo\" \/>\n\t<meta name=\"twitter:label2\" content=\"Estimated reading time\" \/>\n\t<meta name=\"twitter:data2\" content=\"2 minutes\" \/>\n<script type=\"application\/ld+json\" class=\"yoast-schema-graph\">{\"@context\":\"https:\\\/\\\/schema.org\",\"@graph\":[{\"@type\":\"Article\",\"@id\":\"https:\\\/\\\/insia-upm.es\\\/la-energia-factor-clave-para-una-movilidad-sostenible\\\/#article\",\"isPartOf\":{\"@id\":\"https:\\\/\\\/insia-upm.es\\\/la-energia-factor-clave-para-una-movilidad-sostenible\\\/\"},\"author\":{\"name\":\"desarrollo\",\"@id\":\"https:\\\/\\\/insia-upm.es\\\/#\\\/schema\\\/person\\\/ea86956259a9cb1c71947e50fada3117\"},\"headline\":\"La energ\u00eda, factor clave para una movilidad sostenible\",\"datePublished\":\"2016-02-23T16:48:13+00:00\",\"mainEntityOfPage\":{\"@id\":\"https:\\\/\\\/insia-upm.es\\\/la-energia-factor-clave-para-una-movilidad-sostenible\\\/\"},\"wordCount\":353,\"publisher\":{\"@id\":\"https:\\\/\\\/insia-upm.es\\\/#organization\"},\"image\":{\"@id\":\"https:\\\/\\\/insia-upm.es\\\/la-energia-factor-clave-para-una-movilidad-sostenible\\\/#primaryimage\"},\"thumbnailUrl\":\"https:\\\/\\\/insia-upm.es\\\/wp-content\\\/uploads\\\/2016\\\/02\\\/logo-CatedraEB_Def.jpg\",\"articleSection\":[\"AUTOMOCION\",\"Catedra Eduardo Barreiros\",\"conferencia\",\"JORNADA\"],\"inLanguage\":\"en-GB\"},{\"@type\":\"WebPage\",\"@id\":\"https:\\\/\\\/insia-upm.es\\\/la-energia-factor-clave-para-una-movilidad-sostenible\\\/\",\"url\":\"https:\\\/\\\/insia-upm.es\\\/la-energia-factor-clave-para-una-movilidad-sostenible\\\/\",\"name\":\"La energ\u00eda, factor clave para una movilidad sostenible - Instituto Universitario de Investigaci\u00f3n del Autom\u00f3vil Francisco Aparicio Izquierdo\",\"isPartOf\":{\"@id\":\"https:\\\/\\\/insia-upm.es\\\/#website\"},\"primaryImageOfPage\":{\"@id\":\"https:\\\/\\\/insia-upm.es\\\/la-energia-factor-clave-para-una-movilidad-sostenible\\\/#primaryimage\"},\"image\":{\"@id\":\"https:\\\/\\\/insia-upm.es\\\/la-energia-factor-clave-para-una-movilidad-sostenible\\\/#primaryimage\"},\"thumbnailUrl\":\"https:\\\/\\\/insia-upm.es\\\/wp-content\\\/uploads\\\/2016\\\/02\\\/logo-CatedraEB_Def.jpg\",\"datePublished\":\"2016-02-23T16:48:13+00:00\",\"description\":\"Jornada: La energ\u00eda, factor clave para una movilidad sostenible.\",\"breadcrumb\":{\"@id\":\"https:\\\/\\\/insia-upm.es\\\/la-energia-factor-clave-para-una-movilidad-sostenible\\\/#breadcrumb\"},\"inLanguage\":\"en-GB\",\"potentialAction\":[{\"@type\":\"ReadAction\",\"target\":[\"https:\\\/\\\/insia-upm.es\\\/la-energia-factor-clave-para-una-movilidad-sostenible\\\/\"]}]},{\"@type\":\"ImageObject\",\"inLanguage\":\"en-GB\",\"@id\":\"https:\\\/\\\/insia-upm.es\\\/la-energia-factor-clave-para-una-movilidad-sostenible\\\/#primaryimage\",\"url\":\"https:\\\/\\\/insia-upm.es\\\/wp-content\\\/uploads\\\/2016\\\/02\\\/logo-CatedraEB_Def.jpg\",\"contentUrl\":\"https:\\\/\\\/insia-upm.es\\\/wp-content\\\/uploads\\\/2016\\\/02\\\/logo-CatedraEB_Def.jpg\",\"width\":848,\"height\":436},{\"@type\":\"BreadcrumbList\",\"@id\":\"https:\\\/\\\/insia-upm.es\\\/la-energia-factor-clave-para-una-movilidad-sostenible\\\/#breadcrumb\",\"itemListElement\":[{\"@type\":\"ListItem\",\"position\":1,\"name\":\"Portada\",\"item\":\"https:\\\/\\\/insia-upm.es\\\/\"},{\"@type\":\"ListItem\",\"position\":2,\"name\":\"La energ\u00eda, factor clave para una movilidad sostenible\"}]},{\"@type\":\"WebSite\",\"@id\":\"https:\\\/\\\/insia-upm.es\\\/#website\",\"url\":\"https:\\\/\\\/insia-upm.es\\\/\",\"name\":\"Instituto Universitario de Investigaci\u00f3n del Autom\u00f3vil Francisco Aparicio Izquierdo\",\"description\":\"Instituto de Investigaci\u00f3n del Autom\u00f3vil Francisco Aparicio Izquierdo\",\"publisher\":{\"@id\":\"https:\\\/\\\/insia-upm.es\\\/#organization\"},\"potentialAction\":[{\"@type\":\"SearchAction\",\"target\":{\"@type\":\"EntryPoint\",\"urlTemplate\":\"https:\\\/\\\/insia-upm.es\\\/?s={search_term_string}\"},\"query-input\":{\"@type\":\"PropertyValueSpecification\",\"valueRequired\":true,\"valueName\":\"search_term_string\"}}],\"inLanguage\":\"en-GB\"},{\"@type\":\"Organization\",\"@id\":\"https:\\\/\\\/insia-upm.es\\\/#organization\",\"name\":\"UPM-INSIA\",\"url\":\"https:\\\/\\\/insia-upm.es\\\/\",\"logo\":{\"@type\":\"ImageObject\",\"inLanguage\":\"en-GB\",\"@id\":\"https:\\\/\\\/insia-upm.es\\\/#\\\/schema\\\/logo\\\/image\\\/\",\"url\":\"https:\\\/\\\/insia-upm.es\\\/wp-content\\\/uploads\\\/2021\\\/12\\\/logo-insia-low-e1412177316550.png\",\"contentUrl\":\"https:\\\/\\\/insia-upm.es\\\/wp-content\\\/uploads\\\/2021\\\/12\\\/logo-insia-low-e1412177316550.png\",\"width\":50,\"height\":71,\"caption\":\"UPM-INSIA\"},\"image\":{\"@id\":\"https:\\\/\\\/insia-upm.es\\\/#\\\/schema\\\/logo\\\/image\\\/\"},\"sameAs\":[\"https:\\\/\\\/x.com\\\/INSIAUPM\",\"https:\\\/\\\/www.instagram.com\\\/insia.upm\\\/\",\"https:\\\/\\\/www.linkedin.com\\\/in\\\/insia-instituto-universitario-investigaci\u00f3n-9088635a\\\/\",\"https:\\\/\\\/www.youtube.com\\\/user\\\/gestionidi\"]},{\"@type\":\"Person\",\"@id\":\"https:\\\/\\\/insia-upm.es\\\/#\\\/schema\\\/person\\\/ea86956259a9cb1c71947e50fada3117\",\"name\":\"desarrollo\",\"image\":{\"@type\":\"ImageObject\",\"inLanguage\":\"en-GB\",\"@id\":\"https:\\\/\\\/secure.gravatar.com\\\/avatar\\\/adcd1146e74a083903bd51ea0ac5e00b3905e9c35fc0c1b39da8534ca17f7257?s=96&d=mm&r=g\",\"url\":\"https:\\\/\\\/secure.gravatar.com\\\/avatar\\\/adcd1146e74a083903bd51ea0ac5e00b3905e9c35fc0c1b39da8534ca17f7257?s=96&d=mm&r=g\",\"contentUrl\":\"https:\\\/\\\/secure.gravatar.com\\\/avatar\\\/adcd1146e74a083903bd51ea0ac5e00b3905e9c35fc0c1b39da8534ca17f7257?s=96&d=mm&r=g\",\"caption\":\"desarrollo\"},\"sameAs\":[\"https:\\\/\\\/insia-upm.es\"],\"url\":\"https:\\\/\\\/insia-upm.es\\\/en\\\/author\\\/desarrollo\\\/\"}]}<\/script>\n<!-- \/ Yoast SEO plugin. -->","yoast_head_json":{"title":"La energ\u00eda, factor clave para una movilidad sostenible - Instituto Universitario de Investigaci\u00f3n del Autom\u00f3vil Francisco Aparicio Izquierdo","description":"Jornada: La energ\u00eda, factor clave para una movilidad sostenible.","robots":{"index":"index","follow":"follow","max-snippet":"max-snippet:-1","max-image-preview":"max-image-preview:large","max-video-preview":"max-video-preview:-1"},"canonical":"https:\/\/insia-upm.es\/en\/la-energia-factor-clave-para-una-movilidad-sostenible\/","og_locale":"en_GB","og_type":"article","og_title":"La energ\u00eda, factor clave para una movilidad sostenible - Instituto Universitario de Investigaci\u00f3n del Autom\u00f3vil Francisco Aparicio Izquierdo","og_description":"Jornada: La energ\u00eda, factor clave para una movilidad sostenible.","og_url":"https:\/\/insia-upm.es\/en\/la-energia-factor-clave-para-una-movilidad-sostenible\/","og_site_name":"Instituto Universitario de Investigaci\u00f3n del Autom\u00f3vil Francisco Aparicio Izquierdo","article_published_time":"2016-02-23T16:48:13+00:00","og_image":[{"width":848,"height":436,"url":"https:\/\/insia-upm.es\/wp-content\/uploads\/2016\/02\/logo-CatedraEB_Def.jpg","type":"image\/jpeg"}],"author":"desarrollo","twitter_card":"summary_large_image","twitter_creator":"@INSIAUPM","twitter_site":"@INSIAUPM","twitter_misc":{"Written by":"desarrollo","Estimated reading time":"2 minutes"},"schema":{"@context":"https:\/\/schema.org","@graph":[{"@type":"Article","@id":"https:\/\/insia-upm.es\/la-energia-factor-clave-para-una-movilidad-sostenible\/#article","isPartOf":{"@id":"https:\/\/insia-upm.es\/la-energia-factor-clave-para-una-movilidad-sostenible\/"},"author":{"name":"desarrollo","@id":"https:\/\/insia-upm.es\/#\/schema\/person\/ea86956259a9cb1c71947e50fada3117"},"headline":"La energ\u00eda, factor clave para una movilidad sostenible","datePublished":"2016-02-23T16:48:13+00:00","mainEntityOfPage":{"@id":"https:\/\/insia-upm.es\/la-energia-factor-clave-para-una-movilidad-sostenible\/"},"wordCount":353,"publisher":{"@id":"https:\/\/insia-upm.es\/#organization"},"image":{"@id":"https:\/\/insia-upm.es\/la-energia-factor-clave-para-una-movilidad-sostenible\/#primaryimage"},"thumbnailUrl":"https:\/\/insia-upm.es\/wp-content\/uploads\/2016\/02\/logo-CatedraEB_Def.jpg","articleSection":["AUTOMOCION","Catedra Eduardo Barreiros","conferencia","JORNADA"],"inLanguage":"en-GB"},{"@type":"WebPage","@id":"https:\/\/insia-upm.es\/la-energia-factor-clave-para-una-movilidad-sostenible\/","url":"https:\/\/insia-upm.es\/la-energia-factor-clave-para-una-movilidad-sostenible\/","name":"La energ\u00eda, factor clave para una movilidad sostenible - Instituto Universitario de Investigaci\u00f3n del Autom\u00f3vil Francisco Aparicio Izquierdo","isPartOf":{"@id":"https:\/\/insia-upm.es\/#website"},"primaryImageOfPage":{"@id":"https:\/\/insia-upm.es\/la-energia-factor-clave-para-una-movilidad-sostenible\/#primaryimage"},"image":{"@id":"https:\/\/insia-upm.es\/la-energia-factor-clave-para-una-movilidad-sostenible\/#primaryimage"},"thumbnailUrl":"https:\/\/insia-upm.es\/wp-content\/uploads\/2016\/02\/logo-CatedraEB_Def.jpg","datePublished":"2016-02-23T16:48:13+00:00","description":"Jornada: La energ\u00eda, factor clave para una movilidad sostenible.","breadcrumb":{"@id":"https:\/\/insia-upm.es\/la-energia-factor-clave-para-una-movilidad-sostenible\/#breadcrumb"},"inLanguage":"en-GB","potentialAction":[{"@type":"ReadAction","target":["https:\/\/insia-upm.es\/la-energia-factor-clave-para-una-movilidad-sostenible\/"]}]},{"@type":"ImageObject","inLanguage":"en-GB","@id":"https:\/\/insia-upm.es\/la-energia-factor-clave-para-una-movilidad-sostenible\/#primaryimage","url":"https:\/\/insia-upm.es\/wp-content\/uploads\/2016\/02\/logo-CatedraEB_Def.jpg","contentUrl":"https:\/\/insia-upm.es\/wp-content\/uploads\/2016\/02\/logo-CatedraEB_Def.jpg","width":848,"height":436},{"@type":"BreadcrumbList","@id":"https:\/\/insia-upm.es\/la-energia-factor-clave-para-una-movilidad-sostenible\/#breadcrumb","itemListElement":[{"@type":"ListItem","position":1,"name":"Portada","item":"https:\/\/insia-upm.es\/"},{"@type":"ListItem","position":2,"name":"La energ\u00eda, factor clave para una movilidad sostenible"}]},{"@type":"WebSite","@id":"https:\/\/insia-upm.es\/#website","url":"https:\/\/insia-upm.es\/","name":"Instituto Universitario de Investigaci\u00f3n del Autom\u00f3vil Francisco Aparicio Izquierdo","description":"Instituto de Investigaci\u00f3n del Autom\u00f3vil Francisco Aparicio Izquierdo","publisher":{"@id":"https:\/\/insia-upm.es\/#organization"},"potentialAction":[{"@type":"SearchAction","target":{"@type":"EntryPoint","urlTemplate":"https:\/\/insia-upm.es\/?s={search_term_string}"},"query-input":{"@type":"PropertyValueSpecification","valueRequired":true,"valueName":"search_term_string"}}],"inLanguage":"en-GB"},{"@type":"Organization","@id":"https:\/\/insia-upm.es\/#organization","name":"UPM-INSIA","url":"https:\/\/insia-upm.es\/","logo":{"@type":"ImageObject","inLanguage":"en-GB","@id":"https:\/\/insia-upm.es\/#\/schema\/logo\/image\/","url":"https:\/\/insia-upm.es\/wp-content\/uploads\/2021\/12\/logo-insia-low-e1412177316550.png","contentUrl":"https:\/\/insia-upm.es\/wp-content\/uploads\/2021\/12\/logo-insia-low-e1412177316550.png","width":50,"height":71,"caption":"UPM-INSIA"},"image":{"@id":"https:\/\/insia-upm.es\/#\/schema\/logo\/image\/"},"sameAs":["https:\/\/x.com\/INSIAUPM","https:\/\/www.instagram.com\/insia.upm\/","https:\/\/www.linkedin.com\/in\/insia-instituto-universitario-investigaci\u00f3n-9088635a\/","https:\/\/www.youtube.com\/user\/gestionidi"]},{"@type":"Person","@id":"https:\/\/insia-upm.es\/#\/schema\/person\/ea86956259a9cb1c71947e50fada3117","name":"desarrollo","image":{"@type":"ImageObject","inLanguage":"en-GB","@id":"https:\/\/secure.gravatar.com\/avatar\/adcd1146e74a083903bd51ea0ac5e00b3905e9c35fc0c1b39da8534ca17f7257?s=96&d=mm&r=g","url":"https:\/\/secure.gravatar.com\/avatar\/adcd1146e74a083903bd51ea0ac5e00b3905e9c35fc0c1b39da8534ca17f7257?s=96&d=mm&r=g","contentUrl":"https:\/\/secure.gravatar.com\/avatar\/adcd1146e74a083903bd51ea0ac5e00b3905e9c35fc0c1b39da8534ca17f7257?s=96&d=mm&r=g","caption":"desarrollo"},"sameAs":["https:\/\/insia-upm.es"],"url":"https:\/\/insia-upm.es\/en\/author\/desarrollo\/"}]}},"_links":{"self":[{"href":"https:\/\/insia-upm.es\/en\/wp-json\/wp\/v2\/posts\/13304","targetHints":{"allow":["GET"]}}],"collection":[{"href":"https:\/\/insia-upm.es\/en\/wp-json\/wp\/v2\/posts"}],"about":[{"href":"https:\/\/insia-upm.es\/en\/wp-json\/wp\/v2\/types\/post"}],"author":[{"embeddable":true,"href":"https:\/\/insia-upm.es\/en\/wp-json\/wp\/v2\/users\/1"}],"replies":[{"embeddable":true,"href":"https:\/\/insia-upm.es\/en\/wp-json\/wp\/v2\/comments?post=13304"}],"version-history":[{"count":0,"href":"https:\/\/insia-upm.es\/en\/wp-json\/wp\/v2\/posts\/13304\/revisions"}],"wp:featuredmedia":[{"embeddable":true,"href":"https:\/\/insia-upm.es\/en\/wp-json\/wp\/v2\/media\/13306"}],"wp:attachment":[{"href":"https:\/\/insia-upm.es\/en\/wp-json\/wp\/v2\/media?parent=13304"}],"wp:term":[{"taxonomy":"category","embeddable":true,"href":"https:\/\/insia-upm.es\/en\/wp-json\/wp\/v2\/categories?post=13304"},{"taxonomy":"post_tag","embeddable":true,"href":"https:\/\/insia-upm.es\/en\/wp-json\/wp\/v2\/tags?post=13304"}],"curies":[{"name":"wp","href":"https:\/\/api.w.org\/{rel}","templated":true}]}}