{"id":13261,"date":"2015-11-25T18:06:20","date_gmt":"2015-11-25T17:06:20","guid":{"rendered":"https:\/\/insia-upm.es\/?p=13261"},"modified":"2015-11-25T18:06:20","modified_gmt":"2015-11-25T17:06:20","slug":"curso-de-especializacion-en-vehiculos-hibridos-y-electricos","status":"publish","type":"post","link":"https:\/\/insia-upm.es\/en\/curso-de-especializacion-en-vehiculos-hibridos-y-electricos\/","title":{"rendered":"Curso de Especializaci\u00f3n en Veh\u00edculos H\u00edbridos y El\u00e9ctricos"},"content":{"rendered":"<p style=\"text-align: justify;\">Despu\u00e9s de haber realizado hasta ahora tres ediciones del <strong><em>\u2018Curso de Especializaci\u00f3n en Veh\u00edculos H\u00edbridos y El\u00e9ctricos\u2019<\/em><\/strong>, ASEPA ha\u00a0decidido lanzar una cuarta edici\u00f3n en colaboraci\u00f3n con el INSIA, para cubrir una de las necesidades m\u00e1s importantes de formaci\u00f3n t\u00e9cnica en el futuro pr\u00f3ximo, incluso ya para el presente.<\/p>\n<p style=\"text-align: justify;\">Este Curso de Especializaci\u00f3n, que comenzar\u00e1 el pr\u00f3ximo 15 de enero, ser\u00e1 impartido por 18 expertos en estas especialidades de futuro, tanto investigadores y universitarios, como representantes de las principales empresas y marcas m\u00e1s avanzadas en este campo de los veh\u00edculos h\u00edbridos y el\u00e9ctricos.<\/p>\n<p>El curso est\u00e1 dividido en 5 m\u00f3dulos, con un total de 80 horas de duraci\u00f3n y se podr\u00e1 cursar completo o por m\u00f3dulos:<\/p>\n<ul>\n<li>M\u00f3dulo 1.- Sistema propulsor de veh\u00edculos h\u00edbridos y el\u00e9ctricos.<\/li>\n<li>M\u00f3dulo 2.- Motores el\u00e9ctricos y bater\u00edas para veh\u00edculos h\u00edbridos y el\u00e9ctricos.<\/li>\n<li>M\u00f3dulo 3.- Electr\u00f3nica de control y tecnolog\u00edas de la recarga.<\/li>\n<li>M\u00f3dulo 4.- Dise\u00f1o estructural de los veh\u00edculos h\u00edbridos y el\u00e9ctricos.<\/li>\n<li>M\u00f3dulo 5.- La seguridad en veh\u00edculos h\u00edbridos y el\u00e9ctricos.<\/li>\n<\/ul>\n<p style=\"text-align: justify;\">El curso se impartir\u00e1 en el \u00a0INSIA \u00a0y ha sido programado para que sea compatible con el trabajo, con un horario de: viernes de 15 a 21h y s\u00e1bados de 9 a 13h, comenzando el pr\u00f3ximo d\u00eda 15 de enero para terminar el 5 de marzo.<\/p>\n<p style=\"text-align: justify;\">La titulaci\u00f3n que se obtendr\u00e1 por el Curso completo ser\u00e1 la de Certificaci\u00f3n acad\u00e9mica INSIA-UPM\u00a0 o un certificado de asistencia, en caso de los m\u00f3dulos sueltos.<\/p>\n<p>Todos los detalles del contenido del curso, derechos de inscripci\u00f3n y del calendario de clases est\u00e1n incluidos en: \u00a0<a href=\"http:\/\/www.asepa.es\/images\/pdf\/lecturas\/vhe15.pdf\">http:\/\/www.asepa.es\/images\/pdf\/lecturas\/vhe15.pdf<\/a><\/p>","protected":false},"excerpt":{"rendered":"<p>Despu\u00e9s de haber realizado hasta ahora tres ediciones del \u2018Curso de Especializaci\u00f3n en Veh\u00edculos H\u00edbridos y El\u00e9ctricos\u2019, ASEPA ha\u00a0decidido lanzar una cuarta edici\u00f3n en colaboraci\u00f3n con el INSIA, para cubrir una de las necesidades m\u00e1s importantes de formaci\u00f3n t\u00e9cnica en el futuro pr\u00f3ximo, incluso ya para el presente. Este Curso de Especializaci\u00f3n, que comenzar\u00e1 el [&hellip;]<\/p>\n","protected":false},"author":1,"featured_media":11282,"comment_status":"closed","ping_status":"open","sticky":false,"template":"","format":"standard","meta":{"_et_pb_use_builder":"","_et_pb_old_content":"","_et_gb_content_width":"","_monsterinsights_skip_tracking":false,"_monsterinsights_sitenote_active":false,"_monsterinsights_sitenote_note":"","_monsterinsights_sitenote_category":0,"footnotes":""},"categories":[59,41,81,32],"tags":[],"class_list":["post-13261","post","type-post","status-publish","format-standard","has-post-thumbnail","hentry","category-asepa","category-automocion","category-formacion","category-vehiculos-electricos-hibridos"],"yoast_head":"<!-- This site is optimized with the Yoast SEO plugin v27.4 - https:\/\/yoast.com\/product\/yoast-seo-wordpress\/ -->\n<title>Curso de Especializaci\u00f3n en Veh\u00edculos H\u00edbridos y El\u00e9ctricos - Instituto Universitario de Investigaci\u00f3n del Autom\u00f3vil Francisco Aparicio Izquierdo<\/title>\n<meta name=\"description\" content=\"Curso de Especializaci\u00f3n en Veh\u00edculos H\u00edbridos y El\u00e9ctricos. Este Curso comenzar\u00e1 el pr\u00f3ximo 15 de enero, ser\u00e1 impartido por 18 expertos en estas especialidades de futuro, tanto investigadores y universitarios, como representantes de las principales empresas y marcas m\u00e1s avanzadas en este campo.\" \/>\n<meta name=\"robots\" content=\"index, follow, max-snippet:-1, max-image-preview:large, max-video-preview:-1\" \/>\n<link rel=\"canonical\" href=\"https:\/\/insia-upm.es\/en\/curso-de-especializacion-en-vehiculos-hibridos-y-electricos\/\" \/>\n<meta property=\"og:locale\" content=\"en_GB\" \/>\n<meta property=\"og:type\" content=\"article\" \/>\n<meta property=\"og:title\" content=\"Curso de Especializaci\u00f3n en Veh\u00edculos H\u00edbridos y El\u00e9ctricos - Instituto Universitario de Investigaci\u00f3n del Autom\u00f3vil Francisco Aparicio Izquierdo\" \/>\n<meta property=\"og:description\" content=\"Curso de Especializaci\u00f3n en Veh\u00edculos H\u00edbridos y El\u00e9ctricos. Este Curso comenzar\u00e1 el pr\u00f3ximo 15 de enero, ser\u00e1 impartido por 18 expertos en estas especialidades de futuro, tanto investigadores y universitarios, como representantes de las principales empresas y marcas m\u00e1s avanzadas en este campo.\" \/>\n<meta property=\"og:url\" content=\"https:\/\/insia-upm.es\/en\/curso-de-especializacion-en-vehiculos-hibridos-y-electricos\/\" \/>\n<meta property=\"og:site_name\" content=\"Instituto Universitario de Investigaci\u00f3n del Autom\u00f3vil Francisco Aparicio Izquierdo\" \/>\n<meta property=\"article:published_time\" content=\"2015-11-25T17:06:20+00:00\" \/>\n<meta property=\"og:image\" content=\"https:\/\/insia-upm.es\/wp-content\/uploads\/2014\/10\/propulsion_900x600-e1433750638443.png\" \/>\n\t<meta property=\"og:image:width\" content=\"798\" \/>\n\t<meta property=\"og:image:height\" content=\"600\" \/>\n\t<meta property=\"og:image:type\" content=\"image\/png\" \/>\n<meta name=\"author\" content=\"desarrollo\" \/>\n<meta name=\"twitter:card\" content=\"summary_large_image\" \/>\n<meta name=\"twitter:creator\" content=\"@INSIAUPM\" \/>\n<meta name=\"twitter:site\" content=\"@INSIAUPM\" \/>\n<meta name=\"twitter:label1\" content=\"Written by\" \/>\n\t<meta name=\"twitter:data1\" content=\"desarrollo\" \/>\n\t<meta name=\"twitter:label2\" content=\"Estimated reading time\" \/>\n\t<meta name=\"twitter:data2\" content=\"2 minutes\" \/>\n<script type=\"application\/ld+json\" class=\"yoast-schema-graph\">{\"@context\":\"https:\\\/\\\/schema.org\",\"@graph\":[{\"@type\":\"Article\",\"@id\":\"https:\\\/\\\/insia-upm.es\\\/curso-de-especializacion-en-vehiculos-hibridos-y-electricos\\\/#article\",\"isPartOf\":{\"@id\":\"https:\\\/\\\/insia-upm.es\\\/curso-de-especializacion-en-vehiculos-hibridos-y-electricos\\\/\"},\"author\":{\"name\":\"desarrollo\",\"@id\":\"https:\\\/\\\/insia-upm.es\\\/#\\\/schema\\\/person\\\/ea86956259a9cb1c71947e50fada3117\"},\"headline\":\"Curso de Especializaci\u00f3n en Veh\u00edculos H\u00edbridos y El\u00e9ctricos\",\"datePublished\":\"2015-11-25T17:06:20+00:00\",\"mainEntityOfPage\":{\"@id\":\"https:\\\/\\\/insia-upm.es\\\/curso-de-especializacion-en-vehiculos-hibridos-y-electricos\\\/\"},\"wordCount\":319,\"publisher\":{\"@id\":\"https:\\\/\\\/insia-upm.es\\\/#organization\"},\"image\":{\"@id\":\"https:\\\/\\\/insia-upm.es\\\/curso-de-especializacion-en-vehiculos-hibridos-y-electricos\\\/#primaryimage\"},\"thumbnailUrl\":\"https:\\\/\\\/insia-upm.es\\\/wp-content\\\/uploads\\\/2014\\\/10\\\/propulsion_900x600-e1433750638443.png\",\"articleSection\":[\"ASEPA\",\"AUTOMOCION\",\"Formaci\u00f3n\",\"VEHICULOS ELECTRICOS HIBRIDOS\"],\"inLanguage\":\"en-GB\"},{\"@type\":\"WebPage\",\"@id\":\"https:\\\/\\\/insia-upm.es\\\/curso-de-especializacion-en-vehiculos-hibridos-y-electricos\\\/\",\"url\":\"https:\\\/\\\/insia-upm.es\\\/curso-de-especializacion-en-vehiculos-hibridos-y-electricos\\\/\",\"name\":\"Curso de Especializaci\u00f3n en Veh\u00edculos H\u00edbridos y El\u00e9ctricos - Instituto Universitario de Investigaci\u00f3n del Autom\u00f3vil Francisco Aparicio Izquierdo\",\"isPartOf\":{\"@id\":\"https:\\\/\\\/insia-upm.es\\\/#website\"},\"primaryImageOfPage\":{\"@id\":\"https:\\\/\\\/insia-upm.es\\\/curso-de-especializacion-en-vehiculos-hibridos-y-electricos\\\/#primaryimage\"},\"image\":{\"@id\":\"https:\\\/\\\/insia-upm.es\\\/curso-de-especializacion-en-vehiculos-hibridos-y-electricos\\\/#primaryimage\"},\"thumbnailUrl\":\"https:\\\/\\\/insia-upm.es\\\/wp-content\\\/uploads\\\/2014\\\/10\\\/propulsion_900x600-e1433750638443.png\",\"datePublished\":\"2015-11-25T17:06:20+00:00\",\"description\":\"Curso de Especializaci\u00f3n en Veh\u00edculos H\u00edbridos y El\u00e9ctricos. Este Curso comenzar\u00e1 el pr\u00f3ximo 15 de enero, ser\u00e1 impartido por 18 expertos en estas especialidades de futuro, tanto investigadores y universitarios, como representantes de las principales empresas y marcas m\u00e1s avanzadas en este campo.\",\"breadcrumb\":{\"@id\":\"https:\\\/\\\/insia-upm.es\\\/curso-de-especializacion-en-vehiculos-hibridos-y-electricos\\\/#breadcrumb\"},\"inLanguage\":\"en-GB\",\"potentialAction\":[{\"@type\":\"ReadAction\",\"target\":[\"https:\\\/\\\/insia-upm.es\\\/curso-de-especializacion-en-vehiculos-hibridos-y-electricos\\\/\"]}]},{\"@type\":\"ImageObject\",\"inLanguage\":\"en-GB\",\"@id\":\"https:\\\/\\\/insia-upm.es\\\/curso-de-especializacion-en-vehiculos-hibridos-y-electricos\\\/#primaryimage\",\"url\":\"https:\\\/\\\/insia-upm.es\\\/wp-content\\\/uploads\\\/2014\\\/10\\\/propulsion_900x600-e1433750638443.png\",\"contentUrl\":\"https:\\\/\\\/insia-upm.es\\\/wp-content\\\/uploads\\\/2014\\\/10\\\/propulsion_900x600-e1433750638443.png\",\"width\":798,\"height\":600},{\"@type\":\"BreadcrumbList\",\"@id\":\"https:\\\/\\\/insia-upm.es\\\/curso-de-especializacion-en-vehiculos-hibridos-y-electricos\\\/#breadcrumb\",\"itemListElement\":[{\"@type\":\"ListItem\",\"position\":1,\"name\":\"Portada\",\"item\":\"https:\\\/\\\/insia-upm.es\\\/\"},{\"@type\":\"ListItem\",\"position\":2,\"name\":\"Curso de Especializaci\u00f3n en Veh\u00edculos H\u00edbridos y El\u00e9ctricos\"}]},{\"@type\":\"WebSite\",\"@id\":\"https:\\\/\\\/insia-upm.es\\\/#website\",\"url\":\"https:\\\/\\\/insia-upm.es\\\/\",\"name\":\"Instituto Universitario de Investigaci\u00f3n del Autom\u00f3vil Francisco Aparicio Izquierdo\",\"description\":\"Instituto de Investigaci\u00f3n del Autom\u00f3vil Francisco Aparicio Izquierdo\",\"publisher\":{\"@id\":\"https:\\\/\\\/insia-upm.es\\\/#organization\"},\"potentialAction\":[{\"@type\":\"SearchAction\",\"target\":{\"@type\":\"EntryPoint\",\"urlTemplate\":\"https:\\\/\\\/insia-upm.es\\\/?s={search_term_string}\"},\"query-input\":{\"@type\":\"PropertyValueSpecification\",\"valueRequired\":true,\"valueName\":\"search_term_string\"}}],\"inLanguage\":\"en-GB\"},{\"@type\":\"Organization\",\"@id\":\"https:\\\/\\\/insia-upm.es\\\/#organization\",\"name\":\"UPM-INSIA\",\"url\":\"https:\\\/\\\/insia-upm.es\\\/\",\"logo\":{\"@type\":\"ImageObject\",\"inLanguage\":\"en-GB\",\"@id\":\"https:\\\/\\\/insia-upm.es\\\/#\\\/schema\\\/logo\\\/image\\\/\",\"url\":\"https:\\\/\\\/insia-upm.es\\\/wp-content\\\/uploads\\\/2021\\\/12\\\/logo-insia-low-e1412177316550.png\",\"contentUrl\":\"https:\\\/\\\/insia-upm.es\\\/wp-content\\\/uploads\\\/2021\\\/12\\\/logo-insia-low-e1412177316550.png\",\"width\":50,\"height\":71,\"caption\":\"UPM-INSIA\"},\"image\":{\"@id\":\"https:\\\/\\\/insia-upm.es\\\/#\\\/schema\\\/logo\\\/image\\\/\"},\"sameAs\":[\"https:\\\/\\\/x.com\\\/INSIAUPM\",\"https:\\\/\\\/www.instagram.com\\\/insia.upm\\\/\",\"https:\\\/\\\/www.linkedin.com\\\/in\\\/insia-instituto-universitario-investigaci\u00f3n-9088635a\\\/\",\"https:\\\/\\\/www.youtube.com\\\/user\\\/gestionidi\"]},{\"@type\":\"Person\",\"@id\":\"https:\\\/\\\/insia-upm.es\\\/#\\\/schema\\\/person\\\/ea86956259a9cb1c71947e50fada3117\",\"name\":\"desarrollo\",\"image\":{\"@type\":\"ImageObject\",\"inLanguage\":\"en-GB\",\"@id\":\"https:\\\/\\\/secure.gravatar.com\\\/avatar\\\/adcd1146e74a083903bd51ea0ac5e00b3905e9c35fc0c1b39da8534ca17f7257?s=96&d=mm&r=g\",\"url\":\"https:\\\/\\\/secure.gravatar.com\\\/avatar\\\/adcd1146e74a083903bd51ea0ac5e00b3905e9c35fc0c1b39da8534ca17f7257?s=96&d=mm&r=g\",\"contentUrl\":\"https:\\\/\\\/secure.gravatar.com\\\/avatar\\\/adcd1146e74a083903bd51ea0ac5e00b3905e9c35fc0c1b39da8534ca17f7257?s=96&d=mm&r=g\",\"caption\":\"desarrollo\"},\"sameAs\":[\"https:\\\/\\\/insia-upm.es\"],\"url\":\"https:\\\/\\\/insia-upm.es\\\/en\\\/author\\\/desarrollo\\\/\"}]}<\/script>\n<!-- \/ Yoast SEO plugin. -->","yoast_head_json":{"title":"Curso de Especializaci\u00f3n en Veh\u00edculos H\u00edbridos y El\u00e9ctricos - Instituto Universitario de Investigaci\u00f3n del Autom\u00f3vil Francisco Aparicio Izquierdo","description":"Curso de Especializaci\u00f3n en Veh\u00edculos H\u00edbridos y El\u00e9ctricos. Este Curso comenzar\u00e1 el pr\u00f3ximo 15 de enero, ser\u00e1 impartido por 18 expertos en estas especialidades de futuro, tanto investigadores y universitarios, como representantes de las principales empresas y marcas m\u00e1s avanzadas en este campo.","robots":{"index":"index","follow":"follow","max-snippet":"max-snippet:-1","max-image-preview":"max-image-preview:large","max-video-preview":"max-video-preview:-1"},"canonical":"https:\/\/insia-upm.es\/en\/curso-de-especializacion-en-vehiculos-hibridos-y-electricos\/","og_locale":"en_GB","og_type":"article","og_title":"Curso de Especializaci\u00f3n en Veh\u00edculos H\u00edbridos y El\u00e9ctricos - Instituto Universitario de Investigaci\u00f3n del Autom\u00f3vil Francisco Aparicio Izquierdo","og_description":"Curso de Especializaci\u00f3n en Veh\u00edculos H\u00edbridos y El\u00e9ctricos. Este Curso comenzar\u00e1 el pr\u00f3ximo 15 de enero, ser\u00e1 impartido por 18 expertos en estas especialidades de futuro, tanto investigadores y universitarios, como representantes de las principales empresas y marcas m\u00e1s avanzadas en este campo.","og_url":"https:\/\/insia-upm.es\/en\/curso-de-especializacion-en-vehiculos-hibridos-y-electricos\/","og_site_name":"Instituto Universitario de Investigaci\u00f3n del Autom\u00f3vil Francisco Aparicio Izquierdo","article_published_time":"2015-11-25T17:06:20+00:00","og_image":[{"width":798,"height":600,"url":"https:\/\/insia-upm.es\/wp-content\/uploads\/2014\/10\/propulsion_900x600-e1433750638443.png","type":"image\/png"}],"author":"desarrollo","twitter_card":"summary_large_image","twitter_creator":"@INSIAUPM","twitter_site":"@INSIAUPM","twitter_misc":{"Written by":"desarrollo","Estimated reading time":"2 minutes"},"schema":{"@context":"https:\/\/schema.org","@graph":[{"@type":"Article","@id":"https:\/\/insia-upm.es\/curso-de-especializacion-en-vehiculos-hibridos-y-electricos\/#article","isPartOf":{"@id":"https:\/\/insia-upm.es\/curso-de-especializacion-en-vehiculos-hibridos-y-electricos\/"},"author":{"name":"desarrollo","@id":"https:\/\/insia-upm.es\/#\/schema\/person\/ea86956259a9cb1c71947e50fada3117"},"headline":"Curso de Especializaci\u00f3n en Veh\u00edculos H\u00edbridos y El\u00e9ctricos","datePublished":"2015-11-25T17:06:20+00:00","mainEntityOfPage":{"@id":"https:\/\/insia-upm.es\/curso-de-especializacion-en-vehiculos-hibridos-y-electricos\/"},"wordCount":319,"publisher":{"@id":"https:\/\/insia-upm.es\/#organization"},"image":{"@id":"https:\/\/insia-upm.es\/curso-de-especializacion-en-vehiculos-hibridos-y-electricos\/#primaryimage"},"thumbnailUrl":"https:\/\/insia-upm.es\/wp-content\/uploads\/2014\/10\/propulsion_900x600-e1433750638443.png","articleSection":["ASEPA","AUTOMOCION","Formaci\u00f3n","VEHICULOS ELECTRICOS HIBRIDOS"],"inLanguage":"en-GB"},{"@type":"WebPage","@id":"https:\/\/insia-upm.es\/curso-de-especializacion-en-vehiculos-hibridos-y-electricos\/","url":"https:\/\/insia-upm.es\/curso-de-especializacion-en-vehiculos-hibridos-y-electricos\/","name":"Curso de Especializaci\u00f3n en Veh\u00edculos H\u00edbridos y El\u00e9ctricos - Instituto Universitario de Investigaci\u00f3n del Autom\u00f3vil Francisco Aparicio Izquierdo","isPartOf":{"@id":"https:\/\/insia-upm.es\/#website"},"primaryImageOfPage":{"@id":"https:\/\/insia-upm.es\/curso-de-especializacion-en-vehiculos-hibridos-y-electricos\/#primaryimage"},"image":{"@id":"https:\/\/insia-upm.es\/curso-de-especializacion-en-vehiculos-hibridos-y-electricos\/#primaryimage"},"thumbnailUrl":"https:\/\/insia-upm.es\/wp-content\/uploads\/2014\/10\/propulsion_900x600-e1433750638443.png","datePublished":"2015-11-25T17:06:20+00:00","description":"Curso de Especializaci\u00f3n en Veh\u00edculos H\u00edbridos y El\u00e9ctricos. Este Curso comenzar\u00e1 el pr\u00f3ximo 15 de enero, ser\u00e1 impartido por 18 expertos en estas especialidades de futuro, tanto investigadores y universitarios, como representantes de las principales empresas y marcas m\u00e1s avanzadas en este campo.","breadcrumb":{"@id":"https:\/\/insia-upm.es\/curso-de-especializacion-en-vehiculos-hibridos-y-electricos\/#breadcrumb"},"inLanguage":"en-GB","potentialAction":[{"@type":"ReadAction","target":["https:\/\/insia-upm.es\/curso-de-especializacion-en-vehiculos-hibridos-y-electricos\/"]}]},{"@type":"ImageObject","inLanguage":"en-GB","@id":"https:\/\/insia-upm.es\/curso-de-especializacion-en-vehiculos-hibridos-y-electricos\/#primaryimage","url":"https:\/\/insia-upm.es\/wp-content\/uploads\/2014\/10\/propulsion_900x600-e1433750638443.png","contentUrl":"https:\/\/insia-upm.es\/wp-content\/uploads\/2014\/10\/propulsion_900x600-e1433750638443.png","width":798,"height":600},{"@type":"BreadcrumbList","@id":"https:\/\/insia-upm.es\/curso-de-especializacion-en-vehiculos-hibridos-y-electricos\/#breadcrumb","itemListElement":[{"@type":"ListItem","position":1,"name":"Portada","item":"https:\/\/insia-upm.es\/"},{"@type":"ListItem","position":2,"name":"Curso de Especializaci\u00f3n en Veh\u00edculos H\u00edbridos y El\u00e9ctricos"}]},{"@type":"WebSite","@id":"https:\/\/insia-upm.es\/#website","url":"https:\/\/insia-upm.es\/","name":"Instituto Universitario de Investigaci\u00f3n del Autom\u00f3vil Francisco Aparicio Izquierdo","description":"Instituto de Investigaci\u00f3n del Autom\u00f3vil Francisco Aparicio Izquierdo","publisher":{"@id":"https:\/\/insia-upm.es\/#organization"},"potentialAction":[{"@type":"SearchAction","target":{"@type":"EntryPoint","urlTemplate":"https:\/\/insia-upm.es\/?s={search_term_string}"},"query-input":{"@type":"PropertyValueSpecification","valueRequired":true,"valueName":"search_term_string"}}],"inLanguage":"en-GB"},{"@type":"Organization","@id":"https:\/\/insia-upm.es\/#organization","name":"UPM-INSIA","url":"https:\/\/insia-upm.es\/","logo":{"@type":"ImageObject","inLanguage":"en-GB","@id":"https:\/\/insia-upm.es\/#\/schema\/logo\/image\/","url":"https:\/\/insia-upm.es\/wp-content\/uploads\/2021\/12\/logo-insia-low-e1412177316550.png","contentUrl":"https:\/\/insia-upm.es\/wp-content\/uploads\/2021\/12\/logo-insia-low-e1412177316550.png","width":50,"height":71,"caption":"UPM-INSIA"},"image":{"@id":"https:\/\/insia-upm.es\/#\/schema\/logo\/image\/"},"sameAs":["https:\/\/x.com\/INSIAUPM","https:\/\/www.instagram.com\/insia.upm\/","https:\/\/www.linkedin.com\/in\/insia-instituto-universitario-investigaci\u00f3n-9088635a\/","https:\/\/www.youtube.com\/user\/gestionidi"]},{"@type":"Person","@id":"https:\/\/insia-upm.es\/#\/schema\/person\/ea86956259a9cb1c71947e50fada3117","name":"desarrollo","image":{"@type":"ImageObject","inLanguage":"en-GB","@id":"https:\/\/secure.gravatar.com\/avatar\/adcd1146e74a083903bd51ea0ac5e00b3905e9c35fc0c1b39da8534ca17f7257?s=96&d=mm&r=g","url":"https:\/\/secure.gravatar.com\/avatar\/adcd1146e74a083903bd51ea0ac5e00b3905e9c35fc0c1b39da8534ca17f7257?s=96&d=mm&r=g","contentUrl":"https:\/\/secure.gravatar.com\/avatar\/adcd1146e74a083903bd51ea0ac5e00b3905e9c35fc0c1b39da8534ca17f7257?s=96&d=mm&r=g","caption":"desarrollo"},"sameAs":["https:\/\/insia-upm.es"],"url":"https:\/\/insia-upm.es\/en\/author\/desarrollo\/"}]}},"_links":{"self":[{"href":"https:\/\/insia-upm.es\/en\/wp-json\/wp\/v2\/posts\/13261","targetHints":{"allow":["GET"]}}],"collection":[{"href":"https:\/\/insia-upm.es\/en\/wp-json\/wp\/v2\/posts"}],"about":[{"href":"https:\/\/insia-upm.es\/en\/wp-json\/wp\/v2\/types\/post"}],"author":[{"embeddable":true,"href":"https:\/\/insia-upm.es\/en\/wp-json\/wp\/v2\/users\/1"}],"replies":[{"embeddable":true,"href":"https:\/\/insia-upm.es\/en\/wp-json\/wp\/v2\/comments?post=13261"}],"version-history":[{"count":0,"href":"https:\/\/insia-upm.es\/en\/wp-json\/wp\/v2\/posts\/13261\/revisions"}],"wp:featuredmedia":[{"embeddable":true,"href":"https:\/\/insia-upm.es\/en\/wp-json\/wp\/v2\/media\/11282"}],"wp:attachment":[{"href":"https:\/\/insia-upm.es\/en\/wp-json\/wp\/v2\/media?parent=13261"}],"wp:term":[{"taxonomy":"category","embeddable":true,"href":"https:\/\/insia-upm.es\/en\/wp-json\/wp\/v2\/categories?post=13261"},{"taxonomy":"post_tag","embeddable":true,"href":"https:\/\/insia-upm.es\/en\/wp-json\/wp\/v2\/tags?post=13261"}],"curies":[{"name":"wp","href":"https:\/\/api.w.org\/{rel}","templated":true}]}}