{"id":13184,"date":"2015-09-29T09:13:59","date_gmt":"2015-09-29T07:13:59","guid":{"rendered":"https:\/\/insia-upm.es\/?p=13184"},"modified":"2015-09-29T09:13:59","modified_gmt":"2015-09-29T07:13:59","slug":"un-vehiculo-puede-ser-controlado-desde-un-telefono-movil","status":"publish","type":"post","link":"https:\/\/insia-upm.es\/en\/un-vehiculo-puede-ser-controlado-desde-un-telefono-movil\/","title":{"rendered":"Un veh\u00edculo puede ser controlado desde un tel\u00e9fono m\u00f3vil"},"content":{"rendered":"[fusion_text]\n<p style=\"text-align: justify;\">El INSIA \u00a0presentar\u00e1 durante el pr\u00f3ximo <a href=\"http:\/\/www.ifema.es\/trafic_01\/\">Sal\u00f3n Internacional de la Movilidad Segura y Sostenible<\/a> que se celebrar\u00e1 entre el 29 de septiembre y 2 de octubre su veh\u00edculo aut\u00f3nomo conducido desde un tel\u00e9fono m\u00f3vil.<\/p>\n<p style=\"text-align: justify;\">Este veh\u00edculo cuenta con una capa de control de bajo nivel que act\u00faa sobre los mandos del mismo (pedales y volante), la cual, a su vez, recibe \u00f3rdenes de una capa de control de alto nivel que proporciona consignas de velocidad y giro. Sobre esta arquitectura, se han montado diferentes aplicaciones dentro de diversos proyectos de investigaci\u00f3n con financiaci\u00f3n p\u00fablica y privada, de forma que el veh\u00edculo puede ser controlado por medio de un tel\u00e9fono m\u00f3vil como se demostrar\u00e1 en el sal\u00f3n, desde un ordenador dentro o fuera del coche, siguiendo una trayectoria predefinida por puntos GPS o siguiendo una ruta predefinida. Tambi\u00e9n ha sido posible probar sistemas de asistencia a la conducci\u00f3n en los que, apoyado en sensores de reconocimiento del entorno, el veh\u00edculo ser\u00eda capaz de tomar el control en situaciones de riesgo y realizar maniobras de frenada o esquiva autom\u00e1ticas al detectar un obst\u00e1culo en su trayectoria. En resumen, este veh\u00edculo que se presentar\u00e1 se alinea con los desarrollos que se est\u00e1n llevando a nivel mundial sobre circulaci\u00f3n de veh\u00edculos aut\u00f3nomos y supone una plataforma de experimentaci\u00f3n de posibles aplicaciones que redunden en la mejora de la seguridad y eficiencia del transporte por carretera. De igual forma, el equipo investigador de INSIA, que ya cuenta con el desarrollo de soluciones de automatizaci\u00f3n para otros veh\u00edculos ligeros y pesados, est\u00e1 trabajando en estos momentos en la automatizaci\u00f3n de un veh\u00edculo el\u00e9ctrico.<\/p>\n[\/fusion_text][imageframe lightbox=\u00bbno\u00bb style_type=\u00bbnone\u00bb bordercolor=\u00bb\u00bb bordersize=\u00bb0px\u00bb borderradius=\u00bb0&#8243; stylecolor=\u00bb\u00bb align=\u00bbcenter\u00bb link=\u00bb\u00bb linktarget=\u00bb_self\u00bb animation_type=\u00bb0&#8243; animation_direction=\u00bbdown\u00bb animation_speed=\u00bb0.1&#8243; class=\u00bb\u00bb id=\u00bb\u00bb] <img decoding=\"async\" src=\"https:\/\/insia-upm.es\/wp-content\/uploads\/2015\/09\/INSIA-vehiculo-autonomo-448x252-300x169.jpg\" alt=\"\" \/>[\/imageframe]\n","protected":false},"excerpt":{"rendered":"<p>[fusion_text] El INSIA \u00a0presentar\u00e1 durante el pr\u00f3ximo Sal\u00f3n Internacional de la Movilidad Segura y Sostenible que se celebrar\u00e1 entre el 29 de septiembre y 2 de octubre su veh\u00edculo aut\u00f3nomo conducido desde un tel\u00e9fono m\u00f3vil. Este veh\u00edculo cuenta con una capa de control de bajo nivel que act\u00faa sobre los mandos del mismo (pedales y [&hellip;]<\/p>\n","protected":false},"author":1,"featured_media":13185,"comment_status":"closed","ping_status":"open","sticky":false,"template":"","format":"standard","meta":{"_et_pb_use_builder":"","_et_pb_old_content":"","_et_gb_content_width":"","_monsterinsights_skip_tracking":false,"_monsterinsights_sitenote_active":false,"_monsterinsights_sitenote_note":"","_monsterinsights_sitenote_category":0,"footnotes":""},"categories":[49,1],"tags":[],"class_list":["post-13184","post","type-post","status-publish","format-standard","has-post-thumbnail","hentry","category-transporte","category-uncategorized"],"yoast_head":"<!-- This site is optimized with the Yoast SEO plugin v27.5 - https:\/\/yoast.com\/product\/yoast-seo-wordpress\/ -->\n<title>Sal\u00f3n Internacional de la Movilidad Segura y Sostenible TRAFIC 2015. Veh\u00edculo aut\u00f3nomo. INSIA-UPM<\/title>\n<meta name=\"description\" content=\"Sal\u00f3n Internacional de la Movilidad Segura y Sostenible TRAFIC 2015. Veh\u00edculo aut\u00f3nomo. INSIA-UPM. Veh\u00edculo puede ser controlado por medio de un tel\u00e9fono m\u00f3vil\" \/>\n<meta name=\"robots\" content=\"index, follow, max-snippet:-1, max-image-preview:large, max-video-preview:-1\" \/>\n<link rel=\"canonical\" href=\"https:\/\/insia-upm.es\/en\/un-vehiculo-puede-ser-controlado-desde-un-telefono-movil\/\" \/>\n<meta property=\"og:locale\" content=\"en_GB\" \/>\n<meta property=\"og:type\" content=\"article\" \/>\n<meta property=\"og:title\" content=\"Sal\u00f3n Internacional de la Movilidad Segura y Sostenible TRAFIC 2015. Veh\u00edculo aut\u00f3nomo. INSIA-UPM\" \/>\n<meta property=\"og:description\" content=\"Sal\u00f3n Internacional de la Movilidad Segura y Sostenible TRAFIC 2015. Veh\u00edculo aut\u00f3nomo. INSIA-UPM. Veh\u00edculo puede ser controlado por medio de un tel\u00e9fono m\u00f3vil\" \/>\n<meta property=\"og:url\" content=\"https:\/\/insia-upm.es\/en\/un-vehiculo-puede-ser-controlado-desde-un-telefono-movil\/\" \/>\n<meta property=\"og:site_name\" content=\"Instituto Universitario de Investigaci\u00f3n del Autom\u00f3vil Francisco Aparicio Izquierdo\" \/>\n<meta property=\"article:published_time\" content=\"2015-09-29T07:13:59+00:00\" \/>\n<meta property=\"og:image\" content=\"https:\/\/insia-upm.es\/wp-content\/uploads\/2015\/09\/INSIA-vehiculo-autonomo-448x252-e1495099652601.jpg\" \/>\n\t<meta property=\"og:image:width\" content=\"300\" \/>\n\t<meta property=\"og:image:height\" content=\"226\" \/>\n\t<meta property=\"og:image:type\" content=\"image\/jpeg\" \/>\n<meta name=\"author\" content=\"desarrollo\" \/>\n<meta name=\"twitter:card\" content=\"summary_large_image\" \/>\n<meta name=\"twitter:creator\" content=\"@INSIAUPM\" \/>\n<meta name=\"twitter:site\" content=\"@INSIAUPM\" \/>\n<meta name=\"twitter:label1\" content=\"Written by\" \/>\n\t<meta name=\"twitter:data1\" content=\"desarrollo\" \/>\n\t<meta name=\"twitter:label2\" content=\"Estimated reading time\" \/>\n\t<meta name=\"twitter:data2\" content=\"2 minutes\" \/>\n<script type=\"application\/ld+json\" class=\"yoast-schema-graph\">{\"@context\":\"https:\\\/\\\/schema.org\",\"@graph\":[{\"@type\":\"Article\",\"@id\":\"https:\\\/\\\/insia-upm.es\\\/un-vehiculo-puede-ser-controlado-desde-un-telefono-movil\\\/#article\",\"isPartOf\":{\"@id\":\"https:\\\/\\\/insia-upm.es\\\/un-vehiculo-puede-ser-controlado-desde-un-telefono-movil\\\/\"},\"author\":{\"name\":\"desarrollo\",\"@id\":\"https:\\\/\\\/insia-upm.es\\\/#\\\/schema\\\/person\\\/ea86956259a9cb1c71947e50fada3117\"},\"headline\":\"Un veh\u00edculo puede ser controlado desde un tel\u00e9fono m\u00f3vil\",\"datePublished\":\"2015-09-29T07:13:59+00:00\",\"mainEntityOfPage\":{\"@id\":\"https:\\\/\\\/insia-upm.es\\\/un-vehiculo-puede-ser-controlado-desde-un-telefono-movil\\\/\"},\"wordCount\":339,\"publisher\":{\"@id\":\"https:\\\/\\\/insia-upm.es\\\/#organization\"},\"image\":{\"@id\":\"https:\\\/\\\/insia-upm.es\\\/un-vehiculo-puede-ser-controlado-desde-un-telefono-movil\\\/#primaryimage\"},\"thumbnailUrl\":\"https:\\\/\\\/insia-upm.es\\\/wp-content\\\/uploads\\\/2015\\\/09\\\/INSIA-vehiculo-autonomo-448x252-e1495099652601.jpg\",\"articleSection\":[\"TRANSPORTE\",\"Uncategorized\"],\"inLanguage\":\"en-GB\"},{\"@type\":\"WebPage\",\"@id\":\"https:\\\/\\\/insia-upm.es\\\/un-vehiculo-puede-ser-controlado-desde-un-telefono-movil\\\/\",\"url\":\"https:\\\/\\\/insia-upm.es\\\/un-vehiculo-puede-ser-controlado-desde-un-telefono-movil\\\/\",\"name\":\"Sal\u00f3n Internacional de la Movilidad Segura y Sostenible TRAFIC 2015. Veh\u00edculo aut\u00f3nomo. INSIA-UPM\",\"isPartOf\":{\"@id\":\"https:\\\/\\\/insia-upm.es\\\/#website\"},\"primaryImageOfPage\":{\"@id\":\"https:\\\/\\\/insia-upm.es\\\/un-vehiculo-puede-ser-controlado-desde-un-telefono-movil\\\/#primaryimage\"},\"image\":{\"@id\":\"https:\\\/\\\/insia-upm.es\\\/un-vehiculo-puede-ser-controlado-desde-un-telefono-movil\\\/#primaryimage\"},\"thumbnailUrl\":\"https:\\\/\\\/insia-upm.es\\\/wp-content\\\/uploads\\\/2015\\\/09\\\/INSIA-vehiculo-autonomo-448x252-e1495099652601.jpg\",\"datePublished\":\"2015-09-29T07:13:59+00:00\",\"description\":\"Sal\u00f3n Internacional de la Movilidad Segura y Sostenible TRAFIC 2015. Veh\u00edculo aut\u00f3nomo. INSIA-UPM. Veh\u00edculo puede ser controlado por medio de un tel\u00e9fono m\u00f3vil\",\"breadcrumb\":{\"@id\":\"https:\\\/\\\/insia-upm.es\\\/un-vehiculo-puede-ser-controlado-desde-un-telefono-movil\\\/#breadcrumb\"},\"inLanguage\":\"en-GB\",\"potentialAction\":[{\"@type\":\"ReadAction\",\"target\":[\"https:\\\/\\\/insia-upm.es\\\/un-vehiculo-puede-ser-controlado-desde-un-telefono-movil\\\/\"]}]},{\"@type\":\"ImageObject\",\"inLanguage\":\"en-GB\",\"@id\":\"https:\\\/\\\/insia-upm.es\\\/un-vehiculo-puede-ser-controlado-desde-un-telefono-movil\\\/#primaryimage\",\"url\":\"https:\\\/\\\/insia-upm.es\\\/wp-content\\\/uploads\\\/2015\\\/09\\\/INSIA-vehiculo-autonomo-448x252-e1495099652601.jpg\",\"contentUrl\":\"https:\\\/\\\/insia-upm.es\\\/wp-content\\\/uploads\\\/2015\\\/09\\\/INSIA-vehiculo-autonomo-448x252-e1495099652601.jpg\",\"width\":300,\"height\":226},{\"@type\":\"BreadcrumbList\",\"@id\":\"https:\\\/\\\/insia-upm.es\\\/un-vehiculo-puede-ser-controlado-desde-un-telefono-movil\\\/#breadcrumb\",\"itemListElement\":[{\"@type\":\"ListItem\",\"position\":1,\"name\":\"Portada\",\"item\":\"https:\\\/\\\/insia-upm.es\\\/\"},{\"@type\":\"ListItem\",\"position\":2,\"name\":\"Un veh\u00edculo puede ser controlado desde un tel\u00e9fono m\u00f3vil\"}]},{\"@type\":\"WebSite\",\"@id\":\"https:\\\/\\\/insia-upm.es\\\/#website\",\"url\":\"https:\\\/\\\/insia-upm.es\\\/\",\"name\":\"Instituto Universitario de Investigaci\u00f3n del Autom\u00f3vil Francisco Aparicio Izquierdo\",\"description\":\"Instituto de Investigaci\u00f3n del Autom\u00f3vil Francisco Aparicio Izquierdo\",\"publisher\":{\"@id\":\"https:\\\/\\\/insia-upm.es\\\/#organization\"},\"potentialAction\":[{\"@type\":\"SearchAction\",\"target\":{\"@type\":\"EntryPoint\",\"urlTemplate\":\"https:\\\/\\\/insia-upm.es\\\/?s={search_term_string}\"},\"query-input\":{\"@type\":\"PropertyValueSpecification\",\"valueRequired\":true,\"valueName\":\"search_term_string\"}}],\"inLanguage\":\"en-GB\"},{\"@type\":\"Organization\",\"@id\":\"https:\\\/\\\/insia-upm.es\\\/#organization\",\"name\":\"UPM-INSIA\",\"url\":\"https:\\\/\\\/insia-upm.es\\\/\",\"logo\":{\"@type\":\"ImageObject\",\"inLanguage\":\"en-GB\",\"@id\":\"https:\\\/\\\/insia-upm.es\\\/#\\\/schema\\\/logo\\\/image\\\/\",\"url\":\"https:\\\/\\\/insia-upm.es\\\/wp-content\\\/uploads\\\/2021\\\/12\\\/logo-insia-low-e1412177316550.png\",\"contentUrl\":\"https:\\\/\\\/insia-upm.es\\\/wp-content\\\/uploads\\\/2021\\\/12\\\/logo-insia-low-e1412177316550.png\",\"width\":50,\"height\":71,\"caption\":\"UPM-INSIA\"},\"image\":{\"@id\":\"https:\\\/\\\/insia-upm.es\\\/#\\\/schema\\\/logo\\\/image\\\/\"},\"sameAs\":[\"https:\\\/\\\/x.com\\\/INSIAUPM\",\"https:\\\/\\\/www.instagram.com\\\/insia.upm\\\/\",\"https:\\\/\\\/www.linkedin.com\\\/in\\\/insia-instituto-universitario-investigaci\u00f3n-9088635a\\\/\",\"https:\\\/\\\/www.youtube.com\\\/user\\\/gestionidi\"]},{\"@type\":\"Person\",\"@id\":\"https:\\\/\\\/insia-upm.es\\\/#\\\/schema\\\/person\\\/ea86956259a9cb1c71947e50fada3117\",\"name\":\"desarrollo\",\"image\":{\"@type\":\"ImageObject\",\"inLanguage\":\"en-GB\",\"@id\":\"https:\\\/\\\/secure.gravatar.com\\\/avatar\\\/adcd1146e74a083903bd51ea0ac5e00b3905e9c35fc0c1b39da8534ca17f7257?s=96&d=mm&r=g\",\"url\":\"https:\\\/\\\/secure.gravatar.com\\\/avatar\\\/adcd1146e74a083903bd51ea0ac5e00b3905e9c35fc0c1b39da8534ca17f7257?s=96&d=mm&r=g\",\"contentUrl\":\"https:\\\/\\\/secure.gravatar.com\\\/avatar\\\/adcd1146e74a083903bd51ea0ac5e00b3905e9c35fc0c1b39da8534ca17f7257?s=96&d=mm&r=g\",\"caption\":\"desarrollo\"},\"sameAs\":[\"https:\\\/\\\/insia-upm.es\"],\"url\":\"https:\\\/\\\/insia-upm.es\\\/en\\\/author\\\/desarrollo\\\/\"}]}<\/script>\n<!-- \/ Yoast SEO plugin. -->","yoast_head_json":{"title":"Sal\u00f3n Internacional de la Movilidad Segura y Sostenible TRAFIC 2015. Veh\u00edculo aut\u00f3nomo. INSIA-UPM","description":"Sal\u00f3n Internacional de la Movilidad Segura y Sostenible TRAFIC 2015. Veh\u00edculo aut\u00f3nomo. INSIA-UPM. Veh\u00edculo puede ser controlado por medio de un tel\u00e9fono m\u00f3vil","robots":{"index":"index","follow":"follow","max-snippet":"max-snippet:-1","max-image-preview":"max-image-preview:large","max-video-preview":"max-video-preview:-1"},"canonical":"https:\/\/insia-upm.es\/en\/un-vehiculo-puede-ser-controlado-desde-un-telefono-movil\/","og_locale":"en_GB","og_type":"article","og_title":"Sal\u00f3n Internacional de la Movilidad Segura y Sostenible TRAFIC 2015. Veh\u00edculo aut\u00f3nomo. INSIA-UPM","og_description":"Sal\u00f3n Internacional de la Movilidad Segura y Sostenible TRAFIC 2015. Veh\u00edculo aut\u00f3nomo. INSIA-UPM. Veh\u00edculo puede ser controlado por medio de un tel\u00e9fono m\u00f3vil","og_url":"https:\/\/insia-upm.es\/en\/un-vehiculo-puede-ser-controlado-desde-un-telefono-movil\/","og_site_name":"Instituto Universitario de Investigaci\u00f3n del Autom\u00f3vil Francisco Aparicio Izquierdo","article_published_time":"2015-09-29T07:13:59+00:00","og_image":[{"width":300,"height":226,"url":"https:\/\/insia-upm.es\/wp-content\/uploads\/2015\/09\/INSIA-vehiculo-autonomo-448x252-e1495099652601.jpg","type":"image\/jpeg"}],"author":"desarrollo","twitter_card":"summary_large_image","twitter_creator":"@INSIAUPM","twitter_site":"@INSIAUPM","twitter_misc":{"Written by":"desarrollo","Estimated reading time":"2 minutes"},"schema":{"@context":"https:\/\/schema.org","@graph":[{"@type":"Article","@id":"https:\/\/insia-upm.es\/un-vehiculo-puede-ser-controlado-desde-un-telefono-movil\/#article","isPartOf":{"@id":"https:\/\/insia-upm.es\/un-vehiculo-puede-ser-controlado-desde-un-telefono-movil\/"},"author":{"name":"desarrollo","@id":"https:\/\/insia-upm.es\/#\/schema\/person\/ea86956259a9cb1c71947e50fada3117"},"headline":"Un veh\u00edculo puede ser controlado desde un tel\u00e9fono m\u00f3vil","datePublished":"2015-09-29T07:13:59+00:00","mainEntityOfPage":{"@id":"https:\/\/insia-upm.es\/un-vehiculo-puede-ser-controlado-desde-un-telefono-movil\/"},"wordCount":339,"publisher":{"@id":"https:\/\/insia-upm.es\/#organization"},"image":{"@id":"https:\/\/insia-upm.es\/un-vehiculo-puede-ser-controlado-desde-un-telefono-movil\/#primaryimage"},"thumbnailUrl":"https:\/\/insia-upm.es\/wp-content\/uploads\/2015\/09\/INSIA-vehiculo-autonomo-448x252-e1495099652601.jpg","articleSection":["TRANSPORTE","Uncategorized"],"inLanguage":"en-GB"},{"@type":"WebPage","@id":"https:\/\/insia-upm.es\/un-vehiculo-puede-ser-controlado-desde-un-telefono-movil\/","url":"https:\/\/insia-upm.es\/un-vehiculo-puede-ser-controlado-desde-un-telefono-movil\/","name":"Sal\u00f3n Internacional de la Movilidad Segura y Sostenible TRAFIC 2015. Veh\u00edculo aut\u00f3nomo. INSIA-UPM","isPartOf":{"@id":"https:\/\/insia-upm.es\/#website"},"primaryImageOfPage":{"@id":"https:\/\/insia-upm.es\/un-vehiculo-puede-ser-controlado-desde-un-telefono-movil\/#primaryimage"},"image":{"@id":"https:\/\/insia-upm.es\/un-vehiculo-puede-ser-controlado-desde-un-telefono-movil\/#primaryimage"},"thumbnailUrl":"https:\/\/insia-upm.es\/wp-content\/uploads\/2015\/09\/INSIA-vehiculo-autonomo-448x252-e1495099652601.jpg","datePublished":"2015-09-29T07:13:59+00:00","description":"Sal\u00f3n Internacional de la Movilidad Segura y Sostenible TRAFIC 2015. Veh\u00edculo aut\u00f3nomo. INSIA-UPM. Veh\u00edculo puede ser controlado por medio de un tel\u00e9fono m\u00f3vil","breadcrumb":{"@id":"https:\/\/insia-upm.es\/un-vehiculo-puede-ser-controlado-desde-un-telefono-movil\/#breadcrumb"},"inLanguage":"en-GB","potentialAction":[{"@type":"ReadAction","target":["https:\/\/insia-upm.es\/un-vehiculo-puede-ser-controlado-desde-un-telefono-movil\/"]}]},{"@type":"ImageObject","inLanguage":"en-GB","@id":"https:\/\/insia-upm.es\/un-vehiculo-puede-ser-controlado-desde-un-telefono-movil\/#primaryimage","url":"https:\/\/insia-upm.es\/wp-content\/uploads\/2015\/09\/INSIA-vehiculo-autonomo-448x252-e1495099652601.jpg","contentUrl":"https:\/\/insia-upm.es\/wp-content\/uploads\/2015\/09\/INSIA-vehiculo-autonomo-448x252-e1495099652601.jpg","width":300,"height":226},{"@type":"BreadcrumbList","@id":"https:\/\/insia-upm.es\/un-vehiculo-puede-ser-controlado-desde-un-telefono-movil\/#breadcrumb","itemListElement":[{"@type":"ListItem","position":1,"name":"Portada","item":"https:\/\/insia-upm.es\/"},{"@type":"ListItem","position":2,"name":"Un veh\u00edculo puede ser controlado desde un tel\u00e9fono m\u00f3vil"}]},{"@type":"WebSite","@id":"https:\/\/insia-upm.es\/#website","url":"https:\/\/insia-upm.es\/","name":"Instituto Universitario de Investigaci\u00f3n del Autom\u00f3vil Francisco Aparicio Izquierdo","description":"Instituto de Investigaci\u00f3n del Autom\u00f3vil Francisco Aparicio Izquierdo","publisher":{"@id":"https:\/\/insia-upm.es\/#organization"},"potentialAction":[{"@type":"SearchAction","target":{"@type":"EntryPoint","urlTemplate":"https:\/\/insia-upm.es\/?s={search_term_string}"},"query-input":{"@type":"PropertyValueSpecification","valueRequired":true,"valueName":"search_term_string"}}],"inLanguage":"en-GB"},{"@type":"Organization","@id":"https:\/\/insia-upm.es\/#organization","name":"UPM-INSIA","url":"https:\/\/insia-upm.es\/","logo":{"@type":"ImageObject","inLanguage":"en-GB","@id":"https:\/\/insia-upm.es\/#\/schema\/logo\/image\/","url":"https:\/\/insia-upm.es\/wp-content\/uploads\/2021\/12\/logo-insia-low-e1412177316550.png","contentUrl":"https:\/\/insia-upm.es\/wp-content\/uploads\/2021\/12\/logo-insia-low-e1412177316550.png","width":50,"height":71,"caption":"UPM-INSIA"},"image":{"@id":"https:\/\/insia-upm.es\/#\/schema\/logo\/image\/"},"sameAs":["https:\/\/x.com\/INSIAUPM","https:\/\/www.instagram.com\/insia.upm\/","https:\/\/www.linkedin.com\/in\/insia-instituto-universitario-investigaci\u00f3n-9088635a\/","https:\/\/www.youtube.com\/user\/gestionidi"]},{"@type":"Person","@id":"https:\/\/insia-upm.es\/#\/schema\/person\/ea86956259a9cb1c71947e50fada3117","name":"desarrollo","image":{"@type":"ImageObject","inLanguage":"en-GB","@id":"https:\/\/secure.gravatar.com\/avatar\/adcd1146e74a083903bd51ea0ac5e00b3905e9c35fc0c1b39da8534ca17f7257?s=96&d=mm&r=g","url":"https:\/\/secure.gravatar.com\/avatar\/adcd1146e74a083903bd51ea0ac5e00b3905e9c35fc0c1b39da8534ca17f7257?s=96&d=mm&r=g","contentUrl":"https:\/\/secure.gravatar.com\/avatar\/adcd1146e74a083903bd51ea0ac5e00b3905e9c35fc0c1b39da8534ca17f7257?s=96&d=mm&r=g","caption":"desarrollo"},"sameAs":["https:\/\/insia-upm.es"],"url":"https:\/\/insia-upm.es\/en\/author\/desarrollo\/"}]}},"_links":{"self":[{"href":"https:\/\/insia-upm.es\/en\/wp-json\/wp\/v2\/posts\/13184","targetHints":{"allow":["GET"]}}],"collection":[{"href":"https:\/\/insia-upm.es\/en\/wp-json\/wp\/v2\/posts"}],"about":[{"href":"https:\/\/insia-upm.es\/en\/wp-json\/wp\/v2\/types\/post"}],"author":[{"embeddable":true,"href":"https:\/\/insia-upm.es\/en\/wp-json\/wp\/v2\/users\/1"}],"replies":[{"embeddable":true,"href":"https:\/\/insia-upm.es\/en\/wp-json\/wp\/v2\/comments?post=13184"}],"version-history":[{"count":0,"href":"https:\/\/insia-upm.es\/en\/wp-json\/wp\/v2\/posts\/13184\/revisions"}],"wp:featuredmedia":[{"embeddable":true,"href":"https:\/\/insia-upm.es\/en\/wp-json\/wp\/v2\/media\/13185"}],"wp:attachment":[{"href":"https:\/\/insia-upm.es\/en\/wp-json\/wp\/v2\/media?parent=13184"}],"wp:term":[{"taxonomy":"category","embeddable":true,"href":"https:\/\/insia-upm.es\/en\/wp-json\/wp\/v2\/categories?post=13184"},{"taxonomy":"post_tag","embeddable":true,"href":"https:\/\/insia-upm.es\/en\/wp-json\/wp\/v2\/tags?post=13184"}],"curies":[{"name":"wp","href":"https:\/\/api.w.org\/{rel}","templated":true}]}}