{"id":13125,"date":"2015-06-24T15:17:25","date_gmt":"2015-06-24T14:17:25","guid":{"rendered":"https:\/\/insia-upm.es\/?p=13125"},"modified":"2015-06-24T15:17:25","modified_gmt":"2015-06-24T14:17:25","slug":"cursos-de-verano-de-la-upm","status":"publish","type":"post","link":"https:\/\/insia-upm.es\/en\/cursos-de-verano-de-la-upm\/","title":{"rendered":"Cursos de verano de la UPM"},"content":{"rendered":"<h3>203\u00a0&#8211;\u00a0El motor de combusti\u00f3n interna y la movilidad sostenible<\/h3>\n<ul>\n<li><strong>Fecha: <\/strong>Del 20 al 21 de julio de 2015<\/li>\n<li><strong>Director\/a: <\/strong>Jose Mar\u00eda L\u00f3pez Mart\u00ednez<\/li>\n<li><strong>Secretario\/a: <\/strong>Francisco Javier P\u00e1ez Ayuso\n<ul>\n<li>Director de la unidad de accidentolog\u00eda y din\u00e1mica vehicular &#8211; INSIA<\/li>\n<\/ul>\n<\/li>\n<\/ul>\n<p><b><strong>OBJECTIVE<\/strong><\/b><\/p>\n<p style=\"text-align: justify;\">El objetivo de este curso consiste en exponer los principios b\u00e1sicos en que se basan las necesarias evoluciones tecnol\u00f3gicas previstas en los motores de combusti\u00f3n interna a corto y medio plazo y su justificaci\u00f3n. Se iniciar\u00e1 planteando los requerimientos que se prev\u00e9n necesarios a corto y medio plazo en los sistemas de propulsi\u00f3n de los veh\u00edculos para continuar exponiendo las bases de los avances tecnol\u00f3gicos en motores de encendido provocado en motores diesel y su adaptabilidad a nuevos combustibles derivados de fuentes de energ\u00edas renovables.<\/p>\n<p>Curso patrocinado por:<img loading=\"lazy\" decoding=\"async\" class=\"size-medium wp-image-13127 aligncenter\" src=\"https:\/\/insia-upm.es\/wp-content\/uploads\/2015\/06\/Bosch-300x120.jpg\" alt=\"Bosch\" width=\"300\" height=\"120\" \/><\/p>\n<p style=\"text-align: center;\"><a href=\"http:\/\/www.upm.es\/portal\/site\/institucional\/template.PAGE\/menuitem.63032f38c4dac65e2bf56173907c46a8\/?javax.portlet.tpst=2a63bb4e32af5084c2aa3a10907c46a8&amp;javax.portlet.prp_2a63bb4e32af5084c2aa3a10907c46a8=orden%3D%26cod_curso%3D203%26opcion%3Ddetalle&amp;javax.portlet.begCacheTok=com.vignette.cachetoken&amp;javax.portlet.endCacheTok=com.vignette.cachetoken&amp;vgnextoid=c6fa174bf598f110VgnVCM10000009c7648aRCRD\" target=\"_blank\" rel=\"noopener\">M\u00e1s info<\/a><\/p>\n<h3><\/h3>\n<h3>207\u00a0&#8211;\u00a0Avances en seguridad vial en Espa\u00f1a<\/h3>\n<ul>\n<li><b>Fecha: <\/b>Del 22 al 23 de julio de 2015<\/li>\n<li><b>Director\/a: <\/b>Francisco Aparicio Izquierdo\n<ul>\n<li>Director del Instituto Universitario de Investigaci\u00f3n del Autom\u00f3vil (INSIA &#8211; UPM)<\/li>\n<\/ul>\n<\/li>\n<li><b>Secretario\/a: <\/b>Francisco Javier P\u00e1ez Ayuso\n<ul>\n<li>Subdirector de calidad, formaci\u00f3n y difusi\u00f3n del INSIA<\/li>\n<\/ul>\n<\/li>\n<\/ul>\n<p><strong>OBJETIVOS:<\/strong><br \/>\nEn este curso se analiza la influencia de la seguridad vial de los diferentes factores asociados al veh\u00edculo, infraestructura y usuarios, as\u00ed como el papel de la investigaci\u00f3n de accidentes en las mejoras de los diferentes elementos del sistema humano-veh\u00edculo-medio, principales m\u00e9todos y medios utilizados.<br \/>\n<a href=\"http:\/\/www.upm.es\/portal\/site\/institucional\/template.PAGE\/menuitem.63032f38c4dac65e2bf56173907c46a8\/?javax.portlet.tpst=2a63bb4e32af5084c2aa3a10907c46a8&amp;javax.portlet.prp_2a63bb4e32af5084c2aa3a10907c46a8=orden%3D%26cod_curso%3D207%26opcion%3Ddetalle&amp;javax.portlet.begCacheTok=com.vignette.cachetoken&amp;javax.portlet.endCacheTok=com.vignette.cachetoken&amp;vgnextoid=c6fa174bf598f110VgnVCM10000009c7648aRCRD\" target=\"_blank\" rel=\"noopener\">M\u00e1s info<\/a><\/p>","protected":false},"excerpt":{"rendered":"<p>203\u00a0&#8211;\u00a0El motor de combusti\u00f3n interna y la movilidad sostenible Fecha: Del 20 al 21 de julio de 2015 Director\/a: Jose Mar\u00eda L\u00f3pez Mart\u00ednez Secretario\/a: Francisco Javier P\u00e1ez Ayuso Director de la unidad de accidentolog\u00eda y din\u00e1mica vehicular &#8211; INSIA OBJETIVOS El objetivo de este curso consiste en exponer los principios b\u00e1sicos en que se basan [&hellip;]<\/p>\n","protected":false},"author":1,"featured_media":13126,"comment_status":"closed","ping_status":"open","sticky":false,"template":"","format":"standard","meta":{"_et_pb_use_builder":"","_et_pb_old_content":"","_et_gb_content_width":"","_monsterinsights_skip_tracking":false,"_monsterinsights_sitenote_active":false,"_monsterinsights_sitenote_note":"","_monsterinsights_sitenote_category":0,"footnotes":""},"categories":[41,81],"tags":[],"class_list":["post-13125","post","type-post","status-publish","format-standard","has-post-thumbnail","hentry","category-automocion","category-formacion"],"yoast_head":"<!-- This site is optimized with the Yoast SEO plugin v27.5 - https:\/\/yoast.com\/product\/yoast-seo-wordpress\/ -->\n<title>Cursos de verano de la UPM - Instituto Universitario de Investigaci\u00f3n del Autom\u00f3vil Francisco Aparicio Izquierdo<\/title>\n<meta name=\"description\" content=\"Cursos de Verano de la UPM: El motor de combusti\u00f3n interna y la movilidad sostenible y Avances en seguridad vial en Espa\u00f1a. Real Sitio de la Granja, Segovia\" \/>\n<meta name=\"robots\" content=\"index, follow, max-snippet:-1, max-image-preview:large, max-video-preview:-1\" \/>\n<link rel=\"canonical\" href=\"https:\/\/insia-upm.es\/en\/cursos-de-verano-de-la-upm\/\" \/>\n<meta property=\"og:locale\" content=\"en_GB\" \/>\n<meta property=\"og:type\" content=\"article\" \/>\n<meta property=\"og:title\" content=\"Cursos de verano de la UPM - Instituto Universitario de Investigaci\u00f3n del Autom\u00f3vil Francisco Aparicio Izquierdo\" \/>\n<meta property=\"og:description\" content=\"Cursos de Verano de la UPM: El motor de combusti\u00f3n interna y la movilidad sostenible y Avances en seguridad vial en Espa\u00f1a. Real Sitio de la Granja, Segovia\" \/>\n<meta property=\"og:url\" content=\"https:\/\/insia-upm.es\/en\/cursos-de-verano-de-la-upm\/\" \/>\n<meta property=\"og:site_name\" content=\"Instituto Universitario de Investigaci\u00f3n del Autom\u00f3vil Francisco Aparicio Izquierdo\" \/>\n<meta property=\"article:published_time\" content=\"2015-06-24T14:17:25+00:00\" \/>\n<meta property=\"og:image\" content=\"https:\/\/insia-upm.es\/wp-content\/uploads\/2015\/06\/logo_verano_new.jpg\" \/>\n\t<meta property=\"og:image:width\" content=\"160\" \/>\n\t<meta property=\"og:image:height\" content=\"160\" \/>\n\t<meta property=\"og:image:type\" content=\"image\/jpeg\" \/>\n<meta name=\"author\" content=\"desarrollo\" \/>\n<meta name=\"twitter:card\" content=\"summary_large_image\" \/>\n<meta name=\"twitter:creator\" content=\"@INSIAUPM\" \/>\n<meta name=\"twitter:site\" content=\"@INSIAUPM\" \/>\n<meta name=\"twitter:label1\" content=\"Written by\" \/>\n\t<meta name=\"twitter:data1\" content=\"desarrollo\" \/>\n\t<meta name=\"twitter:label2\" content=\"Estimated reading time\" \/>\n\t<meta name=\"twitter:data2\" content=\"1 minute\" \/>\n<script type=\"application\/ld+json\" class=\"yoast-schema-graph\">{\"@context\":\"https:\\\/\\\/schema.org\",\"@graph\":[{\"@type\":\"Article\",\"@id\":\"https:\\\/\\\/insia-upm.es\\\/cursos-de-verano-de-la-upm\\\/#article\",\"isPartOf\":{\"@id\":\"https:\\\/\\\/insia-upm.es\\\/cursos-de-verano-de-la-upm\\\/\"},\"author\":{\"name\":\"desarrollo\",\"@id\":\"https:\\\/\\\/insia-upm.es\\\/#\\\/schema\\\/person\\\/ea86956259a9cb1c71947e50fada3117\"},\"headline\":\"Cursos de verano de la UPM\",\"datePublished\":\"2015-06-24T14:17:25+00:00\",\"mainEntityOfPage\":{\"@id\":\"https:\\\/\\\/insia-upm.es\\\/cursos-de-verano-de-la-upm\\\/\"},\"wordCount\":255,\"publisher\":{\"@id\":\"https:\\\/\\\/insia-upm.es\\\/#organization\"},\"image\":{\"@id\":\"https:\\\/\\\/insia-upm.es\\\/cursos-de-verano-de-la-upm\\\/#primaryimage\"},\"thumbnailUrl\":\"https:\\\/\\\/insia-upm.es\\\/wp-content\\\/uploads\\\/2015\\\/06\\\/logo_verano_new.jpg\",\"articleSection\":[\"AUTOMOCION\",\"Formaci\u00f3n\"],\"inLanguage\":\"en-GB\"},{\"@type\":\"WebPage\",\"@id\":\"https:\\\/\\\/insia-upm.es\\\/cursos-de-verano-de-la-upm\\\/\",\"url\":\"https:\\\/\\\/insia-upm.es\\\/cursos-de-verano-de-la-upm\\\/\",\"name\":\"Cursos de verano de la UPM - Instituto Universitario de Investigaci\u00f3n del Autom\u00f3vil Francisco Aparicio Izquierdo\",\"isPartOf\":{\"@id\":\"https:\\\/\\\/insia-upm.es\\\/#website\"},\"primaryImageOfPage\":{\"@id\":\"https:\\\/\\\/insia-upm.es\\\/cursos-de-verano-de-la-upm\\\/#primaryimage\"},\"image\":{\"@id\":\"https:\\\/\\\/insia-upm.es\\\/cursos-de-verano-de-la-upm\\\/#primaryimage\"},\"thumbnailUrl\":\"https:\\\/\\\/insia-upm.es\\\/wp-content\\\/uploads\\\/2015\\\/06\\\/logo_verano_new.jpg\",\"datePublished\":\"2015-06-24T14:17:25+00:00\",\"description\":\"Cursos de Verano de la UPM: El motor de combusti\u00f3n interna y la movilidad sostenible y Avances en seguridad vial en Espa\u00f1a. Real Sitio de la Granja, Segovia\",\"breadcrumb\":{\"@id\":\"https:\\\/\\\/insia-upm.es\\\/cursos-de-verano-de-la-upm\\\/#breadcrumb\"},\"inLanguage\":\"en-GB\",\"potentialAction\":[{\"@type\":\"ReadAction\",\"target\":[\"https:\\\/\\\/insia-upm.es\\\/cursos-de-verano-de-la-upm\\\/\"]}]},{\"@type\":\"ImageObject\",\"inLanguage\":\"en-GB\",\"@id\":\"https:\\\/\\\/insia-upm.es\\\/cursos-de-verano-de-la-upm\\\/#primaryimage\",\"url\":\"https:\\\/\\\/insia-upm.es\\\/wp-content\\\/uploads\\\/2015\\\/06\\\/logo_verano_new.jpg\",\"contentUrl\":\"https:\\\/\\\/insia-upm.es\\\/wp-content\\\/uploads\\\/2015\\\/06\\\/logo_verano_new.jpg\",\"width\":160,\"height\":160},{\"@type\":\"BreadcrumbList\",\"@id\":\"https:\\\/\\\/insia-upm.es\\\/cursos-de-verano-de-la-upm\\\/#breadcrumb\",\"itemListElement\":[{\"@type\":\"ListItem\",\"position\":1,\"name\":\"Portada\",\"item\":\"https:\\\/\\\/insia-upm.es\\\/\"},{\"@type\":\"ListItem\",\"position\":2,\"name\":\"Cursos de verano de la UPM\"}]},{\"@type\":\"WebSite\",\"@id\":\"https:\\\/\\\/insia-upm.es\\\/#website\",\"url\":\"https:\\\/\\\/insia-upm.es\\\/\",\"name\":\"Instituto Universitario de Investigaci\u00f3n del Autom\u00f3vil Francisco Aparicio Izquierdo\",\"description\":\"Instituto de Investigaci\u00f3n del Autom\u00f3vil Francisco Aparicio Izquierdo\",\"publisher\":{\"@id\":\"https:\\\/\\\/insia-upm.es\\\/#organization\"},\"potentialAction\":[{\"@type\":\"SearchAction\",\"target\":{\"@type\":\"EntryPoint\",\"urlTemplate\":\"https:\\\/\\\/insia-upm.es\\\/?s={search_term_string}\"},\"query-input\":{\"@type\":\"PropertyValueSpecification\",\"valueRequired\":true,\"valueName\":\"search_term_string\"}}],\"inLanguage\":\"en-GB\"},{\"@type\":\"Organization\",\"@id\":\"https:\\\/\\\/insia-upm.es\\\/#organization\",\"name\":\"UPM-INSIA\",\"url\":\"https:\\\/\\\/insia-upm.es\\\/\",\"logo\":{\"@type\":\"ImageObject\",\"inLanguage\":\"en-GB\",\"@id\":\"https:\\\/\\\/insia-upm.es\\\/#\\\/schema\\\/logo\\\/image\\\/\",\"url\":\"https:\\\/\\\/insia-upm.es\\\/wp-content\\\/uploads\\\/2021\\\/12\\\/logo-insia-low-e1412177316550.png\",\"contentUrl\":\"https:\\\/\\\/insia-upm.es\\\/wp-content\\\/uploads\\\/2021\\\/12\\\/logo-insia-low-e1412177316550.png\",\"width\":50,\"height\":71,\"caption\":\"UPM-INSIA\"},\"image\":{\"@id\":\"https:\\\/\\\/insia-upm.es\\\/#\\\/schema\\\/logo\\\/image\\\/\"},\"sameAs\":[\"https:\\\/\\\/x.com\\\/INSIAUPM\",\"https:\\\/\\\/www.instagram.com\\\/insia.upm\\\/\",\"https:\\\/\\\/www.linkedin.com\\\/in\\\/insia-instituto-universitario-investigaci\u00f3n-9088635a\\\/\",\"https:\\\/\\\/www.youtube.com\\\/user\\\/gestionidi\"]},{\"@type\":\"Person\",\"@id\":\"https:\\\/\\\/insia-upm.es\\\/#\\\/schema\\\/person\\\/ea86956259a9cb1c71947e50fada3117\",\"name\":\"desarrollo\",\"image\":{\"@type\":\"ImageObject\",\"inLanguage\":\"en-GB\",\"@id\":\"https:\\\/\\\/secure.gravatar.com\\\/avatar\\\/adcd1146e74a083903bd51ea0ac5e00b3905e9c35fc0c1b39da8534ca17f7257?s=96&d=mm&r=g\",\"url\":\"https:\\\/\\\/secure.gravatar.com\\\/avatar\\\/adcd1146e74a083903bd51ea0ac5e00b3905e9c35fc0c1b39da8534ca17f7257?s=96&d=mm&r=g\",\"contentUrl\":\"https:\\\/\\\/secure.gravatar.com\\\/avatar\\\/adcd1146e74a083903bd51ea0ac5e00b3905e9c35fc0c1b39da8534ca17f7257?s=96&d=mm&r=g\",\"caption\":\"desarrollo\"},\"sameAs\":[\"https:\\\/\\\/insia-upm.es\"],\"url\":\"https:\\\/\\\/insia-upm.es\\\/en\\\/author\\\/desarrollo\\\/\"}]}<\/script>\n<!-- \/ Yoast SEO plugin. -->","yoast_head_json":{"title":"Cursos de verano de la UPM - Instituto Universitario de Investigaci\u00f3n del Autom\u00f3vil Francisco Aparicio Izquierdo","description":"Cursos de Verano de la UPM: El motor de combusti\u00f3n interna y la movilidad sostenible y Avances en seguridad vial en Espa\u00f1a. Real Sitio de la Granja, Segovia","robots":{"index":"index","follow":"follow","max-snippet":"max-snippet:-1","max-image-preview":"max-image-preview:large","max-video-preview":"max-video-preview:-1"},"canonical":"https:\/\/insia-upm.es\/en\/cursos-de-verano-de-la-upm\/","og_locale":"en_GB","og_type":"article","og_title":"Cursos de verano de la UPM - Instituto Universitario de Investigaci\u00f3n del Autom\u00f3vil Francisco Aparicio Izquierdo","og_description":"Cursos de Verano de la UPM: El motor de combusti\u00f3n interna y la movilidad sostenible y Avances en seguridad vial en Espa\u00f1a. Real Sitio de la Granja, Segovia","og_url":"https:\/\/insia-upm.es\/en\/cursos-de-verano-de-la-upm\/","og_site_name":"Instituto Universitario de Investigaci\u00f3n del Autom\u00f3vil Francisco Aparicio Izquierdo","article_published_time":"2015-06-24T14:17:25+00:00","og_image":[{"width":160,"height":160,"url":"https:\/\/insia-upm.es\/wp-content\/uploads\/2015\/06\/logo_verano_new.jpg","type":"image\/jpeg"}],"author":"desarrollo","twitter_card":"summary_large_image","twitter_creator":"@INSIAUPM","twitter_site":"@INSIAUPM","twitter_misc":{"Written by":"desarrollo","Estimated reading time":"1 minute"},"schema":{"@context":"https:\/\/schema.org","@graph":[{"@type":"Article","@id":"https:\/\/insia-upm.es\/cursos-de-verano-de-la-upm\/#article","isPartOf":{"@id":"https:\/\/insia-upm.es\/cursos-de-verano-de-la-upm\/"},"author":{"name":"desarrollo","@id":"https:\/\/insia-upm.es\/#\/schema\/person\/ea86956259a9cb1c71947e50fada3117"},"headline":"Cursos de verano de la UPM","datePublished":"2015-06-24T14:17:25+00:00","mainEntityOfPage":{"@id":"https:\/\/insia-upm.es\/cursos-de-verano-de-la-upm\/"},"wordCount":255,"publisher":{"@id":"https:\/\/insia-upm.es\/#organization"},"image":{"@id":"https:\/\/insia-upm.es\/cursos-de-verano-de-la-upm\/#primaryimage"},"thumbnailUrl":"https:\/\/insia-upm.es\/wp-content\/uploads\/2015\/06\/logo_verano_new.jpg","articleSection":["AUTOMOCION","Formaci\u00f3n"],"inLanguage":"en-GB"},{"@type":"WebPage","@id":"https:\/\/insia-upm.es\/cursos-de-verano-de-la-upm\/","url":"https:\/\/insia-upm.es\/cursos-de-verano-de-la-upm\/","name":"Cursos de verano de la UPM - Instituto Universitario de Investigaci\u00f3n del Autom\u00f3vil Francisco Aparicio Izquierdo","isPartOf":{"@id":"https:\/\/insia-upm.es\/#website"},"primaryImageOfPage":{"@id":"https:\/\/insia-upm.es\/cursos-de-verano-de-la-upm\/#primaryimage"},"image":{"@id":"https:\/\/insia-upm.es\/cursos-de-verano-de-la-upm\/#primaryimage"},"thumbnailUrl":"https:\/\/insia-upm.es\/wp-content\/uploads\/2015\/06\/logo_verano_new.jpg","datePublished":"2015-06-24T14:17:25+00:00","description":"Cursos de Verano de la UPM: El motor de combusti\u00f3n interna y la movilidad sostenible y Avances en seguridad vial en Espa\u00f1a. Real Sitio de la Granja, Segovia","breadcrumb":{"@id":"https:\/\/insia-upm.es\/cursos-de-verano-de-la-upm\/#breadcrumb"},"inLanguage":"en-GB","potentialAction":[{"@type":"ReadAction","target":["https:\/\/insia-upm.es\/cursos-de-verano-de-la-upm\/"]}]},{"@type":"ImageObject","inLanguage":"en-GB","@id":"https:\/\/insia-upm.es\/cursos-de-verano-de-la-upm\/#primaryimage","url":"https:\/\/insia-upm.es\/wp-content\/uploads\/2015\/06\/logo_verano_new.jpg","contentUrl":"https:\/\/insia-upm.es\/wp-content\/uploads\/2015\/06\/logo_verano_new.jpg","width":160,"height":160},{"@type":"BreadcrumbList","@id":"https:\/\/insia-upm.es\/cursos-de-verano-de-la-upm\/#breadcrumb","itemListElement":[{"@type":"ListItem","position":1,"name":"Portada","item":"https:\/\/insia-upm.es\/"},{"@type":"ListItem","position":2,"name":"Cursos de verano de la UPM"}]},{"@type":"WebSite","@id":"https:\/\/insia-upm.es\/#website","url":"https:\/\/insia-upm.es\/","name":"Instituto Universitario de Investigaci\u00f3n del Autom\u00f3vil Francisco Aparicio Izquierdo","description":"Instituto de Investigaci\u00f3n del Autom\u00f3vil Francisco Aparicio Izquierdo","publisher":{"@id":"https:\/\/insia-upm.es\/#organization"},"potentialAction":[{"@type":"SearchAction","target":{"@type":"EntryPoint","urlTemplate":"https:\/\/insia-upm.es\/?s={search_term_string}"},"query-input":{"@type":"PropertyValueSpecification","valueRequired":true,"valueName":"search_term_string"}}],"inLanguage":"en-GB"},{"@type":"Organization","@id":"https:\/\/insia-upm.es\/#organization","name":"UPM-INSIA","url":"https:\/\/insia-upm.es\/","logo":{"@type":"ImageObject","inLanguage":"en-GB","@id":"https:\/\/insia-upm.es\/#\/schema\/logo\/image\/","url":"https:\/\/insia-upm.es\/wp-content\/uploads\/2021\/12\/logo-insia-low-e1412177316550.png","contentUrl":"https:\/\/insia-upm.es\/wp-content\/uploads\/2021\/12\/logo-insia-low-e1412177316550.png","width":50,"height":71,"caption":"UPM-INSIA"},"image":{"@id":"https:\/\/insia-upm.es\/#\/schema\/logo\/image\/"},"sameAs":["https:\/\/x.com\/INSIAUPM","https:\/\/www.instagram.com\/insia.upm\/","https:\/\/www.linkedin.com\/in\/insia-instituto-universitario-investigaci\u00f3n-9088635a\/","https:\/\/www.youtube.com\/user\/gestionidi"]},{"@type":"Person","@id":"https:\/\/insia-upm.es\/#\/schema\/person\/ea86956259a9cb1c71947e50fada3117","name":"desarrollo","image":{"@type":"ImageObject","inLanguage":"en-GB","@id":"https:\/\/secure.gravatar.com\/avatar\/adcd1146e74a083903bd51ea0ac5e00b3905e9c35fc0c1b39da8534ca17f7257?s=96&d=mm&r=g","url":"https:\/\/secure.gravatar.com\/avatar\/adcd1146e74a083903bd51ea0ac5e00b3905e9c35fc0c1b39da8534ca17f7257?s=96&d=mm&r=g","contentUrl":"https:\/\/secure.gravatar.com\/avatar\/adcd1146e74a083903bd51ea0ac5e00b3905e9c35fc0c1b39da8534ca17f7257?s=96&d=mm&r=g","caption":"desarrollo"},"sameAs":["https:\/\/insia-upm.es"],"url":"https:\/\/insia-upm.es\/en\/author\/desarrollo\/"}]}},"_links":{"self":[{"href":"https:\/\/insia-upm.es\/en\/wp-json\/wp\/v2\/posts\/13125","targetHints":{"allow":["GET"]}}],"collection":[{"href":"https:\/\/insia-upm.es\/en\/wp-json\/wp\/v2\/posts"}],"about":[{"href":"https:\/\/insia-upm.es\/en\/wp-json\/wp\/v2\/types\/post"}],"author":[{"embeddable":true,"href":"https:\/\/insia-upm.es\/en\/wp-json\/wp\/v2\/users\/1"}],"replies":[{"embeddable":true,"href":"https:\/\/insia-upm.es\/en\/wp-json\/wp\/v2\/comments?post=13125"}],"version-history":[{"count":0,"href":"https:\/\/insia-upm.es\/en\/wp-json\/wp\/v2\/posts\/13125\/revisions"}],"wp:featuredmedia":[{"embeddable":true,"href":"https:\/\/insia-upm.es\/en\/wp-json\/wp\/v2\/media\/13126"}],"wp:attachment":[{"href":"https:\/\/insia-upm.es\/en\/wp-json\/wp\/v2\/media?parent=13125"}],"wp:term":[{"taxonomy":"category","embeddable":true,"href":"https:\/\/insia-upm.es\/en\/wp-json\/wp\/v2\/categories?post=13125"},{"taxonomy":"post_tag","embeddable":true,"href":"https:\/\/insia-upm.es\/en\/wp-json\/wp\/v2\/tags?post=13125"}],"curies":[{"name":"wp","href":"https:\/\/api.w.org\/{rel}","templated":true}]}}