{"id":13066,"date":"2015-05-27T16:13:47","date_gmt":"2015-05-27T14:13:47","guid":{"rendered":"https:\/\/insia-upm.es\/?p=13066"},"modified":"2015-05-27T16:13:47","modified_gmt":"2015-05-27T14:13:47","slug":"transporte-y-movilidad-sostenible-en-smart-cities","status":"publish","type":"post","link":"https:\/\/insia-upm.es\/en\/transporte-y-movilidad-sostenible-en-smart-cities\/","title":{"rendered":"TRANSPORTE Y MOVILIDAD SOSTENIBLE EN SMART CITIES"},"content":{"rendered":"<p style=\"text-align: justify;\">El concepto de Smart City ha surgido en la \u00faltima d\u00e9cada como una fusi\u00f3n de ideas sobre c\u00f3mo las nuevas tecnolog\u00edas de la informaci\u00f3n y las telecomunicaciones pueden mejorar el funcionamiento de la ciudad y su desarrollo sostenible en t\u00e9rminos econ\u00f3micos, sociales y medioambientales, aumentando la competitividad, la eficiencia, el ahorro energ\u00e9tico, y mejorando la calidad de vida, entre otras cuestiones. Uno de los sectores en los que la tecnolog\u00eda est\u00e1 teniendo mayor incidencia es el del transporte y la movilidad.<\/p>\n<p style=\"text-align: justify;\">Las ciudades son sistemas complejos en los que intervienen m\u00faltiples actores que se relacionan en torno a procesos profundamente ligados, existiendo en estos procesos importantes oportunidades de mejora e integraci\u00f3n. Esto es, optimizando infraestructuras cr\u00edticas como los intercambiadores de transporte, sem\u00e1foros inteligentes, optimizaci\u00f3n del transporte mediante actuadores interactivos, control de flujos de veh\u00edculos mediante monitorizaci\u00f3n, etc. Las actividades cotidianas de los ciudadanos est\u00e1n generando ingentes cantidades de informaci\u00f3n geolocalizada cuando se desplazan por la ciudad. En la era tecnol\u00f3gica actual, cualquiera de las actividades humanas deja rastro. Apenas sin darnos cuenta nos hemos convertido en aut\u00e9nticos sensores humanos: las redes de dispositivos m\u00f3viles generan gran cantidad de informaci\u00f3n geolocalizada que permite monitorizar el movimiento a lo largo del tiempo y son una ayuda inestimable en la gesti\u00f3n y planificaci\u00f3n del transporte y la movilidad.<\/p>\n<p>En este curso se pretenden acercar a los alumnos las tendencias m\u00e1s innovadoras acerca de transporte y movilidad sostenibles as\u00ed como dar una visi\u00f3n general de la situaci\u00f3n actual y las \u00e1reas de investigaci\u00f3n preponderantes.<br \/>\n<a href=\"https:\/\/insia-upm.es\/wp-content\/uploads\/2015\/05\/74106-Transporte-y-movilidad-bis.png\"><img loading=\"lazy\" decoding=\"async\" class=\"size-large wp-image-13068 aligncenter\" src=\"https:\/\/insia-upm.es\/wp-content\/uploads\/2015\/05\/74106-Transporte-y-movilidad-bis-710x1024.png\" alt=\"74106 Transporte y movilidad bis\" width=\"669\" height=\"965\" \/><\/a><\/p>\n<h3 style=\"text-align: center;\"><strong><a href=\"http:\/\/www.ucm.es\/cursosdeverano\" target=\"_blank\" rel=\"noopener\">TRANSPORTE Y MOVILIDAD SOSTENIBLE EN SMART CITIES<\/a><\/strong><\/h3>\n<p style=\"text-align: center;\"><strong>DEL 20 AL 24 DE JULIO<\/strong><\/p>\n<p><span style=\"color: #008000;\"><strong>Lunes, 20 de julio<\/strong><\/span><br \/>\n<strong>10.30 h.<\/strong>\u00a0\u00a0\u00a0\u00a0 <strong>Francisco Aparicio Izquierdo<\/strong><strong>. <\/strong>Universidad Polit\u00e9cnica de Madrid &#8211; INSIA.<br \/>\nSeguridad e impacto medioambiental de veh\u00edculos y transportes.<br \/>\n<strong>12.00 h.<\/strong>\u00a0\u00a0\u00a0\u00a0 <strong>Jos\u00e9 Manuel Men\u00e9ndez Garc\u00eda. <\/strong>Universidad Polit\u00e9cnica de Madrid.<br \/>\nDespliegue de servicios cooperativos en el \u00e1mbito del transporte por carretera y su integraci\u00f3n en las redes de comunicaciones de nueva generaci\u00f3n.<br \/>\n<strong>\u00a0<\/strong><strong>16.30 h.<\/strong>\u00a0\u00a0\u00a0\u00a0 <strong>Mesa redonda<\/strong>: <strong>Movilidad verde: infraestructuras, comunicaciones y veh\u00edculos <\/strong><br \/>\nModera: <strong>Manuel L\u00f3pez Villena<\/strong>. INDRA; Participan: <strong>Francisco Aparicio Izquierdo.<\/strong><strong> Jos\u00e9 Manuel Men\u00e9ndez Garc\u00eda<\/strong>;<strong> Luis Moreno<\/strong>. Abertis. Gestor de proyectos I+D.<br \/>\n&nbsp;<br \/>\n<span style=\"color: #008000;\"><strong>Martes, 21 de julio<\/strong><\/span><br \/>\n<strong>10.30 h.\u00a0\u00a0\u00a0\u00a0 Antonio Garc\u00eda Pastor.<\/strong> Consorcio Regional de Transportes de Madrid.<br \/>\n<strong><em>\u00a0\u00a0\u00a0\u00a0\u00a0\u00a0\u00a0\u00a0\u00a0\u00a0\u00a0\u00a0\u00a0\u00a0\u00a0\u00a0 <\/em><\/strong>Hacia una red transporte p\u00fablico inteligente en Smart Cities.<br \/>\n<strong>12.00 h.\u00a0\u00a0\u00a0\u00a0 Andr\u00e9s Monz\u00f3n de C\u00e1ceres<\/strong>. Universidad Polit\u00e9cnica de Madrid<br \/>\n<strong><em>\u00a0\u00a0\u00a0\u00a0\u00a0\u00a0\u00a0\u00a0\u00a0\u00a0\u00a0\u00a0\u00a0\u00a0\u00a0\u00a0 <\/em><\/strong>Aplicaciones ITS para mejorar la gesti\u00f3n del transporte p\u00fablico urbano<br \/>\n<strong>\u00a0<\/strong><strong>16.30 h.\u00a0\u00a0\u00a0\u00a0 Mesa redonda: Informaci\u00f3n e intermodalidad de modos transporte<\/strong><br \/>\nModera:<strong> Francisco Aparicio Izquierdo. <\/strong>Participan<strong>: Antonio Garc\u00eda Pastor<\/strong>; <strong>Andr\u00e9s Monz\u00f3n de C\u00e1ceres; Participante por confirmar<\/strong><br \/>\n&nbsp;<br \/>\n<span style=\"color: #008000;\"><strong>Mi\u00e9rcoles, 22 de julio<\/strong><\/span><br \/>\n<strong>10.00 h.\u00a0\u00a0\u00a0\u00a0 Eusebio Bernabeu Mart\u00ednez. <\/strong>Universidad Complutense de Madrid.<br \/>\nNuevas infraestructuras para la movilidad y el transporte en Smart Cities.<br \/>\n<strong>12.00 h.\u00a0\u00a0\u00a0\u00a0 <\/strong>Conferencia extraordinaria abierta a todos los participantes<br \/>\n<strong>16.30 h.\u00a0\u00a0\u00a0\u00a0\u00a0\u00a0\u00a0\u00a0\u00a0\u00a0\u00a0 Mesa redonda<\/strong>: <strong>Movilidad sostenible en la era digital<\/strong><br \/>\nModera: <strong>Eusebio Bernabeu Mart\u00ednez. <\/strong>Participan: <strong>Participante por confirmar<\/strong>; <strong>Valia Merino Vallina<\/strong>. OptivaMedia, manager de proyectos. <strong>Jes\u00fas \u00c1ngel Plaza Mena. <\/strong>Ezentis, Jefe de unidad de negocio.<br \/>\n&nbsp;<br \/>\n<span style=\"color: #008000;\"><strong>Jueves, 23 de julio<\/strong><\/span><br \/>\n<strong>10.30 h.\u00a0\u00a0\u00a0\u00a0 Javier Guti\u00e9rrez Puebla<\/strong>. Universidad Complutense de Madrid<br \/>\nEl uso de Big data en la planificaci\u00f3n y la gesti\u00f3n de la movilidad urbana: nuevos retos y oportunidades.<br \/>\n<strong>12.00 h.\u00a0\u00a0\u00a0\u00a0 \u00a0\u00a0\u00a0\u00a0\u00a0\u00a0 Esteban Moro Egido. <\/strong>Universidad Carlos III de Madrid.<br \/>\n<strong>\u00a0\u00a0\u00a0\u00a0\u00a0\u00a0\u00a0\u00a0\u00a0\u00a0\u00a0\u00a0\u00a0\u00a0\u00a0\u00a0 <\/strong>Ciudades, movilidad y social media.<br \/>\n<strong>16.30 h.\u00a0\u00a0\u00a0\u00a0 Mesa redonda: Las nuevas fuentes de informaci\u00f3n geolocalizada en la movilidad urbana<\/strong><br \/>\nModera: <strong>Eusebio Bernabeu Mart\u00ednez<\/strong><strong>. <\/strong>Participan<strong>: <\/strong><strong>Javier Guti\u00e9rrez Puebla<\/strong><strong>; <\/strong><strong>Esteban Moro Egido<\/strong><strong>; <\/strong><strong>Borja Moya G\u00f3mez<\/strong>, Universidad Complutense de Madrid. Investigador contratado.<br \/>\n&nbsp;<br \/>\n<span style=\"color: #008000;\"><strong>Viernes, 24 de julio<\/strong><\/span><br \/>\n<strong>10.30 h.\u00a0\u00a0\u00a0\u00a0 Victoria L\u00f3pez<\/strong>. Universidad Complutense de Madrid.<br \/>\nAplicaciones Big y Open Data en las Smart Cities.<br \/>\n<strong>12.00 h.\u00a0\u00a0\u00a0\u00a0 Dolores Ordo\u00f1ez Mart\u00ednez<\/strong>. AnySolution directora.<br \/>\n<strong>\u00a0\u00a0\u00a0\u00a0\u00a0\u00a0\u00a0\u00a0\u00a0\u00a0\u00a0\u00a0\u00a0\u00a0\u00a0\u00a0 Falta t\u00edtulo de conferencia<\/strong>.<br \/>\n<strong>13.30 h.\u00a0\u00a0\u00a0\u00a0 \u00a0\u00a0\u00a0\u00a0\u00a0\u00a0 <\/strong>Clausura y entrega de diplomas<br \/>\n&nbsp;<br \/>\n&nbsp;<\/p>","protected":false},"excerpt":{"rendered":"<p>El concepto de Smart City ha surgido en la \u00faltima d\u00e9cada como una fusi\u00f3n de ideas sobre c\u00f3mo las nuevas tecnolog\u00edas de la informaci\u00f3n y las telecomunicaciones pueden mejorar el funcionamiento de la ciudad y su desarrollo sostenible en t\u00e9rminos econ\u00f3micos, sociales y medioambientales, aumentando la competitividad, la eficiencia, el ahorro energ\u00e9tico, y mejorando la [&hellip;]<\/p>\n","protected":false},"author":1,"featured_media":0,"comment_status":"closed","ping_status":"open","sticky":false,"template":"","format":"standard","meta":{"_et_pb_use_builder":"","_et_pb_old_content":"","_et_gb_content_width":"","_monsterinsights_skip_tracking":false,"_monsterinsights_sitenote_active":false,"_monsterinsights_sitenote_note":"","_monsterinsights_sitenote_category":0,"footnotes":""},"categories":[49],"tags":[],"class_list":["post-13066","post","type-post","status-publish","format-standard","hentry","category-transporte"],"yoast_head":"<!-- This site is optimized with the Yoast SEO plugin v27.5 - https:\/\/yoast.com\/product\/yoast-seo-wordpress\/ -->\n<title>TRANSPORTE Y MOVILIDAD SOSTENIBLE EN SMART CITIES - Instituto Universitario de Investigaci\u00f3n del Autom\u00f3vil Francisco Aparicio Izquierdo<\/title>\n<meta name=\"robots\" content=\"index, follow, max-snippet:-1, max-image-preview:large, max-video-preview:-1\" \/>\n<link rel=\"canonical\" href=\"https:\/\/insia-upm.es\/en\/transporte-y-movilidad-sostenible-en-smart-cities\/\" \/>\n<meta property=\"og:locale\" content=\"en_GB\" \/>\n<meta property=\"og:type\" content=\"article\" \/>\n<meta property=\"og:title\" content=\"TRANSPORTE Y MOVILIDAD SOSTENIBLE EN SMART CITIES - Instituto Universitario de Investigaci\u00f3n del Autom\u00f3vil Francisco Aparicio Izquierdo\" \/>\n<meta property=\"og:description\" content=\"El concepto de Smart City ha surgido en la \u00faltima d\u00e9cada como una fusi\u00f3n de ideas sobre c\u00f3mo las nuevas tecnolog\u00edas de la informaci\u00f3n y las telecomunicaciones pueden mejorar el funcionamiento de la ciudad y su desarrollo sostenible en t\u00e9rminos econ\u00f3micos, sociales y medioambientales, aumentando la competitividad, la eficiencia, el ahorro energ\u00e9tico, y mejorando la [&hellip;]\" \/>\n<meta property=\"og:url\" content=\"https:\/\/insia-upm.es\/en\/transporte-y-movilidad-sostenible-en-smart-cities\/\" \/>\n<meta property=\"og:site_name\" content=\"Instituto Universitario de Investigaci\u00f3n del Autom\u00f3vil Francisco Aparicio Izquierdo\" \/>\n<meta property=\"article:published_time\" content=\"2015-05-27T14:13:47+00:00\" \/>\n<meta property=\"og:image\" content=\"https:\/\/insia-upm.es\/wp-content\/uploads\/2015\/05\/74106-Transporte-y-movilidad-bis-710x1024.png\" \/>\n<meta name=\"author\" content=\"desarrollo\" \/>\n<meta name=\"twitter:card\" content=\"summary_large_image\" \/>\n<meta name=\"twitter:creator\" content=\"@INSIAUPM\" \/>\n<meta name=\"twitter:site\" content=\"@INSIAUPM\" \/>\n<meta name=\"twitter:label1\" content=\"Written by\" \/>\n\t<meta name=\"twitter:data1\" content=\"desarrollo\" \/>\n\t<meta name=\"twitter:label2\" content=\"Estimated reading time\" \/>\n\t<meta name=\"twitter:data2\" content=\"3 minutes\" \/>\n<script type=\"application\/ld+json\" class=\"yoast-schema-graph\">{\"@context\":\"https:\\\/\\\/schema.org\",\"@graph\":[{\"@type\":\"Article\",\"@id\":\"https:\\\/\\\/insia-upm.es\\\/transporte-y-movilidad-sostenible-en-smart-cities\\\/#article\",\"isPartOf\":{\"@id\":\"https:\\\/\\\/insia-upm.es\\\/transporte-y-movilidad-sostenible-en-smart-cities\\\/\"},\"author\":{\"name\":\"desarrollo\",\"@id\":\"https:\\\/\\\/insia-upm.es\\\/#\\\/schema\\\/person\\\/ea86956259a9cb1c71947e50fada3117\"},\"headline\":\"TRANSPORTE Y MOVILIDAD SOSTENIBLE EN SMART CITIES\",\"datePublished\":\"2015-05-27T14:13:47+00:00\",\"mainEntityOfPage\":{\"@id\":\"https:\\\/\\\/insia-upm.es\\\/transporte-y-movilidad-sostenible-en-smart-cities\\\/\"},\"wordCount\":664,\"publisher\":{\"@id\":\"https:\\\/\\\/insia-upm.es\\\/#organization\"},\"image\":{\"@id\":\"https:\\\/\\\/insia-upm.es\\\/transporte-y-movilidad-sostenible-en-smart-cities\\\/#primaryimage\"},\"thumbnailUrl\":\"https:\\\/\\\/insia-upm.es\\\/wp-content\\\/uploads\\\/2015\\\/05\\\/74106-Transporte-y-movilidad-bis-710x1024.png\",\"articleSection\":[\"TRANSPORTE\"],\"inLanguage\":\"en-GB\"},{\"@type\":\"WebPage\",\"@id\":\"https:\\\/\\\/insia-upm.es\\\/transporte-y-movilidad-sostenible-en-smart-cities\\\/\",\"url\":\"https:\\\/\\\/insia-upm.es\\\/transporte-y-movilidad-sostenible-en-smart-cities\\\/\",\"name\":\"TRANSPORTE Y MOVILIDAD SOSTENIBLE EN SMART CITIES - Instituto Universitario de Investigaci\u00f3n del Autom\u00f3vil Francisco Aparicio Izquierdo\",\"isPartOf\":{\"@id\":\"https:\\\/\\\/insia-upm.es\\\/#website\"},\"primaryImageOfPage\":{\"@id\":\"https:\\\/\\\/insia-upm.es\\\/transporte-y-movilidad-sostenible-en-smart-cities\\\/#primaryimage\"},\"image\":{\"@id\":\"https:\\\/\\\/insia-upm.es\\\/transporte-y-movilidad-sostenible-en-smart-cities\\\/#primaryimage\"},\"thumbnailUrl\":\"https:\\\/\\\/insia-upm.es\\\/wp-content\\\/uploads\\\/2015\\\/05\\\/74106-Transporte-y-movilidad-bis-710x1024.png\",\"datePublished\":\"2015-05-27T14:13:47+00:00\",\"breadcrumb\":{\"@id\":\"https:\\\/\\\/insia-upm.es\\\/transporte-y-movilidad-sostenible-en-smart-cities\\\/#breadcrumb\"},\"inLanguage\":\"en-GB\",\"potentialAction\":[{\"@type\":\"ReadAction\",\"target\":[\"https:\\\/\\\/insia-upm.es\\\/transporte-y-movilidad-sostenible-en-smart-cities\\\/\"]}]},{\"@type\":\"ImageObject\",\"inLanguage\":\"en-GB\",\"@id\":\"https:\\\/\\\/insia-upm.es\\\/transporte-y-movilidad-sostenible-en-smart-cities\\\/#primaryimage\",\"url\":\"https:\\\/\\\/insia-upm.es\\\/wp-content\\\/uploads\\\/2015\\\/05\\\/74106-Transporte-y-movilidad-bis-710x1024.png\",\"contentUrl\":\"https:\\\/\\\/insia-upm.es\\\/wp-content\\\/uploads\\\/2015\\\/05\\\/74106-Transporte-y-movilidad-bis-710x1024.png\"},{\"@type\":\"BreadcrumbList\",\"@id\":\"https:\\\/\\\/insia-upm.es\\\/transporte-y-movilidad-sostenible-en-smart-cities\\\/#breadcrumb\",\"itemListElement\":[{\"@type\":\"ListItem\",\"position\":1,\"name\":\"Portada\",\"item\":\"https:\\\/\\\/insia-upm.es\\\/\"},{\"@type\":\"ListItem\",\"position\":2,\"name\":\"TRANSPORTE Y MOVILIDAD SOSTENIBLE EN SMART CITIES\"}]},{\"@type\":\"WebSite\",\"@id\":\"https:\\\/\\\/insia-upm.es\\\/#website\",\"url\":\"https:\\\/\\\/insia-upm.es\\\/\",\"name\":\"Instituto Universitario de Investigaci\u00f3n del Autom\u00f3vil Francisco Aparicio Izquierdo\",\"description\":\"Instituto de Investigaci\u00f3n del Autom\u00f3vil Francisco Aparicio Izquierdo\",\"publisher\":{\"@id\":\"https:\\\/\\\/insia-upm.es\\\/#organization\"},\"potentialAction\":[{\"@type\":\"SearchAction\",\"target\":{\"@type\":\"EntryPoint\",\"urlTemplate\":\"https:\\\/\\\/insia-upm.es\\\/?s={search_term_string}\"},\"query-input\":{\"@type\":\"PropertyValueSpecification\",\"valueRequired\":true,\"valueName\":\"search_term_string\"}}],\"inLanguage\":\"en-GB\"},{\"@type\":\"Organization\",\"@id\":\"https:\\\/\\\/insia-upm.es\\\/#organization\",\"name\":\"UPM-INSIA\",\"url\":\"https:\\\/\\\/insia-upm.es\\\/\",\"logo\":{\"@type\":\"ImageObject\",\"inLanguage\":\"en-GB\",\"@id\":\"https:\\\/\\\/insia-upm.es\\\/#\\\/schema\\\/logo\\\/image\\\/\",\"url\":\"https:\\\/\\\/insia-upm.es\\\/wp-content\\\/uploads\\\/2021\\\/12\\\/logo-insia-low-e1412177316550.png\",\"contentUrl\":\"https:\\\/\\\/insia-upm.es\\\/wp-content\\\/uploads\\\/2021\\\/12\\\/logo-insia-low-e1412177316550.png\",\"width\":50,\"height\":71,\"caption\":\"UPM-INSIA\"},\"image\":{\"@id\":\"https:\\\/\\\/insia-upm.es\\\/#\\\/schema\\\/logo\\\/image\\\/\"},\"sameAs\":[\"https:\\\/\\\/x.com\\\/INSIAUPM\",\"https:\\\/\\\/www.instagram.com\\\/insia.upm\\\/\",\"https:\\\/\\\/www.linkedin.com\\\/in\\\/insia-instituto-universitario-investigaci\u00f3n-9088635a\\\/\",\"https:\\\/\\\/www.youtube.com\\\/user\\\/gestionidi\"]},{\"@type\":\"Person\",\"@id\":\"https:\\\/\\\/insia-upm.es\\\/#\\\/schema\\\/person\\\/ea86956259a9cb1c71947e50fada3117\",\"name\":\"desarrollo\",\"image\":{\"@type\":\"ImageObject\",\"inLanguage\":\"en-GB\",\"@id\":\"https:\\\/\\\/secure.gravatar.com\\\/avatar\\\/adcd1146e74a083903bd51ea0ac5e00b3905e9c35fc0c1b39da8534ca17f7257?s=96&d=mm&r=g\",\"url\":\"https:\\\/\\\/secure.gravatar.com\\\/avatar\\\/adcd1146e74a083903bd51ea0ac5e00b3905e9c35fc0c1b39da8534ca17f7257?s=96&d=mm&r=g\",\"contentUrl\":\"https:\\\/\\\/secure.gravatar.com\\\/avatar\\\/adcd1146e74a083903bd51ea0ac5e00b3905e9c35fc0c1b39da8534ca17f7257?s=96&d=mm&r=g\",\"caption\":\"desarrollo\"},\"sameAs\":[\"https:\\\/\\\/insia-upm.es\"],\"url\":\"https:\\\/\\\/insia-upm.es\\\/en\\\/author\\\/desarrollo\\\/\"}]}<\/script>\n<!-- \/ Yoast SEO plugin. -->","yoast_head_json":{"title":"TRANSPORTE Y MOVILIDAD SOSTENIBLE EN SMART CITIES - Instituto Universitario de Investigaci\u00f3n del Autom\u00f3vil Francisco Aparicio Izquierdo","robots":{"index":"index","follow":"follow","max-snippet":"max-snippet:-1","max-image-preview":"max-image-preview:large","max-video-preview":"max-video-preview:-1"},"canonical":"https:\/\/insia-upm.es\/en\/transporte-y-movilidad-sostenible-en-smart-cities\/","og_locale":"en_GB","og_type":"article","og_title":"TRANSPORTE Y MOVILIDAD SOSTENIBLE EN SMART CITIES - Instituto Universitario de Investigaci\u00f3n del Autom\u00f3vil Francisco Aparicio Izquierdo","og_description":"El concepto de Smart City ha surgido en la \u00faltima d\u00e9cada como una fusi\u00f3n de ideas sobre c\u00f3mo las nuevas tecnolog\u00edas de la informaci\u00f3n y las telecomunicaciones pueden mejorar el funcionamiento de la ciudad y su desarrollo sostenible en t\u00e9rminos econ\u00f3micos, sociales y medioambientales, aumentando la competitividad, la eficiencia, el ahorro energ\u00e9tico, y mejorando la [&hellip;]","og_url":"https:\/\/insia-upm.es\/en\/transporte-y-movilidad-sostenible-en-smart-cities\/","og_site_name":"Instituto Universitario de Investigaci\u00f3n del Autom\u00f3vil Francisco Aparicio Izquierdo","article_published_time":"2015-05-27T14:13:47+00:00","og_image":[{"url":"https:\/\/insia-upm.es\/wp-content\/uploads\/2015\/05\/74106-Transporte-y-movilidad-bis-710x1024.png","type":"","width":"","height":""}],"author":"desarrollo","twitter_card":"summary_large_image","twitter_creator":"@INSIAUPM","twitter_site":"@INSIAUPM","twitter_misc":{"Written by":"desarrollo","Estimated reading time":"3 minutes"},"schema":{"@context":"https:\/\/schema.org","@graph":[{"@type":"Article","@id":"https:\/\/insia-upm.es\/transporte-y-movilidad-sostenible-en-smart-cities\/#article","isPartOf":{"@id":"https:\/\/insia-upm.es\/transporte-y-movilidad-sostenible-en-smart-cities\/"},"author":{"name":"desarrollo","@id":"https:\/\/insia-upm.es\/#\/schema\/person\/ea86956259a9cb1c71947e50fada3117"},"headline":"TRANSPORTE Y MOVILIDAD SOSTENIBLE EN SMART CITIES","datePublished":"2015-05-27T14:13:47+00:00","mainEntityOfPage":{"@id":"https:\/\/insia-upm.es\/transporte-y-movilidad-sostenible-en-smart-cities\/"},"wordCount":664,"publisher":{"@id":"https:\/\/insia-upm.es\/#organization"},"image":{"@id":"https:\/\/insia-upm.es\/transporte-y-movilidad-sostenible-en-smart-cities\/#primaryimage"},"thumbnailUrl":"https:\/\/insia-upm.es\/wp-content\/uploads\/2015\/05\/74106-Transporte-y-movilidad-bis-710x1024.png","articleSection":["TRANSPORTE"],"inLanguage":"en-GB"},{"@type":"WebPage","@id":"https:\/\/insia-upm.es\/transporte-y-movilidad-sostenible-en-smart-cities\/","url":"https:\/\/insia-upm.es\/transporte-y-movilidad-sostenible-en-smart-cities\/","name":"TRANSPORTE Y MOVILIDAD SOSTENIBLE EN SMART CITIES - Instituto Universitario de Investigaci\u00f3n del Autom\u00f3vil Francisco Aparicio Izquierdo","isPartOf":{"@id":"https:\/\/insia-upm.es\/#website"},"primaryImageOfPage":{"@id":"https:\/\/insia-upm.es\/transporte-y-movilidad-sostenible-en-smart-cities\/#primaryimage"},"image":{"@id":"https:\/\/insia-upm.es\/transporte-y-movilidad-sostenible-en-smart-cities\/#primaryimage"},"thumbnailUrl":"https:\/\/insia-upm.es\/wp-content\/uploads\/2015\/05\/74106-Transporte-y-movilidad-bis-710x1024.png","datePublished":"2015-05-27T14:13:47+00:00","breadcrumb":{"@id":"https:\/\/insia-upm.es\/transporte-y-movilidad-sostenible-en-smart-cities\/#breadcrumb"},"inLanguage":"en-GB","potentialAction":[{"@type":"ReadAction","target":["https:\/\/insia-upm.es\/transporte-y-movilidad-sostenible-en-smart-cities\/"]}]},{"@type":"ImageObject","inLanguage":"en-GB","@id":"https:\/\/insia-upm.es\/transporte-y-movilidad-sostenible-en-smart-cities\/#primaryimage","url":"https:\/\/insia-upm.es\/wp-content\/uploads\/2015\/05\/74106-Transporte-y-movilidad-bis-710x1024.png","contentUrl":"https:\/\/insia-upm.es\/wp-content\/uploads\/2015\/05\/74106-Transporte-y-movilidad-bis-710x1024.png"},{"@type":"BreadcrumbList","@id":"https:\/\/insia-upm.es\/transporte-y-movilidad-sostenible-en-smart-cities\/#breadcrumb","itemListElement":[{"@type":"ListItem","position":1,"name":"Portada","item":"https:\/\/insia-upm.es\/"},{"@type":"ListItem","position":2,"name":"TRANSPORTE Y MOVILIDAD SOSTENIBLE EN SMART CITIES"}]},{"@type":"WebSite","@id":"https:\/\/insia-upm.es\/#website","url":"https:\/\/insia-upm.es\/","name":"Instituto Universitario de Investigaci\u00f3n del Autom\u00f3vil Francisco Aparicio Izquierdo","description":"Instituto de Investigaci\u00f3n del Autom\u00f3vil Francisco Aparicio Izquierdo","publisher":{"@id":"https:\/\/insia-upm.es\/#organization"},"potentialAction":[{"@type":"SearchAction","target":{"@type":"EntryPoint","urlTemplate":"https:\/\/insia-upm.es\/?s={search_term_string}"},"query-input":{"@type":"PropertyValueSpecification","valueRequired":true,"valueName":"search_term_string"}}],"inLanguage":"en-GB"},{"@type":"Organization","@id":"https:\/\/insia-upm.es\/#organization","name":"UPM-INSIA","url":"https:\/\/insia-upm.es\/","logo":{"@type":"ImageObject","inLanguage":"en-GB","@id":"https:\/\/insia-upm.es\/#\/schema\/logo\/image\/","url":"https:\/\/insia-upm.es\/wp-content\/uploads\/2021\/12\/logo-insia-low-e1412177316550.png","contentUrl":"https:\/\/insia-upm.es\/wp-content\/uploads\/2021\/12\/logo-insia-low-e1412177316550.png","width":50,"height":71,"caption":"UPM-INSIA"},"image":{"@id":"https:\/\/insia-upm.es\/#\/schema\/logo\/image\/"},"sameAs":["https:\/\/x.com\/INSIAUPM","https:\/\/www.instagram.com\/insia.upm\/","https:\/\/www.linkedin.com\/in\/insia-instituto-universitario-investigaci\u00f3n-9088635a\/","https:\/\/www.youtube.com\/user\/gestionidi"]},{"@type":"Person","@id":"https:\/\/insia-upm.es\/#\/schema\/person\/ea86956259a9cb1c71947e50fada3117","name":"desarrollo","image":{"@type":"ImageObject","inLanguage":"en-GB","@id":"https:\/\/secure.gravatar.com\/avatar\/adcd1146e74a083903bd51ea0ac5e00b3905e9c35fc0c1b39da8534ca17f7257?s=96&d=mm&r=g","url":"https:\/\/secure.gravatar.com\/avatar\/adcd1146e74a083903bd51ea0ac5e00b3905e9c35fc0c1b39da8534ca17f7257?s=96&d=mm&r=g","contentUrl":"https:\/\/secure.gravatar.com\/avatar\/adcd1146e74a083903bd51ea0ac5e00b3905e9c35fc0c1b39da8534ca17f7257?s=96&d=mm&r=g","caption":"desarrollo"},"sameAs":["https:\/\/insia-upm.es"],"url":"https:\/\/insia-upm.es\/en\/author\/desarrollo\/"}]}},"_links":{"self":[{"href":"https:\/\/insia-upm.es\/en\/wp-json\/wp\/v2\/posts\/13066","targetHints":{"allow":["GET"]}}],"collection":[{"href":"https:\/\/insia-upm.es\/en\/wp-json\/wp\/v2\/posts"}],"about":[{"href":"https:\/\/insia-upm.es\/en\/wp-json\/wp\/v2\/types\/post"}],"author":[{"embeddable":true,"href":"https:\/\/insia-upm.es\/en\/wp-json\/wp\/v2\/users\/1"}],"replies":[{"embeddable":true,"href":"https:\/\/insia-upm.es\/en\/wp-json\/wp\/v2\/comments?post=13066"}],"version-history":[{"count":0,"href":"https:\/\/insia-upm.es\/en\/wp-json\/wp\/v2\/posts\/13066\/revisions"}],"wp:attachment":[{"href":"https:\/\/insia-upm.es\/en\/wp-json\/wp\/v2\/media?parent=13066"}],"wp:term":[{"taxonomy":"category","embeddable":true,"href":"https:\/\/insia-upm.es\/en\/wp-json\/wp\/v2\/categories?post=13066"},{"taxonomy":"post_tag","embeddable":true,"href":"https:\/\/insia-upm.es\/en\/wp-json\/wp\/v2\/tags?post=13066"}],"curies":[{"name":"wp","href":"https:\/\/api.w.org\/{rel}","templated":true}]}}