{"id":13041,"date":"2015-05-25T08:34:50","date_gmt":"2015-05-25T07:34:50","guid":{"rendered":"https:\/\/insia-upm.es\/?p=13041"},"modified":"2015-05-25T08:34:50","modified_gmt":"2015-05-25T07:34:50","slug":"jornadas-sobre-innovacion-y-retos-en-automocion","status":"publish","type":"post","link":"https:\/\/insia-upm.es\/en\/jornadas-sobre-innovacion-y-retos-en-automocion\/","title":{"rendered":"Jornadas sobre Innovaci\u00f3n y Retos en Automoci\u00f3n"},"content":{"rendered":"<p style=\"text-align: justify;\">El d\u00eda 12 de junio de 2015, se realizar\u00e1n las\u00a0<em>Primeras Jornadas sobre<\/em> <strong>Innovaci\u00f3n y Retos en Automoci\u00f3n<\/strong> en el marco de las actividades del a\u00f1o 2015 de la \u00a0C\u00e1tedra Universidad \u2013 Empresa <strong>EDUARDO BARREIROS \u201cAUTOM\u00d3VIL Y MOVILIDAD SOSTENIBLE<\/strong>\u201d.<\/p>\n<p style=\"text-align: justify;\">Esta actividad la organizan los alumnos y profesores de la asignatura ORGANIZACI\u00d3N, DESARROLLO Y PARTICIPACI\u00d3N EN EVENTOS DE DIFUSI\u00d3N CIENT\u00cdFICA\u00a0 del Master de Ingenier\u00eda Industrial de la ETSII \u2013 UPM.<\/p>\n<p style=\"text-align: justify;\">Los profesores tutores pertenecen al Grupo de Ingenier\u00eda de Veh\u00edculos y Transportes del Departamento de Ingenier\u00eda Mec\u00e1nica de la ETSII y al INSIA y apoyan el desarrollo de estas jornadas con gran inter\u00e9s, ya que constituyen una actividad formativa de gran valor para la adquisici\u00f3n de competencias por parte de los estudiantes como son el\u00a0 trabajo en equipo, la comunicaci\u00f3n en ingl\u00e9s, la b\u00fasqueda efectiva de fuentes de documentaci\u00f3n cient\u00edfica internacional y en definitiva el uso de t\u00e9cnicas y herramientas ingenieriles modernas necesarias para la pr\u00e1ctica de la ingenier\u00eda as\u00ed como la adquisici\u00f3n de destrezas de planificaci\u00f3n y organizaci\u00f3n de eventos, entre otras.<\/p>\n<p>Los objetivos de la Primera Jornada <strong>Innovaci\u00f3n y Retos en Automoci\u00f3n (INNOVAUTO) <\/strong>son:<\/p>\n<ul>\n<li><em>Contribuir a la divulgaci\u00f3n de los nuevos avances y tecnolog\u00edas innovadoras en el sector.<\/em><\/li>\n<li><em>Reflexionar acerca de los problemas que se resuelven con las nuevas tecnolog\u00edas y sobre la problem\u00e1tica que plantean.<\/em><\/li>\n<li><em>Invitar a la reflexi\u00f3n sobre los retos del futuro de la automoci\u00f3n<\/em><\/li>\n<\/ul>\n<p>En ella, los alumnos &#8211; ponentes presentar\u00e1n los \u00faltimos avances y retos en relaci\u00f3n con:<\/p>\n<ul>\n<li><strong>Nuevos materiales en la automoci\u00f3n<\/strong><\/li>\n<li><strong>Seguridad activa y pasiva<\/strong><\/li>\n<li><strong>Automatizaci\u00f3n de veh\u00edculos. El veh\u00edculo conectado<\/strong><\/li>\n<li><strong>Futuro de los motores de combusti\u00f3n<\/strong><\/li>\n<li><strong>Veh\u00edculos el\u00e9ctricos y tecnolog\u00edas h\u00edbridas<\/strong><\/li>\n<li><strong>Veh\u00edculos de hidr\u00f3geno<\/strong><\/li>\n<\/ul>\n<p><a href=\"https:\/\/insia-upm.es\/wp-content\/uploads\/2015\/05\/cartel-innovauto.png\"><img loading=\"lazy\" decoding=\"async\" class=\"size-large wp-image-13058 aligncenter\" src=\"https:\/\/insia-upm.es\/wp-content\/uploads\/2015\/05\/cartel-innovauto-724x1024.png\" alt=\"cartel-innovauto\" width=\"669\" height=\"946\" \/><\/a><br \/>\n&nbsp;<\/p>","protected":false},"excerpt":{"rendered":"<p>El d\u00eda 12 de junio de 2015, se realizar\u00e1n las\u00a0Primeras Jornadas sobre Innovaci\u00f3n y Retos en Automoci\u00f3n en el marco de las actividades del a\u00f1o 2015 de la \u00a0C\u00e1tedra Universidad \u2013 Empresa EDUARDO BARREIROS \u201cAUTOM\u00d3VIL Y MOVILIDAD SOSTENIBLE\u201d. Esta actividad la organizan los alumnos y profesores de la asignatura ORGANIZACI\u00d3N, DESARROLLO Y PARTICIPACI\u00d3N EN EVENTOS [&hellip;]<\/p>\n","protected":false},"author":1,"featured_media":0,"comment_status":"closed","ping_status":"open","sticky":false,"template":"","format":"standard","meta":{"_et_pb_use_builder":"","_et_pb_old_content":"","_et_gb_content_width":"","_monsterinsights_skip_tracking":false,"_monsterinsights_sitenote_active":false,"_monsterinsights_sitenote_note":"","_monsterinsights_sitenote_category":0,"footnotes":""},"categories":[79],"tags":[],"class_list":["post-13041","post","type-post","status-publish","format-standard","hentry","category-catedra-eduardo-barreiros"],"yoast_head":"<!-- This site is optimized with the Yoast SEO plugin v27.5 - https:\/\/yoast.com\/product\/yoast-seo-wordpress\/ -->\n<title>Jornadas sobre Innovaci\u00f3n y Retos en Automoci\u00f3n - Instituto Universitario de Investigaci\u00f3n del Autom\u00f3vil Francisco Aparicio Izquierdo<\/title>\n<meta name=\"description\" content=\"Jornadas sobre Innovaci\u00f3n y Retos en Automoci\u00f3n\" \/>\n<meta name=\"robots\" content=\"index, follow, max-snippet:-1, max-image-preview:large, max-video-preview:-1\" \/>\n<link rel=\"canonical\" href=\"https:\/\/insia-upm.es\/en\/jornadas-sobre-innovacion-y-retos-en-automocion\/\" \/>\n<meta property=\"og:locale\" content=\"en_GB\" \/>\n<meta property=\"og:type\" content=\"article\" \/>\n<meta property=\"og:title\" content=\"Jornadas sobre Innovaci\u00f3n y Retos en Automoci\u00f3n - Instituto Universitario de Investigaci\u00f3n del Autom\u00f3vil Francisco Aparicio Izquierdo\" \/>\n<meta property=\"og:description\" content=\"Jornadas sobre Innovaci\u00f3n y Retos en Automoci\u00f3n\" \/>\n<meta property=\"og:url\" content=\"https:\/\/insia-upm.es\/en\/jornadas-sobre-innovacion-y-retos-en-automocion\/\" \/>\n<meta property=\"og:site_name\" content=\"Instituto Universitario de Investigaci\u00f3n del Autom\u00f3vil Francisco Aparicio Izquierdo\" \/>\n<meta property=\"article:published_time\" content=\"2015-05-25T07:34:50+00:00\" \/>\n<meta property=\"og:image\" content=\"https:\/\/insia-upm.es\/wp-content\/uploads\/2015\/05\/cartel-innovauto-724x1024.png\" \/>\n<meta name=\"author\" content=\"desarrollo\" \/>\n<meta name=\"twitter:card\" content=\"summary_large_image\" \/>\n<meta name=\"twitter:creator\" content=\"@INSIAUPM\" \/>\n<meta name=\"twitter:site\" content=\"@INSIAUPM\" \/>\n<meta name=\"twitter:label1\" content=\"Written by\" \/>\n\t<meta name=\"twitter:data1\" content=\"desarrollo\" \/>\n\t<meta name=\"twitter:label2\" content=\"Estimated reading time\" \/>\n\t<meta name=\"twitter:data2\" content=\"2 minutes\" \/>\n<script type=\"application\/ld+json\" class=\"yoast-schema-graph\">{\"@context\":\"https:\\\/\\\/schema.org\",\"@graph\":[{\"@type\":\"Article\",\"@id\":\"https:\\\/\\\/insia-upm.es\\\/jornadas-sobre-innovacion-y-retos-en-automocion\\\/#article\",\"isPartOf\":{\"@id\":\"https:\\\/\\\/insia-upm.es\\\/jornadas-sobre-innovacion-y-retos-en-automocion\\\/\"},\"author\":{\"name\":\"desarrollo\",\"@id\":\"https:\\\/\\\/insia-upm.es\\\/#\\\/schema\\\/person\\\/ea86956259a9cb1c71947e50fada3117\"},\"headline\":\"Jornadas sobre Innovaci\u00f3n y Retos en Automoci\u00f3n\",\"datePublished\":\"2015-05-25T07:34:50+00:00\",\"mainEntityOfPage\":{\"@id\":\"https:\\\/\\\/insia-upm.es\\\/jornadas-sobre-innovacion-y-retos-en-automocion\\\/\"},\"wordCount\":328,\"publisher\":{\"@id\":\"https:\\\/\\\/insia-upm.es\\\/#organization\"},\"image\":{\"@id\":\"https:\\\/\\\/insia-upm.es\\\/jornadas-sobre-innovacion-y-retos-en-automocion\\\/#primaryimage\"},\"thumbnailUrl\":\"https:\\\/\\\/insia-upm.es\\\/wp-content\\\/uploads\\\/2015\\\/05\\\/cartel-innovauto-724x1024.png\",\"articleSection\":[\"Catedra Eduardo Barreiros\"],\"inLanguage\":\"en-GB\"},{\"@type\":\"WebPage\",\"@id\":\"https:\\\/\\\/insia-upm.es\\\/jornadas-sobre-innovacion-y-retos-en-automocion\\\/\",\"url\":\"https:\\\/\\\/insia-upm.es\\\/jornadas-sobre-innovacion-y-retos-en-automocion\\\/\",\"name\":\"Jornadas sobre Innovaci\u00f3n y Retos en Automoci\u00f3n - Instituto Universitario de Investigaci\u00f3n del Autom\u00f3vil Francisco Aparicio Izquierdo\",\"isPartOf\":{\"@id\":\"https:\\\/\\\/insia-upm.es\\\/#website\"},\"primaryImageOfPage\":{\"@id\":\"https:\\\/\\\/insia-upm.es\\\/jornadas-sobre-innovacion-y-retos-en-automocion\\\/#primaryimage\"},\"image\":{\"@id\":\"https:\\\/\\\/insia-upm.es\\\/jornadas-sobre-innovacion-y-retos-en-automocion\\\/#primaryimage\"},\"thumbnailUrl\":\"https:\\\/\\\/insia-upm.es\\\/wp-content\\\/uploads\\\/2015\\\/05\\\/cartel-innovauto-724x1024.png\",\"datePublished\":\"2015-05-25T07:34:50+00:00\",\"description\":\"Jornadas sobre Innovaci\u00f3n y Retos en Automoci\u00f3n\",\"breadcrumb\":{\"@id\":\"https:\\\/\\\/insia-upm.es\\\/jornadas-sobre-innovacion-y-retos-en-automocion\\\/#breadcrumb\"},\"inLanguage\":\"en-GB\",\"potentialAction\":[{\"@type\":\"ReadAction\",\"target\":[\"https:\\\/\\\/insia-upm.es\\\/jornadas-sobre-innovacion-y-retos-en-automocion\\\/\"]}]},{\"@type\":\"ImageObject\",\"inLanguage\":\"en-GB\",\"@id\":\"https:\\\/\\\/insia-upm.es\\\/jornadas-sobre-innovacion-y-retos-en-automocion\\\/#primaryimage\",\"url\":\"https:\\\/\\\/insia-upm.es\\\/wp-content\\\/uploads\\\/2015\\\/05\\\/cartel-innovauto-724x1024.png\",\"contentUrl\":\"https:\\\/\\\/insia-upm.es\\\/wp-content\\\/uploads\\\/2015\\\/05\\\/cartel-innovauto-724x1024.png\"},{\"@type\":\"BreadcrumbList\",\"@id\":\"https:\\\/\\\/insia-upm.es\\\/jornadas-sobre-innovacion-y-retos-en-automocion\\\/#breadcrumb\",\"itemListElement\":[{\"@type\":\"ListItem\",\"position\":1,\"name\":\"Portada\",\"item\":\"https:\\\/\\\/insia-upm.es\\\/\"},{\"@type\":\"ListItem\",\"position\":2,\"name\":\"Jornadas sobre Innovaci\u00f3n y Retos en Automoci\u00f3n\"}]},{\"@type\":\"WebSite\",\"@id\":\"https:\\\/\\\/insia-upm.es\\\/#website\",\"url\":\"https:\\\/\\\/insia-upm.es\\\/\",\"name\":\"Instituto Universitario de Investigaci\u00f3n del Autom\u00f3vil Francisco Aparicio Izquierdo\",\"description\":\"Instituto de Investigaci\u00f3n del Autom\u00f3vil Francisco Aparicio Izquierdo\",\"publisher\":{\"@id\":\"https:\\\/\\\/insia-upm.es\\\/#organization\"},\"potentialAction\":[{\"@type\":\"SearchAction\",\"target\":{\"@type\":\"EntryPoint\",\"urlTemplate\":\"https:\\\/\\\/insia-upm.es\\\/?s={search_term_string}\"},\"query-input\":{\"@type\":\"PropertyValueSpecification\",\"valueRequired\":true,\"valueName\":\"search_term_string\"}}],\"inLanguage\":\"en-GB\"},{\"@type\":\"Organization\",\"@id\":\"https:\\\/\\\/insia-upm.es\\\/#organization\",\"name\":\"UPM-INSIA\",\"url\":\"https:\\\/\\\/insia-upm.es\\\/\",\"logo\":{\"@type\":\"ImageObject\",\"inLanguage\":\"en-GB\",\"@id\":\"https:\\\/\\\/insia-upm.es\\\/#\\\/schema\\\/logo\\\/image\\\/\",\"url\":\"https:\\\/\\\/insia-upm.es\\\/wp-content\\\/uploads\\\/2021\\\/12\\\/logo-insia-low-e1412177316550.png\",\"contentUrl\":\"https:\\\/\\\/insia-upm.es\\\/wp-content\\\/uploads\\\/2021\\\/12\\\/logo-insia-low-e1412177316550.png\",\"width\":50,\"height\":71,\"caption\":\"UPM-INSIA\"},\"image\":{\"@id\":\"https:\\\/\\\/insia-upm.es\\\/#\\\/schema\\\/logo\\\/image\\\/\"},\"sameAs\":[\"https:\\\/\\\/x.com\\\/INSIAUPM\",\"https:\\\/\\\/www.instagram.com\\\/insia.upm\\\/\",\"https:\\\/\\\/www.linkedin.com\\\/in\\\/insia-instituto-universitario-investigaci\u00f3n-9088635a\\\/\",\"https:\\\/\\\/www.youtube.com\\\/user\\\/gestionidi\"]},{\"@type\":\"Person\",\"@id\":\"https:\\\/\\\/insia-upm.es\\\/#\\\/schema\\\/person\\\/ea86956259a9cb1c71947e50fada3117\",\"name\":\"desarrollo\",\"image\":{\"@type\":\"ImageObject\",\"inLanguage\":\"en-GB\",\"@id\":\"https:\\\/\\\/secure.gravatar.com\\\/avatar\\\/adcd1146e74a083903bd51ea0ac5e00b3905e9c35fc0c1b39da8534ca17f7257?s=96&d=mm&r=g\",\"url\":\"https:\\\/\\\/secure.gravatar.com\\\/avatar\\\/adcd1146e74a083903bd51ea0ac5e00b3905e9c35fc0c1b39da8534ca17f7257?s=96&d=mm&r=g\",\"contentUrl\":\"https:\\\/\\\/secure.gravatar.com\\\/avatar\\\/adcd1146e74a083903bd51ea0ac5e00b3905e9c35fc0c1b39da8534ca17f7257?s=96&d=mm&r=g\",\"caption\":\"desarrollo\"},\"sameAs\":[\"https:\\\/\\\/insia-upm.es\"],\"url\":\"https:\\\/\\\/insia-upm.es\\\/en\\\/author\\\/desarrollo\\\/\"}]}<\/script>\n<!-- \/ Yoast SEO plugin. -->","yoast_head_json":{"title":"Jornadas sobre Innovaci\u00f3n y Retos en Automoci\u00f3n - Instituto Universitario de Investigaci\u00f3n del Autom\u00f3vil Francisco Aparicio Izquierdo","description":"Jornadas sobre Innovaci\u00f3n y Retos en Automoci\u00f3n","robots":{"index":"index","follow":"follow","max-snippet":"max-snippet:-1","max-image-preview":"max-image-preview:large","max-video-preview":"max-video-preview:-1"},"canonical":"https:\/\/insia-upm.es\/en\/jornadas-sobre-innovacion-y-retos-en-automocion\/","og_locale":"en_GB","og_type":"article","og_title":"Jornadas sobre Innovaci\u00f3n y Retos en Automoci\u00f3n - Instituto Universitario de Investigaci\u00f3n del Autom\u00f3vil Francisco Aparicio Izquierdo","og_description":"Jornadas sobre Innovaci\u00f3n y Retos en Automoci\u00f3n","og_url":"https:\/\/insia-upm.es\/en\/jornadas-sobre-innovacion-y-retos-en-automocion\/","og_site_name":"Instituto Universitario de Investigaci\u00f3n del Autom\u00f3vil Francisco Aparicio Izquierdo","article_published_time":"2015-05-25T07:34:50+00:00","og_image":[{"url":"https:\/\/insia-upm.es\/wp-content\/uploads\/2015\/05\/cartel-innovauto-724x1024.png","type":"","width":"","height":""}],"author":"desarrollo","twitter_card":"summary_large_image","twitter_creator":"@INSIAUPM","twitter_site":"@INSIAUPM","twitter_misc":{"Written by":"desarrollo","Estimated reading time":"2 minutes"},"schema":{"@context":"https:\/\/schema.org","@graph":[{"@type":"Article","@id":"https:\/\/insia-upm.es\/jornadas-sobre-innovacion-y-retos-en-automocion\/#article","isPartOf":{"@id":"https:\/\/insia-upm.es\/jornadas-sobre-innovacion-y-retos-en-automocion\/"},"author":{"name":"desarrollo","@id":"https:\/\/insia-upm.es\/#\/schema\/person\/ea86956259a9cb1c71947e50fada3117"},"headline":"Jornadas sobre Innovaci\u00f3n y Retos en Automoci\u00f3n","datePublished":"2015-05-25T07:34:50+00:00","mainEntityOfPage":{"@id":"https:\/\/insia-upm.es\/jornadas-sobre-innovacion-y-retos-en-automocion\/"},"wordCount":328,"publisher":{"@id":"https:\/\/insia-upm.es\/#organization"},"image":{"@id":"https:\/\/insia-upm.es\/jornadas-sobre-innovacion-y-retos-en-automocion\/#primaryimage"},"thumbnailUrl":"https:\/\/insia-upm.es\/wp-content\/uploads\/2015\/05\/cartel-innovauto-724x1024.png","articleSection":["Catedra Eduardo Barreiros"],"inLanguage":"en-GB"},{"@type":"WebPage","@id":"https:\/\/insia-upm.es\/jornadas-sobre-innovacion-y-retos-en-automocion\/","url":"https:\/\/insia-upm.es\/jornadas-sobre-innovacion-y-retos-en-automocion\/","name":"Jornadas sobre Innovaci\u00f3n y Retos en Automoci\u00f3n - Instituto Universitario de Investigaci\u00f3n del Autom\u00f3vil Francisco Aparicio Izquierdo","isPartOf":{"@id":"https:\/\/insia-upm.es\/#website"},"primaryImageOfPage":{"@id":"https:\/\/insia-upm.es\/jornadas-sobre-innovacion-y-retos-en-automocion\/#primaryimage"},"image":{"@id":"https:\/\/insia-upm.es\/jornadas-sobre-innovacion-y-retos-en-automocion\/#primaryimage"},"thumbnailUrl":"https:\/\/insia-upm.es\/wp-content\/uploads\/2015\/05\/cartel-innovauto-724x1024.png","datePublished":"2015-05-25T07:34:50+00:00","description":"Jornadas sobre Innovaci\u00f3n y Retos en Automoci\u00f3n","breadcrumb":{"@id":"https:\/\/insia-upm.es\/jornadas-sobre-innovacion-y-retos-en-automocion\/#breadcrumb"},"inLanguage":"en-GB","potentialAction":[{"@type":"ReadAction","target":["https:\/\/insia-upm.es\/jornadas-sobre-innovacion-y-retos-en-automocion\/"]}]},{"@type":"ImageObject","inLanguage":"en-GB","@id":"https:\/\/insia-upm.es\/jornadas-sobre-innovacion-y-retos-en-automocion\/#primaryimage","url":"https:\/\/insia-upm.es\/wp-content\/uploads\/2015\/05\/cartel-innovauto-724x1024.png","contentUrl":"https:\/\/insia-upm.es\/wp-content\/uploads\/2015\/05\/cartel-innovauto-724x1024.png"},{"@type":"BreadcrumbList","@id":"https:\/\/insia-upm.es\/jornadas-sobre-innovacion-y-retos-en-automocion\/#breadcrumb","itemListElement":[{"@type":"ListItem","position":1,"name":"Portada","item":"https:\/\/insia-upm.es\/"},{"@type":"ListItem","position":2,"name":"Jornadas sobre Innovaci\u00f3n y Retos en Automoci\u00f3n"}]},{"@type":"WebSite","@id":"https:\/\/insia-upm.es\/#website","url":"https:\/\/insia-upm.es\/","name":"Instituto Universitario de Investigaci\u00f3n del Autom\u00f3vil Francisco Aparicio Izquierdo","description":"Instituto de Investigaci\u00f3n del Autom\u00f3vil Francisco Aparicio Izquierdo","publisher":{"@id":"https:\/\/insia-upm.es\/#organization"},"potentialAction":[{"@type":"SearchAction","target":{"@type":"EntryPoint","urlTemplate":"https:\/\/insia-upm.es\/?s={search_term_string}"},"query-input":{"@type":"PropertyValueSpecification","valueRequired":true,"valueName":"search_term_string"}}],"inLanguage":"en-GB"},{"@type":"Organization","@id":"https:\/\/insia-upm.es\/#organization","name":"UPM-INSIA","url":"https:\/\/insia-upm.es\/","logo":{"@type":"ImageObject","inLanguage":"en-GB","@id":"https:\/\/insia-upm.es\/#\/schema\/logo\/image\/","url":"https:\/\/insia-upm.es\/wp-content\/uploads\/2021\/12\/logo-insia-low-e1412177316550.png","contentUrl":"https:\/\/insia-upm.es\/wp-content\/uploads\/2021\/12\/logo-insia-low-e1412177316550.png","width":50,"height":71,"caption":"UPM-INSIA"},"image":{"@id":"https:\/\/insia-upm.es\/#\/schema\/logo\/image\/"},"sameAs":["https:\/\/x.com\/INSIAUPM","https:\/\/www.instagram.com\/insia.upm\/","https:\/\/www.linkedin.com\/in\/insia-instituto-universitario-investigaci\u00f3n-9088635a\/","https:\/\/www.youtube.com\/user\/gestionidi"]},{"@type":"Person","@id":"https:\/\/insia-upm.es\/#\/schema\/person\/ea86956259a9cb1c71947e50fada3117","name":"desarrollo","image":{"@type":"ImageObject","inLanguage":"en-GB","@id":"https:\/\/secure.gravatar.com\/avatar\/adcd1146e74a083903bd51ea0ac5e00b3905e9c35fc0c1b39da8534ca17f7257?s=96&d=mm&r=g","url":"https:\/\/secure.gravatar.com\/avatar\/adcd1146e74a083903bd51ea0ac5e00b3905e9c35fc0c1b39da8534ca17f7257?s=96&d=mm&r=g","contentUrl":"https:\/\/secure.gravatar.com\/avatar\/adcd1146e74a083903bd51ea0ac5e00b3905e9c35fc0c1b39da8534ca17f7257?s=96&d=mm&r=g","caption":"desarrollo"},"sameAs":["https:\/\/insia-upm.es"],"url":"https:\/\/insia-upm.es\/en\/author\/desarrollo\/"}]}},"_links":{"self":[{"href":"https:\/\/insia-upm.es\/en\/wp-json\/wp\/v2\/posts\/13041","targetHints":{"allow":["GET"]}}],"collection":[{"href":"https:\/\/insia-upm.es\/en\/wp-json\/wp\/v2\/posts"}],"about":[{"href":"https:\/\/insia-upm.es\/en\/wp-json\/wp\/v2\/types\/post"}],"author":[{"embeddable":true,"href":"https:\/\/insia-upm.es\/en\/wp-json\/wp\/v2\/users\/1"}],"replies":[{"embeddable":true,"href":"https:\/\/insia-upm.es\/en\/wp-json\/wp\/v2\/comments?post=13041"}],"version-history":[{"count":0,"href":"https:\/\/insia-upm.es\/en\/wp-json\/wp\/v2\/posts\/13041\/revisions"}],"wp:attachment":[{"href":"https:\/\/insia-upm.es\/en\/wp-json\/wp\/v2\/media?parent=13041"}],"wp:term":[{"taxonomy":"category","embeddable":true,"href":"https:\/\/insia-upm.es\/en\/wp-json\/wp\/v2\/categories?post=13041"},{"taxonomy":"post_tag","embeddable":true,"href":"https:\/\/insia-upm.es\/en\/wp-json\/wp\/v2\/tags?post=13041"}],"curies":[{"name":"wp","href":"https:\/\/api.w.org\/{rel}","templated":true}]}}