{"id":13031,"date":"2015-05-13T14:41:20","date_gmt":"2015-05-13T13:41:20","guid":{"rendered":"https:\/\/insia-upm.es\/?p=13031"},"modified":"2015-05-13T14:41:20","modified_gmt":"2015-05-13T13:41:20","slug":"catedra-eduardo-barreiros-automovil-y-movilidad-sostenible-2","status":"publish","type":"post","link":"https:\/\/insia-upm.es\/en\/catedra-eduardo-barreiros-automovil-y-movilidad-sostenible-2\/","title":{"rendered":"C\u00e1tedra Eduardo Barreiros \u201cAUTOM\u00d3VIL Y MOVILIDAD SOSTENIBLE\u201d"},"content":{"rendered":"<p>Hoy 13 de mayo de 2015, en el Rectorado de la Universidad Polit\u00e9cnica de Madrid ha tenido lugar la firma de un convenio entre la UPM representada por su Rector Prof. Carlos Conde y la Fundaci\u00f3n E. Barreiros representada por su presidenta D\u00f1a. Mariluz Barreiros Ramos para la creaci\u00f3n de la C\u00e1tedra Universidad \u2013 Empresa <strong>EDUARDO BARREIROS \u201cAUTOM\u00d3VIL Y MOVILIDAD SOSTENIBLE<\/strong>\u201d.<br \/>\n<a href=\"https:\/\/insia-upm.es\/wp-content\/uploads\/2015\/05\/08B7491.jpg\"><img loading=\"lazy\" decoding=\"async\" class=\"size-large wp-image-13036 aligncenter\" src=\"https:\/\/insia-upm.es\/wp-content\/uploads\/2015\/05\/08B7491-1024x683.jpg\" alt=\"_08B7491\" width=\"669\" height=\"446\" \/><\/a><br \/>\nAl\u00a0 Acto asisten entre otras autoridades de la Universidad el Prof. Emilio M\u00ednguez, Director de la ETSII y el Prof. Francisco Aparicio, Director del INSIA y de la C\u00e1tedra EDUARDO BARREIROS \u201cAUTOM\u00d3VIL Y MOVILIDAD SOSTENIBLE\u201d que se crea con este acto.<br \/>\n<a href=\"https:\/\/insia-upm.es\/wp-content\/uploads\/2015\/05\/08B7500.jpg\"><img loading=\"lazy\" decoding=\"async\" class=\"size-large wp-image-13035 aligncenter\" src=\"https:\/\/insia-upm.es\/wp-content\/uploads\/2015\/05\/08B7500-1024x683.jpg\" alt=\"Firma catedra eduardo barreiros\" width=\"669\" height=\"446\" \/><\/a><br \/>\nDicha C\u00e1tedra se inscribe dentro de las actividades acad\u00e9micas de la ETSII \u2013 UPM y bajo la responsabilidad directa del <a href=\"https:\/\/insia-upm.es\/en\/\" data-blogger-escaped-target=\"_blank\">INSIA<\/a>. \u00a0En el marco de la misma se desarrollar\u00e1n actividades en 3 \u00e1reas:<\/p>\n<ul>\n<li class=\"translation-block\">TRAINI<span>NG<\/span><\/li>\n<li>DIFUSI\u00d3N Y TRANSFERENCIA DEL CONOCIMIENTO<\/li>\n<li>FOMENTO DE LA I+D+I<\/li>\n<\/ul>\n<p>La C\u00e1tedra inicia sus actividades en el presente curso acad\u00e9mico y ambas instituciones han puesto un gran empe\u00f1o en potenciar al m\u00e1ximo nivel las actividades en los \u00e1mbitos antes se\u00f1alados, al conjugarse la dilatada experiencia tanto de la ETSII-INSIA como de la Fundaci\u00f3n Eduardo Barreiros en relaci\u00f3n con el sector del autom\u00f3vil.<\/p>","protected":false},"excerpt":{"rendered":"<p>Hoy 13 de mayo de 2015, en el Rectorado de la Universidad Polit\u00e9cnica de Madrid ha tenido lugar la firma de un convenio entre la UPM representada por su Rector Prof. Carlos Conde y la Fundaci\u00f3n E. Barreiros representada por su presidenta D\u00f1a. Mariluz Barreiros Ramos para la creaci\u00f3n de la C\u00e1tedra Universidad \u2013 Empresa [&hellip;]<\/p>\n","protected":false},"author":1,"featured_media":0,"comment_status":"closed","ping_status":"open","sticky":false,"template":"","format":"standard","meta":{"_et_pb_use_builder":"","_et_pb_old_content":"","_et_gb_content_width":"","_monsterinsights_skip_tracking":false,"_monsterinsights_sitenote_active":false,"_monsterinsights_sitenote_note":"","_monsterinsights_sitenote_category":0,"footnotes":""},"categories":[79],"tags":[],"class_list":["post-13031","post","type-post","status-publish","format-standard","hentry","category-catedra-eduardo-barreiros"],"yoast_head":"<!-- This site is optimized with the Yoast SEO plugin v27.5 - https:\/\/yoast.com\/product\/yoast-seo-wordpress\/ -->\n<title>C\u00e1tedra Eduardo Barreiros \u201cAUTOM\u00d3VIL Y MOVILIDAD SOSTENIBLE\u201d - Instituto Universitario de Investigaci\u00f3n del Autom\u00f3vil Francisco Aparicio Izquierdo<\/title>\n<meta name=\"robots\" content=\"index, follow, max-snippet:-1, max-image-preview:large, max-video-preview:-1\" \/>\n<link rel=\"canonical\" href=\"https:\/\/insia-upm.es\/en\/catedra-eduardo-barreiros-automovil-y-movilidad-sostenible-2\/\" \/>\n<meta property=\"og:locale\" content=\"en_GB\" \/>\n<meta property=\"og:type\" content=\"article\" \/>\n<meta property=\"og:title\" content=\"C\u00e1tedra Eduardo Barreiros \u201cAUTOM\u00d3VIL Y MOVILIDAD SOSTENIBLE\u201d - Instituto Universitario de Investigaci\u00f3n del Autom\u00f3vil Francisco Aparicio Izquierdo\" \/>\n<meta property=\"og:description\" content=\"Hoy 13 de mayo de 2015, en el Rectorado de la Universidad Polit\u00e9cnica de Madrid ha tenido lugar la firma de un convenio entre la UPM representada por su Rector Prof. Carlos Conde y la Fundaci\u00f3n E. Barreiros representada por su presidenta D\u00f1a. Mariluz Barreiros Ramos para la creaci\u00f3n de la C\u00e1tedra Universidad \u2013 Empresa [&hellip;]\" \/>\n<meta property=\"og:url\" content=\"https:\/\/insia-upm.es\/en\/catedra-eduardo-barreiros-automovil-y-movilidad-sostenible-2\/\" \/>\n<meta property=\"og:site_name\" content=\"Instituto Universitario de Investigaci\u00f3n del Autom\u00f3vil Francisco Aparicio Izquierdo\" \/>\n<meta property=\"article:published_time\" content=\"2015-05-13T13:41:20+00:00\" \/>\n<meta property=\"og:image\" content=\"https:\/\/insia-upm.es\/wp-content\/uploads\/2015\/05\/08B7491-1024x683.jpg\" \/>\n<meta name=\"author\" content=\"desarrollo\" \/>\n<meta name=\"twitter:card\" content=\"summary_large_image\" \/>\n<meta name=\"twitter:creator\" content=\"@INSIAUPM\" \/>\n<meta name=\"twitter:site\" content=\"@INSIAUPM\" \/>\n<meta name=\"twitter:label1\" content=\"Written by\" \/>\n\t<meta name=\"twitter:data1\" content=\"desarrollo\" \/>\n\t<meta name=\"twitter:label2\" content=\"Estimated reading time\" \/>\n\t<meta name=\"twitter:data2\" content=\"1 minute\" \/>\n<script type=\"application\/ld+json\" class=\"yoast-schema-graph\">{\"@context\":\"https:\\\/\\\/schema.org\",\"@graph\":[{\"@type\":\"Article\",\"@id\":\"https:\\\/\\\/insia-upm.es\\\/catedra-eduardo-barreiros-automovil-y-movilidad-sostenible-2\\\/#article\",\"isPartOf\":{\"@id\":\"https:\\\/\\\/insia-upm.es\\\/catedra-eduardo-barreiros-automovil-y-movilidad-sostenible-2\\\/\"},\"author\":{\"name\":\"desarrollo\",\"@id\":\"https:\\\/\\\/insia-upm.es\\\/#\\\/schema\\\/person\\\/ea86956259a9cb1c71947e50fada3117\"},\"headline\":\"C\u00e1tedra Eduardo Barreiros \u201cAUTOM\u00d3VIL Y MOVILIDAD SOSTENIBLE\u201d\",\"datePublished\":\"2015-05-13T13:41:20+00:00\",\"mainEntityOfPage\":{\"@id\":\"https:\\\/\\\/insia-upm.es\\\/catedra-eduardo-barreiros-automovil-y-movilidad-sostenible-2\\\/\"},\"wordCount\":225,\"publisher\":{\"@id\":\"https:\\\/\\\/insia-upm.es\\\/#organization\"},\"image\":{\"@id\":\"https:\\\/\\\/insia-upm.es\\\/catedra-eduardo-barreiros-automovil-y-movilidad-sostenible-2\\\/#primaryimage\"},\"thumbnailUrl\":\"https:\\\/\\\/insia-upm.es\\\/wp-content\\\/uploads\\\/2015\\\/05\\\/08B7491-1024x683.jpg\",\"articleSection\":[\"Catedra Eduardo Barreiros\"],\"inLanguage\":\"en-GB\"},{\"@type\":\"WebPage\",\"@id\":\"https:\\\/\\\/insia-upm.es\\\/catedra-eduardo-barreiros-automovil-y-movilidad-sostenible-2\\\/\",\"url\":\"https:\\\/\\\/insia-upm.es\\\/catedra-eduardo-barreiros-automovil-y-movilidad-sostenible-2\\\/\",\"name\":\"C\u00e1tedra Eduardo Barreiros \u201cAUTOM\u00d3VIL Y MOVILIDAD SOSTENIBLE\u201d - Instituto Universitario de Investigaci\u00f3n del Autom\u00f3vil Francisco Aparicio Izquierdo\",\"isPartOf\":{\"@id\":\"https:\\\/\\\/insia-upm.es\\\/#website\"},\"primaryImageOfPage\":{\"@id\":\"https:\\\/\\\/insia-upm.es\\\/catedra-eduardo-barreiros-automovil-y-movilidad-sostenible-2\\\/#primaryimage\"},\"image\":{\"@id\":\"https:\\\/\\\/insia-upm.es\\\/catedra-eduardo-barreiros-automovil-y-movilidad-sostenible-2\\\/#primaryimage\"},\"thumbnailUrl\":\"https:\\\/\\\/insia-upm.es\\\/wp-content\\\/uploads\\\/2015\\\/05\\\/08B7491-1024x683.jpg\",\"datePublished\":\"2015-05-13T13:41:20+00:00\",\"breadcrumb\":{\"@id\":\"https:\\\/\\\/insia-upm.es\\\/catedra-eduardo-barreiros-automovil-y-movilidad-sostenible-2\\\/#breadcrumb\"},\"inLanguage\":\"en-GB\",\"potentialAction\":[{\"@type\":\"ReadAction\",\"target\":[\"https:\\\/\\\/insia-upm.es\\\/catedra-eduardo-barreiros-automovil-y-movilidad-sostenible-2\\\/\"]}]},{\"@type\":\"ImageObject\",\"inLanguage\":\"en-GB\",\"@id\":\"https:\\\/\\\/insia-upm.es\\\/catedra-eduardo-barreiros-automovil-y-movilidad-sostenible-2\\\/#primaryimage\",\"url\":\"https:\\\/\\\/insia-upm.es\\\/wp-content\\\/uploads\\\/2015\\\/05\\\/08B7491-1024x683.jpg\",\"contentUrl\":\"https:\\\/\\\/insia-upm.es\\\/wp-content\\\/uploads\\\/2015\\\/05\\\/08B7491-1024x683.jpg\"},{\"@type\":\"BreadcrumbList\",\"@id\":\"https:\\\/\\\/insia-upm.es\\\/catedra-eduardo-barreiros-automovil-y-movilidad-sostenible-2\\\/#breadcrumb\",\"itemListElement\":[{\"@type\":\"ListItem\",\"position\":1,\"name\":\"Portada\",\"item\":\"https:\\\/\\\/insia-upm.es\\\/\"},{\"@type\":\"ListItem\",\"position\":2,\"name\":\"C\u00e1tedra Eduardo Barreiros \u201cAUTOM\u00d3VIL Y MOVILIDAD SOSTENIBLE\u201d\"}]},{\"@type\":\"WebSite\",\"@id\":\"https:\\\/\\\/insia-upm.es\\\/#website\",\"url\":\"https:\\\/\\\/insia-upm.es\\\/\",\"name\":\"Instituto Universitario de Investigaci\u00f3n del Autom\u00f3vil Francisco Aparicio Izquierdo\",\"description\":\"Instituto de Investigaci\u00f3n del Autom\u00f3vil Francisco Aparicio Izquierdo\",\"publisher\":{\"@id\":\"https:\\\/\\\/insia-upm.es\\\/#organization\"},\"potentialAction\":[{\"@type\":\"SearchAction\",\"target\":{\"@type\":\"EntryPoint\",\"urlTemplate\":\"https:\\\/\\\/insia-upm.es\\\/?s={search_term_string}\"},\"query-input\":{\"@type\":\"PropertyValueSpecification\",\"valueRequired\":true,\"valueName\":\"search_term_string\"}}],\"inLanguage\":\"en-GB\"},{\"@type\":\"Organization\",\"@id\":\"https:\\\/\\\/insia-upm.es\\\/#organization\",\"name\":\"UPM-INSIA\",\"url\":\"https:\\\/\\\/insia-upm.es\\\/\",\"logo\":{\"@type\":\"ImageObject\",\"inLanguage\":\"en-GB\",\"@id\":\"https:\\\/\\\/insia-upm.es\\\/#\\\/schema\\\/logo\\\/image\\\/\",\"url\":\"https:\\\/\\\/insia-upm.es\\\/wp-content\\\/uploads\\\/2021\\\/12\\\/logo-insia-low-e1412177316550.png\",\"contentUrl\":\"https:\\\/\\\/insia-upm.es\\\/wp-content\\\/uploads\\\/2021\\\/12\\\/logo-insia-low-e1412177316550.png\",\"width\":50,\"height\":71,\"caption\":\"UPM-INSIA\"},\"image\":{\"@id\":\"https:\\\/\\\/insia-upm.es\\\/#\\\/schema\\\/logo\\\/image\\\/\"},\"sameAs\":[\"https:\\\/\\\/x.com\\\/INSIAUPM\",\"https:\\\/\\\/www.instagram.com\\\/insia.upm\\\/\",\"https:\\\/\\\/www.linkedin.com\\\/in\\\/insia-instituto-universitario-investigaci\u00f3n-9088635a\\\/\",\"https:\\\/\\\/www.youtube.com\\\/user\\\/gestionidi\"]},{\"@type\":\"Person\",\"@id\":\"https:\\\/\\\/insia-upm.es\\\/#\\\/schema\\\/person\\\/ea86956259a9cb1c71947e50fada3117\",\"name\":\"desarrollo\",\"image\":{\"@type\":\"ImageObject\",\"inLanguage\":\"en-GB\",\"@id\":\"https:\\\/\\\/secure.gravatar.com\\\/avatar\\\/adcd1146e74a083903bd51ea0ac5e00b3905e9c35fc0c1b39da8534ca17f7257?s=96&d=mm&r=g\",\"url\":\"https:\\\/\\\/secure.gravatar.com\\\/avatar\\\/adcd1146e74a083903bd51ea0ac5e00b3905e9c35fc0c1b39da8534ca17f7257?s=96&d=mm&r=g\",\"contentUrl\":\"https:\\\/\\\/secure.gravatar.com\\\/avatar\\\/adcd1146e74a083903bd51ea0ac5e00b3905e9c35fc0c1b39da8534ca17f7257?s=96&d=mm&r=g\",\"caption\":\"desarrollo\"},\"sameAs\":[\"https:\\\/\\\/insia-upm.es\"],\"url\":\"https:\\\/\\\/insia-upm.es\\\/en\\\/author\\\/desarrollo\\\/\"}]}<\/script>\n<!-- \/ Yoast SEO plugin. -->","yoast_head_json":{"title":"C\u00e1tedra Eduardo Barreiros \u201cAUTOM\u00d3VIL Y MOVILIDAD SOSTENIBLE\u201d - Instituto Universitario de Investigaci\u00f3n del Autom\u00f3vil Francisco Aparicio Izquierdo","robots":{"index":"index","follow":"follow","max-snippet":"max-snippet:-1","max-image-preview":"max-image-preview:large","max-video-preview":"max-video-preview:-1"},"canonical":"https:\/\/insia-upm.es\/en\/catedra-eduardo-barreiros-automovil-y-movilidad-sostenible-2\/","og_locale":"en_GB","og_type":"article","og_title":"C\u00e1tedra Eduardo Barreiros \u201cAUTOM\u00d3VIL Y MOVILIDAD SOSTENIBLE\u201d - Instituto Universitario de Investigaci\u00f3n del Autom\u00f3vil Francisco Aparicio Izquierdo","og_description":"Hoy 13 de mayo de 2015, en el Rectorado de la Universidad Polit\u00e9cnica de Madrid ha tenido lugar la firma de un convenio entre la UPM representada por su Rector Prof. Carlos Conde y la Fundaci\u00f3n E. Barreiros representada por su presidenta D\u00f1a. Mariluz Barreiros Ramos para la creaci\u00f3n de la C\u00e1tedra Universidad \u2013 Empresa [&hellip;]","og_url":"https:\/\/insia-upm.es\/en\/catedra-eduardo-barreiros-automovil-y-movilidad-sostenible-2\/","og_site_name":"Instituto Universitario de Investigaci\u00f3n del Autom\u00f3vil Francisco Aparicio Izquierdo","article_published_time":"2015-05-13T13:41:20+00:00","og_image":[{"url":"https:\/\/insia-upm.es\/wp-content\/uploads\/2015\/05\/08B7491-1024x683.jpg","type":"","width":"","height":""}],"author":"desarrollo","twitter_card":"summary_large_image","twitter_creator":"@INSIAUPM","twitter_site":"@INSIAUPM","twitter_misc":{"Written by":"desarrollo","Estimated reading time":"1 minute"},"schema":{"@context":"https:\/\/schema.org","@graph":[{"@type":"Article","@id":"https:\/\/insia-upm.es\/catedra-eduardo-barreiros-automovil-y-movilidad-sostenible-2\/#article","isPartOf":{"@id":"https:\/\/insia-upm.es\/catedra-eduardo-barreiros-automovil-y-movilidad-sostenible-2\/"},"author":{"name":"desarrollo","@id":"https:\/\/insia-upm.es\/#\/schema\/person\/ea86956259a9cb1c71947e50fada3117"},"headline":"C\u00e1tedra Eduardo Barreiros \u201cAUTOM\u00d3VIL Y MOVILIDAD SOSTENIBLE\u201d","datePublished":"2015-05-13T13:41:20+00:00","mainEntityOfPage":{"@id":"https:\/\/insia-upm.es\/catedra-eduardo-barreiros-automovil-y-movilidad-sostenible-2\/"},"wordCount":225,"publisher":{"@id":"https:\/\/insia-upm.es\/#organization"},"image":{"@id":"https:\/\/insia-upm.es\/catedra-eduardo-barreiros-automovil-y-movilidad-sostenible-2\/#primaryimage"},"thumbnailUrl":"https:\/\/insia-upm.es\/wp-content\/uploads\/2015\/05\/08B7491-1024x683.jpg","articleSection":["Catedra Eduardo Barreiros"],"inLanguage":"en-GB"},{"@type":"WebPage","@id":"https:\/\/insia-upm.es\/catedra-eduardo-barreiros-automovil-y-movilidad-sostenible-2\/","url":"https:\/\/insia-upm.es\/catedra-eduardo-barreiros-automovil-y-movilidad-sostenible-2\/","name":"C\u00e1tedra Eduardo Barreiros \u201cAUTOM\u00d3VIL Y MOVILIDAD SOSTENIBLE\u201d - Instituto Universitario de Investigaci\u00f3n del Autom\u00f3vil Francisco Aparicio Izquierdo","isPartOf":{"@id":"https:\/\/insia-upm.es\/#website"},"primaryImageOfPage":{"@id":"https:\/\/insia-upm.es\/catedra-eduardo-barreiros-automovil-y-movilidad-sostenible-2\/#primaryimage"},"image":{"@id":"https:\/\/insia-upm.es\/catedra-eduardo-barreiros-automovil-y-movilidad-sostenible-2\/#primaryimage"},"thumbnailUrl":"https:\/\/insia-upm.es\/wp-content\/uploads\/2015\/05\/08B7491-1024x683.jpg","datePublished":"2015-05-13T13:41:20+00:00","breadcrumb":{"@id":"https:\/\/insia-upm.es\/catedra-eduardo-barreiros-automovil-y-movilidad-sostenible-2\/#breadcrumb"},"inLanguage":"en-GB","potentialAction":[{"@type":"ReadAction","target":["https:\/\/insia-upm.es\/catedra-eduardo-barreiros-automovil-y-movilidad-sostenible-2\/"]}]},{"@type":"ImageObject","inLanguage":"en-GB","@id":"https:\/\/insia-upm.es\/catedra-eduardo-barreiros-automovil-y-movilidad-sostenible-2\/#primaryimage","url":"https:\/\/insia-upm.es\/wp-content\/uploads\/2015\/05\/08B7491-1024x683.jpg","contentUrl":"https:\/\/insia-upm.es\/wp-content\/uploads\/2015\/05\/08B7491-1024x683.jpg"},{"@type":"BreadcrumbList","@id":"https:\/\/insia-upm.es\/catedra-eduardo-barreiros-automovil-y-movilidad-sostenible-2\/#breadcrumb","itemListElement":[{"@type":"ListItem","position":1,"name":"Portada","item":"https:\/\/insia-upm.es\/"},{"@type":"ListItem","position":2,"name":"C\u00e1tedra Eduardo Barreiros \u201cAUTOM\u00d3VIL Y MOVILIDAD SOSTENIBLE\u201d"}]},{"@type":"WebSite","@id":"https:\/\/insia-upm.es\/#website","url":"https:\/\/insia-upm.es\/","name":"Instituto Universitario de Investigaci\u00f3n del Autom\u00f3vil Francisco Aparicio Izquierdo","description":"Instituto de Investigaci\u00f3n del Autom\u00f3vil Francisco Aparicio Izquierdo","publisher":{"@id":"https:\/\/insia-upm.es\/#organization"},"potentialAction":[{"@type":"SearchAction","target":{"@type":"EntryPoint","urlTemplate":"https:\/\/insia-upm.es\/?s={search_term_string}"},"query-input":{"@type":"PropertyValueSpecification","valueRequired":true,"valueName":"search_term_string"}}],"inLanguage":"en-GB"},{"@type":"Organization","@id":"https:\/\/insia-upm.es\/#organization","name":"UPM-INSIA","url":"https:\/\/insia-upm.es\/","logo":{"@type":"ImageObject","inLanguage":"en-GB","@id":"https:\/\/insia-upm.es\/#\/schema\/logo\/image\/","url":"https:\/\/insia-upm.es\/wp-content\/uploads\/2021\/12\/logo-insia-low-e1412177316550.png","contentUrl":"https:\/\/insia-upm.es\/wp-content\/uploads\/2021\/12\/logo-insia-low-e1412177316550.png","width":50,"height":71,"caption":"UPM-INSIA"},"image":{"@id":"https:\/\/insia-upm.es\/#\/schema\/logo\/image\/"},"sameAs":["https:\/\/x.com\/INSIAUPM","https:\/\/www.instagram.com\/insia.upm\/","https:\/\/www.linkedin.com\/in\/insia-instituto-universitario-investigaci\u00f3n-9088635a\/","https:\/\/www.youtube.com\/user\/gestionidi"]},{"@type":"Person","@id":"https:\/\/insia-upm.es\/#\/schema\/person\/ea86956259a9cb1c71947e50fada3117","name":"desarrollo","image":{"@type":"ImageObject","inLanguage":"en-GB","@id":"https:\/\/secure.gravatar.com\/avatar\/adcd1146e74a083903bd51ea0ac5e00b3905e9c35fc0c1b39da8534ca17f7257?s=96&d=mm&r=g","url":"https:\/\/secure.gravatar.com\/avatar\/adcd1146e74a083903bd51ea0ac5e00b3905e9c35fc0c1b39da8534ca17f7257?s=96&d=mm&r=g","contentUrl":"https:\/\/secure.gravatar.com\/avatar\/adcd1146e74a083903bd51ea0ac5e00b3905e9c35fc0c1b39da8534ca17f7257?s=96&d=mm&r=g","caption":"desarrollo"},"sameAs":["https:\/\/insia-upm.es"],"url":"https:\/\/insia-upm.es\/en\/author\/desarrollo\/"}]}},"_links":{"self":[{"href":"https:\/\/insia-upm.es\/en\/wp-json\/wp\/v2\/posts\/13031","targetHints":{"allow":["GET"]}}],"collection":[{"href":"https:\/\/insia-upm.es\/en\/wp-json\/wp\/v2\/posts"}],"about":[{"href":"https:\/\/insia-upm.es\/en\/wp-json\/wp\/v2\/types\/post"}],"author":[{"embeddable":true,"href":"https:\/\/insia-upm.es\/en\/wp-json\/wp\/v2\/users\/1"}],"replies":[{"embeddable":true,"href":"https:\/\/insia-upm.es\/en\/wp-json\/wp\/v2\/comments?post=13031"}],"version-history":[{"count":0,"href":"https:\/\/insia-upm.es\/en\/wp-json\/wp\/v2\/posts\/13031\/revisions"}],"wp:attachment":[{"href":"https:\/\/insia-upm.es\/en\/wp-json\/wp\/v2\/media?parent=13031"}],"wp:term":[{"taxonomy":"category","embeddable":true,"href":"https:\/\/insia-upm.es\/en\/wp-json\/wp\/v2\/categories?post=13031"},{"taxonomy":"post_tag","embeddable":true,"href":"https:\/\/insia-upm.es\/en\/wp-json\/wp\/v2\/tags?post=13031"}],"curies":[{"name":"wp","href":"https:\/\/api.w.org\/{rel}","templated":true}]}}