{"id":13007,"date":"2015-04-28T12:29:46","date_gmt":"2015-04-28T11:29:46","guid":{"rendered":"https:\/\/insia-upm.es\/?p=13007"},"modified":"2015-04-28T12:29:46","modified_gmt":"2015-04-28T11:29:46","slug":"libro-75-anos-de-automocion-en-espana","status":"publish","type":"post","link":"https:\/\/insia-upm.es\/en\/libro-75-anos-de-automocion-en-espana\/","title":{"rendered":"Libro &quot;75 a\u00f1os de automoci\u00f3n en Espa\u00f1a&quot;"},"content":{"rendered":"<div class='one_third'>\n\t\t\t\t\t[imageframe lightbox=\u00bbno\u00bb style_type=\u00bbnone\u00bb bordercolor=\u00bb\u00bb bordersize=\u00bb0px\u00bb borderradius=\u00bb0&#8243; stylecolor=\u00bb\u00bb align=\u00bbnone\u00bb link=\u00bb\u00bb linktarget=\u00bb_self\u00bb animation_type=\u00bb0&#8243; animation_direction=\u00bbdown\u00bb animation_speed=\u00bb0.1&#8243; class=\u00bb\u00bb id=\u00bb\u00bb] <img decoding=\"async\" src=\"https:\/\/insia-upm.es\/wp-content\/uploads\/2015\/04\/Captura.jpg\" alt=\"\" \/>[\/imageframe]\n\t\t\t\t<\/div><div class='two_third'>\n\t\t\t\t\t[fusion_text]Ayer, 27 de abril, se present\u00f3 en el hotel Palace de Madrid el libro:<\/p>\n<h3 style=\"text-align: center;\"><b><\/b><b>\u201c75 a\u00f1os de automoci\u00f3n en Espa\u00f1a y sus protagonistas: Personajes ilustres y empresas\u201d<\/b><\/h3>\n<p style=\"text-align: justify;\">Este libro constituye un homenaje que ASEPA quiere rendir a todos los excelentes profesionales, empresas e instituciones que, desde diferentes sectores de actividad y en diferentes \u00e9pocas, han hecho posible que nuestro pa\u00eds sea, en la actualidad, el primer productor de veh\u00edculos industriales y el segundo fabricante de turismos de Europa y el noveno del mundo en este \u00faltimo segmento.<\/p>\n<p style=\"text-align: justify;\">Desde el inicio de la era de la automoci\u00f3n, que podr\u00eda establecerse en el a\u00f1o 1886 cuando, primero Carl Benz y poco despu\u00e9s Gottlieb Daimler, registraron en Alemania, las primeras patentes de veh\u00edculos propulsados por motores de combusti\u00f3n interna, en Espa\u00f1a han existido excelentes iniciativas y aportaciones al desarrollo del autom\u00f3vil, tanto a escala nacional como internacional. La primera parte del libro aporta elementos para conocer y\u00a0 comprender el desarrollo del Sector en este periodo.<\/p>\n<p style=\"text-align: justify;\">Para convertir Espa\u00f1a en un pa\u00eds l\u00edder en diferentes \u00e1mbitos de la industria automotriz mundial, ha contado con gran n\u00famero de protagonistas a los que esta obra rinde homenaje en la segunda parte del libro, con los dieciocho excelsos profesionales que actualmente integran la Galer\u00eda de Personajes Ilustres de la Automoci\u00f3n Espa\u00f1ola de ASEPA y cuya constituci\u00f3n se inici\u00f3 hace dieciocho a\u00f1os con la incorporaci\u00f3n del primero de ellos.<\/p>\n<p style=\"text-align: justify;\">Por \u00faltimo, en la tercera parte del libro se incluyen rese\u00f1as hist\u00f3ricas y datos de la actualidad de importantes empresas del sector, centros de investigaci\u00f3n y tecnol\u00f3gicos, as\u00ed como de otras instituciones que han jugado papeles destacados en el periodo hist\u00f3rico que se analiza.<\/p>\n[\/fusion_text]\n\t\t\t\t<\/div>[imageframe lightbox=\u00bbno\u00bb style_type=\u00bbnone\u00bb bordercolor=\u00bb\u00bb bordersize=\u00bb0px\u00bb borderradius=\u00bb0&#8243; stylecolor=\u00bb\u00bb align=\u00bbnone\u00bb link=\u00bb\u00bb linktarget=\u00bb_self\u00bb animation_type=\u00bb0&#8243; animation_direction=\u00bbdown\u00bb animation_speed=\u00bb0.1&#8243; class=\u00bb\u00bb id=\u00bb\u00bb] <img decoding=\"async\" src=\"https:\/\/insia-upm.es\/wp-content\/uploads\/2015\/04\/PRESENTACION-LIBRO-75-A\u00d1OS_1-1024x378.jpg\" alt=\"\" \/>[\/imageframe]\n&nbsp;<br \/>\n\n","protected":false},"excerpt":{"rendered":"<p>[imageframe lightbox=\u00bbno\u00bb style_type=\u00bbnone\u00bb bordercolor=\u00bb\u00bb bordersize=\u00bb0px\u00bb borderradius=\u00bb0&#8243; stylecolor=\u00bb\u00bb align=\u00bbnone\u00bb link=\u00bb\u00bb linktarget=\u00bb_self\u00bb animation_type=\u00bb0&#8243; animation_direction=\u00bbdown\u00bb animation_speed=\u00bb0.1&#8243; class=\u00bb\u00bb id=\u00bb\u00bb] [\/imageframe] &nbsp;<\/p>\n","protected":false},"author":1,"featured_media":0,"comment_status":"closed","ping_status":"open","sticky":false,"template":"","format":"standard","meta":{"_et_pb_use_builder":"","_et_pb_old_content":"","_et_gb_content_width":"","_monsterinsights_skip_tracking":false,"_monsterinsights_sitenote_active":false,"_monsterinsights_sitenote_note":"","_monsterinsights_sitenote_category":0,"footnotes":""},"categories":[78],"tags":[],"class_list":["post-13007","post","type-post","status-publish","format-standard","hentry","category-75-anos-automocion-en-espana"],"yoast_head":"<!-- This site is optimized with the Yoast SEO plugin v27.5 - https:\/\/yoast.com\/product\/yoast-seo-wordpress\/ -->\n<title>Libro &quot;75 a\u00f1os de automoci\u00f3n en Espa\u00f1a&quot; - Instituto Universitario de Investigaci\u00f3n del Autom\u00f3vil Francisco Aparicio Izquierdo<\/title>\n<meta name=\"description\" content=\"Libro &quot;75 a\u00f1os de automoci\u00f3n en Espa\u00f1a&quot; homenaje que ASEPA quiere rendir a todos los excelentes profesionales, empresas e instituciones de automoci\u00f3n en Espa\u00f1a.\" \/>\n<meta name=\"robots\" content=\"index, follow, max-snippet:-1, max-image-preview:large, max-video-preview:-1\" \/>\n<link rel=\"canonical\" href=\"https:\/\/insia-upm.es\/en\/libro-75-anos-de-automocion-en-espana\/\" \/>\n<meta property=\"og:locale\" content=\"en_GB\" \/>\n<meta property=\"og:type\" content=\"article\" \/>\n<meta property=\"og:title\" content=\"Libro &quot;75 a\u00f1os de automoci\u00f3n en Espa\u00f1a&quot; - Instituto Universitario de Investigaci\u00f3n del Autom\u00f3vil Francisco Aparicio Izquierdo\" \/>\n<meta property=\"og:description\" content=\"Libro &quot;75 a\u00f1os de automoci\u00f3n en Espa\u00f1a&quot; homenaje que ASEPA quiere rendir a todos los excelentes profesionales, empresas e instituciones de automoci\u00f3n en Espa\u00f1a.\" \/>\n<meta property=\"og:url\" content=\"https:\/\/insia-upm.es\/en\/libro-75-anos-de-automocion-en-espana\/\" \/>\n<meta property=\"og:site_name\" content=\"Instituto Universitario de Investigaci\u00f3n del Autom\u00f3vil Francisco Aparicio Izquierdo\" \/>\n<meta property=\"article:published_time\" content=\"2015-04-28T11:29:46+00:00\" \/>\n<meta property=\"og:image\" content=\"https:\/\/insia-upm.es\/wp-content\/uploads\/2015\/04\/Captura.jpg\" \/>\n<meta name=\"author\" content=\"desarrollo\" \/>\n<meta name=\"twitter:card\" content=\"summary_large_image\" \/>\n<meta name=\"twitter:creator\" content=\"@INSIAUPM\" \/>\n<meta name=\"twitter:site\" content=\"@INSIAUPM\" \/>\n<meta name=\"twitter:label1\" content=\"Written by\" \/>\n\t<meta name=\"twitter:data1\" content=\"desarrollo\" \/>\n\t<meta name=\"twitter:label2\" content=\"Estimated reading time\" \/>\n\t<meta name=\"twitter:data2\" content=\"2 minutes\" \/>\n<script type=\"application\/ld+json\" class=\"yoast-schema-graph\">{\"@context\":\"https:\\\/\\\/schema.org\",\"@graph\":[{\"@type\":\"Article\",\"@id\":\"https:\\\/\\\/insia-upm.es\\\/libro-75-anos-de-automocion-en-espana\\\/#article\",\"isPartOf\":{\"@id\":\"https:\\\/\\\/insia-upm.es\\\/libro-75-anos-de-automocion-en-espana\\\/\"},\"author\":{\"name\":\"desarrollo\",\"@id\":\"https:\\\/\\\/insia-upm.es\\\/#\\\/schema\\\/person\\\/ea86956259a9cb1c71947e50fada3117\"},\"headline\":\"Libro &quot;75 a\u00f1os de automoci\u00f3n en Espa\u00f1a&quot;\",\"datePublished\":\"2015-04-28T11:29:46+00:00\",\"mainEntityOfPage\":{\"@id\":\"https:\\\/\\\/insia-upm.es\\\/libro-75-anos-de-automocion-en-espana\\\/\"},\"wordCount\":437,\"publisher\":{\"@id\":\"https:\\\/\\\/insia-upm.es\\\/#organization\"},\"image\":{\"@id\":\"https:\\\/\\\/insia-upm.es\\\/libro-75-anos-de-automocion-en-espana\\\/#primaryimage\"},\"thumbnailUrl\":\"https:\\\/\\\/insia-upm.es\\\/wp-content\\\/uploads\\\/2015\\\/04\\\/Captura.jpg\",\"articleSection\":[\"75 A\u00d1OS AUTOMOCI\u00d3N EN ESPA\u00d1A\"],\"inLanguage\":\"en-GB\"},{\"@type\":\"WebPage\",\"@id\":\"https:\\\/\\\/insia-upm.es\\\/libro-75-anos-de-automocion-en-espana\\\/\",\"url\":\"https:\\\/\\\/insia-upm.es\\\/libro-75-anos-de-automocion-en-espana\\\/\",\"name\":\"Libro &quot;75 a\u00f1os de automoci\u00f3n en Espa\u00f1a&quot; - Instituto Universitario de Investigaci\u00f3n del Autom\u00f3vil Francisco Aparicio Izquierdo\",\"isPartOf\":{\"@id\":\"https:\\\/\\\/insia-upm.es\\\/#website\"},\"primaryImageOfPage\":{\"@id\":\"https:\\\/\\\/insia-upm.es\\\/libro-75-anos-de-automocion-en-espana\\\/#primaryimage\"},\"image\":{\"@id\":\"https:\\\/\\\/insia-upm.es\\\/libro-75-anos-de-automocion-en-espana\\\/#primaryimage\"},\"thumbnailUrl\":\"https:\\\/\\\/insia-upm.es\\\/wp-content\\\/uploads\\\/2015\\\/04\\\/Captura.jpg\",\"datePublished\":\"2015-04-28T11:29:46+00:00\",\"description\":\"Libro \\\"75 a\u00f1os de automoci\u00f3n en Espa\u00f1a\\\" homenaje que ASEPA quiere rendir a todos los excelentes profesionales, empresas e instituciones de automoci\u00f3n en Espa\u00f1a.\",\"breadcrumb\":{\"@id\":\"https:\\\/\\\/insia-upm.es\\\/libro-75-anos-de-automocion-en-espana\\\/#breadcrumb\"},\"inLanguage\":\"en-GB\",\"potentialAction\":[{\"@type\":\"ReadAction\",\"target\":[\"https:\\\/\\\/insia-upm.es\\\/libro-75-anos-de-automocion-en-espana\\\/\"]}]},{\"@type\":\"ImageObject\",\"inLanguage\":\"en-GB\",\"@id\":\"https:\\\/\\\/insia-upm.es\\\/libro-75-anos-de-automocion-en-espana\\\/#primaryimage\",\"url\":\"https:\\\/\\\/insia-upm.es\\\/wp-content\\\/uploads\\\/2015\\\/04\\\/Captura.jpg\",\"contentUrl\":\"https:\\\/\\\/insia-upm.es\\\/wp-content\\\/uploads\\\/2015\\\/04\\\/Captura.jpg\"},{\"@type\":\"BreadcrumbList\",\"@id\":\"https:\\\/\\\/insia-upm.es\\\/libro-75-anos-de-automocion-en-espana\\\/#breadcrumb\",\"itemListElement\":[{\"@type\":\"ListItem\",\"position\":1,\"name\":\"Portada\",\"item\":\"https:\\\/\\\/insia-upm.es\\\/\"},{\"@type\":\"ListItem\",\"position\":2,\"name\":\"Libro &quot;75 a\u00f1os de automoci\u00f3n en Espa\u00f1a&quot;\"}]},{\"@type\":\"WebSite\",\"@id\":\"https:\\\/\\\/insia-upm.es\\\/#website\",\"url\":\"https:\\\/\\\/insia-upm.es\\\/\",\"name\":\"Instituto Universitario de Investigaci\u00f3n del Autom\u00f3vil Francisco Aparicio Izquierdo\",\"description\":\"Instituto de Investigaci\u00f3n del Autom\u00f3vil Francisco Aparicio Izquierdo\",\"publisher\":{\"@id\":\"https:\\\/\\\/insia-upm.es\\\/#organization\"},\"potentialAction\":[{\"@type\":\"SearchAction\",\"target\":{\"@type\":\"EntryPoint\",\"urlTemplate\":\"https:\\\/\\\/insia-upm.es\\\/?s={search_term_string}\"},\"query-input\":{\"@type\":\"PropertyValueSpecification\",\"valueRequired\":true,\"valueName\":\"search_term_string\"}}],\"inLanguage\":\"en-GB\"},{\"@type\":\"Organization\",\"@id\":\"https:\\\/\\\/insia-upm.es\\\/#organization\",\"name\":\"UPM-INSIA\",\"url\":\"https:\\\/\\\/insia-upm.es\\\/\",\"logo\":{\"@type\":\"ImageObject\",\"inLanguage\":\"en-GB\",\"@id\":\"https:\\\/\\\/insia-upm.es\\\/#\\\/schema\\\/logo\\\/image\\\/\",\"url\":\"https:\\\/\\\/insia-upm.es\\\/wp-content\\\/uploads\\\/2021\\\/12\\\/logo-insia-low-e1412177316550.png\",\"contentUrl\":\"https:\\\/\\\/insia-upm.es\\\/wp-content\\\/uploads\\\/2021\\\/12\\\/logo-insia-low-e1412177316550.png\",\"width\":50,\"height\":71,\"caption\":\"UPM-INSIA\"},\"image\":{\"@id\":\"https:\\\/\\\/insia-upm.es\\\/#\\\/schema\\\/logo\\\/image\\\/\"},\"sameAs\":[\"https:\\\/\\\/x.com\\\/INSIAUPM\",\"https:\\\/\\\/www.instagram.com\\\/insia.upm\\\/\",\"https:\\\/\\\/www.linkedin.com\\\/in\\\/insia-instituto-universitario-investigaci\u00f3n-9088635a\\\/\",\"https:\\\/\\\/www.youtube.com\\\/user\\\/gestionidi\"]},{\"@type\":\"Person\",\"@id\":\"https:\\\/\\\/insia-upm.es\\\/#\\\/schema\\\/person\\\/ea86956259a9cb1c71947e50fada3117\",\"name\":\"desarrollo\",\"image\":{\"@type\":\"ImageObject\",\"inLanguage\":\"en-GB\",\"@id\":\"https:\\\/\\\/secure.gravatar.com\\\/avatar\\\/adcd1146e74a083903bd51ea0ac5e00b3905e9c35fc0c1b39da8534ca17f7257?s=96&d=mm&r=g\",\"url\":\"https:\\\/\\\/secure.gravatar.com\\\/avatar\\\/adcd1146e74a083903bd51ea0ac5e00b3905e9c35fc0c1b39da8534ca17f7257?s=96&d=mm&r=g\",\"contentUrl\":\"https:\\\/\\\/secure.gravatar.com\\\/avatar\\\/adcd1146e74a083903bd51ea0ac5e00b3905e9c35fc0c1b39da8534ca17f7257?s=96&d=mm&r=g\",\"caption\":\"desarrollo\"},\"sameAs\":[\"https:\\\/\\\/insia-upm.es\"],\"url\":\"https:\\\/\\\/insia-upm.es\\\/en\\\/author\\\/desarrollo\\\/\"}]}<\/script>\n<!-- \/ Yoast SEO plugin. -->","yoast_head_json":{"title":"Libro &quot;75 a\u00f1os de automoci\u00f3n en Espa\u00f1a&quot; - Instituto Universitario de Investigaci\u00f3n del Autom\u00f3vil Francisco Aparicio Izquierdo","description":"Libro \"75 a\u00f1os de automoci\u00f3n en Espa\u00f1a\" homenaje que ASEPA quiere rendir a todos los excelentes profesionales, empresas e instituciones de automoci\u00f3n en Espa\u00f1a.","robots":{"index":"index","follow":"follow","max-snippet":"max-snippet:-1","max-image-preview":"max-image-preview:large","max-video-preview":"max-video-preview:-1"},"canonical":"https:\/\/insia-upm.es\/en\/libro-75-anos-de-automocion-en-espana\/","og_locale":"en_GB","og_type":"article","og_title":"Libro &quot;75 a\u00f1os de automoci\u00f3n en Espa\u00f1a&quot; - Instituto Universitario de Investigaci\u00f3n del Autom\u00f3vil Francisco Aparicio Izquierdo","og_description":"Libro \"75 a\u00f1os de automoci\u00f3n en Espa\u00f1a\" homenaje que ASEPA quiere rendir a todos los excelentes profesionales, empresas e instituciones de automoci\u00f3n en Espa\u00f1a.","og_url":"https:\/\/insia-upm.es\/en\/libro-75-anos-de-automocion-en-espana\/","og_site_name":"Instituto Universitario de Investigaci\u00f3n del Autom\u00f3vil Francisco Aparicio Izquierdo","article_published_time":"2015-04-28T11:29:46+00:00","og_image":[{"url":"https:\/\/insia-upm.es\/wp-content\/uploads\/2015\/04\/Captura.jpg","type":"","width":"","height":""}],"author":"desarrollo","twitter_card":"summary_large_image","twitter_creator":"@INSIAUPM","twitter_site":"@INSIAUPM","twitter_misc":{"Written by":"desarrollo","Estimated reading time":"2 minutes"},"schema":{"@context":"https:\/\/schema.org","@graph":[{"@type":"Article","@id":"https:\/\/insia-upm.es\/libro-75-anos-de-automocion-en-espana\/#article","isPartOf":{"@id":"https:\/\/insia-upm.es\/libro-75-anos-de-automocion-en-espana\/"},"author":{"name":"desarrollo","@id":"https:\/\/insia-upm.es\/#\/schema\/person\/ea86956259a9cb1c71947e50fada3117"},"headline":"Libro &quot;75 a\u00f1os de automoci\u00f3n en Espa\u00f1a&quot;","datePublished":"2015-04-28T11:29:46+00:00","mainEntityOfPage":{"@id":"https:\/\/insia-upm.es\/libro-75-anos-de-automocion-en-espana\/"},"wordCount":437,"publisher":{"@id":"https:\/\/insia-upm.es\/#organization"},"image":{"@id":"https:\/\/insia-upm.es\/libro-75-anos-de-automocion-en-espana\/#primaryimage"},"thumbnailUrl":"https:\/\/insia-upm.es\/wp-content\/uploads\/2015\/04\/Captura.jpg","articleSection":["75 A\u00d1OS AUTOMOCI\u00d3N EN ESPA\u00d1A"],"inLanguage":"en-GB"},{"@type":"WebPage","@id":"https:\/\/insia-upm.es\/libro-75-anos-de-automocion-en-espana\/","url":"https:\/\/insia-upm.es\/libro-75-anos-de-automocion-en-espana\/","name":"Libro &quot;75 a\u00f1os de automoci\u00f3n en Espa\u00f1a&quot; - Instituto Universitario de Investigaci\u00f3n del Autom\u00f3vil Francisco Aparicio Izquierdo","isPartOf":{"@id":"https:\/\/insia-upm.es\/#website"},"primaryImageOfPage":{"@id":"https:\/\/insia-upm.es\/libro-75-anos-de-automocion-en-espana\/#primaryimage"},"image":{"@id":"https:\/\/insia-upm.es\/libro-75-anos-de-automocion-en-espana\/#primaryimage"},"thumbnailUrl":"https:\/\/insia-upm.es\/wp-content\/uploads\/2015\/04\/Captura.jpg","datePublished":"2015-04-28T11:29:46+00:00","description":"Libro \"75 a\u00f1os de automoci\u00f3n en Espa\u00f1a\" homenaje que ASEPA quiere rendir a todos los excelentes profesionales, empresas e instituciones de automoci\u00f3n en Espa\u00f1a.","breadcrumb":{"@id":"https:\/\/insia-upm.es\/libro-75-anos-de-automocion-en-espana\/#breadcrumb"},"inLanguage":"en-GB","potentialAction":[{"@type":"ReadAction","target":["https:\/\/insia-upm.es\/libro-75-anos-de-automocion-en-espana\/"]}]},{"@type":"ImageObject","inLanguage":"en-GB","@id":"https:\/\/insia-upm.es\/libro-75-anos-de-automocion-en-espana\/#primaryimage","url":"https:\/\/insia-upm.es\/wp-content\/uploads\/2015\/04\/Captura.jpg","contentUrl":"https:\/\/insia-upm.es\/wp-content\/uploads\/2015\/04\/Captura.jpg"},{"@type":"BreadcrumbList","@id":"https:\/\/insia-upm.es\/libro-75-anos-de-automocion-en-espana\/#breadcrumb","itemListElement":[{"@type":"ListItem","position":1,"name":"Portada","item":"https:\/\/insia-upm.es\/"},{"@type":"ListItem","position":2,"name":"Libro &quot;75 a\u00f1os de automoci\u00f3n en Espa\u00f1a&quot;"}]},{"@type":"WebSite","@id":"https:\/\/insia-upm.es\/#website","url":"https:\/\/insia-upm.es\/","name":"Instituto Universitario de Investigaci\u00f3n del Autom\u00f3vil Francisco Aparicio Izquierdo","description":"Instituto de Investigaci\u00f3n del Autom\u00f3vil Francisco Aparicio Izquierdo","publisher":{"@id":"https:\/\/insia-upm.es\/#organization"},"potentialAction":[{"@type":"SearchAction","target":{"@type":"EntryPoint","urlTemplate":"https:\/\/insia-upm.es\/?s={search_term_string}"},"query-input":{"@type":"PropertyValueSpecification","valueRequired":true,"valueName":"search_term_string"}}],"inLanguage":"en-GB"},{"@type":"Organization","@id":"https:\/\/insia-upm.es\/#organization","name":"UPM-INSIA","url":"https:\/\/insia-upm.es\/","logo":{"@type":"ImageObject","inLanguage":"en-GB","@id":"https:\/\/insia-upm.es\/#\/schema\/logo\/image\/","url":"https:\/\/insia-upm.es\/wp-content\/uploads\/2021\/12\/logo-insia-low-e1412177316550.png","contentUrl":"https:\/\/insia-upm.es\/wp-content\/uploads\/2021\/12\/logo-insia-low-e1412177316550.png","width":50,"height":71,"caption":"UPM-INSIA"},"image":{"@id":"https:\/\/insia-upm.es\/#\/schema\/logo\/image\/"},"sameAs":["https:\/\/x.com\/INSIAUPM","https:\/\/www.instagram.com\/insia.upm\/","https:\/\/www.linkedin.com\/in\/insia-instituto-universitario-investigaci\u00f3n-9088635a\/","https:\/\/www.youtube.com\/user\/gestionidi"]},{"@type":"Person","@id":"https:\/\/insia-upm.es\/#\/schema\/person\/ea86956259a9cb1c71947e50fada3117","name":"desarrollo","image":{"@type":"ImageObject","inLanguage":"en-GB","@id":"https:\/\/secure.gravatar.com\/avatar\/adcd1146e74a083903bd51ea0ac5e00b3905e9c35fc0c1b39da8534ca17f7257?s=96&d=mm&r=g","url":"https:\/\/secure.gravatar.com\/avatar\/adcd1146e74a083903bd51ea0ac5e00b3905e9c35fc0c1b39da8534ca17f7257?s=96&d=mm&r=g","contentUrl":"https:\/\/secure.gravatar.com\/avatar\/adcd1146e74a083903bd51ea0ac5e00b3905e9c35fc0c1b39da8534ca17f7257?s=96&d=mm&r=g","caption":"desarrollo"},"sameAs":["https:\/\/insia-upm.es"],"url":"https:\/\/insia-upm.es\/en\/author\/desarrollo\/"}]}},"_links":{"self":[{"href":"https:\/\/insia-upm.es\/en\/wp-json\/wp\/v2\/posts\/13007","targetHints":{"allow":["GET"]}}],"collection":[{"href":"https:\/\/insia-upm.es\/en\/wp-json\/wp\/v2\/posts"}],"about":[{"href":"https:\/\/insia-upm.es\/en\/wp-json\/wp\/v2\/types\/post"}],"author":[{"embeddable":true,"href":"https:\/\/insia-upm.es\/en\/wp-json\/wp\/v2\/users\/1"}],"replies":[{"embeddable":true,"href":"https:\/\/insia-upm.es\/en\/wp-json\/wp\/v2\/comments?post=13007"}],"version-history":[{"count":0,"href":"https:\/\/insia-upm.es\/en\/wp-json\/wp\/v2\/posts\/13007\/revisions"}],"wp:attachment":[{"href":"https:\/\/insia-upm.es\/en\/wp-json\/wp\/v2\/media?parent=13007"}],"wp:term":[{"taxonomy":"category","embeddable":true,"href":"https:\/\/insia-upm.es\/en\/wp-json\/wp\/v2\/categories?post=13007"},{"taxonomy":"post_tag","embeddable":true,"href":"https:\/\/insia-upm.es\/en\/wp-json\/wp\/v2\/tags?post=13007"}],"curies":[{"name":"wp","href":"https:\/\/api.w.org\/{rel}","templated":true}]}}