{"id":13002,"date":"2015-04-20T15:30:00","date_gmt":"2015-04-20T13:30:00","guid":{"rendered":"https:\/\/insia-upm.es\/catedra-eduardo-barreiros-automovil-y-movilidad-sostenible\/"},"modified":"2015-04-20T15:30:00","modified_gmt":"2015-04-20T13:30:00","slug":"catedra-eduardo-barreiros-automovil-y-movilidad-sostenible","status":"publish","type":"post","link":"https:\/\/insia-upm.es\/en\/catedra-eduardo-barreiros-automovil-y-movilidad-sostenible\/","title":{"rendered":"C\u00e1tedra  Eduardo Barreiros \u201cAUTOM\u00d3VIL Y MOVILIDAD SOSTENIBLE\u201d"},"content":{"rendered":"<div style=\"text-align: justify;\"><span style=\"font-family: Arial, Helvetica, sans-serif;\">El pasado mes de marzo se firm\u00f3 un Convenio entre La <strong>Fundaci\u00f3n Eduardo Barreiros<\/strong>y la <strong>Universidad Polit\u00e9cnica de Madrid (UPM)<\/strong> para la creaci\u00f3n de la <strong>C\u00e1tedra\u00a0 Eduardo Barreiros <span style=\"font-variant: small-caps;\">\u201cAutom\u00f3vil y Movilidad Sostenible\u201d<\/span>.<\/strong><\/span><\/div>\n<div style=\"text-align: justify;\"><span style=\"font-family: Arial, Helvetica, sans-serif;\">\u00a0<\/span><\/div>\n<p style=\"text-align: justify;\"><span style=\"font-family: Arial, Helvetica, sans-serif;\">La C\u00e1tedra Eduardo Barreiros tiene como objetivo la colaboraci\u00f3n entre la Fundaci\u00f3n\u00a0 Eduardo Barreiros y la UPM en actividades de docencia, generaci\u00f3n de conocimiento, difusi\u00f3n y transferencia de tecnolog\u00eda en el \u00e1rea de la automoci\u00f3n, especialmente en el apoyo al desarrollo de los veh\u00edculos\u00a0 autom\u00f3viles y su uso, en el marco de la movilidad sostenible de personas y mercanc\u00edas.<\/span><br \/>\n<span style=\"font-family: Arial, Helvetica, sans-serif;\"><br \/>\nEl Rector de la Universidad Polit\u00e9cnica de Madrid, <b>D. Carlos Conde<\/b>, ha nombrado como <strong>director de la C\u00e1tedra,\u00a0<\/strong>de entre los miembros de la Comisi\u00f3n de Seguimiento, a \u00a0<\/span><span style=\"font-family: Arial, Helvetica, sans-serif;\"><strong>D. Francisco Aparicio<\/strong>, director del Instituto Universitario de Investigaci\u00f3n del Autom\u00f3vil (INSIA).<\/span><\/p>\n<div style=\"text-align: justify;\">\u00a0En este mes de abril se ha realizado la reuni\u00f3n constitutiva\u00a0 de la C\u00e1tedra,\u00a0en ella se acord\u00f3 el<b>\u00a0p<\/b><strong>lan de actividades para 2015 que incluye actividades de investigaci\u00f3n, instauraci\u00f3n de dos premios al mejor proyecto de fin de carrera o m\u00e1ster y de tema de tesis doctoral,\u00a0 <\/strong>desarrollo de una jornada sobre INNOVACI\u00d3N EN AUTOMOCI\u00d3N y publicaci\u00f3n de los trabajos presentados en un documento monogr\u00e1fico.<\/div>\n<div style=\"text-align: justify;\"><\/div>\n<div style=\"text-align: justify;\"><\/div>\n<div style=\"text-align: justify;\"><span style=\"font-family: Arial, Helvetica, sans-serif;\">La secretar\u00eda acad\u00e9mica de la C\u00e1tedra Eduardo Barreiros estar\u00e1 a cargo de la Dra. Blanca Arenas Ram\u00edrez, Directora de la Unidad de Estudios de Transporte e impacto medioambiental del autom\u00f3vil del INSIA.<\/span><\/div>\n<div style=\"text-align: justify;\"><span style=\"font-family: Arial, Helvetica, sans-serif;\">\u00a0<\/span><\/div>","protected":false},"excerpt":{"rendered":"<p>El pasado mes de marzo se firm\u00f3 un Convenio entre La Fundaci\u00f3n Eduardo Barreirosy la Universidad Polit\u00e9cnica de Madrid (UPM) para la creaci\u00f3n de la C\u00e1tedra\u00a0 Eduardo Barreiros \u201cAutom\u00f3vil y Movilidad Sostenible\u201d. \u00a0 La C\u00e1tedra Eduardo Barreiros tiene como objetivo la colaboraci\u00f3n entre la Fundaci\u00f3n\u00a0 Eduardo Barreiros y la UPM en actividades de docencia, generaci\u00f3n [&hellip;]<\/p>\n","protected":false},"author":1,"featured_media":0,"comment_status":"closed","ping_status":"open","sticky":false,"template":"","format":"standard","meta":{"_et_pb_use_builder":"","_et_pb_old_content":"","_et_gb_content_width":"","_monsterinsights_skip_tracking":false,"_monsterinsights_sitenote_active":false,"_monsterinsights_sitenote_note":"","_monsterinsights_sitenote_category":0,"footnotes":""},"categories":[79,29],"tags":[],"class_list":["post-13002","post","type-post","status-publish","format-standard","hentry","category-catedra-eduardo-barreiros","category-insia"],"yoast_head":"<!-- This site is optimized with the Yoast SEO plugin v27.5 - https:\/\/yoast.com\/product\/yoast-seo-wordpress\/ -->\n<title>C\u00e1tedra Eduardo Barreiros \u201cAutom\u00f3vil y Movilidad Sostenible\u201d.<\/title>\n<meta name=\"description\" content=\"C\u00e1tedra Eduardo Barreiros \u201cAutom\u00f3vil y Movilidad Sostenible\u201d.\" \/>\n<meta name=\"robots\" content=\"index, follow, max-snippet:-1, max-image-preview:large, max-video-preview:-1\" \/>\n<link rel=\"canonical\" href=\"https:\/\/insia-upm.es\/en\/catedra-eduardo-barreiros-automovil-y-movilidad-sostenible\/\" \/>\n<meta property=\"og:locale\" content=\"en_GB\" \/>\n<meta property=\"og:type\" content=\"article\" \/>\n<meta property=\"og:title\" content=\"C\u00e1tedra Eduardo Barreiros \u201cAutom\u00f3vil y Movilidad Sostenible\u201d.\" \/>\n<meta property=\"og:description\" content=\"C\u00e1tedra Eduardo Barreiros \u201cAutom\u00f3vil y Movilidad Sostenible\u201d.\" \/>\n<meta property=\"og:url\" content=\"https:\/\/insia-upm.es\/en\/catedra-eduardo-barreiros-automovil-y-movilidad-sostenible\/\" \/>\n<meta property=\"og:site_name\" content=\"Instituto Universitario de Investigaci\u00f3n del Autom\u00f3vil Francisco Aparicio Izquierdo\" \/>\n<meta property=\"article:published_time\" content=\"2015-04-20T13:30:00+00:00\" \/>\n<meta name=\"author\" content=\"desarrollo\" \/>\n<meta name=\"twitter:card\" content=\"summary_large_image\" \/>\n<meta name=\"twitter:creator\" content=\"@INSIAUPM\" \/>\n<meta name=\"twitter:site\" content=\"@INSIAUPM\" \/>\n<meta name=\"twitter:label1\" content=\"Written by\" \/>\n\t<meta name=\"twitter:data1\" content=\"desarrollo\" \/>\n\t<meta name=\"twitter:label2\" content=\"Estimated reading time\" \/>\n\t<meta name=\"twitter:data2\" content=\"1 minute\" \/>\n<script type=\"application\/ld+json\" class=\"yoast-schema-graph\">{\"@context\":\"https:\\\/\\\/schema.org\",\"@graph\":[{\"@type\":\"Article\",\"@id\":\"https:\\\/\\\/insia-upm.es\\\/catedra-eduardo-barreiros-automovil-y-movilidad-sostenible\\\/#article\",\"isPartOf\":{\"@id\":\"https:\\\/\\\/insia-upm.es\\\/catedra-eduardo-barreiros-automovil-y-movilidad-sostenible\\\/\"},\"author\":{\"name\":\"desarrollo\",\"@id\":\"https:\\\/\\\/insia-upm.es\\\/#\\\/schema\\\/person\\\/ea86956259a9cb1c71947e50fada3117\"},\"headline\":\"C\u00e1tedra Eduardo Barreiros \u201cAUTOM\u00d3VIL Y MOVILIDAD SOSTENIBLE\u201d\",\"datePublished\":\"2015-04-20T13:30:00+00:00\",\"mainEntityOfPage\":{\"@id\":\"https:\\\/\\\/insia-upm.es\\\/catedra-eduardo-barreiros-automovil-y-movilidad-sostenible\\\/\"},\"wordCount\":272,\"publisher\":{\"@id\":\"https:\\\/\\\/insia-upm.es\\\/#organization\"},\"articleSection\":[\"Catedra Eduardo Barreiros\",\"insia\"],\"inLanguage\":\"en-GB\"},{\"@type\":\"WebPage\",\"@id\":\"https:\\\/\\\/insia-upm.es\\\/catedra-eduardo-barreiros-automovil-y-movilidad-sostenible\\\/\",\"url\":\"https:\\\/\\\/insia-upm.es\\\/catedra-eduardo-barreiros-automovil-y-movilidad-sostenible\\\/\",\"name\":\"C\u00e1tedra Eduardo Barreiros \u201cAutom\u00f3vil y Movilidad Sostenible\u201d.\",\"isPartOf\":{\"@id\":\"https:\\\/\\\/insia-upm.es\\\/#website\"},\"datePublished\":\"2015-04-20T13:30:00+00:00\",\"description\":\"C\u00e1tedra Eduardo Barreiros \u201cAutom\u00f3vil y Movilidad Sostenible\u201d.\",\"breadcrumb\":{\"@id\":\"https:\\\/\\\/insia-upm.es\\\/catedra-eduardo-barreiros-automovil-y-movilidad-sostenible\\\/#breadcrumb\"},\"inLanguage\":\"en-GB\",\"potentialAction\":[{\"@type\":\"ReadAction\",\"target\":[\"https:\\\/\\\/insia-upm.es\\\/catedra-eduardo-barreiros-automovil-y-movilidad-sostenible\\\/\"]}]},{\"@type\":\"BreadcrumbList\",\"@id\":\"https:\\\/\\\/insia-upm.es\\\/catedra-eduardo-barreiros-automovil-y-movilidad-sostenible\\\/#breadcrumb\",\"itemListElement\":[{\"@type\":\"ListItem\",\"position\":1,\"name\":\"Portada\",\"item\":\"https:\\\/\\\/insia-upm.es\\\/\"},{\"@type\":\"ListItem\",\"position\":2,\"name\":\"C\u00e1tedra Eduardo Barreiros \u201cAUTOM\u00d3VIL Y MOVILIDAD SOSTENIBLE\u201d\"}]},{\"@type\":\"WebSite\",\"@id\":\"https:\\\/\\\/insia-upm.es\\\/#website\",\"url\":\"https:\\\/\\\/insia-upm.es\\\/\",\"name\":\"Instituto Universitario de Investigaci\u00f3n del Autom\u00f3vil Francisco Aparicio Izquierdo\",\"description\":\"Instituto de Investigaci\u00f3n del Autom\u00f3vil Francisco Aparicio Izquierdo\",\"publisher\":{\"@id\":\"https:\\\/\\\/insia-upm.es\\\/#organization\"},\"potentialAction\":[{\"@type\":\"SearchAction\",\"target\":{\"@type\":\"EntryPoint\",\"urlTemplate\":\"https:\\\/\\\/insia-upm.es\\\/?s={search_term_string}\"},\"query-input\":{\"@type\":\"PropertyValueSpecification\",\"valueRequired\":true,\"valueName\":\"search_term_string\"}}],\"inLanguage\":\"en-GB\"},{\"@type\":\"Organization\",\"@id\":\"https:\\\/\\\/insia-upm.es\\\/#organization\",\"name\":\"UPM-INSIA\",\"url\":\"https:\\\/\\\/insia-upm.es\\\/\",\"logo\":{\"@type\":\"ImageObject\",\"inLanguage\":\"en-GB\",\"@id\":\"https:\\\/\\\/insia-upm.es\\\/#\\\/schema\\\/logo\\\/image\\\/\",\"url\":\"https:\\\/\\\/insia-upm.es\\\/wp-content\\\/uploads\\\/2021\\\/12\\\/logo-insia-low-e1412177316550.png\",\"contentUrl\":\"https:\\\/\\\/insia-upm.es\\\/wp-content\\\/uploads\\\/2021\\\/12\\\/logo-insia-low-e1412177316550.png\",\"width\":50,\"height\":71,\"caption\":\"UPM-INSIA\"},\"image\":{\"@id\":\"https:\\\/\\\/insia-upm.es\\\/#\\\/schema\\\/logo\\\/image\\\/\"},\"sameAs\":[\"https:\\\/\\\/x.com\\\/INSIAUPM\",\"https:\\\/\\\/www.instagram.com\\\/insia.upm\\\/\",\"https:\\\/\\\/www.linkedin.com\\\/in\\\/insia-instituto-universitario-investigaci\u00f3n-9088635a\\\/\",\"https:\\\/\\\/www.youtube.com\\\/user\\\/gestionidi\"]},{\"@type\":\"Person\",\"@id\":\"https:\\\/\\\/insia-upm.es\\\/#\\\/schema\\\/person\\\/ea86956259a9cb1c71947e50fada3117\",\"name\":\"desarrollo\",\"image\":{\"@type\":\"ImageObject\",\"inLanguage\":\"en-GB\",\"@id\":\"https:\\\/\\\/secure.gravatar.com\\\/avatar\\\/adcd1146e74a083903bd51ea0ac5e00b3905e9c35fc0c1b39da8534ca17f7257?s=96&d=mm&r=g\",\"url\":\"https:\\\/\\\/secure.gravatar.com\\\/avatar\\\/adcd1146e74a083903bd51ea0ac5e00b3905e9c35fc0c1b39da8534ca17f7257?s=96&d=mm&r=g\",\"contentUrl\":\"https:\\\/\\\/secure.gravatar.com\\\/avatar\\\/adcd1146e74a083903bd51ea0ac5e00b3905e9c35fc0c1b39da8534ca17f7257?s=96&d=mm&r=g\",\"caption\":\"desarrollo\"},\"sameAs\":[\"https:\\\/\\\/insia-upm.es\"],\"url\":\"https:\\\/\\\/insia-upm.es\\\/en\\\/author\\\/desarrollo\\\/\"}]}<\/script>\n<!-- \/ Yoast SEO plugin. -->","yoast_head_json":{"title":"C\u00e1tedra Eduardo Barreiros \u201cAutom\u00f3vil y Movilidad Sostenible\u201d.","description":"C\u00e1tedra Eduardo Barreiros \u201cAutom\u00f3vil y Movilidad Sostenible\u201d.","robots":{"index":"index","follow":"follow","max-snippet":"max-snippet:-1","max-image-preview":"max-image-preview:large","max-video-preview":"max-video-preview:-1"},"canonical":"https:\/\/insia-upm.es\/en\/catedra-eduardo-barreiros-automovil-y-movilidad-sostenible\/","og_locale":"en_GB","og_type":"article","og_title":"C\u00e1tedra Eduardo Barreiros \u201cAutom\u00f3vil y Movilidad Sostenible\u201d.","og_description":"C\u00e1tedra Eduardo Barreiros \u201cAutom\u00f3vil y Movilidad Sostenible\u201d.","og_url":"https:\/\/insia-upm.es\/en\/catedra-eduardo-barreiros-automovil-y-movilidad-sostenible\/","og_site_name":"Instituto Universitario de Investigaci\u00f3n del Autom\u00f3vil Francisco Aparicio Izquierdo","article_published_time":"2015-04-20T13:30:00+00:00","author":"desarrollo","twitter_card":"summary_large_image","twitter_creator":"@INSIAUPM","twitter_site":"@INSIAUPM","twitter_misc":{"Written by":"desarrollo","Estimated reading time":"1 minute"},"schema":{"@context":"https:\/\/schema.org","@graph":[{"@type":"Article","@id":"https:\/\/insia-upm.es\/catedra-eduardo-barreiros-automovil-y-movilidad-sostenible\/#article","isPartOf":{"@id":"https:\/\/insia-upm.es\/catedra-eduardo-barreiros-automovil-y-movilidad-sostenible\/"},"author":{"name":"desarrollo","@id":"https:\/\/insia-upm.es\/#\/schema\/person\/ea86956259a9cb1c71947e50fada3117"},"headline":"C\u00e1tedra Eduardo Barreiros \u201cAUTOM\u00d3VIL Y MOVILIDAD SOSTENIBLE\u201d","datePublished":"2015-04-20T13:30:00+00:00","mainEntityOfPage":{"@id":"https:\/\/insia-upm.es\/catedra-eduardo-barreiros-automovil-y-movilidad-sostenible\/"},"wordCount":272,"publisher":{"@id":"https:\/\/insia-upm.es\/#organization"},"articleSection":["Catedra Eduardo Barreiros","insia"],"inLanguage":"en-GB"},{"@type":"WebPage","@id":"https:\/\/insia-upm.es\/catedra-eduardo-barreiros-automovil-y-movilidad-sostenible\/","url":"https:\/\/insia-upm.es\/catedra-eduardo-barreiros-automovil-y-movilidad-sostenible\/","name":"C\u00e1tedra Eduardo Barreiros \u201cAutom\u00f3vil y Movilidad Sostenible\u201d.","isPartOf":{"@id":"https:\/\/insia-upm.es\/#website"},"datePublished":"2015-04-20T13:30:00+00:00","description":"C\u00e1tedra Eduardo Barreiros \u201cAutom\u00f3vil y Movilidad Sostenible\u201d.","breadcrumb":{"@id":"https:\/\/insia-upm.es\/catedra-eduardo-barreiros-automovil-y-movilidad-sostenible\/#breadcrumb"},"inLanguage":"en-GB","potentialAction":[{"@type":"ReadAction","target":["https:\/\/insia-upm.es\/catedra-eduardo-barreiros-automovil-y-movilidad-sostenible\/"]}]},{"@type":"BreadcrumbList","@id":"https:\/\/insia-upm.es\/catedra-eduardo-barreiros-automovil-y-movilidad-sostenible\/#breadcrumb","itemListElement":[{"@type":"ListItem","position":1,"name":"Portada","item":"https:\/\/insia-upm.es\/"},{"@type":"ListItem","position":2,"name":"C\u00e1tedra Eduardo Barreiros \u201cAUTOM\u00d3VIL Y MOVILIDAD SOSTENIBLE\u201d"}]},{"@type":"WebSite","@id":"https:\/\/insia-upm.es\/#website","url":"https:\/\/insia-upm.es\/","name":"Instituto Universitario de Investigaci\u00f3n del Autom\u00f3vil Francisco Aparicio Izquierdo","description":"Instituto de Investigaci\u00f3n del Autom\u00f3vil Francisco Aparicio Izquierdo","publisher":{"@id":"https:\/\/insia-upm.es\/#organization"},"potentialAction":[{"@type":"SearchAction","target":{"@type":"EntryPoint","urlTemplate":"https:\/\/insia-upm.es\/?s={search_term_string}"},"query-input":{"@type":"PropertyValueSpecification","valueRequired":true,"valueName":"search_term_string"}}],"inLanguage":"en-GB"},{"@type":"Organization","@id":"https:\/\/insia-upm.es\/#organization","name":"UPM-INSIA","url":"https:\/\/insia-upm.es\/","logo":{"@type":"ImageObject","inLanguage":"en-GB","@id":"https:\/\/insia-upm.es\/#\/schema\/logo\/image\/","url":"https:\/\/insia-upm.es\/wp-content\/uploads\/2021\/12\/logo-insia-low-e1412177316550.png","contentUrl":"https:\/\/insia-upm.es\/wp-content\/uploads\/2021\/12\/logo-insia-low-e1412177316550.png","width":50,"height":71,"caption":"UPM-INSIA"},"image":{"@id":"https:\/\/insia-upm.es\/#\/schema\/logo\/image\/"},"sameAs":["https:\/\/x.com\/INSIAUPM","https:\/\/www.instagram.com\/insia.upm\/","https:\/\/www.linkedin.com\/in\/insia-instituto-universitario-investigaci\u00f3n-9088635a\/","https:\/\/www.youtube.com\/user\/gestionidi"]},{"@type":"Person","@id":"https:\/\/insia-upm.es\/#\/schema\/person\/ea86956259a9cb1c71947e50fada3117","name":"desarrollo","image":{"@type":"ImageObject","inLanguage":"en-GB","@id":"https:\/\/secure.gravatar.com\/avatar\/adcd1146e74a083903bd51ea0ac5e00b3905e9c35fc0c1b39da8534ca17f7257?s=96&d=mm&r=g","url":"https:\/\/secure.gravatar.com\/avatar\/adcd1146e74a083903bd51ea0ac5e00b3905e9c35fc0c1b39da8534ca17f7257?s=96&d=mm&r=g","contentUrl":"https:\/\/secure.gravatar.com\/avatar\/adcd1146e74a083903bd51ea0ac5e00b3905e9c35fc0c1b39da8534ca17f7257?s=96&d=mm&r=g","caption":"desarrollo"},"sameAs":["https:\/\/insia-upm.es"],"url":"https:\/\/insia-upm.es\/en\/author\/desarrollo\/"}]}},"_links":{"self":[{"href":"https:\/\/insia-upm.es\/en\/wp-json\/wp\/v2\/posts\/13002","targetHints":{"allow":["GET"]}}],"collection":[{"href":"https:\/\/insia-upm.es\/en\/wp-json\/wp\/v2\/posts"}],"about":[{"href":"https:\/\/insia-upm.es\/en\/wp-json\/wp\/v2\/types\/post"}],"author":[{"embeddable":true,"href":"https:\/\/insia-upm.es\/en\/wp-json\/wp\/v2\/users\/1"}],"replies":[{"embeddable":true,"href":"https:\/\/insia-upm.es\/en\/wp-json\/wp\/v2\/comments?post=13002"}],"version-history":[{"count":0,"href":"https:\/\/insia-upm.es\/en\/wp-json\/wp\/v2\/posts\/13002\/revisions"}],"wp:attachment":[{"href":"https:\/\/insia-upm.es\/en\/wp-json\/wp\/v2\/media?parent=13002"}],"wp:term":[{"taxonomy":"category","embeddable":true,"href":"https:\/\/insia-upm.es\/en\/wp-json\/wp\/v2\/categories?post=13002"},{"taxonomy":"post_tag","embeddable":true,"href":"https:\/\/insia-upm.es\/en\/wp-json\/wp\/v2\/tags?post=13002"}],"curies":[{"name":"wp","href":"https:\/\/api.w.org\/{rel}","templated":true}]}}