{"id":12811,"date":"2015-03-12T12:52:00","date_gmt":"2015-03-12T11:52:00","guid":{"rendered":"https:\/\/insia-upm.es\/upm-racing-presente-en-motortec-2015\/"},"modified":"2015-03-12T12:52:00","modified_gmt":"2015-03-12T11:52:00","slug":"upm-racing-presente-en-motortec-2015","status":"publish","type":"post","link":"https:\/\/insia-upm.es\/en\/upm-racing-presente-en-motortec-2015\/","title":{"rendered":"UPM Racing presente en MOTORTEC 2015"},"content":{"rendered":"<div align=\"center\" style=\"text-align: center;\"><i><span style=\"color: #666666; font-family: 'Trebuchet MS', sans-serif; font-size: 13pt;\">El equipo de Formula Student UPM Racing expone 2 veh\u00edculos en esta nueva edici\u00f3n de Motortec A.M. Pabell\u00f3n 3, Stand 3E03<\/span><\/i><o:p><\/o:p><\/div>\n<div><\/div>\n<div style=\"text-align: justify;\"><span style=\"font-family: Arial, sans-serif; font-size: 11.5pt;\">Tras reunir en su \u00faltima edici\u00f3n a m\u00e1s de 40.000 profesionales del mundo de la automoci\u00f3n y m\u00e1s de 450 empresas del m\u00e1s alto prestigio, llega de nuevo Motortec Automechanika 2015 a Madrid. Intentando seguir en la misma l\u00ednea, llega a Madrid una de las ferias m\u00e1s importantes del sector automovil\u00edstico, con la intenci\u00f3n de mostrar al mundo las principales novedades del sector.<\/span><o:p><\/o:p><\/div>\n<div><\/div>\n<div style=\"text-align: justify;\"><span style=\"font-family: Arial, sans-serif; font-size: 11.5pt;\">Dentro de este marco, el equipo de <\/span><span style=\"font-family: Arial, sans-serif; font-size: 11.5pt;\">F\u00f3rmula Student UPM Racing <\/span><span style=\"font-family: Arial, sans-serif; font-size: 11.5pt;\">estar\u00e1 presente en la misma<\/span><span style=\"font-family: Arial, sans-serif; font-size: 11.5pt;\">, del 11 al 14 de marzo, en el pabell\u00f3n 3, stand 3E03<\/span><span style=\"font-family: Arial, sans-serif; font-size: 11.5pt;\"> donde los miembros del equipo dar\u00e1n a conocer su proyecto a los visitantes de MOTORTEC.<\/span><o:p><\/o:p><\/div>\n<div style=\"text-align: justify;\"><span style=\"font-family: Arial, sans-serif; font-size: 11.5pt;\"><br \/><\/span><\/div>\n<div style=\"text-align: justify;\"><span style=\"font-family: Arial, sans-serif;\"><span style=\"font-size: 15.3333330154419px;\">En la siguiente imagen se puede ver a miembros del equipo con nuestro Director, Francisco Aparicio en el stand:<\/span><\/span><\/div>\n<div style=\"text-align: justify;\"><span style=\"font-family: Arial, sans-serif;\"><span style=\"font-size: 15.3333330154419px;\"><br \/><\/span><\/span><\/div>\n<div style=\"clear: both; text-align: center;\"><a href=\"https:\/\/insia-upm.es\/wp-content\/uploads\/2015\/03\/upmracing-insia-motortect2015.jpg\" style=\"margin-left: 1em; margin-right: 1em;\"><img loading=\"lazy\" decoding=\"async\" border=\"0\" src=\"https:\/\/insia-upm.es\/wp-content\/uploads\/2015\/03\/upmracing-insia-motortect2015.jpg\" height=\"384\" width=\"640\" \/><\/a><\/div>\n<div style=\"text-align: justify;\"><span style=\"font-family: Arial, sans-serif;\"><span style=\"font-size: 15.3333330154419px;\"><br \/><\/span><\/span><\/div>\n<div><\/div>\n<div style=\"text-align: justify;\"><span style=\"font-family: Arial, sans-serif; font-size: 11.5pt;\">Este proyecto, promovido por el Instituto Universitario de Investigaci\u00f3n del Autom\u00f3vil (<a href=\"https:\/\/insia-upm.es\/en\/\" target=\"_blank\" rel=\"noopener\">INSIA<\/a>) de la Universidad Polit\u00e9cnica de Madrid (UPM), cuenta ya con m\u00e1s de 12 a\u00f1os de experiencia en el dise\u00f1o y fabricaci\u00f3n de monoplazas tipo f\u00f3rmula. Los alumnos, estudiantes de ingenier\u00eda industrial y aeron\u00e1utica de la UPM y del master de ingenier\u00eda de automoci\u00f3n del INSIA, dedican mucho esfuerzo y trabajo al dise\u00f1o, fabricaci\u00f3n y puesta a punto de los monoplazas con la finalidad de competir con las universidades m\u00e1s punteras de todo el mundo.<\/span><o:p><\/o:p><\/div>\n<div style=\"text-align: justify;\"><span style=\"font-family: Arial, sans-serif; font-size: 11.5pt;\">UPM Racing se constituye como un equipo de referencia a nivel nacional, compitiendo con 2 monoplazas, uno con motor de combusti\u00f3n y otro el\u00e9ctrico, en una de las competiciones m\u00e1s prestigiosas del mundo dentro de la F\u00f3rmula Student como es la exigente Formula Student Germany, que tiene lugar cada a\u00f1o en el circuito de Hockenheimring, Alemania.<\/span><o:p><\/o:p><\/div>\n<div><\/div>\n<p><span style=\"font-family: Arial, sans-serif; font-size: 11.5pt;\">Durante los 4 d\u00edas que durar\u00e1 la feria, se expondr\u00e1n dos coches: el UPM 11C y el UPM 06, ambos de combusti\u00f3n. Asimismo, los alumnos &nbsp;pertenecientes al equipo UPM Racing contestar\u00e1n cualquier duda o curiosidad que los visitantes puedan tener<\/span><\/p>","protected":false},"excerpt":{"rendered":"<p>El equipo de Formula Student UPM Racing expone 2 veh\u00edculos en esta nueva edici\u00f3n de Motortec A.M. Pabell\u00f3n 3, Stand 3E03 Tras reunir en su \u00faltima edici\u00f3n a m\u00e1s de 40.000 profesionales del mundo de la automoci\u00f3n y m\u00e1s de 450 empresas del m\u00e1s alto prestigio, llega de nuevo Motortec Automechanika 2015 a Madrid. Intentando [&hellip;]<\/p>\n","protected":false},"author":1,"featured_media":12812,"comment_status":"closed","ping_status":"open","sticky":false,"template":"","format":"standard","meta":{"_et_pb_use_builder":"","_et_pb_old_content":"","_et_gb_content_width":"","_monsterinsights_skip_tracking":false,"_monsterinsights_sitenote_active":false,"_monsterinsights_sitenote_note":"","_monsterinsights_sitenote_category":0,"footnotes":""},"categories":[29],"tags":[],"class_list":["post-12811","post","type-post","status-publish","format-standard","has-post-thumbnail","hentry","category-insia"],"yoast_head":"<!-- This site is optimized with the Yoast SEO plugin v27.5 - https:\/\/yoast.com\/product\/yoast-seo-wordpress\/ -->\n<title>UPM Racing presente en MOTORTEC 2015 - Instituto Universitario de Investigaci\u00f3n del Autom\u00f3vil Francisco Aparicio Izquierdo<\/title>\n<meta name=\"robots\" content=\"index, follow, max-snippet:-1, max-image-preview:large, max-video-preview:-1\" \/>\n<link rel=\"canonical\" href=\"https:\/\/insia-upm.es\/en\/upm-racing-presente-en-motortec-2015\/\" \/>\n<meta property=\"og:locale\" content=\"en_GB\" \/>\n<meta property=\"og:type\" content=\"article\" \/>\n<meta property=\"og:title\" content=\"UPM Racing presente en MOTORTEC 2015 - Instituto Universitario de Investigaci\u00f3n del Autom\u00f3vil Francisco Aparicio Izquierdo\" \/>\n<meta property=\"og:description\" content=\"El equipo de Formula Student UPM Racing expone 2 veh\u00edculos en esta nueva edici\u00f3n de Motortec A.M. Pabell\u00f3n 3, Stand 3E03 Tras reunir en su \u00faltima edici\u00f3n a m\u00e1s de 40.000 profesionales del mundo de la automoci\u00f3n y m\u00e1s de 450 empresas del m\u00e1s alto prestigio, llega de nuevo Motortec Automechanika 2015 a Madrid. Intentando [&hellip;]\" \/>\n<meta property=\"og:url\" content=\"https:\/\/insia-upm.es\/en\/upm-racing-presente-en-motortec-2015\/\" \/>\n<meta property=\"og:site_name\" content=\"Instituto Universitario de Investigaci\u00f3n del Autom\u00f3vil Francisco Aparicio Izquierdo\" \/>\n<meta property=\"article:published_time\" content=\"2015-03-12T11:52:00+00:00\" \/>\n<meta property=\"og:image\" content=\"https:\/\/insia-upm.es\/wp-content\/uploads\/2015\/03\/upmracing-insia-motortect2015.jpg\" \/>\n\t<meta property=\"og:image:width\" content=\"1024\" \/>\n\t<meta property=\"og:image:height\" content=\"614\" \/>\n\t<meta property=\"og:image:type\" content=\"image\/jpeg\" \/>\n<meta name=\"author\" content=\"desarrollo\" \/>\n<meta name=\"twitter:card\" content=\"summary_large_image\" \/>\n<meta name=\"twitter:creator\" content=\"@INSIAUPM\" \/>\n<meta name=\"twitter:site\" content=\"@INSIAUPM\" \/>\n<meta name=\"twitter:label1\" content=\"Written by\" \/>\n\t<meta name=\"twitter:data1\" content=\"desarrollo\" \/>\n\t<meta name=\"twitter:label2\" content=\"Estimated reading time\" \/>\n\t<meta name=\"twitter:data2\" content=\"2 minutes\" \/>\n<script type=\"application\/ld+json\" class=\"yoast-schema-graph\">{\"@context\":\"https:\\\/\\\/schema.org\",\"@graph\":[{\"@type\":\"Article\",\"@id\":\"https:\\\/\\\/insia-upm.es\\\/upm-racing-presente-en-motortec-2015\\\/#article\",\"isPartOf\":{\"@id\":\"https:\\\/\\\/insia-upm.es\\\/upm-racing-presente-en-motortec-2015\\\/\"},\"author\":{\"name\":\"desarrollo\",\"@id\":\"https:\\\/\\\/insia-upm.es\\\/#\\\/schema\\\/person\\\/ea86956259a9cb1c71947e50fada3117\"},\"headline\":\"UPM Racing presente en MOTORTEC 2015\",\"datePublished\":\"2015-03-12T11:52:00+00:00\",\"mainEntityOfPage\":{\"@id\":\"https:\\\/\\\/insia-upm.es\\\/upm-racing-presente-en-motortec-2015\\\/\"},\"wordCount\":362,\"publisher\":{\"@id\":\"https:\\\/\\\/insia-upm.es\\\/#organization\"},\"image\":{\"@id\":\"https:\\\/\\\/insia-upm.es\\\/upm-racing-presente-en-motortec-2015\\\/#primaryimage\"},\"thumbnailUrl\":\"https:\\\/\\\/insia-upm.es\\\/wp-content\\\/uploads\\\/2015\\\/03\\\/upmracing-insia-motortect2015.jpg\",\"articleSection\":[\"insia\"],\"inLanguage\":\"en-GB\"},{\"@type\":\"WebPage\",\"@id\":\"https:\\\/\\\/insia-upm.es\\\/upm-racing-presente-en-motortec-2015\\\/\",\"url\":\"https:\\\/\\\/insia-upm.es\\\/upm-racing-presente-en-motortec-2015\\\/\",\"name\":\"UPM Racing presente en MOTORTEC 2015 - Instituto Universitario de Investigaci\u00f3n del Autom\u00f3vil Francisco Aparicio Izquierdo\",\"isPartOf\":{\"@id\":\"https:\\\/\\\/insia-upm.es\\\/#website\"},\"primaryImageOfPage\":{\"@id\":\"https:\\\/\\\/insia-upm.es\\\/upm-racing-presente-en-motortec-2015\\\/#primaryimage\"},\"image\":{\"@id\":\"https:\\\/\\\/insia-upm.es\\\/upm-racing-presente-en-motortec-2015\\\/#primaryimage\"},\"thumbnailUrl\":\"https:\\\/\\\/insia-upm.es\\\/wp-content\\\/uploads\\\/2015\\\/03\\\/upmracing-insia-motortect2015.jpg\",\"datePublished\":\"2015-03-12T11:52:00+00:00\",\"breadcrumb\":{\"@id\":\"https:\\\/\\\/insia-upm.es\\\/upm-racing-presente-en-motortec-2015\\\/#breadcrumb\"},\"inLanguage\":\"en-GB\",\"potentialAction\":[{\"@type\":\"ReadAction\",\"target\":[\"https:\\\/\\\/insia-upm.es\\\/upm-racing-presente-en-motortec-2015\\\/\"]}]},{\"@type\":\"ImageObject\",\"inLanguage\":\"en-GB\",\"@id\":\"https:\\\/\\\/insia-upm.es\\\/upm-racing-presente-en-motortec-2015\\\/#primaryimage\",\"url\":\"https:\\\/\\\/insia-upm.es\\\/wp-content\\\/uploads\\\/2015\\\/03\\\/upmracing-insia-motortect2015.jpg\",\"contentUrl\":\"https:\\\/\\\/insia-upm.es\\\/wp-content\\\/uploads\\\/2015\\\/03\\\/upmracing-insia-motortect2015.jpg\",\"width\":1024,\"height\":614},{\"@type\":\"BreadcrumbList\",\"@id\":\"https:\\\/\\\/insia-upm.es\\\/upm-racing-presente-en-motortec-2015\\\/#breadcrumb\",\"itemListElement\":[{\"@type\":\"ListItem\",\"position\":1,\"name\":\"Portada\",\"item\":\"https:\\\/\\\/insia-upm.es\\\/\"},{\"@type\":\"ListItem\",\"position\":2,\"name\":\"UPM Racing presente en MOTORTEC 2015\"}]},{\"@type\":\"WebSite\",\"@id\":\"https:\\\/\\\/insia-upm.es\\\/#website\",\"url\":\"https:\\\/\\\/insia-upm.es\\\/\",\"name\":\"Instituto Universitario de Investigaci\u00f3n del Autom\u00f3vil Francisco Aparicio Izquierdo\",\"description\":\"Instituto de Investigaci\u00f3n del Autom\u00f3vil Francisco Aparicio Izquierdo\",\"publisher\":{\"@id\":\"https:\\\/\\\/insia-upm.es\\\/#organization\"},\"potentialAction\":[{\"@type\":\"SearchAction\",\"target\":{\"@type\":\"EntryPoint\",\"urlTemplate\":\"https:\\\/\\\/insia-upm.es\\\/?s={search_term_string}\"},\"query-input\":{\"@type\":\"PropertyValueSpecification\",\"valueRequired\":true,\"valueName\":\"search_term_string\"}}],\"inLanguage\":\"en-GB\"},{\"@type\":\"Organization\",\"@id\":\"https:\\\/\\\/insia-upm.es\\\/#organization\",\"name\":\"UPM-INSIA\",\"url\":\"https:\\\/\\\/insia-upm.es\\\/\",\"logo\":{\"@type\":\"ImageObject\",\"inLanguage\":\"en-GB\",\"@id\":\"https:\\\/\\\/insia-upm.es\\\/#\\\/schema\\\/logo\\\/image\\\/\",\"url\":\"https:\\\/\\\/insia-upm.es\\\/wp-content\\\/uploads\\\/2021\\\/12\\\/logo-insia-low-e1412177316550.png\",\"contentUrl\":\"https:\\\/\\\/insia-upm.es\\\/wp-content\\\/uploads\\\/2021\\\/12\\\/logo-insia-low-e1412177316550.png\",\"width\":50,\"height\":71,\"caption\":\"UPM-INSIA\"},\"image\":{\"@id\":\"https:\\\/\\\/insia-upm.es\\\/#\\\/schema\\\/logo\\\/image\\\/\"},\"sameAs\":[\"https:\\\/\\\/x.com\\\/INSIAUPM\",\"https:\\\/\\\/www.instagram.com\\\/insia.upm\\\/\",\"https:\\\/\\\/www.linkedin.com\\\/in\\\/insia-instituto-universitario-investigaci\u00f3n-9088635a\\\/\",\"https:\\\/\\\/www.youtube.com\\\/user\\\/gestionidi\"]},{\"@type\":\"Person\",\"@id\":\"https:\\\/\\\/insia-upm.es\\\/#\\\/schema\\\/person\\\/ea86956259a9cb1c71947e50fada3117\",\"name\":\"desarrollo\",\"image\":{\"@type\":\"ImageObject\",\"inLanguage\":\"en-GB\",\"@id\":\"https:\\\/\\\/secure.gravatar.com\\\/avatar\\\/adcd1146e74a083903bd51ea0ac5e00b3905e9c35fc0c1b39da8534ca17f7257?s=96&d=mm&r=g\",\"url\":\"https:\\\/\\\/secure.gravatar.com\\\/avatar\\\/adcd1146e74a083903bd51ea0ac5e00b3905e9c35fc0c1b39da8534ca17f7257?s=96&d=mm&r=g\",\"contentUrl\":\"https:\\\/\\\/secure.gravatar.com\\\/avatar\\\/adcd1146e74a083903bd51ea0ac5e00b3905e9c35fc0c1b39da8534ca17f7257?s=96&d=mm&r=g\",\"caption\":\"desarrollo\"},\"sameAs\":[\"https:\\\/\\\/insia-upm.es\"],\"url\":\"https:\\\/\\\/insia-upm.es\\\/en\\\/author\\\/desarrollo\\\/\"}]}<\/script>\n<!-- \/ Yoast SEO plugin. -->","yoast_head_json":{"title":"UPM Racing presente en MOTORTEC 2015 - Instituto Universitario de Investigaci\u00f3n del Autom\u00f3vil Francisco Aparicio Izquierdo","robots":{"index":"index","follow":"follow","max-snippet":"max-snippet:-1","max-image-preview":"max-image-preview:large","max-video-preview":"max-video-preview:-1"},"canonical":"https:\/\/insia-upm.es\/en\/upm-racing-presente-en-motortec-2015\/","og_locale":"en_GB","og_type":"article","og_title":"UPM Racing presente en MOTORTEC 2015 - Instituto Universitario de Investigaci\u00f3n del Autom\u00f3vil Francisco Aparicio Izquierdo","og_description":"El equipo de Formula Student UPM Racing expone 2 veh\u00edculos en esta nueva edici\u00f3n de Motortec A.M. Pabell\u00f3n 3, Stand 3E03 Tras reunir en su \u00faltima edici\u00f3n a m\u00e1s de 40.000 profesionales del mundo de la automoci\u00f3n y m\u00e1s de 450 empresas del m\u00e1s alto prestigio, llega de nuevo Motortec Automechanika 2015 a Madrid. Intentando [&hellip;]","og_url":"https:\/\/insia-upm.es\/en\/upm-racing-presente-en-motortec-2015\/","og_site_name":"Instituto Universitario de Investigaci\u00f3n del Autom\u00f3vil Francisco Aparicio Izquierdo","article_published_time":"2015-03-12T11:52:00+00:00","og_image":[{"width":1024,"height":614,"url":"https:\/\/insia-upm.es\/wp-content\/uploads\/2015\/03\/upmracing-insia-motortect2015.jpg","type":"image\/jpeg"}],"author":"desarrollo","twitter_card":"summary_large_image","twitter_creator":"@INSIAUPM","twitter_site":"@INSIAUPM","twitter_misc":{"Written by":"desarrollo","Estimated reading time":"2 minutes"},"schema":{"@context":"https:\/\/schema.org","@graph":[{"@type":"Article","@id":"https:\/\/insia-upm.es\/upm-racing-presente-en-motortec-2015\/#article","isPartOf":{"@id":"https:\/\/insia-upm.es\/upm-racing-presente-en-motortec-2015\/"},"author":{"name":"desarrollo","@id":"https:\/\/insia-upm.es\/#\/schema\/person\/ea86956259a9cb1c71947e50fada3117"},"headline":"UPM Racing presente en MOTORTEC 2015","datePublished":"2015-03-12T11:52:00+00:00","mainEntityOfPage":{"@id":"https:\/\/insia-upm.es\/upm-racing-presente-en-motortec-2015\/"},"wordCount":362,"publisher":{"@id":"https:\/\/insia-upm.es\/#organization"},"image":{"@id":"https:\/\/insia-upm.es\/upm-racing-presente-en-motortec-2015\/#primaryimage"},"thumbnailUrl":"https:\/\/insia-upm.es\/wp-content\/uploads\/2015\/03\/upmracing-insia-motortect2015.jpg","articleSection":["insia"],"inLanguage":"en-GB"},{"@type":"WebPage","@id":"https:\/\/insia-upm.es\/upm-racing-presente-en-motortec-2015\/","url":"https:\/\/insia-upm.es\/upm-racing-presente-en-motortec-2015\/","name":"UPM Racing presente en MOTORTEC 2015 - Instituto Universitario de Investigaci\u00f3n del Autom\u00f3vil Francisco Aparicio Izquierdo","isPartOf":{"@id":"https:\/\/insia-upm.es\/#website"},"primaryImageOfPage":{"@id":"https:\/\/insia-upm.es\/upm-racing-presente-en-motortec-2015\/#primaryimage"},"image":{"@id":"https:\/\/insia-upm.es\/upm-racing-presente-en-motortec-2015\/#primaryimage"},"thumbnailUrl":"https:\/\/insia-upm.es\/wp-content\/uploads\/2015\/03\/upmracing-insia-motortect2015.jpg","datePublished":"2015-03-12T11:52:00+00:00","breadcrumb":{"@id":"https:\/\/insia-upm.es\/upm-racing-presente-en-motortec-2015\/#breadcrumb"},"inLanguage":"en-GB","potentialAction":[{"@type":"ReadAction","target":["https:\/\/insia-upm.es\/upm-racing-presente-en-motortec-2015\/"]}]},{"@type":"ImageObject","inLanguage":"en-GB","@id":"https:\/\/insia-upm.es\/upm-racing-presente-en-motortec-2015\/#primaryimage","url":"https:\/\/insia-upm.es\/wp-content\/uploads\/2015\/03\/upmracing-insia-motortect2015.jpg","contentUrl":"https:\/\/insia-upm.es\/wp-content\/uploads\/2015\/03\/upmracing-insia-motortect2015.jpg","width":1024,"height":614},{"@type":"BreadcrumbList","@id":"https:\/\/insia-upm.es\/upm-racing-presente-en-motortec-2015\/#breadcrumb","itemListElement":[{"@type":"ListItem","position":1,"name":"Portada","item":"https:\/\/insia-upm.es\/"},{"@type":"ListItem","position":2,"name":"UPM Racing presente en MOTORTEC 2015"}]},{"@type":"WebSite","@id":"https:\/\/insia-upm.es\/#website","url":"https:\/\/insia-upm.es\/","name":"Instituto Universitario de Investigaci\u00f3n del Autom\u00f3vil Francisco Aparicio Izquierdo","description":"Instituto de Investigaci\u00f3n del Autom\u00f3vil Francisco Aparicio Izquierdo","publisher":{"@id":"https:\/\/insia-upm.es\/#organization"},"potentialAction":[{"@type":"SearchAction","target":{"@type":"EntryPoint","urlTemplate":"https:\/\/insia-upm.es\/?s={search_term_string}"},"query-input":{"@type":"PropertyValueSpecification","valueRequired":true,"valueName":"search_term_string"}}],"inLanguage":"en-GB"},{"@type":"Organization","@id":"https:\/\/insia-upm.es\/#organization","name":"UPM-INSIA","url":"https:\/\/insia-upm.es\/","logo":{"@type":"ImageObject","inLanguage":"en-GB","@id":"https:\/\/insia-upm.es\/#\/schema\/logo\/image\/","url":"https:\/\/insia-upm.es\/wp-content\/uploads\/2021\/12\/logo-insia-low-e1412177316550.png","contentUrl":"https:\/\/insia-upm.es\/wp-content\/uploads\/2021\/12\/logo-insia-low-e1412177316550.png","width":50,"height":71,"caption":"UPM-INSIA"},"image":{"@id":"https:\/\/insia-upm.es\/#\/schema\/logo\/image\/"},"sameAs":["https:\/\/x.com\/INSIAUPM","https:\/\/www.instagram.com\/insia.upm\/","https:\/\/www.linkedin.com\/in\/insia-instituto-universitario-investigaci\u00f3n-9088635a\/","https:\/\/www.youtube.com\/user\/gestionidi"]},{"@type":"Person","@id":"https:\/\/insia-upm.es\/#\/schema\/person\/ea86956259a9cb1c71947e50fada3117","name":"desarrollo","image":{"@type":"ImageObject","inLanguage":"en-GB","@id":"https:\/\/secure.gravatar.com\/avatar\/adcd1146e74a083903bd51ea0ac5e00b3905e9c35fc0c1b39da8534ca17f7257?s=96&d=mm&r=g","url":"https:\/\/secure.gravatar.com\/avatar\/adcd1146e74a083903bd51ea0ac5e00b3905e9c35fc0c1b39da8534ca17f7257?s=96&d=mm&r=g","contentUrl":"https:\/\/secure.gravatar.com\/avatar\/adcd1146e74a083903bd51ea0ac5e00b3905e9c35fc0c1b39da8534ca17f7257?s=96&d=mm&r=g","caption":"desarrollo"},"sameAs":["https:\/\/insia-upm.es"],"url":"https:\/\/insia-upm.es\/en\/author\/desarrollo\/"}]}},"_links":{"self":[{"href":"https:\/\/insia-upm.es\/en\/wp-json\/wp\/v2\/posts\/12811","targetHints":{"allow":["GET"]}}],"collection":[{"href":"https:\/\/insia-upm.es\/en\/wp-json\/wp\/v2\/posts"}],"about":[{"href":"https:\/\/insia-upm.es\/en\/wp-json\/wp\/v2\/types\/post"}],"author":[{"embeddable":true,"href":"https:\/\/insia-upm.es\/en\/wp-json\/wp\/v2\/users\/1"}],"replies":[{"embeddable":true,"href":"https:\/\/insia-upm.es\/en\/wp-json\/wp\/v2\/comments?post=12811"}],"version-history":[{"count":0,"href":"https:\/\/insia-upm.es\/en\/wp-json\/wp\/v2\/posts\/12811\/revisions"}],"wp:featuredmedia":[{"embeddable":true,"href":"https:\/\/insia-upm.es\/en\/wp-json\/wp\/v2\/media\/12812"}],"wp:attachment":[{"href":"https:\/\/insia-upm.es\/en\/wp-json\/wp\/v2\/media?parent=12811"}],"wp:term":[{"taxonomy":"category","embeddable":true,"href":"https:\/\/insia-upm.es\/en\/wp-json\/wp\/v2\/categories?post=12811"},{"taxonomy":"post_tag","embeddable":true,"href":"https:\/\/insia-upm.es\/en\/wp-json\/wp\/v2\/tags?post=12811"}],"curies":[{"name":"wp","href":"https:\/\/api.w.org\/{rel}","templated":true}]}}