{"id":12047,"date":"2014-12-01T15:29:00","date_gmt":"2014-12-01T14:29:00","guid":{"rendered":"https:\/\/insia-upm.es\/xviii-forum-de-la-automocion-espanola\/"},"modified":"2014-12-01T15:29:00","modified_gmt":"2014-12-01T14:29:00","slug":"xviii-forum-de-la-automocion-espanola","status":"publish","type":"post","link":"https:\/\/insia-upm.es\/en\/xviii-forum-de-la-automocion-espanola\/","title":{"rendered":"XVIII Forum de la Automoci\u00f3n Espa\u00f1ola"},"content":{"rendered":"<p><b style=\"background-color: cyan;\">Jornada T\u00e9cnica<\/b><\/p>\n<div style=\"text-align: center;\"><b><br \/><\/b><\/div>\n<h4 style=\"text-align: center;\"><b><span style=\"font-family: Georgia, Times New Roman, serif;\">\u201cSISTEMAS DE ASISTENCIA AL CONDUCTOR Y DE GESTI\u00d3N INTELIGENTE DEL TR\u00c1FICO\u201d<\/span><\/b><\/h4>\n<div><span style=\"font-family: Georgia, 'Times New Roman', serif;\">Lunes 1 de diciembre 2014<\/span><\/div>\n<div><span style=\"font-family: Georgia, Times New Roman, serif;\"><\/span><\/p>\n<div><span style=\"font-family: Georgia, Times New Roman, serif;\">Sal\u00f3n de Actos Escuela T\u00e9cnica Superior de Ingenieros Industriales<\/span><\/div>\n<p><span style=\"font-family: Georgia, Times New Roman, serif;\"><\/p>\n<div>c\/ Jos\u00e9 Guti\u00e9rrez Abascal, 2 &#8211; 28006 Madrid<\/div>\n<div><b><br \/><\/b><\/div>\n<div><b>9:30 h APERTURA DE LA JORNADA<\/b><\/div>\n<div>\n<div><\/div>\n<div>Presidencia<\/div>\n<div>Ilma. Sra. D\u00aa Mar\u00eda Segu\u00ed G\u00f3mez, Directora General de Tr\u00e1fico (DGT).<\/div>\n<div>Presentaci\u00f3n de la Jornada:<\/div>\n<div>D. Francisco Aparicio, Presidente de ASEPA.<\/div>\n<div>Introducci\u00f3n del patrocinador principal<\/div>\n<div>D. Frank Seidel, Presidente ROBERT BOSCH ESPA\u00d1A.<\/div>\n<\/div>\n<div><\/div>\n<div>\n<div style=\"text-align: center;\"><b>1\u00aa MESA REDONDA: La carretera inteligente<\/b><\/div>\n<div style=\"text-align: center;\">Moderador: D. Ricardo Olalla, BOSCH<\/div>\n<div>\n<ul>\n<li><b>eCall<\/b><\/li>\n<ul>\n<li>D\u00aa. Ana Isabel Blanco, DGT.<\/li>\n<\/ul>\n<li><b>Comunicaciones entre veh\u00edculos y con la infraestructura<\/b><\/li>\n<ul>\n<li>D. Francisco S\u00e1nchez Pons, CTAG.<br \/>","protected":false},"excerpt":{"rendered":"<p>Jornada T\u00e9cnica \u201cSISTEMAS DE ASISTENCIA AL CONDUCTOR Y DE GESTI\u00d3N INTELIGENTE DEL TR\u00c1FICO\u201d Lunes 1 de diciembre 2014 Sal\u00f3n de Actos Escuela T\u00e9cnica Superior de Ingenieros Industriales c\/ Jos\u00e9 Guti\u00e9rrez Abascal, 2 &#8211; 28006 Madrid 9:30 h APERTURA DE LA JORNADA Presidencia Ilma. Sra. D\u00aa Mar\u00eda Segu\u00ed G\u00f3mez, Directora General de Tr\u00e1fico (DGT). Presentaci\u00f3n de [&hellip;]<\/p>\n","protected":false},"author":1,"featured_media":0,"comment_status":"open","ping_status":"open","sticky":false,"template":"","format":"standard","meta":{"_et_pb_use_builder":"","_et_pb_old_content":"","_et_gb_content_width":"","_monsterinsights_skip_tracking":false,"_monsterinsights_sitenote_active":false,"_monsterinsights_sitenote_note":"","_monsterinsights_sitenote_category":0,"footnotes":""},"categories":[73],"tags":[],"class_list":["post-12047","post","type-post","status-publish","format-standard","hentry","category-xviii-forum-de-la-automocion-espanola"],"yoast_head":"<!-- This site is optimized with the Yoast SEO plugin v27.5 - https:\/\/yoast.com\/product\/yoast-seo-wordpress\/ -->\n<title>XVIII Forum de la Automoci\u00f3n Espa\u00f1ola - Instituto Universitario de Investigaci\u00f3n del Autom\u00f3vil Francisco Aparicio Izquierdo<\/title>\n<meta name=\"robots\" content=\"index, follow, max-snippet:-1, max-image-preview:large, max-video-preview:-1\" \/>\n<link rel=\"canonical\" href=\"https:\/\/insia-upm.es\/en\/xviii-forum-de-la-automocion-espanola\/\" \/>\n<meta property=\"og:locale\" content=\"en_GB\" \/>\n<meta property=\"og:type\" content=\"article\" \/>\n<meta property=\"og:title\" content=\"XVIII Forum de la Automoci\u00f3n Espa\u00f1ola - Instituto Universitario de Investigaci\u00f3n del Autom\u00f3vil Francisco Aparicio Izquierdo\" \/>\n<meta property=\"og:description\" content=\"Jornada T\u00e9cnica \u201cSISTEMAS DE ASISTENCIA AL CONDUCTOR Y DE GESTI\u00d3N INTELIGENTE DEL TR\u00c1FICO\u201d Lunes 1 de diciembre 2014 Sal\u00f3n de Actos Escuela T\u00e9cnica Superior de Ingenieros Industriales c\/ Jos\u00e9 Guti\u00e9rrez Abascal, 2 &#8211; 28006 Madrid 9:30 h APERTURA DE LA JORNADA Presidencia Ilma. Sra. D\u00aa Mar\u00eda Segu\u00ed G\u00f3mez, Directora General de Tr\u00e1fico (DGT). Presentaci\u00f3n de [&hellip;]\" \/>\n<meta property=\"og:url\" content=\"https:\/\/insia-upm.es\/en\/xviii-forum-de-la-automocion-espanola\/\" \/>\n<meta property=\"og:site_name\" content=\"Instituto Universitario de Investigaci\u00f3n del Autom\u00f3vil Francisco Aparicio Izquierdo\" \/>\n<meta property=\"article:published_time\" content=\"2014-12-01T14:29:00+00:00\" \/>\n<meta name=\"author\" content=\"desarrollo\" \/>\n<meta name=\"twitter:card\" content=\"summary_large_image\" \/>\n<meta name=\"twitter:creator\" content=\"@INSIAUPM\" \/>\n<meta name=\"twitter:site\" content=\"@INSIAUPM\" \/>\n<meta name=\"twitter:label1\" content=\"Written by\" \/>\n\t<meta name=\"twitter:data1\" content=\"desarrollo\" \/>\n\t<meta name=\"twitter:label2\" content=\"Estimated reading time\" \/>\n\t<meta name=\"twitter:data2\" content=\"1 minute\" \/>\n<script type=\"application\/ld+json\" class=\"yoast-schema-graph\">{\"@context\":\"https:\\\/\\\/schema.org\",\"@graph\":[{\"@type\":\"Article\",\"@id\":\"https:\\\/\\\/insia-upm.es\\\/xviii-forum-de-la-automocion-espanola\\\/#article\",\"isPartOf\":{\"@id\":\"https:\\\/\\\/insia-upm.es\\\/xviii-forum-de-la-automocion-espanola\\\/\"},\"author\":{\"name\":\"desarrollo\",\"@id\":\"https:\\\/\\\/insia-upm.es\\\/#\\\/schema\\\/person\\\/ea86956259a9cb1c71947e50fada3117\"},\"headline\":\"XVIII Forum de la Automoci\u00f3n Espa\u00f1ola\",\"datePublished\":\"2014-12-01T14:29:00+00:00\",\"mainEntityOfPage\":{\"@id\":\"https:\\\/\\\/insia-upm.es\\\/xviii-forum-de-la-automocion-espanola\\\/\"},\"wordCount\":119,\"commentCount\":0,\"publisher\":{\"@id\":\"https:\\\/\\\/insia-upm.es\\\/#organization\"},\"articleSection\":[\"XVIII Forum de la Automoci\u00f3n Espa\u00f1ola\"],\"inLanguage\":\"en-GB\",\"potentialAction\":[{\"@type\":\"CommentAction\",\"name\":\"Comment\",\"target\":[\"https:\\\/\\\/insia-upm.es\\\/xviii-forum-de-la-automocion-espanola\\\/#respond\"]}]},{\"@type\":\"WebPage\",\"@id\":\"https:\\\/\\\/insia-upm.es\\\/xviii-forum-de-la-automocion-espanola\\\/\",\"url\":\"https:\\\/\\\/insia-upm.es\\\/xviii-forum-de-la-automocion-espanola\\\/\",\"name\":\"XVIII Forum de la Automoci\u00f3n Espa\u00f1ola - Instituto Universitario de Investigaci\u00f3n del Autom\u00f3vil Francisco Aparicio Izquierdo\",\"isPartOf\":{\"@id\":\"https:\\\/\\\/insia-upm.es\\\/#website\"},\"datePublished\":\"2014-12-01T14:29:00+00:00\",\"breadcrumb\":{\"@id\":\"https:\\\/\\\/insia-upm.es\\\/xviii-forum-de-la-automocion-espanola\\\/#breadcrumb\"},\"inLanguage\":\"en-GB\",\"potentialAction\":[{\"@type\":\"ReadAction\",\"target\":[\"https:\\\/\\\/insia-upm.es\\\/xviii-forum-de-la-automocion-espanola\\\/\"]}]},{\"@type\":\"BreadcrumbList\",\"@id\":\"https:\\\/\\\/insia-upm.es\\\/xviii-forum-de-la-automocion-espanola\\\/#breadcrumb\",\"itemListElement\":[{\"@type\":\"ListItem\",\"position\":1,\"name\":\"Portada\",\"item\":\"https:\\\/\\\/insia-upm.es\\\/\"},{\"@type\":\"ListItem\",\"position\":2,\"name\":\"XVIII Forum de la Automoci\u00f3n Espa\u00f1ola\"}]},{\"@type\":\"WebSite\",\"@id\":\"https:\\\/\\\/insia-upm.es\\\/#website\",\"url\":\"https:\\\/\\\/insia-upm.es\\\/\",\"name\":\"Instituto Universitario de Investigaci\u00f3n del Autom\u00f3vil Francisco Aparicio Izquierdo\",\"description\":\"Instituto de Investigaci\u00f3n del Autom\u00f3vil Francisco Aparicio Izquierdo\",\"publisher\":{\"@id\":\"https:\\\/\\\/insia-upm.es\\\/#organization\"},\"potentialAction\":[{\"@type\":\"SearchAction\",\"target\":{\"@type\":\"EntryPoint\",\"urlTemplate\":\"https:\\\/\\\/insia-upm.es\\\/?s={search_term_string}\"},\"query-input\":{\"@type\":\"PropertyValueSpecification\",\"valueRequired\":true,\"valueName\":\"search_term_string\"}}],\"inLanguage\":\"en-GB\"},{\"@type\":\"Organization\",\"@id\":\"https:\\\/\\\/insia-upm.es\\\/#organization\",\"name\":\"UPM-INSIA\",\"url\":\"https:\\\/\\\/insia-upm.es\\\/\",\"logo\":{\"@type\":\"ImageObject\",\"inLanguage\":\"en-GB\",\"@id\":\"https:\\\/\\\/insia-upm.es\\\/#\\\/schema\\\/logo\\\/image\\\/\",\"url\":\"https:\\\/\\\/insia-upm.es\\\/wp-content\\\/uploads\\\/2021\\\/12\\\/logo-insia-low-e1412177316550.png\",\"contentUrl\":\"https:\\\/\\\/insia-upm.es\\\/wp-content\\\/uploads\\\/2021\\\/12\\\/logo-insia-low-e1412177316550.png\",\"width\":50,\"height\":71,\"caption\":\"UPM-INSIA\"},\"image\":{\"@id\":\"https:\\\/\\\/insia-upm.es\\\/#\\\/schema\\\/logo\\\/image\\\/\"},\"sameAs\":[\"https:\\\/\\\/x.com\\\/INSIAUPM\",\"https:\\\/\\\/www.instagram.com\\\/insia.upm\\\/\",\"https:\\\/\\\/www.linkedin.com\\\/in\\\/insia-instituto-universitario-investigaci\u00f3n-9088635a\\\/\",\"https:\\\/\\\/www.youtube.com\\\/user\\\/gestionidi\"]},{\"@type\":\"Person\",\"@id\":\"https:\\\/\\\/insia-upm.es\\\/#\\\/schema\\\/person\\\/ea86956259a9cb1c71947e50fada3117\",\"name\":\"desarrollo\",\"image\":{\"@type\":\"ImageObject\",\"inLanguage\":\"en-GB\",\"@id\":\"https:\\\/\\\/secure.gravatar.com\\\/avatar\\\/adcd1146e74a083903bd51ea0ac5e00b3905e9c35fc0c1b39da8534ca17f7257?s=96&d=mm&r=g\",\"url\":\"https:\\\/\\\/secure.gravatar.com\\\/avatar\\\/adcd1146e74a083903bd51ea0ac5e00b3905e9c35fc0c1b39da8534ca17f7257?s=96&d=mm&r=g\",\"contentUrl\":\"https:\\\/\\\/secure.gravatar.com\\\/avatar\\\/adcd1146e74a083903bd51ea0ac5e00b3905e9c35fc0c1b39da8534ca17f7257?s=96&d=mm&r=g\",\"caption\":\"desarrollo\"},\"sameAs\":[\"https:\\\/\\\/insia-upm.es\"],\"url\":\"https:\\\/\\\/insia-upm.es\\\/en\\\/author\\\/desarrollo\\\/\"}]}<\/script>\n<!-- \/ Yoast SEO plugin. -->","yoast_head_json":{"title":"XVIII Forum de la Automoci\u00f3n Espa\u00f1ola - Instituto Universitario de Investigaci\u00f3n del Autom\u00f3vil Francisco Aparicio Izquierdo","robots":{"index":"index","follow":"follow","max-snippet":"max-snippet:-1","max-image-preview":"max-image-preview:large","max-video-preview":"max-video-preview:-1"},"canonical":"https:\/\/insia-upm.es\/en\/xviii-forum-de-la-automocion-espanola\/","og_locale":"en_GB","og_type":"article","og_title":"XVIII Forum de la Automoci\u00f3n Espa\u00f1ola - Instituto Universitario de Investigaci\u00f3n del Autom\u00f3vil Francisco Aparicio Izquierdo","og_description":"Jornada T\u00e9cnica \u201cSISTEMAS DE ASISTENCIA AL CONDUCTOR Y DE GESTI\u00d3N INTELIGENTE DEL TR\u00c1FICO\u201d Lunes 1 de diciembre 2014 Sal\u00f3n de Actos Escuela T\u00e9cnica Superior de Ingenieros Industriales c\/ Jos\u00e9 Guti\u00e9rrez Abascal, 2 &#8211; 28006 Madrid 9:30 h APERTURA DE LA JORNADA Presidencia Ilma. Sra. D\u00aa Mar\u00eda Segu\u00ed G\u00f3mez, Directora General de Tr\u00e1fico (DGT). Presentaci\u00f3n de [&hellip;]","og_url":"https:\/\/insia-upm.es\/en\/xviii-forum-de-la-automocion-espanola\/","og_site_name":"Instituto Universitario de Investigaci\u00f3n del Autom\u00f3vil Francisco Aparicio Izquierdo","article_published_time":"2014-12-01T14:29:00+00:00","author":"desarrollo","twitter_card":"summary_large_image","twitter_creator":"@INSIAUPM","twitter_site":"@INSIAUPM","twitter_misc":{"Written by":"desarrollo","Estimated reading time":"1 minute"},"schema":{"@context":"https:\/\/schema.org","@graph":[{"@type":"Article","@id":"https:\/\/insia-upm.es\/xviii-forum-de-la-automocion-espanola\/#article","isPartOf":{"@id":"https:\/\/insia-upm.es\/xviii-forum-de-la-automocion-espanola\/"},"author":{"name":"desarrollo","@id":"https:\/\/insia-upm.es\/#\/schema\/person\/ea86956259a9cb1c71947e50fada3117"},"headline":"XVIII Forum de la Automoci\u00f3n Espa\u00f1ola","datePublished":"2014-12-01T14:29:00+00:00","mainEntityOfPage":{"@id":"https:\/\/insia-upm.es\/xviii-forum-de-la-automocion-espanola\/"},"wordCount":119,"commentCount":0,"publisher":{"@id":"https:\/\/insia-upm.es\/#organization"},"articleSection":["XVIII Forum de la Automoci\u00f3n Espa\u00f1ola"],"inLanguage":"en-GB","potentialAction":[{"@type":"CommentAction","name":"Comment","target":["https:\/\/insia-upm.es\/xviii-forum-de-la-automocion-espanola\/#respond"]}]},{"@type":"WebPage","@id":"https:\/\/insia-upm.es\/xviii-forum-de-la-automocion-espanola\/","url":"https:\/\/insia-upm.es\/xviii-forum-de-la-automocion-espanola\/","name":"XVIII Forum de la Automoci\u00f3n Espa\u00f1ola - Instituto Universitario de Investigaci\u00f3n del Autom\u00f3vil Francisco Aparicio Izquierdo","isPartOf":{"@id":"https:\/\/insia-upm.es\/#website"},"datePublished":"2014-12-01T14:29:00+00:00","breadcrumb":{"@id":"https:\/\/insia-upm.es\/xviii-forum-de-la-automocion-espanola\/#breadcrumb"},"inLanguage":"en-GB","potentialAction":[{"@type":"ReadAction","target":["https:\/\/insia-upm.es\/xviii-forum-de-la-automocion-espanola\/"]}]},{"@type":"BreadcrumbList","@id":"https:\/\/insia-upm.es\/xviii-forum-de-la-automocion-espanola\/#breadcrumb","itemListElement":[{"@type":"ListItem","position":1,"name":"Portada","item":"https:\/\/insia-upm.es\/"},{"@type":"ListItem","position":2,"name":"XVIII Forum de la Automoci\u00f3n Espa\u00f1ola"}]},{"@type":"WebSite","@id":"https:\/\/insia-upm.es\/#website","url":"https:\/\/insia-upm.es\/","name":"Instituto Universitario de Investigaci\u00f3n del Autom\u00f3vil Francisco Aparicio Izquierdo","description":"Instituto de Investigaci\u00f3n del Autom\u00f3vil Francisco Aparicio Izquierdo","publisher":{"@id":"https:\/\/insia-upm.es\/#organization"},"potentialAction":[{"@type":"SearchAction","target":{"@type":"EntryPoint","urlTemplate":"https:\/\/insia-upm.es\/?s={search_term_string}"},"query-input":{"@type":"PropertyValueSpecification","valueRequired":true,"valueName":"search_term_string"}}],"inLanguage":"en-GB"},{"@type":"Organization","@id":"https:\/\/insia-upm.es\/#organization","name":"UPM-INSIA","url":"https:\/\/insia-upm.es\/","logo":{"@type":"ImageObject","inLanguage":"en-GB","@id":"https:\/\/insia-upm.es\/#\/schema\/logo\/image\/","url":"https:\/\/insia-upm.es\/wp-content\/uploads\/2021\/12\/logo-insia-low-e1412177316550.png","contentUrl":"https:\/\/insia-upm.es\/wp-content\/uploads\/2021\/12\/logo-insia-low-e1412177316550.png","width":50,"height":71,"caption":"UPM-INSIA"},"image":{"@id":"https:\/\/insia-upm.es\/#\/schema\/logo\/image\/"},"sameAs":["https:\/\/x.com\/INSIAUPM","https:\/\/www.instagram.com\/insia.upm\/","https:\/\/www.linkedin.com\/in\/insia-instituto-universitario-investigaci\u00f3n-9088635a\/","https:\/\/www.youtube.com\/user\/gestionidi"]},{"@type":"Person","@id":"https:\/\/insia-upm.es\/#\/schema\/person\/ea86956259a9cb1c71947e50fada3117","name":"desarrollo","image":{"@type":"ImageObject","inLanguage":"en-GB","@id":"https:\/\/secure.gravatar.com\/avatar\/adcd1146e74a083903bd51ea0ac5e00b3905e9c35fc0c1b39da8534ca17f7257?s=96&d=mm&r=g","url":"https:\/\/secure.gravatar.com\/avatar\/adcd1146e74a083903bd51ea0ac5e00b3905e9c35fc0c1b39da8534ca17f7257?s=96&d=mm&r=g","contentUrl":"https:\/\/secure.gravatar.com\/avatar\/adcd1146e74a083903bd51ea0ac5e00b3905e9c35fc0c1b39da8534ca17f7257?s=96&d=mm&r=g","caption":"desarrollo"},"sameAs":["https:\/\/insia-upm.es"],"url":"https:\/\/insia-upm.es\/en\/author\/desarrollo\/"}]}},"_links":{"self":[{"href":"https:\/\/insia-upm.es\/en\/wp-json\/wp\/v2\/posts\/12047","targetHints":{"allow":["GET"]}}],"collection":[{"href":"https:\/\/insia-upm.es\/en\/wp-json\/wp\/v2\/posts"}],"about":[{"href":"https:\/\/insia-upm.es\/en\/wp-json\/wp\/v2\/types\/post"}],"author":[{"embeddable":true,"href":"https:\/\/insia-upm.es\/en\/wp-json\/wp\/v2\/users\/1"}],"replies":[{"embeddable":true,"href":"https:\/\/insia-upm.es\/en\/wp-json\/wp\/v2\/comments?post=12047"}],"version-history":[{"count":0,"href":"https:\/\/insia-upm.es\/en\/wp-json\/wp\/v2\/posts\/12047\/revisions"}],"wp:attachment":[{"href":"https:\/\/insia-upm.es\/en\/wp-json\/wp\/v2\/media?parent=12047"}],"wp:term":[{"taxonomy":"category","embeddable":true,"href":"https:\/\/insia-upm.es\/en\/wp-json\/wp\/v2\/categories?post=12047"},{"taxonomy":"post_tag","embeddable":true,"href":"https:\/\/insia-upm.es\/en\/wp-json\/wp\/v2\/tags?post=12047"}],"curies":[{"name":"wp","href":"https:\/\/api.w.org\/{rel}","templated":true}]}}