{"id":12045,"date":"2015-01-19T15:49:00","date_gmt":"2015-01-19T14:49:00","guid":{"rendered":"https:\/\/insia-upm.es\/la-segunda-edicion-de-fiat-likes-u-aterriza-en-el-insia\/"},"modified":"2015-01-19T15:49:00","modified_gmt":"2015-01-19T14:49:00","slug":"la-segunda-edicion-de-fiat-likes-u-aterriza-en-el-insia","status":"publish","type":"post","link":"https:\/\/insia-upm.es\/en\/la-segunda-edicion-de-fiat-likes-u-aterriza-en-el-insia\/","title":{"rendered":"La segunda edici\u00f3n de \u2018FIAT Likes U\u2019 aterriza en el INSIA"},"content":{"rendered":"<div style=\"line-height: 150%; margin-bottom: .0001pt; margin-bottom: 0cm; margin-left: 14.2pt; margin-right: 0cm; margin-top: 0cm; mso-list: l0 level1 lfo1; text-align: justify; text-indent: -14.2pt; text-justify: inter-ideograph;\"><\/div>\n<ul>\n<li><span style=\"font-size: 11pt; line-height: 150%; text-indent: -14.2pt;\"><span style=\"font-family: Symbol;\">\u00b7<\/span><span style=\"font-size: 7pt; font-stretch: normal; line-height: normal;\">&nbsp;&nbsp;&nbsp;&nbsp;&nbsp;<\/span><span style=\"font-size: 7pt; font-stretch: normal; line-height: normal;\"><span style=\"font-family: inherit;\"><\/span><\/span><\/span><span style=\"font-family: inherit; line-height: 150%; text-indent: -14.2pt;\"><span style=\"font-size: 11pt; line-height: 150%;\">Tras el \u00e9xito de su primera temporada, la iniciativa FIAT Likes U cruza las fronteras nacionales y arriba a cinco universidades de cinco pa\u00edses de Europa.&nbsp; <st1:personname product w:st=\"on\">La Universidad Polit\u00e9cnica<\/st1:personname>de Madrid es el orgulloso colaborador de \u2018<\/span><span style=\"font-size: 11pt; line-height: 150%;\">Fiat Likes U\u2019 y acoger\u00e1 la iniciativa del 19 de enero al 20 de abril de 2015<\/span><\/span><\/li>\n<li><span style=\"font-family: inherit; font-size: 11pt; line-height: 150%; text-indent: -14.2pt;\">\u00b7<span style=\"font-size: 7pt; font-stretch: normal; line-height: normal;\">&nbsp;&nbsp;&nbsp;&nbsp;&nbsp; <\/span><\/span><span style=\"font-family: inherit; font-size: 11pt; line-height: 150%; text-indent: -14.2pt;\">El proyecto incluye un servicio de coche compartido totalmente gratuito para los estudiantes de las 15 universidades participantes, 15 puestos de trabajo remunerados como Embajador Fiat para gestionar el proyecto en cada universidad, adem\u00e1s de contar con la posibilidad de realizar pr\u00e1cticas remuneradas y de recibir Lectio Magistralis de dise\u00f1adores, ingenieros y directores de Fiat<\/span><\/li>\n<li><span style=\"font-family: inherit; font-size: 11pt; line-height: 150%; text-indent: -14.2pt;\">\u00b7<span style=\"font-size: 7pt; font-stretch: normal; line-height: normal;\">&nbsp;&nbsp;&nbsp;&nbsp;&nbsp; <\/span><\/span><span style=\"font-family: inherit; font-size: 11pt; line-height: 150%; text-indent: -14.2pt;\">La gama de la flota universitaria contar\u00e1 con modelos Fiat 500, <\/span><span style=\"font-family: inherit; font-size: 11pt; line-height: 150%; text-indent: -14.2pt;\">500L Beats Edition, Punto y Panda 4&#215;4<\/span><\/li>\n<li><span style=\"font-family: inherit; font-size: 11pt; line-height: 150%; text-indent: -14.2pt;\">\u00b7<span style=\"font-size: 7pt; font-stretch: normal; line-height: normal;\">&nbsp;&nbsp;&nbsp;&nbsp;&nbsp; <\/span><\/span><span style=\"font-family: inherit; font-size: 11pt; line-height: 150%; text-indent: -14.2pt;\">Erasmus Student Network es socio colaborador especial<\/span><\/li>\n<\/ul>\n<p><!--[if !supportLists]--><\/p>\n<div style=\"clear: both; text-align: center;\"><a href=\"https:\/\/insia-upm.es\/wp-content\/uploads\/2015\/01\/FIAT-LIKESU.jpg\" style=\"margin-left: 1em; margin-right: 1em;\"><img loading=\"lazy\" decoding=\"async\" border=\"0\" src=\"https:\/\/insia-upm.es\/wp-content\/uploads\/2015\/01\/FIAT-LIKESU.jpg\" height=\"238\" width=\"400\" \/><\/a><\/div>\n<div style=\"line-height: 150%; margin-bottom: .0001pt; margin-bottom: 0cm; margin-left: 14.2pt; margin-right: 0cm; margin-top: 0cm; mso-list: l0 level1 lfo1; text-align: justify; text-indent: -14.2pt; text-justify: inter-ideograph;\"><span style=\"font-size: 11pt; line-height: 150%;\"><span style=\"font-family: inherit;\"><br \/><\/span><\/span><\/div>\n<div style=\"line-height: 150%; margin-bottom: .0001pt; margin: 0cm; mso-add-space: auto; text-align: justify; text-justify: inter-ideograph;\"><span style=\"font-size: 11pt; line-height: 150%;\"><span style=\"font-family: inherit;\">FIAT Likes U es un proyecto dise\u00f1ado para las universidades, concebido en 2012 por FIAT y llevado a cabo en colaboraci\u00f3n con el Ministerio de Educaci\u00f3n y el Ministerio de Medio Ambiente. Una iniciativa sencilla y pr\u00e1ctica con una gran cantidad de posibilidades en la que, para esta segunda edici\u00f3n, participar\u00e1n 15 universidades y unos 700.000 estudiantes. El proyecto se basa en tres pilares: <b>la movilidad, el estudio y el trabajo.<o:p><\/o:p><\/b><\/span><\/span><\/div>\n<div style=\"line-height: 150%; margin-bottom: .0001pt; margin: 0cm; mso-add-space: auto; text-align: justify; text-justify: inter-ideograph;\"><span style=\"font-size: 11pt; line-height: 150%;\"><b><span style=\"font-family: inherit;\"><br \/><\/span><\/b><\/span><\/div>\n<div style=\"line-height: 150%; margin-bottom: .0001pt; margin: 0cm; mso-add-space: auto; text-align: justify; text-justify: inter-ideograph;\"><span style=\"font-size: 11pt; line-height: 150%;\"><span style=\"font-family: inherit;\">Por primera vez en Europa, una empresa de autom\u00f3viles se ha unido al mundo acad\u00e9mico en una iniciativa integral y pr\u00e1ctica en el \u00e1rea de la movilidad, el estudio y el empleo, que representa un concepto sencillo y lleno de oportunidades.<o:p><\/o:p><\/span><\/span><\/div>\n<div style=\"line-height: 150%; margin-bottom: .0001pt; margin: 0cm; text-align: justify; text-justify: inter-ideograph;\"><\/div>\n<div style=\"line-height: 150%; margin-bottom: .0001pt; margin: 0cm; text-align: justify; text-justify: inter-ideograph;\"><span style=\"font-family: inherit;\"><span style=\"font-size: 11pt; line-height: 150%;\">En esta segunda edici\u00f3n participan quince universidades: 10 en Italia y 5 en el resto de Europa.<\/span><span style=\"font-size: 11pt; line-height: 150%;\"><o:p><\/o:p><\/span><\/span><\/div>\n<div style=\"line-height: 150%; margin-bottom: .0001pt; margin: 0cm; text-align: justify; text-justify: inter-ideograph;\"><\/div>\n<div style=\"line-height: 150%; margin-bottom: .0001pt; margin: 0cm; text-align: justify; text-justify: inter-ideograph;\"><span style=\"font-family: inherit;\"><span style=\"font-size: 11pt; line-height: 150%;\">La tercera edici\u00f3n de Fiat Likes U 2014\/2015 se llevar\u00e1 a cabo al mismo tiempo en Madrid, Roma y Florencia. Para m\u00e1s informaci\u00f3n sobre la edici\u00f3n 2014\/2015 de &#8216;Fiat Likes U\u2019, consulte la p\u00e1gina web <\/span><span lang=\"EN-GB\"><a href=\"http:\/\/www.fiatlikesu.eu\/\"><span lang=\"ES\" style=\"font-size: 11pt; line-height: 150%;\">www.fiatlikesu.eu<\/span><\/a><\/span><span style=\"font-size: 11pt; line-height: 150%;\">.<\/span> <span style=\"font-size: 11pt; line-height: 150%;\"><o:p><\/o:p><\/span><\/span><\/div>\n<div style=\"line-height: 150%; margin-bottom: .0001pt; margin-bottom: 0cm; mso-layout-grid-align: none; text-align: justify; text-autospace: none; text-justify: inter-ideograph;\"><span style=\"font-family: inherit;\">A trav\u00e9s del programa, los estudiantes universitarios pueden acceder a un servicio de coche compartido totalmente gratuito durante un periodo de tres meses y beneficiarse de posibles conferencias y exposiciones de dise\u00f1adores, ingenieros y directores de Fiat. <span lang=\"IT\">Adem\u00e1s, pueden realizar pr\u00e1cticas y un estudiante trabajar\u00e1 como embajador del programa, responsabiliz\u00e1ndose de la gesti\u00f3n del servicio e informando a cada universidad.<\/span><o:p><\/o:p><\/span><\/div>\n<div style=\"line-height: 150%; margin-bottom: .0001pt; margin-bottom: 0cm; mso-layout-grid-align: none; text-autospace: none;\"><\/div>\n<div style=\"line-height: 150%; margin-bottom: .0001pt; margin: 0cm;\"><span style=\"font-family: inherit;\"><b><span style=\"font-size: 11pt; line-height: 150%;\">Movilidad<\/span><\/b><b><span style=\"font-size: 11pt; line-height: 150%;\"><o:p><\/o:p><\/span><\/b><\/span><\/div>\n<div style=\"line-height: 150%; margin-bottom: .0001pt; margin: 0cm; text-align: justify; text-justify: inter-ideograph;\"><span style=\"font-family: inherit;\"><span style=\"font-size: 11pt; line-height: 150%;\">El servicio de coche compartido totalmente gratuito durante un periodo de tres meses tiene por objeto concienciar a los j\u00f3venes sobre los problemas medioambientales y promover la conducci\u00f3n responsable y segura.<\/span><span style=\"font-size: 11pt; line-height: 150%;\"><o:p><\/o:p><\/span><\/span><\/div>\n<div style=\"text-indent: 0cm;\"><span style=\"font-size: 11pt; line-height: 150%;\"><span style=\"font-family: inherit;\">El servicio de coche compartido totalmente gratuito es f\u00e1cil de usar. Los estudiantes solo tienen que iniciar sesi\u00f3n en <u><span style=\"col\nor: blue;\">www.fiatlikesu.eu<\/span><\/u>, reservar un veh\u00edculo, recogerlo en el \u00e1rea dedicada cerca de la oficina del Embajador Fiat de <st1:personname product w:st=\"on\">la Universidad Polit\u00e9cnica<\/st1:personname>de Madrid y devolverlo en el plazo convenido. Los estudiantes pueden utilizar los veh\u00edculos cuando lo deseen durante 24 horas entre semana o durante un fin de semana completo.&nbsp; Solo tienen que pagar el combustible.<o:p><\/o:p><\/span><\/span><\/div>\n<div style=\"line-height: 150%; margin-bottom: .0001pt; margin: 0cm;\"><\/div>\n<div style=\"line-height: 150%; margin-bottom: .0001pt; margin: 0cm;\"><span style=\"font-family: inherit;\"><b><span style=\"font-size: 11pt; line-height: 150%;\">Estudio<\/span><\/b><b><span style=\"font-size: 11pt; line-height: 150%;\"><o:p><\/o:p><\/span><\/b><\/span><\/div>\n<div style=\"line-height: 150%; margin-bottom: .0001pt; margin: 0cm; text-align: justify; text-justify: inter-ideograph;\"><span style=\"font-family: inherit;\"><span style=\"font-size: 11pt; line-height: 150%;\">Fiat est\u00e1 ofreciendo de uno a cinco programas de pr\u00e1cticas remuneradas para cada universidad implicada en el proyecto<\/span><span style=\"font-size: 11pt; line-height: 150%;\">. Por otra parte, dise\u00f1adores, ingenieros y directores de Fiat Chrysler Automobiles impartir\u00e1n <i>lectio magistralis<\/i> en cada universidad. El objetivo: poner las excelencias de un grupo internacional al servicio de los j\u00f3venes estudiantes para contribuir de manera concreta a su educaci\u00f3n.<o:p><\/o:p><\/span><\/span><\/div>\n<div style=\"line-height: 150%; margin-bottom: .0001pt; margin: 0cm; text-align: justify; text-justify: inter-ideograph;\"><\/div>\n<div style=\"line-height: 150%; margin-bottom: .0001pt; margin: 0cm;\"><b><span style=\"font-size: 11pt; line-height: 150%;\"><span style=\"font-family: inherit;\">Trabajo<o:p><\/o:p><\/span><\/span><\/b><\/div>\n<div style=\"line-height: 150%; margin-bottom: .0001pt; margin: 0cm; text-align: justify; text-justify: inter-ideograph;\"><span style=\"font-size: 11pt; line-height: 150%;\"><span style=\"font-family: inherit;\">La iniciativa ofrece la oportunidad de solicitar el puesto de Embajador Fiat, responsable de la gesti\u00f3n del servicio en cada universidad. Los Embajadores Fiat seleccionados deber\u00e1n asistir a un curso de formaci\u00f3n espec\u00edfico en el que tambi\u00e9n se introducir\u00e1n aspectos t\u00e9cnicos y comerciales del mundo Fiat. El Embajador Fiat recibir\u00e1 un salario de 2000 \u20ac durante el periodo de empleo.<o:p><\/o:p><\/span><\/span><\/div>\n<div style=\"line-height: 150%; margin-bottom: .0001pt; margin-bottom: 0cm;\"><\/div>\n<div style=\"line-height: 150%; margin-bottom: .0001pt; margin: 0cm;\"><span style=\"font-family: inherit;\"><b><span style=\"line-height: 150%;\">La flota de autom\u00f3viles \u201cFIAT Likes U\u201d en Espa\u00f1a<\/span><\/b><b><span style=\"line-height: 150%;\"><o:p><\/o:p><\/span><\/b><\/span><\/div>\n<div style=\"line-height: 150%; margin-bottom: .0001pt; margin-bottom: 0cm; text-align: justify; text-justify: inter-ideograph;\"><span style=\"font-family: inherit;\">La flota universitaria que se utilizar\u00e1 en el proyecto de coche compartido \u00abFiat Likes U\u00bb en Madrid incluir\u00e1 Fiat 500L Beats Edition, Fiat 500, Fiat Punto y Fiat Panda 4&#215;4. <o:p><\/o:p><\/span><\/div>\n<div style=\"line-height: 150%; margin-bottom: .0001pt; margin-bottom: 0cm; text-align: justify; text-justify: inter-ideograph;\"><span style=\"font-family: inherit;\">M\u00e1s concretamente, el Fiat 500L Beats Edition es una nueva serie especial, <strong>basada en el 500L Trekking, creada conjuntamente con Beats by Dr. Dre, la marca que a ra\u00edz de su \u00e9xito en los EE.UU. se est\u00e1 estableciendo r\u00e1pidamente en Europa. El equipamiento de serie incluye el <\/strong>equipo de sonido de \u00faltima generaci\u00f3n BeatsAudio<strong>, creado por Beats by Dr. Dre con <\/strong>520 vatios de potencia total, amplificador y DSP, ocho canales y un algoritmo de ecualizaci\u00f3n avanzado. <o:p><\/o:p><\/span><\/div>\n<div style=\"line-height: 150%; margin-bottom: .0001pt; margin: 0cm; mso-add-space: auto; text-align: justify; text-justify: inter-ideograph;\">                                       <\/div>\n<div style=\"line-height: 150%; margin-bottom: .0001pt; margin-bottom: 0cm; text-align: justify; text-justify: inter-ideograph;\"><span lang=\"FR\"><span style=\"font-family: inherit;\">Tambi\u00e9n estar\u00e1 disponible el nuevo Panda<\/span><\/span><span lang=\"FR\"><span style=\"font-family: inherit;\">, la evoluci\u00f3n coherente de un best-seller del que se han vendido m\u00e1s de 6,4 millones de unidades en 31 a\u00f1os. En la actualidad, el modelo alcanza su mayor\u00eda de edad en esta tercera generaci\u00f3n, ofreciendo m\u00e1s calidad en t\u00e9rminos de caracter\u00edsticas de espacio, funcionalidad, tecnolog\u00eda y seguridad.<\/span><o:p><\/o:p><\/span><\/div>\n","protected":false},"excerpt":{"rendered":"<p>\u00b7&nbsp;&nbsp;&nbsp;&nbsp;&nbsp;Tras el \u00e9xito de su primera temporada, la iniciativa FIAT Likes U cruza las fronteras nacionales y arriba a cinco universidades de cinco pa\u00edses de Europa.&nbsp; La Universidad Polit\u00e9cnicade Madrid es el orgulloso colaborador de \u2018Fiat Likes U\u2019 y acoger\u00e1 la iniciativa del 19 de enero al 20 de abril de 2015 \u00b7&nbsp;&nbsp;&nbsp;&nbsp;&nbsp; El proyecto [&hellip;]<\/p>\n","protected":false},"author":1,"featured_media":12048,"comment_status":"closed","ping_status":"closed","sticky":false,"template":"","format":"standard","meta":{"_et_pb_use_builder":"","_et_pb_old_content":"","_et_gb_content_width":"","_monsterinsights_skip_tracking":false,"_monsterinsights_sitenote_active":false,"_monsterinsights_sitenote_note":"","_monsterinsights_sitenote_category":0,"footnotes":""},"categories":[31],"tags":[],"class_list":["post-12045","post","type-post","status-publish","format-standard","has-post-thumbnail","hentry","category-upm"],"yoast_head":"<!-- This site is optimized with the Yoast SEO plugin v27.5 - https:\/\/yoast.com\/product\/yoast-seo-wordpress\/ -->\n<title>La segunda edici\u00f3n de \u2018FIAT Likes U\u2019 aterriza en el INSIA - Instituto Universitario de Investigaci\u00f3n del Autom\u00f3vil Francisco Aparicio Izquierdo<\/title>\n<meta name=\"robots\" content=\"index, follow, max-snippet:-1, max-image-preview:large, max-video-preview:-1\" \/>\n<link rel=\"canonical\" href=\"https:\/\/insia-upm.es\/en\/la-segunda-edicion-de-fiat-likes-u-aterriza-en-el-insia\/\" \/>\n<meta property=\"og:locale\" content=\"en_GB\" \/>\n<meta property=\"og:type\" content=\"article\" \/>\n<meta property=\"og:title\" content=\"La segunda edici\u00f3n de \u2018FIAT Likes U\u2019 aterriza en el INSIA - Instituto Universitario de Investigaci\u00f3n del Autom\u00f3vil Francisco Aparicio Izquierdo\" \/>\n<meta property=\"og:description\" content=\"\u00b7&nbsp;&nbsp;&nbsp;&nbsp;&nbsp;Tras el \u00e9xito de su primera temporada, la iniciativa FIAT Likes U cruza las fronteras nacionales y arriba a cinco universidades de cinco pa\u00edses de Europa.&nbsp; La Universidad Polit\u00e9cnicade Madrid es el orgulloso colaborador de \u2018Fiat Likes U\u2019 y acoger\u00e1 la iniciativa del 19 de enero al 20 de abril de 2015 \u00b7&nbsp;&nbsp;&nbsp;&nbsp;&nbsp; El proyecto [&hellip;]\" \/>\n<meta property=\"og:url\" content=\"https:\/\/insia-upm.es\/en\/la-segunda-edicion-de-fiat-likes-u-aterriza-en-el-insia\/\" \/>\n<meta property=\"og:site_name\" content=\"Instituto Universitario de Investigaci\u00f3n del Autom\u00f3vil Francisco Aparicio Izquierdo\" \/>\n<meta property=\"article:published_time\" content=\"2015-01-19T14:49:00+00:00\" \/>\n<meta property=\"og:image\" content=\"https:\/\/insia-upm.es\/wp-content\/uploads\/2015\/01\/FIAT-LIKESU.jpg\" \/>\n\t<meta property=\"og:image:width\" content=\"926\" \/>\n\t<meta property=\"og:image:height\" content=\"553\" \/>\n\t<meta property=\"og:image:type\" content=\"image\/jpeg\" \/>\n<meta name=\"author\" content=\"desarrollo\" \/>\n<meta name=\"twitter:card\" content=\"summary_large_image\" \/>\n<meta name=\"twitter:creator\" content=\"@INSIAUPM\" \/>\n<meta name=\"twitter:site\" content=\"@INSIAUPM\" \/>\n<meta name=\"twitter:label1\" content=\"Written by\" \/>\n\t<meta name=\"twitter:data1\" content=\"desarrollo\" \/>\n\t<meta name=\"twitter:label2\" content=\"Estimated reading time\" \/>\n\t<meta name=\"twitter:data2\" content=\"4 minutes\" \/>\n<script type=\"application\/ld+json\" class=\"yoast-schema-graph\">{\"@context\":\"https:\\\/\\\/schema.org\",\"@graph\":[{\"@type\":\"Article\",\"@id\":\"https:\\\/\\\/insia-upm.es\\\/la-segunda-edicion-de-fiat-likes-u-aterriza-en-el-insia\\\/#article\",\"isPartOf\":{\"@id\":\"https:\\\/\\\/insia-upm.es\\\/la-segunda-edicion-de-fiat-likes-u-aterriza-en-el-insia\\\/\"},\"author\":{\"name\":\"desarrollo\",\"@id\":\"https:\\\/\\\/insia-upm.es\\\/#\\\/schema\\\/person\\\/ea86956259a9cb1c71947e50fada3117\"},\"headline\":\"La segunda edici\u00f3n de \u2018FIAT Likes U\u2019 aterriza en el INSIA\",\"datePublished\":\"2015-01-19T14:49:00+00:00\",\"mainEntityOfPage\":{\"@id\":\"https:\\\/\\\/insia-upm.es\\\/la-segunda-edicion-de-fiat-likes-u-aterriza-en-el-insia\\\/\"},\"wordCount\":832,\"publisher\":{\"@id\":\"https:\\\/\\\/insia-upm.es\\\/#organization\"},\"image\":{\"@id\":\"https:\\\/\\\/insia-upm.es\\\/la-segunda-edicion-de-fiat-likes-u-aterriza-en-el-insia\\\/#primaryimage\"},\"thumbnailUrl\":\"https:\\\/\\\/insia-upm.es\\\/wp-content\\\/uploads\\\/2015\\\/01\\\/FIAT-LIKESU.jpg\",\"articleSection\":[\"UPM\"],\"inLanguage\":\"en-GB\"},{\"@type\":\"WebPage\",\"@id\":\"https:\\\/\\\/insia-upm.es\\\/la-segunda-edicion-de-fiat-likes-u-aterriza-en-el-insia\\\/\",\"url\":\"https:\\\/\\\/insia-upm.es\\\/la-segunda-edicion-de-fiat-likes-u-aterriza-en-el-insia\\\/\",\"name\":\"La segunda edici\u00f3n de \u2018FIAT Likes U\u2019 aterriza en el INSIA - Instituto Universitario de Investigaci\u00f3n del Autom\u00f3vil Francisco Aparicio Izquierdo\",\"isPartOf\":{\"@id\":\"https:\\\/\\\/insia-upm.es\\\/#website\"},\"primaryImageOfPage\":{\"@id\":\"https:\\\/\\\/insia-upm.es\\\/la-segunda-edicion-de-fiat-likes-u-aterriza-en-el-insia\\\/#primaryimage\"},\"image\":{\"@id\":\"https:\\\/\\\/insia-upm.es\\\/la-segunda-edicion-de-fiat-likes-u-aterriza-en-el-insia\\\/#primaryimage\"},\"thumbnailUrl\":\"https:\\\/\\\/insia-upm.es\\\/wp-content\\\/uploads\\\/2015\\\/01\\\/FIAT-LIKESU.jpg\",\"datePublished\":\"2015-01-19T14:49:00+00:00\",\"breadcrumb\":{\"@id\":\"https:\\\/\\\/insia-upm.es\\\/la-segunda-edicion-de-fiat-likes-u-aterriza-en-el-insia\\\/#breadcrumb\"},\"inLanguage\":\"en-GB\",\"potentialAction\":[{\"@type\":\"ReadAction\",\"target\":[\"https:\\\/\\\/insia-upm.es\\\/la-segunda-edicion-de-fiat-likes-u-aterriza-en-el-insia\\\/\"]}]},{\"@type\":\"ImageObject\",\"inLanguage\":\"en-GB\",\"@id\":\"https:\\\/\\\/insia-upm.es\\\/la-segunda-edicion-de-fiat-likes-u-aterriza-en-el-insia\\\/#primaryimage\",\"url\":\"https:\\\/\\\/insia-upm.es\\\/wp-content\\\/uploads\\\/2015\\\/01\\\/FIAT-LIKESU.jpg\",\"contentUrl\":\"https:\\\/\\\/insia-upm.es\\\/wp-content\\\/uploads\\\/2015\\\/01\\\/FIAT-LIKESU.jpg\",\"width\":926,\"height\":553},{\"@type\":\"BreadcrumbList\",\"@id\":\"https:\\\/\\\/insia-upm.es\\\/la-segunda-edicion-de-fiat-likes-u-aterriza-en-el-insia\\\/#breadcrumb\",\"itemListElement\":[{\"@type\":\"ListItem\",\"position\":1,\"name\":\"Portada\",\"item\":\"https:\\\/\\\/insia-upm.es\\\/\"},{\"@type\":\"ListItem\",\"position\":2,\"name\":\"La segunda edici\u00f3n de \u2018FIAT Likes U\u2019 aterriza en el INSIA\"}]},{\"@type\":\"WebSite\",\"@id\":\"https:\\\/\\\/insia-upm.es\\\/#website\",\"url\":\"https:\\\/\\\/insia-upm.es\\\/\",\"name\":\"Instituto Universitario de Investigaci\u00f3n del Autom\u00f3vil Francisco Aparicio Izquierdo\",\"description\":\"Instituto de Investigaci\u00f3n del Autom\u00f3vil Francisco Aparicio Izquierdo\",\"publisher\":{\"@id\":\"https:\\\/\\\/insia-upm.es\\\/#organization\"},\"potentialAction\":[{\"@type\":\"SearchAction\",\"target\":{\"@type\":\"EntryPoint\",\"urlTemplate\":\"https:\\\/\\\/insia-upm.es\\\/?s={search_term_string}\"},\"query-input\":{\"@type\":\"PropertyValueSpecification\",\"valueRequired\":true,\"valueName\":\"search_term_string\"}}],\"inLanguage\":\"en-GB\"},{\"@type\":\"Organization\",\"@id\":\"https:\\\/\\\/insia-upm.es\\\/#organization\",\"name\":\"UPM-INSIA\",\"url\":\"https:\\\/\\\/insia-upm.es\\\/\",\"logo\":{\"@type\":\"ImageObject\",\"inLanguage\":\"en-GB\",\"@id\":\"https:\\\/\\\/insia-upm.es\\\/#\\\/schema\\\/logo\\\/image\\\/\",\"url\":\"https:\\\/\\\/insia-upm.es\\\/wp-content\\\/uploads\\\/2021\\\/12\\\/logo-insia-low-e1412177316550.png\",\"contentUrl\":\"https:\\\/\\\/insia-upm.es\\\/wp-content\\\/uploads\\\/2021\\\/12\\\/logo-insia-low-e1412177316550.png\",\"width\":50,\"height\":71,\"caption\":\"UPM-INSIA\"},\"image\":{\"@id\":\"https:\\\/\\\/insia-upm.es\\\/#\\\/schema\\\/logo\\\/image\\\/\"},\"sameAs\":[\"https:\\\/\\\/x.com\\\/INSIAUPM\",\"https:\\\/\\\/www.instagram.com\\\/insia.upm\\\/\",\"https:\\\/\\\/www.linkedin.com\\\/in\\\/insia-instituto-universitario-investigaci\u00f3n-9088635a\\\/\",\"https:\\\/\\\/www.youtube.com\\\/user\\\/gestionidi\"]},{\"@type\":\"Person\",\"@id\":\"https:\\\/\\\/insia-upm.es\\\/#\\\/schema\\\/person\\\/ea86956259a9cb1c71947e50fada3117\",\"name\":\"desarrollo\",\"image\":{\"@type\":\"ImageObject\",\"inLanguage\":\"en-GB\",\"@id\":\"https:\\\/\\\/secure.gravatar.com\\\/avatar\\\/adcd1146e74a083903bd51ea0ac5e00b3905e9c35fc0c1b39da8534ca17f7257?s=96&d=mm&r=g\",\"url\":\"https:\\\/\\\/secure.gravatar.com\\\/avatar\\\/adcd1146e74a083903bd51ea0ac5e00b3905e9c35fc0c1b39da8534ca17f7257?s=96&d=mm&r=g\",\"contentUrl\":\"https:\\\/\\\/secure.gravatar.com\\\/avatar\\\/adcd1146e74a083903bd51ea0ac5e00b3905e9c35fc0c1b39da8534ca17f7257?s=96&d=mm&r=g\",\"caption\":\"desarrollo\"},\"sameAs\":[\"https:\\\/\\\/insia-upm.es\"],\"url\":\"https:\\\/\\\/insia-upm.es\\\/en\\\/author\\\/desarrollo\\\/\"}]}<\/script>\n<!-- \/ Yoast SEO plugin. -->","yoast_head_json":{"title":"La segunda edici\u00f3n de \u2018FIAT Likes U\u2019 aterriza en el INSIA - Instituto Universitario de Investigaci\u00f3n del Autom\u00f3vil Francisco Aparicio Izquierdo","robots":{"index":"index","follow":"follow","max-snippet":"max-snippet:-1","max-image-preview":"max-image-preview:large","max-video-preview":"max-video-preview:-1"},"canonical":"https:\/\/insia-upm.es\/en\/la-segunda-edicion-de-fiat-likes-u-aterriza-en-el-insia\/","og_locale":"en_GB","og_type":"article","og_title":"La segunda edici\u00f3n de \u2018FIAT Likes U\u2019 aterriza en el INSIA - Instituto Universitario de Investigaci\u00f3n del Autom\u00f3vil Francisco Aparicio Izquierdo","og_description":"\u00b7&nbsp;&nbsp;&nbsp;&nbsp;&nbsp;Tras el \u00e9xito de su primera temporada, la iniciativa FIAT Likes U cruza las fronteras nacionales y arriba a cinco universidades de cinco pa\u00edses de Europa.&nbsp; La Universidad Polit\u00e9cnicade Madrid es el orgulloso colaborador de \u2018Fiat Likes U\u2019 y acoger\u00e1 la iniciativa del 19 de enero al 20 de abril de 2015 \u00b7&nbsp;&nbsp;&nbsp;&nbsp;&nbsp; El proyecto [&hellip;]","og_url":"https:\/\/insia-upm.es\/en\/la-segunda-edicion-de-fiat-likes-u-aterriza-en-el-insia\/","og_site_name":"Instituto Universitario de Investigaci\u00f3n del Autom\u00f3vil Francisco Aparicio Izquierdo","article_published_time":"2015-01-19T14:49:00+00:00","og_image":[{"width":926,"height":553,"url":"https:\/\/insia-upm.es\/wp-content\/uploads\/2015\/01\/FIAT-LIKESU.jpg","type":"image\/jpeg"}],"author":"desarrollo","twitter_card":"summary_large_image","twitter_creator":"@INSIAUPM","twitter_site":"@INSIAUPM","twitter_misc":{"Written by":"desarrollo","Estimated reading time":"4 minutes"},"schema":{"@context":"https:\/\/schema.org","@graph":[{"@type":"Article","@id":"https:\/\/insia-upm.es\/la-segunda-edicion-de-fiat-likes-u-aterriza-en-el-insia\/#article","isPartOf":{"@id":"https:\/\/insia-upm.es\/la-segunda-edicion-de-fiat-likes-u-aterriza-en-el-insia\/"},"author":{"name":"desarrollo","@id":"https:\/\/insia-upm.es\/#\/schema\/person\/ea86956259a9cb1c71947e50fada3117"},"headline":"La segunda edici\u00f3n de \u2018FIAT Likes U\u2019 aterriza en el INSIA","datePublished":"2015-01-19T14:49:00+00:00","mainEntityOfPage":{"@id":"https:\/\/insia-upm.es\/la-segunda-edicion-de-fiat-likes-u-aterriza-en-el-insia\/"},"wordCount":832,"publisher":{"@id":"https:\/\/insia-upm.es\/#organization"},"image":{"@id":"https:\/\/insia-upm.es\/la-segunda-edicion-de-fiat-likes-u-aterriza-en-el-insia\/#primaryimage"},"thumbnailUrl":"https:\/\/insia-upm.es\/wp-content\/uploads\/2015\/01\/FIAT-LIKESU.jpg","articleSection":["UPM"],"inLanguage":"en-GB"},{"@type":"WebPage","@id":"https:\/\/insia-upm.es\/la-segunda-edicion-de-fiat-likes-u-aterriza-en-el-insia\/","url":"https:\/\/insia-upm.es\/la-segunda-edicion-de-fiat-likes-u-aterriza-en-el-insia\/","name":"La segunda edici\u00f3n de \u2018FIAT Likes U\u2019 aterriza en el INSIA - Instituto Universitario de Investigaci\u00f3n del Autom\u00f3vil Francisco Aparicio Izquierdo","isPartOf":{"@id":"https:\/\/insia-upm.es\/#website"},"primaryImageOfPage":{"@id":"https:\/\/insia-upm.es\/la-segunda-edicion-de-fiat-likes-u-aterriza-en-el-insia\/#primaryimage"},"image":{"@id":"https:\/\/insia-upm.es\/la-segunda-edicion-de-fiat-likes-u-aterriza-en-el-insia\/#primaryimage"},"thumbnailUrl":"https:\/\/insia-upm.es\/wp-content\/uploads\/2015\/01\/FIAT-LIKESU.jpg","datePublished":"2015-01-19T14:49:00+00:00","breadcrumb":{"@id":"https:\/\/insia-upm.es\/la-segunda-edicion-de-fiat-likes-u-aterriza-en-el-insia\/#breadcrumb"},"inLanguage":"en-GB","potentialAction":[{"@type":"ReadAction","target":["https:\/\/insia-upm.es\/la-segunda-edicion-de-fiat-likes-u-aterriza-en-el-insia\/"]}]},{"@type":"ImageObject","inLanguage":"en-GB","@id":"https:\/\/insia-upm.es\/la-segunda-edicion-de-fiat-likes-u-aterriza-en-el-insia\/#primaryimage","url":"https:\/\/insia-upm.es\/wp-content\/uploads\/2015\/01\/FIAT-LIKESU.jpg","contentUrl":"https:\/\/insia-upm.es\/wp-content\/uploads\/2015\/01\/FIAT-LIKESU.jpg","width":926,"height":553},{"@type":"BreadcrumbList","@id":"https:\/\/insia-upm.es\/la-segunda-edicion-de-fiat-likes-u-aterriza-en-el-insia\/#breadcrumb","itemListElement":[{"@type":"ListItem","position":1,"name":"Portada","item":"https:\/\/insia-upm.es\/"},{"@type":"ListItem","position":2,"name":"La segunda edici\u00f3n de \u2018FIAT Likes U\u2019 aterriza en el INSIA"}]},{"@type":"WebSite","@id":"https:\/\/insia-upm.es\/#website","url":"https:\/\/insia-upm.es\/","name":"Instituto Universitario de Investigaci\u00f3n del Autom\u00f3vil Francisco Aparicio Izquierdo","description":"Instituto de Investigaci\u00f3n del Autom\u00f3vil Francisco Aparicio Izquierdo","publisher":{"@id":"https:\/\/insia-upm.es\/#organization"},"potentialAction":[{"@type":"SearchAction","target":{"@type":"EntryPoint","urlTemplate":"https:\/\/insia-upm.es\/?s={search_term_string}"},"query-input":{"@type":"PropertyValueSpecification","valueRequired":true,"valueName":"search_term_string"}}],"inLanguage":"en-GB"},{"@type":"Organization","@id":"https:\/\/insia-upm.es\/#organization","name":"UPM-INSIA","url":"https:\/\/insia-upm.es\/","logo":{"@type":"ImageObject","inLanguage":"en-GB","@id":"https:\/\/insia-upm.es\/#\/schema\/logo\/image\/","url":"https:\/\/insia-upm.es\/wp-content\/uploads\/2021\/12\/logo-insia-low-e1412177316550.png","contentUrl":"https:\/\/insia-upm.es\/wp-content\/uploads\/2021\/12\/logo-insia-low-e1412177316550.png","width":50,"height":71,"caption":"UPM-INSIA"},"image":{"@id":"https:\/\/insia-upm.es\/#\/schema\/logo\/image\/"},"sameAs":["https:\/\/x.com\/INSIAUPM","https:\/\/www.instagram.com\/insia.upm\/","https:\/\/www.linkedin.com\/in\/insia-instituto-universitario-investigaci\u00f3n-9088635a\/","https:\/\/www.youtube.com\/user\/gestionidi"]},{"@type":"Person","@id":"https:\/\/insia-upm.es\/#\/schema\/person\/ea86956259a9cb1c71947e50fada3117","name":"desarrollo","image":{"@type":"ImageObject","inLanguage":"en-GB","@id":"https:\/\/secure.gravatar.com\/avatar\/adcd1146e74a083903bd51ea0ac5e00b3905e9c35fc0c1b39da8534ca17f7257?s=96&d=mm&r=g","url":"https:\/\/secure.gravatar.com\/avatar\/adcd1146e74a083903bd51ea0ac5e00b3905e9c35fc0c1b39da8534ca17f7257?s=96&d=mm&r=g","contentUrl":"https:\/\/secure.gravatar.com\/avatar\/adcd1146e74a083903bd51ea0ac5e00b3905e9c35fc0c1b39da8534ca17f7257?s=96&d=mm&r=g","caption":"desarrollo"},"sameAs":["https:\/\/insia-upm.es"],"url":"https:\/\/insia-upm.es\/en\/author\/desarrollo\/"}]}},"_links":{"self":[{"href":"https:\/\/insia-upm.es\/en\/wp-json\/wp\/v2\/posts\/12045","targetHints":{"allow":["GET"]}}],"collection":[{"href":"https:\/\/insia-upm.es\/en\/wp-json\/wp\/v2\/posts"}],"about":[{"href":"https:\/\/insia-upm.es\/en\/wp-json\/wp\/v2\/types\/post"}],"author":[{"embeddable":true,"href":"https:\/\/insia-upm.es\/en\/wp-json\/wp\/v2\/users\/1"}],"replies":[{"embeddable":true,"href":"https:\/\/insia-upm.es\/en\/wp-json\/wp\/v2\/comments?post=12045"}],"version-history":[{"count":0,"href":"https:\/\/insia-upm.es\/en\/wp-json\/wp\/v2\/posts\/12045\/revisions"}],"wp:featuredmedia":[{"embeddable":true,"href":"https:\/\/insia-upm.es\/en\/wp-json\/wp\/v2\/media\/12048"}],"wp:attachment":[{"href":"https:\/\/insia-upm.es\/en\/wp-json\/wp\/v2\/media?parent=12045"}],"wp:term":[{"taxonomy":"category","embeddable":true,"href":"https:\/\/insia-upm.es\/en\/wp-json\/wp\/v2\/categories?post=12045"},{"taxonomy":"post_tag","embeddable":true,"href":"https:\/\/insia-upm.es\/en\/wp-json\/wp\/v2\/tags?post=12045"}],"curies":[{"name":"wp","href":"https:\/\/api.w.org\/{rel}","templated":true}]}}