{"id":11363,"date":"2014-10-16T15:16:00","date_gmt":"2014-10-16T13:16:00","guid":{"rendered":"https:\/\/insia-upm.es\/seminario-iberoamericano-de-seguridad-del-transporte-en-autocar-y-autobus\/"},"modified":"2014-10-16T15:16:00","modified_gmt":"2014-10-16T13:16:00","slug":"seminario-iberoamericano-de-seguridad-del-transporte-en-autocar-y-autobus","status":"publish","type":"post","link":"https:\/\/insia-upm.es\/en\/seminario-iberoamericano-de-seguridad-del-transporte-en-autocar-y-autobus\/","title":{"rendered":"Seminario Iberoamericano de Seguridad del Transporte en Autocar y Autob\u00fas."},"content":{"rendered":"<div style=\"text-align: justify; text-justify: inter-ideograph;\">El seminario sobre seguridad del transporte en autob\u00fas y autocar, tuvo por objeto ofrecer un punto de encuentro a especialistas de las empresas transportistas, universidades, centros tecnol\u00f3gicos y Administraciones para analizar conjuntamente los \u00faltimos avances tecnol\u00f3gicos sobre la seguridad del transporte colectivo de personas y facilitar&nbsp; el intercambio de conocimientos, experiencias y buenas pr\u00e1cticas en pa\u00edses iberoamericanos.<\/div>\n<div style=\"text-align: justify; text-justify: inter-ideograph;\"><\/div>\n<div style=\"clear: both; text-align: center;\"><a href=\"https:\/\/insia-upm.es\/wp-content\/uploads\/2014\/10\/DSC06854.jpg\" style=\"margin-left: 1em; margin-right: 1em;\"><img loading=\"lazy\" decoding=\"async\" border=\"0\" src=\"https:\/\/insia-upm.es\/wp-content\/uploads\/2014\/10\/DSC06854.jpg\" height=\"266\" width=\"400\" \/><\/a><\/div>\n<div style=\"text-align: justify; text-justify: inter-ideograph;\"><span style=\"text-indent: -18pt;\"><br \/><\/span><\/div>\n<div style=\"text-align: justify; text-justify: inter-ideograph;\"><span style=\"text-indent: -18pt;\">Los&nbsp;organismos&nbsp;organizadores fueron:<\/span><\/div>\n<div style=\"text-align: justify; text-justify: inter-ideograph;\"><span style=\"text-indent: -18pt;\"><br \/><\/span><\/div>\n<div style=\"mso-list: l1 level1 lfo1; text-indent: -18.0pt;\"><o:p><\/o:p><\/div>\n<div style=\"margin: 0cm 0cm 0.0001pt 54pt; text-indent: -18pt;\"><!--[if !supportLists]--><span style=\"font-family: Symbol; mso-bidi-font-family: Symbol; mso-fareast-font-family: Symbol;\">\u00b7<span style=\"font-family: 'Times New Roman'; font-size: 7pt;\">&nbsp;&nbsp;&nbsp;&nbsp;&nbsp;&nbsp;&nbsp;&nbsp; <\/span><\/span><!--[endif]-->INSIA (Instituto Universitario de Investigaci\u00f3n del Autom\u00f3vil. Universidad Polit\u00e9cnica de Madrid)<o:p><\/o:p><\/div>\n<div style=\"margin-left: 54.0pt; mso-add-space: auto; mso-list: l2 level1 lfo3; text-indent: -18.0pt;\"><!--[if !supportLists]--><span style=\"font-family: Symbol; mso-bidi-font-family: Symbol; mso-fareast-font-family: Symbol;\">\u00b7<span style=\"font-family: 'Times New Roman'; font-size: 7pt;\">&nbsp;&nbsp;&nbsp;&nbsp;&nbsp;&nbsp;&nbsp;&nbsp; <\/span><\/span><!--[endif]-->AITBUS (Asociaci\u00f3n Iberoamericana de Transporte por Autob\u00fas)<o:p><\/o:p><\/div>\n<div><\/div>\n<div>Con la colaboraci\u00f3n de:<o:p><\/o:p><\/div>\n<div style=\"margin-left: 53.4pt; mso-add-space: auto; mso-list: l0 level1 lfo2; text-indent: -18.0pt;\"><!--[if !supportLists]--><span style=\"font-family: Symbol; mso-bidi-font-family: Symbol; mso-fareast-font-family: Symbol;\">\u00b7<span style=\"font-family: 'Times New Roman'; font-size: 7pt;\">&nbsp;&nbsp;&nbsp;&nbsp;&nbsp;&nbsp;&nbsp;&nbsp; <\/span><\/span><!--[endif]-->FENABUS de Chile<o:p><\/o:p><\/div>\n<div style=\"margin-left: 53.4pt; mso-add-space: auto; mso-list: l0 level1 lfo2; text-indent: -18.0pt;\"><!--[if !supportLists]--><span style=\"font-family: Symbol; mso-bidi-font-family: Symbol; mso-fareast-font-family: Symbol;\">\u00b7<span style=\"font-family: 'Times New Roman'; font-size: 7pt;\">&nbsp;&nbsp;&nbsp;&nbsp;&nbsp;&nbsp;&nbsp;&nbsp; <\/span><\/span><!--[endif]-->ANETRA de Uruguay<o:p><\/o:p><\/div>\n<div style=\"margin-left: 53.4pt; mso-add-space: auto; mso-list: l0 level1 lfo2; text-indent: -18.0pt;\"><!--[if !supportLists]--><span style=\"font-family: Symbol; mso-bidi-font-family: Symbol; mso-fareast-font-family: Symbol;\">\u00b7<span style=\"font-family: 'Times New Roman'; font-size: 7pt;\">&nbsp;&nbsp;&nbsp;&nbsp;&nbsp;&nbsp;&nbsp;&nbsp; <\/span><\/span><!--[endif]-->ASOTRANS de Colombia <o:p><\/o:p><\/div>\n<div style=\"margin-left: 53.4pt; mso-add-space: auto; mso-list: l0 level1 lfo2; text-indent: -18.0pt;\"><!--[if !supportLists]--><span style=\"font-family: Symbol; mso-bidi-font-family: Symbol; mso-fareast-font-family: Symbol;\">\u00b7<span style=\"font-family: 'Times New Roman'; font-size: 7pt;\">&nbsp;&nbsp;&nbsp;&nbsp;&nbsp;&nbsp;&nbsp;&nbsp; <\/span><\/span><!--[endif]-->FENEBUS de Espa\u00f1a<o:p><\/o:p><\/div>\n<div style=\"margin-left: 53.4pt; mso-add-space: auto; mso-list: l0 level1 lfo2; text-indent: -18.0pt;\"><!--[if !supportLists]--><span style=\"font-family: Symbol; mso-bidi-font-family: Symbol; mso-fareast-font-family: Symbol;\">\u00b7<span style=\"font-family: 'Times New Roman'; font-size: 7pt;\">&nbsp;&nbsp;&nbsp;&nbsp;&nbsp;&nbsp;&nbsp;&nbsp; <\/span><\/span><!--[endif]-->ABRATI de Brasil<o:p><\/o:p><\/div>\n<div style=\"margin-left: 53.4pt; mso-add-space: auto; mso-list: l0 level1 lfo2; text-indent: -18.0pt;\"><!--[if !supportLists]--><span style=\"font-family: Symbol; mso-bidi-font-family: Symbol; mso-fareast-font-family: Symbol;\">\u00b7<span style=\"font-family: 'Times New Roman'; font-size: 7pt;\">&nbsp;&nbsp;&nbsp;&nbsp;&nbsp;&nbsp;&nbsp;&nbsp; <\/span><\/span><!--[endif]-->CEAP de Argentina<o:p><\/o:p><\/div>\n<div style=\"margin-left: 53.4pt; mso-add-space: auto; mso-list: l0 level1 lfo2; text-indent: -18.0pt;\"><!--[if !supportLists]--><span style=\"font-family: Symbol; mso-bidi-font-family: Symbol; mso-fareast-font-family: Symbol;\">\u00b7<span style=\"font-family: 'Times New Roman'; font-size: 7pt;\">&nbsp;&nbsp;&nbsp;&nbsp;&nbsp;&nbsp;&nbsp;&nbsp; <\/span><\/span><!--[endif]-->CANAPAT de M\u00e9xico<o:p><\/o:p><\/div>\n<div style=\"margin-left: 53.4pt; mso-add-space: auto; mso-list: l0 level1 lfo2; text-indent: -18.0pt;\"><!--[if !supportLists]--><span style=\"font-family: Symbol; mso-bidi-font-family: Symbol; mso-fareast-font-family: Symbol;\">\u00b7<span style=\"font-family: 'Times New Roman'; font-size: 7pt;\">&nbsp;&nbsp;&nbsp;&nbsp;&nbsp;&nbsp;&nbsp;&nbsp; <\/span><\/span><!--[endif]-->ANTROP de Portugal<o:p><\/o:p><\/div>\n<div><\/div>\n<div>Los organizadores contaron con la inestimable colaboraci\u00f3n del Ministerio de Transporte de Colombia a trav\u00e9s del Grupo de Seguridad Vial del Observatorio Nacional de Seguridad Vial<\/div>\n<div><\/div>\n<div>El evento cont\u00f3 con el patrocinio de la <b>Direcci\u00f3n General de Tr\u00e1fico de Espa\u00f1a y l<\/b><span style=\"text-align: justify;\">a <b>Asociaci\u00f3n de transportistas de Colombia ASOTRANS<\/b>.<\/span><\/div>\n<div><span style=\"text-align: justify;\"><br \/><\/span><\/div>\n<div style=\"text-align: justify; text-justify: inter-ideograph;\">Se realizaron las 4 mesas redondas y las 2&nbsp;conferencias. Los temas seleccionados para las mesas redondas con la participaci\u00f3n de los sectores destinatarios, generaron mucho inter\u00e9s.&nbsp;<\/div>\n<div style=\"text-align: justify; text-justify: inter-ideograph;\"><o:p><\/o:p><\/div>\n<div><\/div>\n<div style=\"text-align: justify; text-justify: inter-ideograph;\">Los representantes de la Administraci\u00f3n colombiana expusieron las medidas que se acometen para llevar a cabo la mejora de la seguridad vial del sector de transporte colectivo y las empresas presentaron sus pr\u00e1cticas y medidas orientadas con el mismo prop\u00f3sito. Por parte de la representaci\u00f3n del INSIA se cubrieron los temas de An\u00e1lisis de la seguridad en Espa\u00f1a, principales avances en seguridad pasiva en AyA, las l\u00edneas de investigaci\u00f3n orientadas a reducci\u00f3n de peso y seguridad del transporte de ni\u00f1os y personas de movilidad reducida.<o:p><\/o:p><\/div>\n<div style=\"text-align: justify; text-justify: inter-ideograph;\"><\/div>\n<div style=\"clear: both; text-align: center;\"><a href=\"https:\/\/insia-upm.es\/wp-content\/uploads\/2014\/10\/DSC06869.jpg\" style=\"margin-left: 1em; margin-right: 1em;\"><img loading=\"lazy\" decoding=\"async\" border=\"0\" src=\"https:\/\/insia-upm.es\/wp-content\/uploads\/2014\/10\/DSC06869.jpg\" height=\"267\" width=\"400\" \/><\/a><\/div>\n<div style=\"text-align: justify; text-justify: inter-ideograph;\"><\/div>\n<div style=\"text-align: justify; text-justify: inter-ideograph;\"><o:p><\/o:p><\/div>\n","protected":false},"excerpt":{"rendered":"<p>El seminario sobre seguridad del transporte en autob\u00fas y autocar, tuvo por objeto ofrecer un punto de encuentro a especialistas de las empresas transportistas, universidades, centros tecnol\u00f3gicos y Administraciones para analizar conjuntamente los \u00faltimos avances tecnol\u00f3gicos sobre la seguridad del transporte colectivo de personas y facilitar&nbsp; el intercambio de conocimientos, experiencias y buenas pr\u00e1cticas en [&hellip;]<\/p>\n","protected":false},"author":1,"featured_media":11367,"comment_status":"open","ping_status":"open","sticky":false,"template":"","format":"standard","meta":{"_et_pb_use_builder":"","_et_pb_old_content":"","_et_gb_content_width":"","_monsterinsights_skip_tracking":false,"_monsterinsights_sitenote_active":false,"_monsterinsights_sitenote_note":"","_monsterinsights_sitenote_category":0,"footnotes":""},"categories":[1],"tags":[],"class_list":["post-11363","post","type-post","status-publish","format-standard","has-post-thumbnail","hentry","category-uncategorized"],"yoast_head":"<!-- This site is optimized with the Yoast SEO plugin v27.5 - https:\/\/yoast.com\/product\/yoast-seo-wordpress\/ -->\n<title>Seminario Iberoamericano de Seguridad del Transporte en Autocar y Autob\u00fas. - Instituto Universitario de Investigaci\u00f3n del Autom\u00f3vil Francisco Aparicio Izquierdo<\/title>\n<meta name=\"robots\" content=\"index, follow, max-snippet:-1, max-image-preview:large, max-video-preview:-1\" \/>\n<link rel=\"canonical\" href=\"https:\/\/insia-upm.es\/en\/seminario-iberoamericano-de-seguridad-del-transporte-en-autocar-y-autobus\/\" \/>\n<meta property=\"og:locale\" content=\"en_GB\" \/>\n<meta property=\"og:type\" content=\"article\" \/>\n<meta property=\"og:title\" content=\"Seminario Iberoamericano de Seguridad del Transporte en Autocar y Autob\u00fas. - Instituto Universitario de Investigaci\u00f3n del Autom\u00f3vil Francisco Aparicio Izquierdo\" \/>\n<meta property=\"og:description\" content=\"El seminario sobre seguridad del transporte en autob\u00fas y autocar, tuvo por objeto ofrecer un punto de encuentro a especialistas de las empresas transportistas, universidades, centros tecnol\u00f3gicos y Administraciones para analizar conjuntamente los \u00faltimos avances tecnol\u00f3gicos sobre la seguridad del transporte colectivo de personas y facilitar&nbsp; el intercambio de conocimientos, experiencias y buenas pr\u00e1cticas en [&hellip;]\" \/>\n<meta property=\"og:url\" content=\"https:\/\/insia-upm.es\/en\/seminario-iberoamericano-de-seguridad-del-transporte-en-autocar-y-autobus\/\" \/>\n<meta property=\"og:site_name\" content=\"Instituto Universitario de Investigaci\u00f3n del Autom\u00f3vil Francisco Aparicio Izquierdo\" \/>\n<meta property=\"article:published_time\" content=\"2014-10-16T13:16:00+00:00\" \/>\n<meta property=\"og:image\" content=\"https:\/\/insia-upm.es\/wp-content\/uploads\/2014\/10\/DSC06854.jpg\" \/>\n\t<meta property=\"og:image:width\" content=\"1024\" \/>\n\t<meta property=\"og:image:height\" content=\"685\" \/>\n\t<meta property=\"og:image:type\" content=\"image\/jpeg\" \/>\n<meta name=\"author\" content=\"desarrollo\" \/>\n<meta name=\"twitter:card\" content=\"summary_large_image\" \/>\n<meta name=\"twitter:creator\" content=\"@INSIAUPM\" \/>\n<meta name=\"twitter:site\" content=\"@INSIAUPM\" \/>\n<meta name=\"twitter:label1\" content=\"Written by\" \/>\n\t<meta name=\"twitter:data1\" content=\"desarrollo\" \/>\n\t<meta name=\"twitter:label2\" content=\"Estimated reading time\" \/>\n\t<meta name=\"twitter:data2\" content=\"2 minutes\" \/>\n<script type=\"application\/ld+json\" class=\"yoast-schema-graph\">{\"@context\":\"https:\\\/\\\/schema.org\",\"@graph\":[{\"@type\":\"Article\",\"@id\":\"https:\\\/\\\/insia-upm.es\\\/seminario-iberoamericano-de-seguridad-del-transporte-en-autocar-y-autobus\\\/#article\",\"isPartOf\":{\"@id\":\"https:\\\/\\\/insia-upm.es\\\/seminario-iberoamericano-de-seguridad-del-transporte-en-autocar-y-autobus\\\/\"},\"author\":{\"name\":\"desarrollo\",\"@id\":\"https:\\\/\\\/insia-upm.es\\\/#\\\/schema\\\/person\\\/ea86956259a9cb1c71947e50fada3117\"},\"headline\":\"Seminario Iberoamericano de Seguridad del Transporte en Autocar y Autob\u00fas.\",\"datePublished\":\"2014-10-16T13:16:00+00:00\",\"mainEntityOfPage\":{\"@id\":\"https:\\\/\\\/insia-upm.es\\\/seminario-iberoamericano-de-seguridad-del-transporte-en-autocar-y-autobus\\\/\"},\"wordCount\":393,\"commentCount\":0,\"publisher\":{\"@id\":\"https:\\\/\\\/insia-upm.es\\\/#organization\"},\"image\":{\"@id\":\"https:\\\/\\\/insia-upm.es\\\/seminario-iberoamericano-de-seguridad-del-transporte-en-autocar-y-autobus\\\/#primaryimage\"},\"thumbnailUrl\":\"https:\\\/\\\/insia-upm.es\\\/wp-content\\\/uploads\\\/2014\\\/10\\\/DSC06854.jpg\",\"articleSection\":[\"Uncategorized\"],\"inLanguage\":\"en-GB\",\"potentialAction\":[{\"@type\":\"CommentAction\",\"name\":\"Comment\",\"target\":[\"https:\\\/\\\/insia-upm.es\\\/seminario-iberoamericano-de-seguridad-del-transporte-en-autocar-y-autobus\\\/#respond\"]}]},{\"@type\":\"WebPage\",\"@id\":\"https:\\\/\\\/insia-upm.es\\\/seminario-iberoamericano-de-seguridad-del-transporte-en-autocar-y-autobus\\\/\",\"url\":\"https:\\\/\\\/insia-upm.es\\\/seminario-iberoamericano-de-seguridad-del-transporte-en-autocar-y-autobus\\\/\",\"name\":\"Seminario Iberoamericano de Seguridad del Transporte en Autocar y Autob\u00fas. - Instituto Universitario de Investigaci\u00f3n del Autom\u00f3vil Francisco Aparicio Izquierdo\",\"isPartOf\":{\"@id\":\"https:\\\/\\\/insia-upm.es\\\/#website\"},\"primaryImageOfPage\":{\"@id\":\"https:\\\/\\\/insia-upm.es\\\/seminario-iberoamericano-de-seguridad-del-transporte-en-autocar-y-autobus\\\/#primaryimage\"},\"image\":{\"@id\":\"https:\\\/\\\/insia-upm.es\\\/seminario-iberoamericano-de-seguridad-del-transporte-en-autocar-y-autobus\\\/#primaryimage\"},\"thumbnailUrl\":\"https:\\\/\\\/insia-upm.es\\\/wp-content\\\/uploads\\\/2014\\\/10\\\/DSC06854.jpg\",\"datePublished\":\"2014-10-16T13:16:00+00:00\",\"breadcrumb\":{\"@id\":\"https:\\\/\\\/insia-upm.es\\\/seminario-iberoamericano-de-seguridad-del-transporte-en-autocar-y-autobus\\\/#breadcrumb\"},\"inLanguage\":\"en-GB\",\"potentialAction\":[{\"@type\":\"ReadAction\",\"target\":[\"https:\\\/\\\/insia-upm.es\\\/seminario-iberoamericano-de-seguridad-del-transporte-en-autocar-y-autobus\\\/\"]}]},{\"@type\":\"ImageObject\",\"inLanguage\":\"en-GB\",\"@id\":\"https:\\\/\\\/insia-upm.es\\\/seminario-iberoamericano-de-seguridad-del-transporte-en-autocar-y-autobus\\\/#primaryimage\",\"url\":\"https:\\\/\\\/insia-upm.es\\\/wp-content\\\/uploads\\\/2014\\\/10\\\/DSC06854.jpg\",\"contentUrl\":\"https:\\\/\\\/insia-upm.es\\\/wp-content\\\/uploads\\\/2014\\\/10\\\/DSC06854.jpg\",\"width\":1024,\"height\":685},{\"@type\":\"BreadcrumbList\",\"@id\":\"https:\\\/\\\/insia-upm.es\\\/seminario-iberoamericano-de-seguridad-del-transporte-en-autocar-y-autobus\\\/#breadcrumb\",\"itemListElement\":[{\"@type\":\"ListItem\",\"position\":1,\"name\":\"Portada\",\"item\":\"https:\\\/\\\/insia-upm.es\\\/\"},{\"@type\":\"ListItem\",\"position\":2,\"name\":\"Seminario Iberoamericano de Seguridad del Transporte en Autocar y Autob\u00fas.\"}]},{\"@type\":\"WebSite\",\"@id\":\"https:\\\/\\\/insia-upm.es\\\/#website\",\"url\":\"https:\\\/\\\/insia-upm.es\\\/\",\"name\":\"Instituto Universitario de Investigaci\u00f3n del Autom\u00f3vil Francisco Aparicio Izquierdo\",\"description\":\"Instituto de Investigaci\u00f3n del Autom\u00f3vil Francisco Aparicio Izquierdo\",\"publisher\":{\"@id\":\"https:\\\/\\\/insia-upm.es\\\/#organization\"},\"potentialAction\":[{\"@type\":\"SearchAction\",\"target\":{\"@type\":\"EntryPoint\",\"urlTemplate\":\"https:\\\/\\\/insia-upm.es\\\/?s={search_term_string}\"},\"query-input\":{\"@type\":\"PropertyValueSpecification\",\"valueRequired\":true,\"valueName\":\"search_term_string\"}}],\"inLanguage\":\"en-GB\"},{\"@type\":\"Organization\",\"@id\":\"https:\\\/\\\/insia-upm.es\\\/#organization\",\"name\":\"UPM-INSIA\",\"url\":\"https:\\\/\\\/insia-upm.es\\\/\",\"logo\":{\"@type\":\"ImageObject\",\"inLanguage\":\"en-GB\",\"@id\":\"https:\\\/\\\/insia-upm.es\\\/#\\\/schema\\\/logo\\\/image\\\/\",\"url\":\"https:\\\/\\\/insia-upm.es\\\/wp-content\\\/uploads\\\/2021\\\/12\\\/logo-insia-low-e1412177316550.png\",\"contentUrl\":\"https:\\\/\\\/insia-upm.es\\\/wp-content\\\/uploads\\\/2021\\\/12\\\/logo-insia-low-e1412177316550.png\",\"width\":50,\"height\":71,\"caption\":\"UPM-INSIA\"},\"image\":{\"@id\":\"https:\\\/\\\/insia-upm.es\\\/#\\\/schema\\\/logo\\\/image\\\/\"},\"sameAs\":[\"https:\\\/\\\/x.com\\\/INSIAUPM\",\"https:\\\/\\\/www.instagram.com\\\/insia.upm\\\/\",\"https:\\\/\\\/www.linkedin.com\\\/in\\\/insia-instituto-universitario-investigaci\u00f3n-9088635a\\\/\",\"https:\\\/\\\/www.youtube.com\\\/user\\\/gestionidi\"]},{\"@type\":\"Person\",\"@id\":\"https:\\\/\\\/insia-upm.es\\\/#\\\/schema\\\/person\\\/ea86956259a9cb1c71947e50fada3117\",\"name\":\"desarrollo\",\"image\":{\"@type\":\"ImageObject\",\"inLanguage\":\"en-GB\",\"@id\":\"https:\\\/\\\/secure.gravatar.com\\\/avatar\\\/adcd1146e74a083903bd51ea0ac5e00b3905e9c35fc0c1b39da8534ca17f7257?s=96&d=mm&r=g\",\"url\":\"https:\\\/\\\/secure.gravatar.com\\\/avatar\\\/adcd1146e74a083903bd51ea0ac5e00b3905e9c35fc0c1b39da8534ca17f7257?s=96&d=mm&r=g\",\"contentUrl\":\"https:\\\/\\\/secure.gravatar.com\\\/avatar\\\/adcd1146e74a083903bd51ea0ac5e00b3905e9c35fc0c1b39da8534ca17f7257?s=96&d=mm&r=g\",\"caption\":\"desarrollo\"},\"sameAs\":[\"https:\\\/\\\/insia-upm.es\"],\"url\":\"https:\\\/\\\/insia-upm.es\\\/en\\\/author\\\/desarrollo\\\/\"}]}<\/script>\n<!-- \/ Yoast SEO plugin. -->","yoast_head_json":{"title":"Seminario Iberoamericano de Seguridad del Transporte en Autocar y Autob\u00fas. - Instituto Universitario de Investigaci\u00f3n del Autom\u00f3vil Francisco Aparicio Izquierdo","robots":{"index":"index","follow":"follow","max-snippet":"max-snippet:-1","max-image-preview":"max-image-preview:large","max-video-preview":"max-video-preview:-1"},"canonical":"https:\/\/insia-upm.es\/en\/seminario-iberoamericano-de-seguridad-del-transporte-en-autocar-y-autobus\/","og_locale":"en_GB","og_type":"article","og_title":"Seminario Iberoamericano de Seguridad del Transporte en Autocar y Autob\u00fas. - Instituto Universitario de Investigaci\u00f3n del Autom\u00f3vil Francisco Aparicio Izquierdo","og_description":"El seminario sobre seguridad del transporte en autob\u00fas y autocar, tuvo por objeto ofrecer un punto de encuentro a especialistas de las empresas transportistas, universidades, centros tecnol\u00f3gicos y Administraciones para analizar conjuntamente los \u00faltimos avances tecnol\u00f3gicos sobre la seguridad del transporte colectivo de personas y facilitar&nbsp; el intercambio de conocimientos, experiencias y buenas pr\u00e1cticas en [&hellip;]","og_url":"https:\/\/insia-upm.es\/en\/seminario-iberoamericano-de-seguridad-del-transporte-en-autocar-y-autobus\/","og_site_name":"Instituto Universitario de Investigaci\u00f3n del Autom\u00f3vil Francisco Aparicio Izquierdo","article_published_time":"2014-10-16T13:16:00+00:00","og_image":[{"width":1024,"height":685,"url":"https:\/\/insia-upm.es\/wp-content\/uploads\/2014\/10\/DSC06854.jpg","type":"image\/jpeg"}],"author":"desarrollo","twitter_card":"summary_large_image","twitter_creator":"@INSIAUPM","twitter_site":"@INSIAUPM","twitter_misc":{"Written by":"desarrollo","Estimated reading time":"2 minutes"},"schema":{"@context":"https:\/\/schema.org","@graph":[{"@type":"Article","@id":"https:\/\/insia-upm.es\/seminario-iberoamericano-de-seguridad-del-transporte-en-autocar-y-autobus\/#article","isPartOf":{"@id":"https:\/\/insia-upm.es\/seminario-iberoamericano-de-seguridad-del-transporte-en-autocar-y-autobus\/"},"author":{"name":"desarrollo","@id":"https:\/\/insia-upm.es\/#\/schema\/person\/ea86956259a9cb1c71947e50fada3117"},"headline":"Seminario Iberoamericano de Seguridad del Transporte en Autocar y Autob\u00fas.","datePublished":"2014-10-16T13:16:00+00:00","mainEntityOfPage":{"@id":"https:\/\/insia-upm.es\/seminario-iberoamericano-de-seguridad-del-transporte-en-autocar-y-autobus\/"},"wordCount":393,"commentCount":0,"publisher":{"@id":"https:\/\/insia-upm.es\/#organization"},"image":{"@id":"https:\/\/insia-upm.es\/seminario-iberoamericano-de-seguridad-del-transporte-en-autocar-y-autobus\/#primaryimage"},"thumbnailUrl":"https:\/\/insia-upm.es\/wp-content\/uploads\/2014\/10\/DSC06854.jpg","articleSection":["Uncategorized"],"inLanguage":"en-GB","potentialAction":[{"@type":"CommentAction","name":"Comment","target":["https:\/\/insia-upm.es\/seminario-iberoamericano-de-seguridad-del-transporte-en-autocar-y-autobus\/#respond"]}]},{"@type":"WebPage","@id":"https:\/\/insia-upm.es\/seminario-iberoamericano-de-seguridad-del-transporte-en-autocar-y-autobus\/","url":"https:\/\/insia-upm.es\/seminario-iberoamericano-de-seguridad-del-transporte-en-autocar-y-autobus\/","name":"Seminario Iberoamericano de Seguridad del Transporte en Autocar y Autob\u00fas. - Instituto Universitario de Investigaci\u00f3n del Autom\u00f3vil Francisco Aparicio Izquierdo","isPartOf":{"@id":"https:\/\/insia-upm.es\/#website"},"primaryImageOfPage":{"@id":"https:\/\/insia-upm.es\/seminario-iberoamericano-de-seguridad-del-transporte-en-autocar-y-autobus\/#primaryimage"},"image":{"@id":"https:\/\/insia-upm.es\/seminario-iberoamericano-de-seguridad-del-transporte-en-autocar-y-autobus\/#primaryimage"},"thumbnailUrl":"https:\/\/insia-upm.es\/wp-content\/uploads\/2014\/10\/DSC06854.jpg","datePublished":"2014-10-16T13:16:00+00:00","breadcrumb":{"@id":"https:\/\/insia-upm.es\/seminario-iberoamericano-de-seguridad-del-transporte-en-autocar-y-autobus\/#breadcrumb"},"inLanguage":"en-GB","potentialAction":[{"@type":"ReadAction","target":["https:\/\/insia-upm.es\/seminario-iberoamericano-de-seguridad-del-transporte-en-autocar-y-autobus\/"]}]},{"@type":"ImageObject","inLanguage":"en-GB","@id":"https:\/\/insia-upm.es\/seminario-iberoamericano-de-seguridad-del-transporte-en-autocar-y-autobus\/#primaryimage","url":"https:\/\/insia-upm.es\/wp-content\/uploads\/2014\/10\/DSC06854.jpg","contentUrl":"https:\/\/insia-upm.es\/wp-content\/uploads\/2014\/10\/DSC06854.jpg","width":1024,"height":685},{"@type":"BreadcrumbList","@id":"https:\/\/insia-upm.es\/seminario-iberoamericano-de-seguridad-del-transporte-en-autocar-y-autobus\/#breadcrumb","itemListElement":[{"@type":"ListItem","position":1,"name":"Portada","item":"https:\/\/insia-upm.es\/"},{"@type":"ListItem","position":2,"name":"Seminario Iberoamericano de Seguridad del Transporte en Autocar y Autob\u00fas."}]},{"@type":"WebSite","@id":"https:\/\/insia-upm.es\/#website","url":"https:\/\/insia-upm.es\/","name":"Instituto Universitario de Investigaci\u00f3n del Autom\u00f3vil Francisco Aparicio Izquierdo","description":"Instituto de Investigaci\u00f3n del Autom\u00f3vil Francisco Aparicio Izquierdo","publisher":{"@id":"https:\/\/insia-upm.es\/#organization"},"potentialAction":[{"@type":"SearchAction","target":{"@type":"EntryPoint","urlTemplate":"https:\/\/insia-upm.es\/?s={search_term_string}"},"query-input":{"@type":"PropertyValueSpecification","valueRequired":true,"valueName":"search_term_string"}}],"inLanguage":"en-GB"},{"@type":"Organization","@id":"https:\/\/insia-upm.es\/#organization","name":"UPM-INSIA","url":"https:\/\/insia-upm.es\/","logo":{"@type":"ImageObject","inLanguage":"en-GB","@id":"https:\/\/insia-upm.es\/#\/schema\/logo\/image\/","url":"https:\/\/insia-upm.es\/wp-content\/uploads\/2021\/12\/logo-insia-low-e1412177316550.png","contentUrl":"https:\/\/insia-upm.es\/wp-content\/uploads\/2021\/12\/logo-insia-low-e1412177316550.png","width":50,"height":71,"caption":"UPM-INSIA"},"image":{"@id":"https:\/\/insia-upm.es\/#\/schema\/logo\/image\/"},"sameAs":["https:\/\/x.com\/INSIAUPM","https:\/\/www.instagram.com\/insia.upm\/","https:\/\/www.linkedin.com\/in\/insia-instituto-universitario-investigaci\u00f3n-9088635a\/","https:\/\/www.youtube.com\/user\/gestionidi"]},{"@type":"Person","@id":"https:\/\/insia-upm.es\/#\/schema\/person\/ea86956259a9cb1c71947e50fada3117","name":"desarrollo","image":{"@type":"ImageObject","inLanguage":"en-GB","@id":"https:\/\/secure.gravatar.com\/avatar\/adcd1146e74a083903bd51ea0ac5e00b3905e9c35fc0c1b39da8534ca17f7257?s=96&d=mm&r=g","url":"https:\/\/secure.gravatar.com\/avatar\/adcd1146e74a083903bd51ea0ac5e00b3905e9c35fc0c1b39da8534ca17f7257?s=96&d=mm&r=g","contentUrl":"https:\/\/secure.gravatar.com\/avatar\/adcd1146e74a083903bd51ea0ac5e00b3905e9c35fc0c1b39da8534ca17f7257?s=96&d=mm&r=g","caption":"desarrollo"},"sameAs":["https:\/\/insia-upm.es"],"url":"https:\/\/insia-upm.es\/en\/author\/desarrollo\/"}]}},"_links":{"self":[{"href":"https:\/\/insia-upm.es\/en\/wp-json\/wp\/v2\/posts\/11363","targetHints":{"allow":["GET"]}}],"collection":[{"href":"https:\/\/insia-upm.es\/en\/wp-json\/wp\/v2\/posts"}],"about":[{"href":"https:\/\/insia-upm.es\/en\/wp-json\/wp\/v2\/types\/post"}],"author":[{"embeddable":true,"href":"https:\/\/insia-upm.es\/en\/wp-json\/wp\/v2\/users\/1"}],"replies":[{"embeddable":true,"href":"https:\/\/insia-upm.es\/en\/wp-json\/wp\/v2\/comments?post=11363"}],"version-history":[{"count":0,"href":"https:\/\/insia-upm.es\/en\/wp-json\/wp\/v2\/posts\/11363\/revisions"}],"wp:featuredmedia":[{"embeddable":true,"href":"https:\/\/insia-upm.es\/en\/wp-json\/wp\/v2\/media\/11367"}],"wp:attachment":[{"href":"https:\/\/insia-upm.es\/en\/wp-json\/wp\/v2\/media?parent=11363"}],"wp:term":[{"taxonomy":"category","embeddable":true,"href":"https:\/\/insia-upm.es\/en\/wp-json\/wp\/v2\/categories?post=11363"},{"taxonomy":"post_tag","embeddable":true,"href":"https:\/\/insia-upm.es\/en\/wp-json\/wp\/v2\/tags?post=11363"}],"curies":[{"name":"wp","href":"https:\/\/api.w.org\/{rel}","templated":true}]}}