{"id":11362,"date":"2014-11-17T19:45:00","date_gmt":"2014-11-17T18:45:00","guid":{"rendered":"https:\/\/insia-upm.es\/ciclo-extraordinario-de-conferencias\/"},"modified":"2014-11-17T19:45:00","modified_gmt":"2014-11-17T18:45:00","slug":"ciclo-extraordinario-de-conferencias","status":"publish","type":"post","link":"https:\/\/insia-upm.es\/en\/ciclo-extraordinario-de-conferencias\/","title":{"rendered":"CICLO EXTRAORDINARIO  DE CONFERENCIAS"},"content":{"rendered":"<div style=\"direction: ltr; language: es; margin-bottom: 0pt; margin-top: 0pt; text-align: center; unicode-bidi: embed; vertical-align: baseline;\"><span style=\"font-family: Calibri; font-weight: bold;\">MASTER EN INGENIER\u00cdA DE AUTOMOCI\u00d3N y <\/span><\/div>\n<div style=\"direction: ltr; language: es; margin-bottom: 0pt; margin-top: 0pt; text-align: center; unicode-bidi: embed; vertical-align: baseline;\"><span style=\"font-family: Calibri; font-weight: bold;\">MASTER EN INGENIER\u00cdA DE VEH\u00cdCULOS H\u00cdBRIDOS Y EL\u00c9CTRICOS<\/span><\/div>\n<div style=\"direction: ltr; language: es; margin-bottom: 0pt; margin-top: 0pt; text-align: center; unicode-bidi: embed; vertical-align: baseline;\"><span style=\"font-family: Calibri; font-weight: bold;\">-Curso 2014\/2015-<\/span><\/div>\n<div style=\"direction: ltr; language: es; margin-bottom: 0pt; margin-top: 0pt; text-align: center; unicode-bidi: embed; vertical-align: baseline;\"><\/div>\n<p><\/p>\n<div style=\"direction: ltr; language: es; margin-bottom: 0pt; margin-top: 0pt; text-align: center; unicode-bidi: embed; vertical-align: baseline;\"><span style=\"font-family: Calibri; font-weight: bold;\">T\u00edtulo del Ciclo: \u201cLa Automoci\u00f3n en Espa\u00f1a\u201d<\/span><\/div>\n<div style=\"direction: ltr; language: es; margin-bottom: 0pt; margin-top: 0pt; text-align: center; unicode-bidi: embed; vertical-align: baseline;\"><span style=\"font-family: Calibri; font-size: 24pt; font-weight: bold;\"><br \/><\/span><\/div>\n<div style=\"direction: ltr; margin-bottom: 0pt; margin-top: 0pt; unicode-bidi: embed; vertical-align: baseline;\"><u><span style=\"color: #0066cc; font-weight: bold;\"><span style=\"font-family: Arial, Helvetica, sans-serif;\">CONFERENCIA<\/span><\/span><\/u><\/div>\n<div style=\"direction: ltr; language: es; margin-bottom: 0pt; margin-top: 0pt; text-align: center; unicode-bidi: embed; vertical-align: baseline;\"><\/div>\n<div style=\"direction: ltr; language: es; margin-bottom: 0pt; margin-top: 0pt; text-align: center; unicode-bidi: embed; vertical-align: baseline;\"><span style=\"color: #336600; font-weight: bold;\"><span style=\"font-family: Arial, Helvetica, sans-serif;\">\u201cEl autom\u00f3vil. La industria de las Industrias\u00bb<\/span><\/span><\/div>\n<div style=\"direction: ltr; margin-bottom: 0pt; margin-top: 0pt; unicode-bidi: embed; vertical-align: baseline;\"><u><span style=\"color: #336699; font-weight: bold;\"><span style=\"font-family: Arial, Helvetica, sans-serif;\">Conferenciante:<\/span><\/span><\/u><\/div>\n<div style=\"direction: ltr; margin-bottom: 0pt; margin-top: 0pt; unicode-bidi: embed; vertical-align: baseline;\"><\/div>\n<div style=\"direction: ltr; language: es; margin-bottom: 0pt; margin-top: 0pt; text-align: center; unicode-bidi: embed; vertical-align: baseline;\"><span style=\"color: #336600; font-style: italic; font-weight: bold;\"><span style=\"font-family: Arial, Helvetica, sans-serif;\">D. Ram\u00f3n Paredes S\u00e1nchez-Collado<\/span><\/span><\/div>\n<div style=\"direction: ltr; language: es; margin-bottom: 0pt; margin-top: 0pt; text-align: center; unicode-bidi: embed; vertical-align: baseline;\">           <\/div>\n<div style=\"direction: ltr; language: es; margin-bottom: 0pt; margin-top: 0pt; text-align: center; unicode-bidi: embed; vertical-align: baseline;\"><span style=\"font-family: Arial, Helvetica, sans-serif;\"><span style=\"color: #336600; font-weight: bold;\">Vicepresidente Ejecutivo de Relaciones&nbsp;Gubernamentales e Institucionales de<\/span><span style=\"color: #336600; font-weight: bold;\"> <\/span><span style=\"color: #336600; font-weight: bold;\">SEAT&nbsp; y Grupo VW en Espa\u00f1a<\/span><\/span><\/div>\n<div style=\"direction: ltr; language: es; margin-bottom: 0pt; margin-top: 0pt; text-align: center; unicode-bidi: embed; vertical-align: baseline;\"><span style=\"font-family: Arial, Helvetica, sans-serif;\"><span style=\"color: #336600; font-weight: bold;\"><br \/><\/span><\/span><\/div>\n<div style=\"direction: ltr; margin-bottom: 0pt; margin-top: 0pt; text-align: left; unicode-bidi: embed; vertical-align: baseline;\"><span style=\"color: #666666; font-family: Arial, Helvetica, sans-serif;\"><span style=\"font-weight: bold;\"><br \/><\/span><\/span><\/div>\n<div style=\"direction: ltr; margin-bottom: 0pt; margin-top: 0pt; text-align: left; unicode-bidi: embed; vertical-align: baseline;\"><span style=\"color: #666666; font-family: Arial, Helvetica, sans-serif;\"><span style=\"font-weight: bold;\"><br \/><\/span><\/span><\/div>\n<div style=\"direction: ltr; margin-bottom: 0pt; margin-top: 0pt; text-align: left; unicode-bidi: embed; vertical-align: baseline;\"><span style=\"color: #666666;\"><span style=\"font-family: 'Arial Narrow'; font-weight: bold;\">D\u00eda 24 de noviembre<\/span><span style=\"font-family: 'Arial Narrow';\"> a las <\/span><span style=\"font-family: 'Arial Narrow'; font-weight: bold;\">19 horas<\/span><span style=\"font-family: 'Arial Narrow';\"> en el Sal\u00f3n de Actos de la E.T.S.I.Indutriales, <\/span><\/span><\/div>\n<div style=\"direction: ltr; margin-bottom: 0pt; margin-top: 0pt; text-align: left; unicode-bidi: embed; vertical-align: baseline;\"><span style=\"font-family: 'Arial Narrow';\"><span style=\"color: #666666;\">C\/ Jos\u00e9 Guti\u00e9rrez Abascal, 2-28006 MADRID-<\/span><\/span><\/div>\n<div style=\"direction: ltr; margin-bottom: 0pt; margin-top: 0pt; unicode-bidi: embed; vertical-align: baseline;\">   <\/div>\n<div style=\"direction: ltr; margin-bottom: 0pt; margin-top: 0pt; text-align: left; unicode-bidi: embed; vertical-align: baseline;\"><span style=\"font-family: 'Arial Narrow';\"><span style=\"color: #666666;\">Se ruega confirmaci\u00f3n de asistencia: secdir2.insia@upm.es<\/span><\/span><\/div>","protected":false},"excerpt":{"rendered":"<p>MASTER EN INGENIER\u00cdA DE AUTOMOCI\u00d3N y MASTER EN INGENIER\u00cdA DE VEH\u00cdCULOS H\u00cdBRIDOS Y EL\u00c9CTRICOS -Curso 2014\/2015- T\u00edtulo del Ciclo: \u201cLa Automoci\u00f3n en Espa\u00f1a\u201d CONFERENCIA \u201cEl autom\u00f3vil. La industria de las Industrias\u00bb Conferenciante: D. Ram\u00f3n Paredes S\u00e1nchez-Collado Vicepresidente Ejecutivo de Relaciones&nbsp;Gubernamentales e Institucionales de SEAT&nbsp; y Grupo VW en Espa\u00f1a D\u00eda 24 de noviembre a las [&hellip;]<\/p>\n","protected":false},"author":1,"featured_media":0,"comment_status":"open","ping_status":"open","sticky":false,"template":"","format":"standard","meta":{"_et_pb_use_builder":"","_et_pb_old_content":"","_et_gb_content_width":"","_monsterinsights_skip_tracking":false,"_monsterinsights_sitenote_active":false,"_monsterinsights_sitenote_note":"","_monsterinsights_sitenote_category":0,"footnotes":""},"categories":[39,1],"tags":[],"class_list":["post-11362","post","type-post","status-publish","format-standard","hentry","category-conferencia","category-uncategorized"],"yoast_head":"<!-- This site is optimized with the Yoast SEO plugin v27.5 - https:\/\/yoast.com\/product\/yoast-seo-wordpress\/ -->\n<title>CICLO EXTRAORDINARIO DE CONFERENCIAS - Instituto Universitario de Investigaci\u00f3n del Autom\u00f3vil Francisco Aparicio Izquierdo<\/title>\n<meta name=\"robots\" content=\"index, follow, max-snippet:-1, max-image-preview:large, max-video-preview:-1\" \/>\n<link rel=\"canonical\" href=\"https:\/\/insia-upm.es\/en\/ciclo-extraordinario-de-conferencias\/\" \/>\n<meta property=\"og:locale\" content=\"en_GB\" \/>\n<meta property=\"og:type\" content=\"article\" \/>\n<meta property=\"og:title\" content=\"CICLO EXTRAORDINARIO DE CONFERENCIAS - Instituto Universitario de Investigaci\u00f3n del Autom\u00f3vil Francisco Aparicio Izquierdo\" \/>\n<meta property=\"og:description\" content=\"MASTER EN INGENIER\u00cdA DE AUTOMOCI\u00d3N y MASTER EN INGENIER\u00cdA DE VEH\u00cdCULOS H\u00cdBRIDOS Y EL\u00c9CTRICOS -Curso 2014\/2015- T\u00edtulo del Ciclo: \u201cLa Automoci\u00f3n en Espa\u00f1a\u201d CONFERENCIA \u201cEl autom\u00f3vil. La industria de las Industrias\u00bb Conferenciante: D. Ram\u00f3n Paredes S\u00e1nchez-Collado Vicepresidente Ejecutivo de Relaciones&nbsp;Gubernamentales e Institucionales de SEAT&nbsp; y Grupo VW en Espa\u00f1a D\u00eda 24 de noviembre a las [&hellip;]\" \/>\n<meta property=\"og:url\" content=\"https:\/\/insia-upm.es\/en\/ciclo-extraordinario-de-conferencias\/\" \/>\n<meta property=\"og:site_name\" content=\"Instituto Universitario de Investigaci\u00f3n del Autom\u00f3vil Francisco Aparicio Izquierdo\" \/>\n<meta property=\"article:published_time\" content=\"2014-11-17T18:45:00+00:00\" \/>\n<meta name=\"author\" content=\"desarrollo\" \/>\n<meta name=\"twitter:card\" content=\"summary_large_image\" \/>\n<meta name=\"twitter:creator\" content=\"@INSIAUPM\" \/>\n<meta name=\"twitter:site\" content=\"@INSIAUPM\" \/>\n<meta name=\"twitter:label1\" content=\"Written by\" \/>\n\t<meta name=\"twitter:data1\" content=\"desarrollo\" \/>\n<script type=\"application\/ld+json\" class=\"yoast-schema-graph\">{\"@context\":\"https:\\\/\\\/schema.org\",\"@graph\":[{\"@type\":\"Article\",\"@id\":\"https:\\\/\\\/insia-upm.es\\\/ciclo-extraordinario-de-conferencias\\\/#article\",\"isPartOf\":{\"@id\":\"https:\\\/\\\/insia-upm.es\\\/ciclo-extraordinario-de-conferencias\\\/\"},\"author\":{\"name\":\"desarrollo\",\"@id\":\"https:\\\/\\\/insia-upm.es\\\/#\\\/schema\\\/person\\\/ea86956259a9cb1c71947e50fada3117\"},\"headline\":\"CICLO EXTRAORDINARIO DE CONFERENCIAS\",\"datePublished\":\"2014-11-17T18:45:00+00:00\",\"mainEntityOfPage\":{\"@id\":\"https:\\\/\\\/insia-upm.es\\\/ciclo-extraordinario-de-conferencias\\\/\"},\"wordCount\":106,\"commentCount\":0,\"publisher\":{\"@id\":\"https:\\\/\\\/insia-upm.es\\\/#organization\"},\"articleSection\":[\"conferencia\",\"Uncategorized\"],\"inLanguage\":\"en-GB\",\"potentialAction\":[{\"@type\":\"CommentAction\",\"name\":\"Comment\",\"target\":[\"https:\\\/\\\/insia-upm.es\\\/ciclo-extraordinario-de-conferencias\\\/#respond\"]}]},{\"@type\":\"WebPage\",\"@id\":\"https:\\\/\\\/insia-upm.es\\\/ciclo-extraordinario-de-conferencias\\\/\",\"url\":\"https:\\\/\\\/insia-upm.es\\\/ciclo-extraordinario-de-conferencias\\\/\",\"name\":\"CICLO EXTRAORDINARIO DE CONFERENCIAS - Instituto Universitario de Investigaci\u00f3n del Autom\u00f3vil Francisco Aparicio Izquierdo\",\"isPartOf\":{\"@id\":\"https:\\\/\\\/insia-upm.es\\\/#website\"},\"datePublished\":\"2014-11-17T18:45:00+00:00\",\"breadcrumb\":{\"@id\":\"https:\\\/\\\/insia-upm.es\\\/ciclo-extraordinario-de-conferencias\\\/#breadcrumb\"},\"inLanguage\":\"en-GB\",\"potentialAction\":[{\"@type\":\"ReadAction\",\"target\":[\"https:\\\/\\\/insia-upm.es\\\/ciclo-extraordinario-de-conferencias\\\/\"]}]},{\"@type\":\"BreadcrumbList\",\"@id\":\"https:\\\/\\\/insia-upm.es\\\/ciclo-extraordinario-de-conferencias\\\/#breadcrumb\",\"itemListElement\":[{\"@type\":\"ListItem\",\"position\":1,\"name\":\"Portada\",\"item\":\"https:\\\/\\\/insia-upm.es\\\/\"},{\"@type\":\"ListItem\",\"position\":2,\"name\":\"CICLO EXTRAORDINARIO DE CONFERENCIAS\"}]},{\"@type\":\"WebSite\",\"@id\":\"https:\\\/\\\/insia-upm.es\\\/#website\",\"url\":\"https:\\\/\\\/insia-upm.es\\\/\",\"name\":\"Instituto Universitario de Investigaci\u00f3n del Autom\u00f3vil Francisco Aparicio Izquierdo\",\"description\":\"Instituto de Investigaci\u00f3n del Autom\u00f3vil Francisco Aparicio Izquierdo\",\"publisher\":{\"@id\":\"https:\\\/\\\/insia-upm.es\\\/#organization\"},\"potentialAction\":[{\"@type\":\"SearchAction\",\"target\":{\"@type\":\"EntryPoint\",\"urlTemplate\":\"https:\\\/\\\/insia-upm.es\\\/?s={search_term_string}\"},\"query-input\":{\"@type\":\"PropertyValueSpecification\",\"valueRequired\":true,\"valueName\":\"search_term_string\"}}],\"inLanguage\":\"en-GB\"},{\"@type\":\"Organization\",\"@id\":\"https:\\\/\\\/insia-upm.es\\\/#organization\",\"name\":\"UPM-INSIA\",\"url\":\"https:\\\/\\\/insia-upm.es\\\/\",\"logo\":{\"@type\":\"ImageObject\",\"inLanguage\":\"en-GB\",\"@id\":\"https:\\\/\\\/insia-upm.es\\\/#\\\/schema\\\/logo\\\/image\\\/\",\"url\":\"https:\\\/\\\/insia-upm.es\\\/wp-content\\\/uploads\\\/2021\\\/12\\\/logo-insia-low-e1412177316550.png\",\"contentUrl\":\"https:\\\/\\\/insia-upm.es\\\/wp-content\\\/uploads\\\/2021\\\/12\\\/logo-insia-low-e1412177316550.png\",\"width\":50,\"height\":71,\"caption\":\"UPM-INSIA\"},\"image\":{\"@id\":\"https:\\\/\\\/insia-upm.es\\\/#\\\/schema\\\/logo\\\/image\\\/\"},\"sameAs\":[\"https:\\\/\\\/x.com\\\/INSIAUPM\",\"https:\\\/\\\/www.instagram.com\\\/insia.upm\\\/\",\"https:\\\/\\\/www.linkedin.com\\\/in\\\/insia-instituto-universitario-investigaci\u00f3n-9088635a\\\/\",\"https:\\\/\\\/www.youtube.com\\\/user\\\/gestionidi\"]},{\"@type\":\"Person\",\"@id\":\"https:\\\/\\\/insia-upm.es\\\/#\\\/schema\\\/person\\\/ea86956259a9cb1c71947e50fada3117\",\"name\":\"desarrollo\",\"image\":{\"@type\":\"ImageObject\",\"inLanguage\":\"en-GB\",\"@id\":\"https:\\\/\\\/secure.gravatar.com\\\/avatar\\\/adcd1146e74a083903bd51ea0ac5e00b3905e9c35fc0c1b39da8534ca17f7257?s=96&d=mm&r=g\",\"url\":\"https:\\\/\\\/secure.gravatar.com\\\/avatar\\\/adcd1146e74a083903bd51ea0ac5e00b3905e9c35fc0c1b39da8534ca17f7257?s=96&d=mm&r=g\",\"contentUrl\":\"https:\\\/\\\/secure.gravatar.com\\\/avatar\\\/adcd1146e74a083903bd51ea0ac5e00b3905e9c35fc0c1b39da8534ca17f7257?s=96&d=mm&r=g\",\"caption\":\"desarrollo\"},\"sameAs\":[\"https:\\\/\\\/insia-upm.es\"],\"url\":\"https:\\\/\\\/insia-upm.es\\\/en\\\/author\\\/desarrollo\\\/\"}]}<\/script>\n<!-- \/ Yoast SEO plugin. -->","yoast_head_json":{"title":"CICLO EXTRAORDINARIO DE CONFERENCIAS - Instituto Universitario de Investigaci\u00f3n del Autom\u00f3vil Francisco Aparicio Izquierdo","robots":{"index":"index","follow":"follow","max-snippet":"max-snippet:-1","max-image-preview":"max-image-preview:large","max-video-preview":"max-video-preview:-1"},"canonical":"https:\/\/insia-upm.es\/en\/ciclo-extraordinario-de-conferencias\/","og_locale":"en_GB","og_type":"article","og_title":"CICLO EXTRAORDINARIO DE CONFERENCIAS - Instituto Universitario de Investigaci\u00f3n del Autom\u00f3vil Francisco Aparicio Izquierdo","og_description":"MASTER EN INGENIER\u00cdA DE AUTOMOCI\u00d3N y MASTER EN INGENIER\u00cdA DE VEH\u00cdCULOS H\u00cdBRIDOS Y EL\u00c9CTRICOS -Curso 2014\/2015- T\u00edtulo del Ciclo: \u201cLa Automoci\u00f3n en Espa\u00f1a\u201d CONFERENCIA \u201cEl autom\u00f3vil. La industria de las Industrias\u00bb Conferenciante: D. Ram\u00f3n Paredes S\u00e1nchez-Collado Vicepresidente Ejecutivo de Relaciones&nbsp;Gubernamentales e Institucionales de SEAT&nbsp; y Grupo VW en Espa\u00f1a D\u00eda 24 de noviembre a las [&hellip;]","og_url":"https:\/\/insia-upm.es\/en\/ciclo-extraordinario-de-conferencias\/","og_site_name":"Instituto Universitario de Investigaci\u00f3n del Autom\u00f3vil Francisco Aparicio Izquierdo","article_published_time":"2014-11-17T18:45:00+00:00","author":"desarrollo","twitter_card":"summary_large_image","twitter_creator":"@INSIAUPM","twitter_site":"@INSIAUPM","twitter_misc":{"Written by":"desarrollo"},"schema":{"@context":"https:\/\/schema.org","@graph":[{"@type":"Article","@id":"https:\/\/insia-upm.es\/ciclo-extraordinario-de-conferencias\/#article","isPartOf":{"@id":"https:\/\/insia-upm.es\/ciclo-extraordinario-de-conferencias\/"},"author":{"name":"desarrollo","@id":"https:\/\/insia-upm.es\/#\/schema\/person\/ea86956259a9cb1c71947e50fada3117"},"headline":"CICLO EXTRAORDINARIO DE CONFERENCIAS","datePublished":"2014-11-17T18:45:00+00:00","mainEntityOfPage":{"@id":"https:\/\/insia-upm.es\/ciclo-extraordinario-de-conferencias\/"},"wordCount":106,"commentCount":0,"publisher":{"@id":"https:\/\/insia-upm.es\/#organization"},"articleSection":["conferencia","Uncategorized"],"inLanguage":"en-GB","potentialAction":[{"@type":"CommentAction","name":"Comment","target":["https:\/\/insia-upm.es\/ciclo-extraordinario-de-conferencias\/#respond"]}]},{"@type":"WebPage","@id":"https:\/\/insia-upm.es\/ciclo-extraordinario-de-conferencias\/","url":"https:\/\/insia-upm.es\/ciclo-extraordinario-de-conferencias\/","name":"CICLO EXTRAORDINARIO DE CONFERENCIAS - Instituto Universitario de Investigaci\u00f3n del Autom\u00f3vil Francisco Aparicio Izquierdo","isPartOf":{"@id":"https:\/\/insia-upm.es\/#website"},"datePublished":"2014-11-17T18:45:00+00:00","breadcrumb":{"@id":"https:\/\/insia-upm.es\/ciclo-extraordinario-de-conferencias\/#breadcrumb"},"inLanguage":"en-GB","potentialAction":[{"@type":"ReadAction","target":["https:\/\/insia-upm.es\/ciclo-extraordinario-de-conferencias\/"]}]},{"@type":"BreadcrumbList","@id":"https:\/\/insia-upm.es\/ciclo-extraordinario-de-conferencias\/#breadcrumb","itemListElement":[{"@type":"ListItem","position":1,"name":"Portada","item":"https:\/\/insia-upm.es\/"},{"@type":"ListItem","position":2,"name":"CICLO EXTRAORDINARIO DE CONFERENCIAS"}]},{"@type":"WebSite","@id":"https:\/\/insia-upm.es\/#website","url":"https:\/\/insia-upm.es\/","name":"Instituto Universitario de Investigaci\u00f3n del Autom\u00f3vil Francisco Aparicio Izquierdo","description":"Instituto de Investigaci\u00f3n del Autom\u00f3vil Francisco Aparicio Izquierdo","publisher":{"@id":"https:\/\/insia-upm.es\/#organization"},"potentialAction":[{"@type":"SearchAction","target":{"@type":"EntryPoint","urlTemplate":"https:\/\/insia-upm.es\/?s={search_term_string}"},"query-input":{"@type":"PropertyValueSpecification","valueRequired":true,"valueName":"search_term_string"}}],"inLanguage":"en-GB"},{"@type":"Organization","@id":"https:\/\/insia-upm.es\/#organization","name":"UPM-INSIA","url":"https:\/\/insia-upm.es\/","logo":{"@type":"ImageObject","inLanguage":"en-GB","@id":"https:\/\/insia-upm.es\/#\/schema\/logo\/image\/","url":"https:\/\/insia-upm.es\/wp-content\/uploads\/2021\/12\/logo-insia-low-e1412177316550.png","contentUrl":"https:\/\/insia-upm.es\/wp-content\/uploads\/2021\/12\/logo-insia-low-e1412177316550.png","width":50,"height":71,"caption":"UPM-INSIA"},"image":{"@id":"https:\/\/insia-upm.es\/#\/schema\/logo\/image\/"},"sameAs":["https:\/\/x.com\/INSIAUPM","https:\/\/www.instagram.com\/insia.upm\/","https:\/\/www.linkedin.com\/in\/insia-instituto-universitario-investigaci\u00f3n-9088635a\/","https:\/\/www.youtube.com\/user\/gestionidi"]},{"@type":"Person","@id":"https:\/\/insia-upm.es\/#\/schema\/person\/ea86956259a9cb1c71947e50fada3117","name":"desarrollo","image":{"@type":"ImageObject","inLanguage":"en-GB","@id":"https:\/\/secure.gravatar.com\/avatar\/adcd1146e74a083903bd51ea0ac5e00b3905e9c35fc0c1b39da8534ca17f7257?s=96&d=mm&r=g","url":"https:\/\/secure.gravatar.com\/avatar\/adcd1146e74a083903bd51ea0ac5e00b3905e9c35fc0c1b39da8534ca17f7257?s=96&d=mm&r=g","contentUrl":"https:\/\/secure.gravatar.com\/avatar\/adcd1146e74a083903bd51ea0ac5e00b3905e9c35fc0c1b39da8534ca17f7257?s=96&d=mm&r=g","caption":"desarrollo"},"sameAs":["https:\/\/insia-upm.es"],"url":"https:\/\/insia-upm.es\/en\/author\/desarrollo\/"}]}},"_links":{"self":[{"href":"https:\/\/insia-upm.es\/en\/wp-json\/wp\/v2\/posts\/11362","targetHints":{"allow":["GET"]}}],"collection":[{"href":"https:\/\/insia-upm.es\/en\/wp-json\/wp\/v2\/posts"}],"about":[{"href":"https:\/\/insia-upm.es\/en\/wp-json\/wp\/v2\/types\/post"}],"author":[{"embeddable":true,"href":"https:\/\/insia-upm.es\/en\/wp-json\/wp\/v2\/users\/1"}],"replies":[{"embeddable":true,"href":"https:\/\/insia-upm.es\/en\/wp-json\/wp\/v2\/comments?post=11362"}],"version-history":[{"count":0,"href":"https:\/\/insia-upm.es\/en\/wp-json\/wp\/v2\/posts\/11362\/revisions"}],"wp:attachment":[{"href":"https:\/\/insia-upm.es\/en\/wp-json\/wp\/v2\/media?parent=11362"}],"wp:term":[{"taxonomy":"category","embeddable":true,"href":"https:\/\/insia-upm.es\/en\/wp-json\/wp\/v2\/categories?post=11362"},{"taxonomy":"post_tag","embeddable":true,"href":"https:\/\/insia-upm.es\/en\/wp-json\/wp\/v2\/tags?post=11362"}],"curies":[{"name":"wp","href":"https:\/\/api.w.org\/{rel}","templated":true}]}}