{"id":11070,"date":"2011-12-01T13:13:00","date_gmt":"2011-12-01T11:13:00","guid":{"rendered":"https:\/\/insia-upm.es\/jornada-catedra-ada-de-seguridad-de-los-vehiculos-y-el-trafico-2011\/"},"modified":"2011-12-01T13:13:00","modified_gmt":"2011-12-01T11:13:00","slug":"jornada-catedra-ada-de-seguridad-de-los-vehiculos-y-el-trafico-2011","status":"publish","type":"post","link":"https:\/\/insia-upm.es\/en\/jornada-catedra-ada-de-seguridad-de-los-vehiculos-y-el-trafico-2011\/","title":{"rendered":"Jornada C\u00e1tedra ADA de Seguridad de los veh\u00edculos y el tr\u00e1fico 2011"},"content":{"rendered":"<p><span style=\"font-family: Arial, Helvetica, sans-serif;\">Como todos los a\u00f1os por estas fechas, nos complace invitaros a la Jornada C\u00e1tedra ADA de Seguridad de los Veh\u00edculos y del Tr\u00e1fico, que este a\u00f1o tendr\u00e1 como t\u00edtulo <\/span><\/p>\n<div style=\"text-align: center;\"><strong><span style=\"font-family: Arial, Helvetica, sans-serif;\">\u201cSEGURIDAD EN LOS VEH\u00cdCULOS EL\u00c9CTRICOS E H\u00cdBRIDOS\u201d.<span arial=\"\" narrow,sans-serif=\"\"> <\/span><\/span><\/strong><\/div>\n<div justify=\"\"><\/div>\n<div align=\"justify\" justify=\"\"><span arial=\"\" narrow,sans-serif=\"\"><span style=\"font-family: Arial, Helvetica, sans-serif;\">La <i>C\u00e1tedra ADA<\/i> <i>de Seguridad de los Veh\u00edculos Autom\u00f3viles <\/i>se cre\u00f3 con la finalidad de fomentar el inter\u00e9s por la Seguridad de los Veh\u00edculos y del Tr\u00e1fico, como \u00e1rea de estudio e investigaci\u00f3n. Con este fin, la C\u00e1tedra ADA cada a\u00f1o organiza una Jornada Monogr\u00e1fica relacionada con la seguridad vial y cuya tem\u00e1tica resulte de inter\u00e9s general para la sociedad.<\/span><\/span><span style=\"font-family: Arial, Helvetica, sans-serif;\"><span arial=\"\" narrow,sans-serif=\"\">El acto ser\u00e1 presidido por el Ilmo. Sr. D. Timoteo de la Fuente Garc\u00eda, Subd. Gral. De calidad y Seguridad Industrial del MITyC.&nbsp;<\/span><\/span><\/div>\n<div align=\"justify\" justify=\"\"><span style=\"font-family: Arial, Helvetica, sans-serif;\"><span arial=\"\" narrow,sans-serif=\"\"><br \/><\/span><span arial=\"\" narrow,sans-serif=\"\">Dicha Jornada tendr\u00e1 lugar el d\u00eda<b> 13 de Diciembre a las 12.15 horas en el Sal\u00f3n de Actos de la Escuela T\u00e9cnica Superior de Ingenieros Industriales<\/b> (Jos\u00e9 Guti\u00e9rrez Abascal, 2 \u2013 Madrid).<\/span><\/span><\/p>\n<p><a href=\"https:\/\/insia-upm.es\/en\/documentos\/JORNADA_ADA_2011.pdf\/\"><span style=\"font-family: Arial;\">http:\/\/www.insia-upm.es\/documentos\/JORNADA_ADA_2011.pdf<\/span><\/a><\/div>","protected":false},"excerpt":{"rendered":"<p>Como todos los a\u00f1os por estas fechas, nos complace invitaros a la Jornada C\u00e1tedra ADA de Seguridad de los Veh\u00edculos y del Tr\u00e1fico, que este a\u00f1o tendr\u00e1 como t\u00edtulo \u201cSEGURIDAD EN LOS VEH\u00cdCULOS EL\u00c9CTRICOS E H\u00cdBRIDOS\u201d. La C\u00e1tedra ADA de Seguridad de los Veh\u00edculos Autom\u00f3viles se cre\u00f3 con la finalidad de fomentar el inter\u00e9s por [&hellip;]<\/p>\n","protected":false},"author":1,"featured_media":0,"comment_status":"open","ping_status":"open","sticky":false,"template":"","format":"standard","meta":{"_et_pb_use_builder":"","_et_pb_old_content":"","_et_gb_content_width":"","_monsterinsights_skip_tracking":false,"_monsterinsights_sitenote_active":false,"_monsterinsights_sitenote_note":"","_monsterinsights_sitenote_category":0,"footnotes":""},"categories":[29],"tags":[],"class_list":["post-11070","post","type-post","status-publish","format-standard","hentry","category-insia"],"yoast_head":"<!-- This site is optimized with the Yoast SEO plugin v27.5 - https:\/\/yoast.com\/product\/yoast-seo-wordpress\/ -->\n<title>Jornada C\u00e1tedra ADA de Seguridad de los veh\u00edculos y el tr\u00e1fico 2011 - Instituto Universitario de Investigaci\u00f3n del Autom\u00f3vil Francisco Aparicio Izquierdo<\/title>\n<meta name=\"robots\" content=\"index, follow, max-snippet:-1, max-image-preview:large, max-video-preview:-1\" \/>\n<link rel=\"canonical\" href=\"https:\/\/insia-upm.es\/en\/jornada-catedra-ada-de-seguridad-de-los-vehiculos-y-el-trafico-2011\/\" \/>\n<meta property=\"og:locale\" content=\"en_GB\" \/>\n<meta property=\"og:type\" content=\"article\" \/>\n<meta property=\"og:title\" content=\"Jornada C\u00e1tedra ADA de Seguridad de los veh\u00edculos y el tr\u00e1fico 2011 - Instituto Universitario de Investigaci\u00f3n del Autom\u00f3vil Francisco Aparicio Izquierdo\" \/>\n<meta property=\"og:description\" content=\"Como todos los a\u00f1os por estas fechas, nos complace invitaros a la Jornada C\u00e1tedra ADA de Seguridad de los Veh\u00edculos y del Tr\u00e1fico, que este a\u00f1o tendr\u00e1 como t\u00edtulo \u201cSEGURIDAD EN LOS VEH\u00cdCULOS EL\u00c9CTRICOS E H\u00cdBRIDOS\u201d. La C\u00e1tedra ADA de Seguridad de los Veh\u00edculos Autom\u00f3viles se cre\u00f3 con la finalidad de fomentar el inter\u00e9s por [&hellip;]\" \/>\n<meta property=\"og:url\" content=\"https:\/\/insia-upm.es\/en\/jornada-catedra-ada-de-seguridad-de-los-vehiculos-y-el-trafico-2011\/\" \/>\n<meta property=\"og:site_name\" content=\"Instituto Universitario de Investigaci\u00f3n del Autom\u00f3vil Francisco Aparicio Izquierdo\" \/>\n<meta property=\"article:published_time\" content=\"2011-12-01T11:13:00+00:00\" \/>\n<meta name=\"author\" content=\"desarrollo\" \/>\n<meta name=\"twitter:card\" content=\"summary_large_image\" \/>\n<meta name=\"twitter:creator\" content=\"@INSIAUPM\" \/>\n<meta name=\"twitter:site\" content=\"@INSIAUPM\" \/>\n<meta name=\"twitter:label1\" content=\"Written by\" \/>\n\t<meta name=\"twitter:data1\" content=\"desarrollo\" \/>\n\t<meta name=\"twitter:label2\" content=\"Estimated reading time\" \/>\n\t<meta name=\"twitter:data2\" content=\"1 minute\" \/>\n<script type=\"application\/ld+json\" class=\"yoast-schema-graph\">{\"@context\":\"https:\\\/\\\/schema.org\",\"@graph\":[{\"@type\":\"Article\",\"@id\":\"https:\\\/\\\/insia-upm.es\\\/jornada-catedra-ada-de-seguridad-de-los-vehiculos-y-el-trafico-2011\\\/#article\",\"isPartOf\":{\"@id\":\"https:\\\/\\\/insia-upm.es\\\/jornada-catedra-ada-de-seguridad-de-los-vehiculos-y-el-trafico-2011\\\/\"},\"author\":{\"name\":\"desarrollo\",\"@id\":\"https:\\\/\\\/insia-upm.es\\\/#\\\/schema\\\/person\\\/ea86956259a9cb1c71947e50fada3117\"},\"headline\":\"Jornada C\u00e1tedra ADA de Seguridad de los veh\u00edculos y el tr\u00e1fico 2011\",\"datePublished\":\"2011-12-01T11:13:00+00:00\",\"mainEntityOfPage\":{\"@id\":\"https:\\\/\\\/insia-upm.es\\\/jornada-catedra-ada-de-seguridad-de-los-vehiculos-y-el-trafico-2011\\\/\"},\"wordCount\":196,\"commentCount\":0,\"publisher\":{\"@id\":\"https:\\\/\\\/insia-upm.es\\\/#organization\"},\"articleSection\":[\"insia\"],\"inLanguage\":\"en-GB\",\"potentialAction\":[{\"@type\":\"CommentAction\",\"name\":\"Comment\",\"target\":[\"https:\\\/\\\/insia-upm.es\\\/jornada-catedra-ada-de-seguridad-de-los-vehiculos-y-el-trafico-2011\\\/#respond\"]}]},{\"@type\":\"WebPage\",\"@id\":\"https:\\\/\\\/insia-upm.es\\\/jornada-catedra-ada-de-seguridad-de-los-vehiculos-y-el-trafico-2011\\\/\",\"url\":\"https:\\\/\\\/insia-upm.es\\\/jornada-catedra-ada-de-seguridad-de-los-vehiculos-y-el-trafico-2011\\\/\",\"name\":\"Jornada C\u00e1tedra ADA de Seguridad de los veh\u00edculos y el tr\u00e1fico 2011 - Instituto Universitario de Investigaci\u00f3n del Autom\u00f3vil Francisco Aparicio Izquierdo\",\"isPartOf\":{\"@id\":\"https:\\\/\\\/insia-upm.es\\\/#website\"},\"datePublished\":\"2011-12-01T11:13:00+00:00\",\"breadcrumb\":{\"@id\":\"https:\\\/\\\/insia-upm.es\\\/jornada-catedra-ada-de-seguridad-de-los-vehiculos-y-el-trafico-2011\\\/#breadcrumb\"},\"inLanguage\":\"en-GB\",\"potentialAction\":[{\"@type\":\"ReadAction\",\"target\":[\"https:\\\/\\\/insia-upm.es\\\/jornada-catedra-ada-de-seguridad-de-los-vehiculos-y-el-trafico-2011\\\/\"]}]},{\"@type\":\"BreadcrumbList\",\"@id\":\"https:\\\/\\\/insia-upm.es\\\/jornada-catedra-ada-de-seguridad-de-los-vehiculos-y-el-trafico-2011\\\/#breadcrumb\",\"itemListElement\":[{\"@type\":\"ListItem\",\"position\":1,\"name\":\"Portada\",\"item\":\"https:\\\/\\\/insia-upm.es\\\/\"},{\"@type\":\"ListItem\",\"position\":2,\"name\":\"Jornada C\u00e1tedra ADA de Seguridad de los veh\u00edculos y el tr\u00e1fico 2011\"}]},{\"@type\":\"WebSite\",\"@id\":\"https:\\\/\\\/insia-upm.es\\\/#website\",\"url\":\"https:\\\/\\\/insia-upm.es\\\/\",\"name\":\"Instituto Universitario de Investigaci\u00f3n del Autom\u00f3vil Francisco Aparicio Izquierdo\",\"description\":\"Instituto de Investigaci\u00f3n del Autom\u00f3vil Francisco Aparicio Izquierdo\",\"publisher\":{\"@id\":\"https:\\\/\\\/insia-upm.es\\\/#organization\"},\"potentialAction\":[{\"@type\":\"SearchAction\",\"target\":{\"@type\":\"EntryPoint\",\"urlTemplate\":\"https:\\\/\\\/insia-upm.es\\\/?s={search_term_string}\"},\"query-input\":{\"@type\":\"PropertyValueSpecification\",\"valueRequired\":true,\"valueName\":\"search_term_string\"}}],\"inLanguage\":\"en-GB\"},{\"@type\":\"Organization\",\"@id\":\"https:\\\/\\\/insia-upm.es\\\/#organization\",\"name\":\"UPM-INSIA\",\"url\":\"https:\\\/\\\/insia-upm.es\\\/\",\"logo\":{\"@type\":\"ImageObject\",\"inLanguage\":\"en-GB\",\"@id\":\"https:\\\/\\\/insia-upm.es\\\/#\\\/schema\\\/logo\\\/image\\\/\",\"url\":\"https:\\\/\\\/insia-upm.es\\\/wp-content\\\/uploads\\\/2021\\\/12\\\/logo-insia-low-e1412177316550.png\",\"contentUrl\":\"https:\\\/\\\/insia-upm.es\\\/wp-content\\\/uploads\\\/2021\\\/12\\\/logo-insia-low-e1412177316550.png\",\"width\":50,\"height\":71,\"caption\":\"UPM-INSIA\"},\"image\":{\"@id\":\"https:\\\/\\\/insia-upm.es\\\/#\\\/schema\\\/logo\\\/image\\\/\"},\"sameAs\":[\"https:\\\/\\\/x.com\\\/INSIAUPM\",\"https:\\\/\\\/www.instagram.com\\\/insia.upm\\\/\",\"https:\\\/\\\/www.linkedin.com\\\/in\\\/insia-instituto-universitario-investigaci\u00f3n-9088635a\\\/\",\"https:\\\/\\\/www.youtube.com\\\/user\\\/gestionidi\"]},{\"@type\":\"Person\",\"@id\":\"https:\\\/\\\/insia-upm.es\\\/#\\\/schema\\\/person\\\/ea86956259a9cb1c71947e50fada3117\",\"name\":\"desarrollo\",\"image\":{\"@type\":\"ImageObject\",\"inLanguage\":\"en-GB\",\"@id\":\"https:\\\/\\\/secure.gravatar.com\\\/avatar\\\/adcd1146e74a083903bd51ea0ac5e00b3905e9c35fc0c1b39da8534ca17f7257?s=96&d=mm&r=g\",\"url\":\"https:\\\/\\\/secure.gravatar.com\\\/avatar\\\/adcd1146e74a083903bd51ea0ac5e00b3905e9c35fc0c1b39da8534ca17f7257?s=96&d=mm&r=g\",\"contentUrl\":\"https:\\\/\\\/secure.gravatar.com\\\/avatar\\\/adcd1146e74a083903bd51ea0ac5e00b3905e9c35fc0c1b39da8534ca17f7257?s=96&d=mm&r=g\",\"caption\":\"desarrollo\"},\"sameAs\":[\"https:\\\/\\\/insia-upm.es\"],\"url\":\"https:\\\/\\\/insia-upm.es\\\/en\\\/author\\\/desarrollo\\\/\"}]}<\/script>\n<!-- \/ Yoast SEO plugin. -->","yoast_head_json":{"title":"Jornada C\u00e1tedra ADA de Seguridad de los veh\u00edculos y el tr\u00e1fico 2011 - Instituto Universitario de Investigaci\u00f3n del Autom\u00f3vil Francisco Aparicio Izquierdo","robots":{"index":"index","follow":"follow","max-snippet":"max-snippet:-1","max-image-preview":"max-image-preview:large","max-video-preview":"max-video-preview:-1"},"canonical":"https:\/\/insia-upm.es\/en\/jornada-catedra-ada-de-seguridad-de-los-vehiculos-y-el-trafico-2011\/","og_locale":"en_GB","og_type":"article","og_title":"Jornada C\u00e1tedra ADA de Seguridad de los veh\u00edculos y el tr\u00e1fico 2011 - Instituto Universitario de Investigaci\u00f3n del Autom\u00f3vil Francisco Aparicio Izquierdo","og_description":"Como todos los a\u00f1os por estas fechas, nos complace invitaros a la Jornada C\u00e1tedra ADA de Seguridad de los Veh\u00edculos y del Tr\u00e1fico, que este a\u00f1o tendr\u00e1 como t\u00edtulo \u201cSEGURIDAD EN LOS VEH\u00cdCULOS EL\u00c9CTRICOS E H\u00cdBRIDOS\u201d. La C\u00e1tedra ADA de Seguridad de los Veh\u00edculos Autom\u00f3viles se cre\u00f3 con la finalidad de fomentar el inter\u00e9s por [&hellip;]","og_url":"https:\/\/insia-upm.es\/en\/jornada-catedra-ada-de-seguridad-de-los-vehiculos-y-el-trafico-2011\/","og_site_name":"Instituto Universitario de Investigaci\u00f3n del Autom\u00f3vil Francisco Aparicio Izquierdo","article_published_time":"2011-12-01T11:13:00+00:00","author":"desarrollo","twitter_card":"summary_large_image","twitter_creator":"@INSIAUPM","twitter_site":"@INSIAUPM","twitter_misc":{"Written by":"desarrollo","Estimated reading time":"1 minute"},"schema":{"@context":"https:\/\/schema.org","@graph":[{"@type":"Article","@id":"https:\/\/insia-upm.es\/jornada-catedra-ada-de-seguridad-de-los-vehiculos-y-el-trafico-2011\/#article","isPartOf":{"@id":"https:\/\/insia-upm.es\/jornada-catedra-ada-de-seguridad-de-los-vehiculos-y-el-trafico-2011\/"},"author":{"name":"desarrollo","@id":"https:\/\/insia-upm.es\/#\/schema\/person\/ea86956259a9cb1c71947e50fada3117"},"headline":"Jornada C\u00e1tedra ADA de Seguridad de los veh\u00edculos y el tr\u00e1fico 2011","datePublished":"2011-12-01T11:13:00+00:00","mainEntityOfPage":{"@id":"https:\/\/insia-upm.es\/jornada-catedra-ada-de-seguridad-de-los-vehiculos-y-el-trafico-2011\/"},"wordCount":196,"commentCount":0,"publisher":{"@id":"https:\/\/insia-upm.es\/#organization"},"articleSection":["insia"],"inLanguage":"en-GB","potentialAction":[{"@type":"CommentAction","name":"Comment","target":["https:\/\/insia-upm.es\/jornada-catedra-ada-de-seguridad-de-los-vehiculos-y-el-trafico-2011\/#respond"]}]},{"@type":"WebPage","@id":"https:\/\/insia-upm.es\/jornada-catedra-ada-de-seguridad-de-los-vehiculos-y-el-trafico-2011\/","url":"https:\/\/insia-upm.es\/jornada-catedra-ada-de-seguridad-de-los-vehiculos-y-el-trafico-2011\/","name":"Jornada C\u00e1tedra ADA de Seguridad de los veh\u00edculos y el tr\u00e1fico 2011 - Instituto Universitario de Investigaci\u00f3n del Autom\u00f3vil Francisco Aparicio Izquierdo","isPartOf":{"@id":"https:\/\/insia-upm.es\/#website"},"datePublished":"2011-12-01T11:13:00+00:00","breadcrumb":{"@id":"https:\/\/insia-upm.es\/jornada-catedra-ada-de-seguridad-de-los-vehiculos-y-el-trafico-2011\/#breadcrumb"},"inLanguage":"en-GB","potentialAction":[{"@type":"ReadAction","target":["https:\/\/insia-upm.es\/jornada-catedra-ada-de-seguridad-de-los-vehiculos-y-el-trafico-2011\/"]}]},{"@type":"BreadcrumbList","@id":"https:\/\/insia-upm.es\/jornada-catedra-ada-de-seguridad-de-los-vehiculos-y-el-trafico-2011\/#breadcrumb","itemListElement":[{"@type":"ListItem","position":1,"name":"Portada","item":"https:\/\/insia-upm.es\/"},{"@type":"ListItem","position":2,"name":"Jornada C\u00e1tedra ADA de Seguridad de los veh\u00edculos y el tr\u00e1fico 2011"}]},{"@type":"WebSite","@id":"https:\/\/insia-upm.es\/#website","url":"https:\/\/insia-upm.es\/","name":"Instituto Universitario de Investigaci\u00f3n del Autom\u00f3vil Francisco Aparicio Izquierdo","description":"Instituto de Investigaci\u00f3n del Autom\u00f3vil Francisco Aparicio Izquierdo","publisher":{"@id":"https:\/\/insia-upm.es\/#organization"},"potentialAction":[{"@type":"SearchAction","target":{"@type":"EntryPoint","urlTemplate":"https:\/\/insia-upm.es\/?s={search_term_string}"},"query-input":{"@type":"PropertyValueSpecification","valueRequired":true,"valueName":"search_term_string"}}],"inLanguage":"en-GB"},{"@type":"Organization","@id":"https:\/\/insia-upm.es\/#organization","name":"UPM-INSIA","url":"https:\/\/insia-upm.es\/","logo":{"@type":"ImageObject","inLanguage":"en-GB","@id":"https:\/\/insia-upm.es\/#\/schema\/logo\/image\/","url":"https:\/\/insia-upm.es\/wp-content\/uploads\/2021\/12\/logo-insia-low-e1412177316550.png","contentUrl":"https:\/\/insia-upm.es\/wp-content\/uploads\/2021\/12\/logo-insia-low-e1412177316550.png","width":50,"height":71,"caption":"UPM-INSIA"},"image":{"@id":"https:\/\/insia-upm.es\/#\/schema\/logo\/image\/"},"sameAs":["https:\/\/x.com\/INSIAUPM","https:\/\/www.instagram.com\/insia.upm\/","https:\/\/www.linkedin.com\/in\/insia-instituto-universitario-investigaci\u00f3n-9088635a\/","https:\/\/www.youtube.com\/user\/gestionidi"]},{"@type":"Person","@id":"https:\/\/insia-upm.es\/#\/schema\/person\/ea86956259a9cb1c71947e50fada3117","name":"desarrollo","image":{"@type":"ImageObject","inLanguage":"en-GB","@id":"https:\/\/secure.gravatar.com\/avatar\/adcd1146e74a083903bd51ea0ac5e00b3905e9c35fc0c1b39da8534ca17f7257?s=96&d=mm&r=g","url":"https:\/\/secure.gravatar.com\/avatar\/adcd1146e74a083903bd51ea0ac5e00b3905e9c35fc0c1b39da8534ca17f7257?s=96&d=mm&r=g","contentUrl":"https:\/\/secure.gravatar.com\/avatar\/adcd1146e74a083903bd51ea0ac5e00b3905e9c35fc0c1b39da8534ca17f7257?s=96&d=mm&r=g","caption":"desarrollo"},"sameAs":["https:\/\/insia-upm.es"],"url":"https:\/\/insia-upm.es\/en\/author\/desarrollo\/"}]}},"_links":{"self":[{"href":"https:\/\/insia-upm.es\/en\/wp-json\/wp\/v2\/posts\/11070","targetHints":{"allow":["GET"]}}],"collection":[{"href":"https:\/\/insia-upm.es\/en\/wp-json\/wp\/v2\/posts"}],"about":[{"href":"https:\/\/insia-upm.es\/en\/wp-json\/wp\/v2\/types\/post"}],"author":[{"embeddable":true,"href":"https:\/\/insia-upm.es\/en\/wp-json\/wp\/v2\/users\/1"}],"replies":[{"embeddable":true,"href":"https:\/\/insia-upm.es\/en\/wp-json\/wp\/v2\/comments?post=11070"}],"version-history":[{"count":0,"href":"https:\/\/insia-upm.es\/en\/wp-json\/wp\/v2\/posts\/11070\/revisions"}],"wp:attachment":[{"href":"https:\/\/insia-upm.es\/en\/wp-json\/wp\/v2\/media?parent=11070"}],"wp:term":[{"taxonomy":"category","embeddable":true,"href":"https:\/\/insia-upm.es\/en\/wp-json\/wp\/v2\/categories?post=11070"},{"taxonomy":"post_tag","embeddable":true,"href":"https:\/\/insia-upm.es\/en\/wp-json\/wp\/v2\/tags?post=11070"}],"curies":[{"name":"wp","href":"https:\/\/api.w.org\/{rel}","templated":true}]}}