{"id":11061,"date":"2012-04-11T12:15:00","date_gmt":"2012-04-11T10:15:00","guid":{"rendered":"https:\/\/insia-upm.es\/ciclo-extraordinario-de-conferencias-del-master-ingenieria-de-automocion-y-del-master-en-ingenieria-de-vehiculos-hibridos-y-electricos\/"},"modified":"2012-04-11T12:15:00","modified_gmt":"2012-04-11T10:15:00","slug":"ciclo-extraordinario-de-conferencias-del-master-ingenieria-de-automocion-y-del-master-en-ingenieria-de-vehiculos-hibridos-y-electricos","status":"publish","type":"post","link":"https:\/\/insia-upm.es\/en\/ciclo-extraordinario-de-conferencias-del-master-ingenieria-de-automocion-y-del-master-en-ingenieria-de-vehiculos-hibridos-y-electricos\/","title":{"rendered":"Ciclo extraordinario de conferencias del Master Ingenier\u00eda de Automoci\u00f3n y del Master en Ingenier\u00eda de Veh\u00edculos H\u00edbridos y El\u00e9ctricos"},"content":{"rendered":"<h4><span style=\"font-size: large;\"><span style=\"font-family: Arial, Helvetica, sans-serif;\">\u201cEl desarrollo y fabricaci\u00f3n de componentes: factor industrial clave <span style=\"color: black; language: es; mso-ascii-font-family: &quot;Trebuchet MS&quot;; mso-bidi-font-family: +mn-cs; mso-color-index: 1; mso-fareast-font-family: +mn-ea; mso-font-kerning: 12.0pt;\">en la econom\u00eda espa\u00f1ola\u201d<\/span><span style=\"color: black; language: es; mso-ascii-font-family: &quot;Trebuchet MS&quot;; mso-bidi-font-family: +mn-cs; mso-color-index: 1; mso-fareast-font-family: +mn-ea; mso-font-kerning: 12.0pt;\"> <\/span><\/span><\/span><\/h4>\n<h3 style=\"direction: ltr; language: es; margin-bottom: 0pt; margin-top: 0pt; text-align: left; unicode-bidi: embed; vertical-align: baseline;\"><\/h3>\n<p><strong><span style=\"font-family: Arial, Helvetica, sans-serif;\">Conferencia: <\/span><\/strong><\/p>\n<h3 style=\"direction: ltr; language: es; margin-bottom: 0pt; margin-top: 0pt; text-align: center; unicode-bidi: embed; vertical-align: baseline;\"><span style=\"color: #003399; font-family: Calibri; font-size: 36pt; language: es; mso-ascii-font-family: Calibri; mso-bidi-font-family: +mn-cs; mso-fareast-font-family: +mn-ea; mso-font-kerning: 12.0pt; text-shadow: auto;\"><span style=\"font-size: large;\">\u00abLa internacionalizaci\u00f3n como oportunidad de fortalecimiento y crecimiento\u201d<\/span><\/span><\/h3>\n<p><span style=\"font-family: Arial, Helvetica, sans-serif;\">Que pronunciar\u00e1:<\/span><br \/><span style=\"font-family: Arial, Helvetica, sans-serif;\"><strong>D. Kerman Osoro Uriguen <\/strong>Global Business Development Manager de Cie Automotive.<\/span><br \/><span style=\"font-family: Arial, Helvetica, sans-serif;\"><br \/><\/span><br \/><span style=\"font-family: Arial, Helvetica, sans-serif;\">El d\u00eda <\/span><span style=\"font-family: Arial, Helvetica, sans-serif;\"><strong>25 de ABRIL de 2012 a las 19 horas en el Sal\u00f3n de Actos de la Escuela T\u00e9cnica Superior de&nbsp; Ingenieros Industriales<\/strong>,<\/span><br \/><span style=\"font-family: Arial, Helvetica, sans-serif;\">&nbsp;c\/ Jos\u00e9 Guti\u00e9rrez Abascal, 2, 28006 MADRID<\/span><\/p>\n<p><a href=\"http:\/\/www.masterautomocion-upm.es\/\" target=\"_blank\" rel=\"noopener\">http:\/\/www.masterautomocion-upm.es\/<\/a><\/p>","protected":false},"excerpt":{"rendered":"<p>\u201cEl desarrollo y fabricaci\u00f3n de componentes: factor industrial clave en la econom\u00eda espa\u00f1ola\u201d Conferencia: \u00abLa internacionalizaci\u00f3n como oportunidad de fortalecimiento y crecimiento\u201d Que pronunciar\u00e1:D. Kerman Osoro Uriguen Global Business Development Manager de Cie Automotive.El d\u00eda 25 de ABRIL de 2012 a las 19 horas en el Sal\u00f3n de Actos de la Escuela T\u00e9cnica Superior de&nbsp; [&hellip;]<\/p>\n","protected":false},"author":1,"featured_media":0,"comment_status":"open","ping_status":"open","sticky":false,"template":"","format":"standard","meta":{"_et_pb_use_builder":"","_et_pb_old_content":"","_et_gb_content_width":"","_monsterinsights_skip_tracking":false,"_monsterinsights_sitenote_active":false,"_monsterinsights_sitenote_note":"","_monsterinsights_sitenote_category":0,"footnotes":""},"categories":[40],"tags":[],"class_list":["post-11061","post","type-post","status-publish","format-standard","hentry","category-conferencia-automocion-y-del-master-en-ingenieria-de-vehiculos-hibridos-y-electricos"],"yoast_head":"<!-- This site is optimized with the Yoast SEO plugin v27.5 - https:\/\/yoast.com\/product\/yoast-seo-wordpress\/ -->\n<title>Ciclo extraordinario de conferencias del Master Ingenier\u00eda de Automoci\u00f3n y del Master en Ingenier\u00eda de Veh\u00edculos H\u00edbridos y El\u00e9ctricos - Instituto Universitario de Investigaci\u00f3n del Autom\u00f3vil Francisco Aparicio Izquierdo<\/title>\n<meta name=\"robots\" content=\"index, follow, max-snippet:-1, max-image-preview:large, max-video-preview:-1\" \/>\n<link rel=\"canonical\" href=\"https:\/\/insia-upm.es\/en\/ciclo-extraordinario-de-conferencias-del-master-ingenieria-de-automocion-y-del-master-en-ingenieria-de-vehiculos-hibridos-y-electricos\/\" \/>\n<meta property=\"og:locale\" content=\"en_GB\" \/>\n<meta property=\"og:type\" content=\"article\" \/>\n<meta property=\"og:title\" content=\"Ciclo extraordinario de conferencias del Master Ingenier\u00eda de Automoci\u00f3n y del Master en Ingenier\u00eda de Veh\u00edculos H\u00edbridos y El\u00e9ctricos - Instituto Universitario de Investigaci\u00f3n del Autom\u00f3vil Francisco Aparicio Izquierdo\" \/>\n<meta property=\"og:description\" content=\"\u201cEl desarrollo y fabricaci\u00f3n de componentes: factor industrial clave en la econom\u00eda espa\u00f1ola\u201d Conferencia: \u00abLa internacionalizaci\u00f3n como oportunidad de fortalecimiento y crecimiento\u201d Que pronunciar\u00e1:D. Kerman Osoro Uriguen Global Business Development Manager de Cie Automotive.El d\u00eda 25 de ABRIL de 2012 a las 19 horas en el Sal\u00f3n de Actos de la Escuela T\u00e9cnica Superior de&nbsp; [&hellip;]\" \/>\n<meta property=\"og:url\" content=\"https:\/\/insia-upm.es\/en\/ciclo-extraordinario-de-conferencias-del-master-ingenieria-de-automocion-y-del-master-en-ingenieria-de-vehiculos-hibridos-y-electricos\/\" \/>\n<meta property=\"og:site_name\" content=\"Instituto Universitario de Investigaci\u00f3n del Autom\u00f3vil Francisco Aparicio Izquierdo\" \/>\n<meta property=\"article:published_time\" content=\"2012-04-11T10:15:00+00:00\" \/>\n<meta name=\"author\" content=\"desarrollo\" \/>\n<meta name=\"twitter:card\" content=\"summary_large_image\" \/>\n<meta name=\"twitter:creator\" content=\"@INSIAUPM\" \/>\n<meta name=\"twitter:site\" content=\"@INSIAUPM\" \/>\n<meta name=\"twitter:label1\" content=\"Written by\" \/>\n\t<meta name=\"twitter:data1\" content=\"desarrollo\" \/>\n<script type=\"application\/ld+json\" class=\"yoast-schema-graph\">{\"@context\":\"https:\\\/\\\/schema.org\",\"@graph\":[{\"@type\":\"Article\",\"@id\":\"https:\\\/\\\/insia-upm.es\\\/ciclo-extraordinario-de-conferencias-del-master-ingenieria-de-automocion-y-del-master-en-ingenieria-de-vehiculos-hibridos-y-electricos\\\/#article\",\"isPartOf\":{\"@id\":\"https:\\\/\\\/insia-upm.es\\\/ciclo-extraordinario-de-conferencias-del-master-ingenieria-de-automocion-y-del-master-en-ingenieria-de-vehiculos-hibridos-y-electricos\\\/\"},\"author\":{\"name\":\"desarrollo\",\"@id\":\"https:\\\/\\\/insia-upm.es\\\/#\\\/schema\\\/person\\\/ea86956259a9cb1c71947e50fada3117\"},\"headline\":\"Ciclo extraordinario de conferencias del Master Ingenier\u00eda de Automoci\u00f3n y del Master en Ingenier\u00eda de Veh\u00edculos H\u00edbridos y El\u00e9ctricos\",\"datePublished\":\"2012-04-11T10:15:00+00:00\",\"mainEntityOfPage\":{\"@id\":\"https:\\\/\\\/insia-upm.es\\\/ciclo-extraordinario-de-conferencias-del-master-ingenieria-de-automocion-y-del-master-en-ingenieria-de-vehiculos-hibridos-y-electricos\\\/\"},\"wordCount\":100,\"commentCount\":0,\"publisher\":{\"@id\":\"https:\\\/\\\/insia-upm.es\\\/#organization\"},\"articleSection\":[\"Conferencia Automoci\u00f3n y del Master en Ingenier\u00eda de Veh\u00edculos H\u00edbridos y El\u00e9ctricos\"],\"inLanguage\":\"en-GB\",\"potentialAction\":[{\"@type\":\"CommentAction\",\"name\":\"Comment\",\"target\":[\"https:\\\/\\\/insia-upm.es\\\/ciclo-extraordinario-de-conferencias-del-master-ingenieria-de-automocion-y-del-master-en-ingenieria-de-vehiculos-hibridos-y-electricos\\\/#respond\"]}]},{\"@type\":\"WebPage\",\"@id\":\"https:\\\/\\\/insia-upm.es\\\/ciclo-extraordinario-de-conferencias-del-master-ingenieria-de-automocion-y-del-master-en-ingenieria-de-vehiculos-hibridos-y-electricos\\\/\",\"url\":\"https:\\\/\\\/insia-upm.es\\\/ciclo-extraordinario-de-conferencias-del-master-ingenieria-de-automocion-y-del-master-en-ingenieria-de-vehiculos-hibridos-y-electricos\\\/\",\"name\":\"Ciclo extraordinario de conferencias del Master Ingenier\u00eda de Automoci\u00f3n y del Master en Ingenier\u00eda de Veh\u00edculos H\u00edbridos y El\u00e9ctricos - Instituto Universitario de Investigaci\u00f3n del Autom\u00f3vil Francisco Aparicio Izquierdo\",\"isPartOf\":{\"@id\":\"https:\\\/\\\/insia-upm.es\\\/#website\"},\"datePublished\":\"2012-04-11T10:15:00+00:00\",\"breadcrumb\":{\"@id\":\"https:\\\/\\\/insia-upm.es\\\/ciclo-extraordinario-de-conferencias-del-master-ingenieria-de-automocion-y-del-master-en-ingenieria-de-vehiculos-hibridos-y-electricos\\\/#breadcrumb\"},\"inLanguage\":\"en-GB\",\"potentialAction\":[{\"@type\":\"ReadAction\",\"target\":[\"https:\\\/\\\/insia-upm.es\\\/ciclo-extraordinario-de-conferencias-del-master-ingenieria-de-automocion-y-del-master-en-ingenieria-de-vehiculos-hibridos-y-electricos\\\/\"]}]},{\"@type\":\"BreadcrumbList\",\"@id\":\"https:\\\/\\\/insia-upm.es\\\/ciclo-extraordinario-de-conferencias-del-master-ingenieria-de-automocion-y-del-master-en-ingenieria-de-vehiculos-hibridos-y-electricos\\\/#breadcrumb\",\"itemListElement\":[{\"@type\":\"ListItem\",\"position\":1,\"name\":\"Portada\",\"item\":\"https:\\\/\\\/insia-upm.es\\\/\"},{\"@type\":\"ListItem\",\"position\":2,\"name\":\"Ciclo extraordinario de conferencias del Master Ingenier\u00eda de Automoci\u00f3n y del Master en Ingenier\u00eda de Veh\u00edculos H\u00edbridos y El\u00e9ctricos\"}]},{\"@type\":\"WebSite\",\"@id\":\"https:\\\/\\\/insia-upm.es\\\/#website\",\"url\":\"https:\\\/\\\/insia-upm.es\\\/\",\"name\":\"Instituto Universitario de Investigaci\u00f3n del Autom\u00f3vil Francisco Aparicio Izquierdo\",\"description\":\"Instituto de Investigaci\u00f3n del Autom\u00f3vil Francisco Aparicio Izquierdo\",\"publisher\":{\"@id\":\"https:\\\/\\\/insia-upm.es\\\/#organization\"},\"potentialAction\":[{\"@type\":\"SearchAction\",\"target\":{\"@type\":\"EntryPoint\",\"urlTemplate\":\"https:\\\/\\\/insia-upm.es\\\/?s={search_term_string}\"},\"query-input\":{\"@type\":\"PropertyValueSpecification\",\"valueRequired\":true,\"valueName\":\"search_term_string\"}}],\"inLanguage\":\"en-GB\"},{\"@type\":\"Organization\",\"@id\":\"https:\\\/\\\/insia-upm.es\\\/#organization\",\"name\":\"UPM-INSIA\",\"url\":\"https:\\\/\\\/insia-upm.es\\\/\",\"logo\":{\"@type\":\"ImageObject\",\"inLanguage\":\"en-GB\",\"@id\":\"https:\\\/\\\/insia-upm.es\\\/#\\\/schema\\\/logo\\\/image\\\/\",\"url\":\"https:\\\/\\\/insia-upm.es\\\/wp-content\\\/uploads\\\/2021\\\/12\\\/logo-insia-low-e1412177316550.png\",\"contentUrl\":\"https:\\\/\\\/insia-upm.es\\\/wp-content\\\/uploads\\\/2021\\\/12\\\/logo-insia-low-e1412177316550.png\",\"width\":50,\"height\":71,\"caption\":\"UPM-INSIA\"},\"image\":{\"@id\":\"https:\\\/\\\/insia-upm.es\\\/#\\\/schema\\\/logo\\\/image\\\/\"},\"sameAs\":[\"https:\\\/\\\/x.com\\\/INSIAUPM\",\"https:\\\/\\\/www.instagram.com\\\/insia.upm\\\/\",\"https:\\\/\\\/www.linkedin.com\\\/in\\\/insia-instituto-universitario-investigaci\u00f3n-9088635a\\\/\",\"https:\\\/\\\/www.youtube.com\\\/user\\\/gestionidi\"]},{\"@type\":\"Person\",\"@id\":\"https:\\\/\\\/insia-upm.es\\\/#\\\/schema\\\/person\\\/ea86956259a9cb1c71947e50fada3117\",\"name\":\"desarrollo\",\"image\":{\"@type\":\"ImageObject\",\"inLanguage\":\"en-GB\",\"@id\":\"https:\\\/\\\/secure.gravatar.com\\\/avatar\\\/adcd1146e74a083903bd51ea0ac5e00b3905e9c35fc0c1b39da8534ca17f7257?s=96&d=mm&r=g\",\"url\":\"https:\\\/\\\/secure.gravatar.com\\\/avatar\\\/adcd1146e74a083903bd51ea0ac5e00b3905e9c35fc0c1b39da8534ca17f7257?s=96&d=mm&r=g\",\"contentUrl\":\"https:\\\/\\\/secure.gravatar.com\\\/avatar\\\/adcd1146e74a083903bd51ea0ac5e00b3905e9c35fc0c1b39da8534ca17f7257?s=96&d=mm&r=g\",\"caption\":\"desarrollo\"},\"sameAs\":[\"https:\\\/\\\/insia-upm.es\"],\"url\":\"https:\\\/\\\/insia-upm.es\\\/en\\\/author\\\/desarrollo\\\/\"}]}<\/script>\n<!-- \/ Yoast SEO plugin. -->","yoast_head_json":{"title":"Ciclo extraordinario de conferencias del Master Ingenier\u00eda de Automoci\u00f3n y del Master en Ingenier\u00eda de Veh\u00edculos H\u00edbridos y El\u00e9ctricos - Instituto Universitario de Investigaci\u00f3n del Autom\u00f3vil Francisco Aparicio Izquierdo","robots":{"index":"index","follow":"follow","max-snippet":"max-snippet:-1","max-image-preview":"max-image-preview:large","max-video-preview":"max-video-preview:-1"},"canonical":"https:\/\/insia-upm.es\/en\/ciclo-extraordinario-de-conferencias-del-master-ingenieria-de-automocion-y-del-master-en-ingenieria-de-vehiculos-hibridos-y-electricos\/","og_locale":"en_GB","og_type":"article","og_title":"Ciclo extraordinario de conferencias del Master Ingenier\u00eda de Automoci\u00f3n y del Master en Ingenier\u00eda de Veh\u00edculos H\u00edbridos y El\u00e9ctricos - Instituto Universitario de Investigaci\u00f3n del Autom\u00f3vil Francisco Aparicio Izquierdo","og_description":"\u201cEl desarrollo y fabricaci\u00f3n de componentes: factor industrial clave en la econom\u00eda espa\u00f1ola\u201d Conferencia: \u00abLa internacionalizaci\u00f3n como oportunidad de fortalecimiento y crecimiento\u201d Que pronunciar\u00e1:D. Kerman Osoro Uriguen Global Business Development Manager de Cie Automotive.El d\u00eda 25 de ABRIL de 2012 a las 19 horas en el Sal\u00f3n de Actos de la Escuela T\u00e9cnica Superior de&nbsp; [&hellip;]","og_url":"https:\/\/insia-upm.es\/en\/ciclo-extraordinario-de-conferencias-del-master-ingenieria-de-automocion-y-del-master-en-ingenieria-de-vehiculos-hibridos-y-electricos\/","og_site_name":"Instituto Universitario de Investigaci\u00f3n del Autom\u00f3vil Francisco Aparicio Izquierdo","article_published_time":"2012-04-11T10:15:00+00:00","author":"desarrollo","twitter_card":"summary_large_image","twitter_creator":"@INSIAUPM","twitter_site":"@INSIAUPM","twitter_misc":{"Written by":"desarrollo"},"schema":{"@context":"https:\/\/schema.org","@graph":[{"@type":"Article","@id":"https:\/\/insia-upm.es\/ciclo-extraordinario-de-conferencias-del-master-ingenieria-de-automocion-y-del-master-en-ingenieria-de-vehiculos-hibridos-y-electricos\/#article","isPartOf":{"@id":"https:\/\/insia-upm.es\/ciclo-extraordinario-de-conferencias-del-master-ingenieria-de-automocion-y-del-master-en-ingenieria-de-vehiculos-hibridos-y-electricos\/"},"author":{"name":"desarrollo","@id":"https:\/\/insia-upm.es\/#\/schema\/person\/ea86956259a9cb1c71947e50fada3117"},"headline":"Ciclo extraordinario de conferencias del Master Ingenier\u00eda de Automoci\u00f3n y del Master en Ingenier\u00eda de Veh\u00edculos H\u00edbridos y El\u00e9ctricos","datePublished":"2012-04-11T10:15:00+00:00","mainEntityOfPage":{"@id":"https:\/\/insia-upm.es\/ciclo-extraordinario-de-conferencias-del-master-ingenieria-de-automocion-y-del-master-en-ingenieria-de-vehiculos-hibridos-y-electricos\/"},"wordCount":100,"commentCount":0,"publisher":{"@id":"https:\/\/insia-upm.es\/#organization"},"articleSection":["Conferencia Automoci\u00f3n y del Master en Ingenier\u00eda de Veh\u00edculos H\u00edbridos y El\u00e9ctricos"],"inLanguage":"en-GB","potentialAction":[{"@type":"CommentAction","name":"Comment","target":["https:\/\/insia-upm.es\/ciclo-extraordinario-de-conferencias-del-master-ingenieria-de-automocion-y-del-master-en-ingenieria-de-vehiculos-hibridos-y-electricos\/#respond"]}]},{"@type":"WebPage","@id":"https:\/\/insia-upm.es\/ciclo-extraordinario-de-conferencias-del-master-ingenieria-de-automocion-y-del-master-en-ingenieria-de-vehiculos-hibridos-y-electricos\/","url":"https:\/\/insia-upm.es\/ciclo-extraordinario-de-conferencias-del-master-ingenieria-de-automocion-y-del-master-en-ingenieria-de-vehiculos-hibridos-y-electricos\/","name":"Ciclo extraordinario de conferencias del Master Ingenier\u00eda de Automoci\u00f3n y del Master en Ingenier\u00eda de Veh\u00edculos H\u00edbridos y El\u00e9ctricos - Instituto Universitario de Investigaci\u00f3n del Autom\u00f3vil Francisco Aparicio Izquierdo","isPartOf":{"@id":"https:\/\/insia-upm.es\/#website"},"datePublished":"2012-04-11T10:15:00+00:00","breadcrumb":{"@id":"https:\/\/insia-upm.es\/ciclo-extraordinario-de-conferencias-del-master-ingenieria-de-automocion-y-del-master-en-ingenieria-de-vehiculos-hibridos-y-electricos\/#breadcrumb"},"inLanguage":"en-GB","potentialAction":[{"@type":"ReadAction","target":["https:\/\/insia-upm.es\/ciclo-extraordinario-de-conferencias-del-master-ingenieria-de-automocion-y-del-master-en-ingenieria-de-vehiculos-hibridos-y-electricos\/"]}]},{"@type":"BreadcrumbList","@id":"https:\/\/insia-upm.es\/ciclo-extraordinario-de-conferencias-del-master-ingenieria-de-automocion-y-del-master-en-ingenieria-de-vehiculos-hibridos-y-electricos\/#breadcrumb","itemListElement":[{"@type":"ListItem","position":1,"name":"Portada","item":"https:\/\/insia-upm.es\/"},{"@type":"ListItem","position":2,"name":"Ciclo extraordinario de conferencias del Master Ingenier\u00eda de Automoci\u00f3n y del Master en Ingenier\u00eda de Veh\u00edculos H\u00edbridos y El\u00e9ctricos"}]},{"@type":"WebSite","@id":"https:\/\/insia-upm.es\/#website","url":"https:\/\/insia-upm.es\/","name":"Instituto Universitario de Investigaci\u00f3n del Autom\u00f3vil Francisco Aparicio Izquierdo","description":"Instituto de Investigaci\u00f3n del Autom\u00f3vil Francisco Aparicio Izquierdo","publisher":{"@id":"https:\/\/insia-upm.es\/#organization"},"potentialAction":[{"@type":"SearchAction","target":{"@type":"EntryPoint","urlTemplate":"https:\/\/insia-upm.es\/?s={search_term_string}"},"query-input":{"@type":"PropertyValueSpecification","valueRequired":true,"valueName":"search_term_string"}}],"inLanguage":"en-GB"},{"@type":"Organization","@id":"https:\/\/insia-upm.es\/#organization","name":"UPM-INSIA","url":"https:\/\/insia-upm.es\/","logo":{"@type":"ImageObject","inLanguage":"en-GB","@id":"https:\/\/insia-upm.es\/#\/schema\/logo\/image\/","url":"https:\/\/insia-upm.es\/wp-content\/uploads\/2021\/12\/logo-insia-low-e1412177316550.png","contentUrl":"https:\/\/insia-upm.es\/wp-content\/uploads\/2021\/12\/logo-insia-low-e1412177316550.png","width":50,"height":71,"caption":"UPM-INSIA"},"image":{"@id":"https:\/\/insia-upm.es\/#\/schema\/logo\/image\/"},"sameAs":["https:\/\/x.com\/INSIAUPM","https:\/\/www.instagram.com\/insia.upm\/","https:\/\/www.linkedin.com\/in\/insia-instituto-universitario-investigaci\u00f3n-9088635a\/","https:\/\/www.youtube.com\/user\/gestionidi"]},{"@type":"Person","@id":"https:\/\/insia-upm.es\/#\/schema\/person\/ea86956259a9cb1c71947e50fada3117","name":"desarrollo","image":{"@type":"ImageObject","inLanguage":"en-GB","@id":"https:\/\/secure.gravatar.com\/avatar\/adcd1146e74a083903bd51ea0ac5e00b3905e9c35fc0c1b39da8534ca17f7257?s=96&d=mm&r=g","url":"https:\/\/secure.gravatar.com\/avatar\/adcd1146e74a083903bd51ea0ac5e00b3905e9c35fc0c1b39da8534ca17f7257?s=96&d=mm&r=g","contentUrl":"https:\/\/secure.gravatar.com\/avatar\/adcd1146e74a083903bd51ea0ac5e00b3905e9c35fc0c1b39da8534ca17f7257?s=96&d=mm&r=g","caption":"desarrollo"},"sameAs":["https:\/\/insia-upm.es"],"url":"https:\/\/insia-upm.es\/en\/author\/desarrollo\/"}]}},"_links":{"self":[{"href":"https:\/\/insia-upm.es\/en\/wp-json\/wp\/v2\/posts\/11061","targetHints":{"allow":["GET"]}}],"collection":[{"href":"https:\/\/insia-upm.es\/en\/wp-json\/wp\/v2\/posts"}],"about":[{"href":"https:\/\/insia-upm.es\/en\/wp-json\/wp\/v2\/types\/post"}],"author":[{"embeddable":true,"href":"https:\/\/insia-upm.es\/en\/wp-json\/wp\/v2\/users\/1"}],"replies":[{"embeddable":true,"href":"https:\/\/insia-upm.es\/en\/wp-json\/wp\/v2\/comments?post=11061"}],"version-history":[{"count":0,"href":"https:\/\/insia-upm.es\/en\/wp-json\/wp\/v2\/posts\/11061\/revisions"}],"wp:attachment":[{"href":"https:\/\/insia-upm.es\/en\/wp-json\/wp\/v2\/media?parent=11061"}],"wp:term":[{"taxonomy":"category","embeddable":true,"href":"https:\/\/insia-upm.es\/en\/wp-json\/wp\/v2\/categories?post=11061"},{"taxonomy":"post_tag","embeddable":true,"href":"https:\/\/insia-upm.es\/en\/wp-json\/wp\/v2\/tags?post=11061"}],"curies":[{"name":"wp","href":"https:\/\/api.w.org\/{rel}","templated":true}]}}