{"id":11045,"date":"2012-12-03T11:08:00","date_gmt":"2012-12-03T09:08:00","guid":{"rendered":"https:\/\/insia-upm.es\/jornada-catedra-ada-de-seguridad-de-los-vehiculos-y-del-trafico\/"},"modified":"2012-12-03T11:08:00","modified_gmt":"2012-12-03T09:08:00","slug":"jornada-catedra-ada-de-seguridad-de-los-vehiculos-y-del-trafico","status":"publish","type":"post","link":"https:\/\/insia-upm.es\/en\/jornada-catedra-ada-de-seguridad-de-los-vehiculos-y-del-trafico\/","title":{"rendered":"Jornada C\u00e1tedra ADA de Seguridad de los Veh\u00edculos y del Tr\u00e1fico"},"content":{"rendered":"<div style=\"margin: 0cm 0cm 0pt 37.5pt; text-align: justify;\"><span style=\"font-family: 'Garamond','serif';\"><span style=\"font-family: Times, &quot;Times New Roman&quot;, serif;\">Os informamos que pr\u00f3ximamente vamos a celebrar la <b>Jornada C\u00e1tedra ADA de Seguridad de los Veh\u00edculos y del Tr\u00e1fico<\/b>, que este a\u00f1o tendr\u00e1 como t\u00edtulo \u201cSEGURIDAD EN EL TRANSPORTE DE MENORES: INVESTIGACI\u00d3N, MEJORAS TECNOL\u00d3GICAS Y BUENAS PR\u00c1CTICAS\u201d. <o:p><\/o:p><\/span><\/span><\/div>\n<div style=\"margin: 0cm 0cm 0pt 37.5pt; text-align: justify;\"><\/div>\n<div style=\"margin: 0cm 0cm 0pt 37.5pt; text-align: justify;\"><span style=\"font-family: Times, &quot;Times New Roman&quot;, serif;\"><span style=\"font-family: 'Garamond','serif';\">La <b><i>C\u00e1tedra Ada<\/i><\/b> <b><i>de Seguridad de los Veh\u00edculos Autom\u00f3viles <\/i><\/b>se cre\u00f3 con la finalidad de fomentar el inter\u00e9s por la Seguridad de los Veh\u00edculos y del Tr\u00e1fico, como \u00e1rea de estudio e investigaci\u00f3n. Con este fin, la C\u00e1tedra Ada cada a\u00f1o organiza una Jornada Monogr\u00e1fica relacionada con la seguridad vial y cuya tem\u00e1tica resulte de inter\u00e9s general para la sociedad.<\/span><span style=\"font-family: 'Garamond','serif'; font-size: 11pt;\"><o:p><\/o:p><\/span><\/span><\/div>\n<div align=\"center\" style=\"margin: 0cm 0cm 0pt 37.5pt; text-align: center;\"><\/div>\n<div style=\"margin: 0cm 0cm 0pt 37.5pt;\"><span style=\"font-family: Times, &quot;Times New Roman&quot;, serif;\"><span style=\"font-family: 'Garamond','serif';\">Este a\u00f1o e<\/span><span style=\"color: windowtext; font-family: 'Garamond','serif';\">l acto ser\u00e1 presidido por <\/span><span style=\"font-family: 'Garamond','serif';\">&nbsp;<\/span><b><span style=\"color: windowtext; font-family: 'Garamond','serif';\">D<\/span><\/b><b><span style=\"font-family: 'Garamond','serif';\">\u00f1a<\/span><\/b><b><span style=\"color: windowtext; font-family: 'Garamond','serif';\">. <\/span><\/b><b><span style=\"font-family: 'Garamond','serif';\">Mar\u00eda Segu\u00ed<\/span><\/b><span style=\"color: windowtext; font-family: 'Garamond','serif';\">, Director<\/span><span style=\"font-family: 'Garamond','serif';\">a<\/span><span style=\"color: windowtext; font-family: 'Garamond','serif';\"> General de tr\u00e1fico y contaremos con la&nbsp; intervenci\u00f3n de varias personalidades relevantes del sector.<o:p><\/o:p><\/span><\/span><\/div>\n<div style=\"margin: 0cm 0cm 0pt 37.5pt; text-align: justify; text-indent: 35.45pt;\"><\/div>\n<div style=\"margin: 0cm 0cm 0pt 37.5pt; text-align: justify;\"><span style=\"font-family: 'Garamond','serif';\"><span style=\"font-family: Times, &quot;Times New Roman&quot;, serif;\">Dicha Jornada tendr\u00e1 lugar el pr\u00f3ximo <b>5 de diciembre a las 11\u00b445 horas<\/b> en el <b>Sal\u00f3n de Actos de la Escuela T\u00e9cnica Superior de Ingenieros Industriales<\/b> (Jos\u00e9 Guti\u00e9rrez Abascal, 2 \u2013 Madrid).<o:p><\/o:p><\/span><\/span><\/div>\n<div style=\"margin: 0cm 0cm 0pt 37.5pt; text-align: justify;\"><\/div>\n<div style=\"margin: 0cm 0cm 0pt 37.5pt; text-align: justify;\"><span style=\"font-family: 'Garamond','serif';\"><span style=\"font-family: Arial, Helvetica, sans-serif;\"><span style=\"font-family: Times, &quot;Times New Roman&quot;, serif;\">Os esperamos el pr\u00f3ximo mi\u00e9rcoles d\u00eda 5 de diciembre a todos aquellos que teng\u00e1is inter\u00e9s en asistir. Para m\u00e1s informaci\u00f3n os adjuntamos el programa de la Jornada<\/span>.<o:p><\/o:p><\/span><\/span><\/div>\n<div style=\"clear: both; text-align: center;\"><a href=\"https:\/\/insia-upm.es\/wp-content\/uploads\/2012\/12\/Diptico-JORNADA-ADA-2012_P-C3-A1gina_1.jpg\" style=\"margin-left: 1em; margin-right: 1em;\"><img loading=\"lazy\" decoding=\"async\" border=\"0\" height=\"115\" src=\"https:\/\/insia-upm.es\/wp-content\/uploads\/2012\/12\/Diptico-JORNADA-ADA-2012_P-C3-A1gina_1-300x87.jpg\" tea=\"true\" width=\"400\" \/><\/a><\/div>\n<p><\/p>\n<table align=\"center\" cellpadding=\"0\" cellspacing=\"0\" style=\"margin-left: auto; margin-right: auto; text-align: center;\">\n<tbody>\n<tr>\n<td style=\"text-align: center;\"><a href=\"https:\/\/insia-upm.es\/wp-content\/uploads\/2012\/12\/Diptico-JORNADA-ADA-2012_P-C3-A1gina_2.jpg\" style=\"margin-left: auto; margin-right: auto;\"><img loading=\"lazy\" decoding=\"async\" alt=\"\" border=\"0\" height=\"116\" src=\"https:\/\/insia-upm.es\/wp-content\/uploads\/2012\/12\/Diptico-JORNADA-ADA-2012_P-C3-A1gina_2-300x87.jpg\" tea=\"true\" title=\"Programa Jornada ADA\" width=\"400\" \/><\/a><\/td>\n<\/tr>\n<tr>\n<td style=\"text-align: center;\"><a href=\"https:\/\/insia-upm.es\/en\/documentos\/JORNADA_ADA_2012.pdf\/\" target=\"_blank\" rel=\"noopener\">Programa Jornada ADA 2012<\/a><\/td>\n<\/tr>\n<\/tbody>\n<\/table>","protected":false},"excerpt":{"rendered":"<p>Os informamos que pr\u00f3ximamente vamos a celebrar la Jornada C\u00e1tedra ADA de Seguridad de los Veh\u00edculos y del Tr\u00e1fico, que este a\u00f1o tendr\u00e1 como t\u00edtulo \u201cSEGURIDAD EN EL TRANSPORTE DE MENORES: INVESTIGACI\u00d3N, MEJORAS TECNOL\u00d3GICAS Y BUENAS PR\u00c1CTICAS\u201d. La C\u00e1tedra Ada de Seguridad de los Veh\u00edculos Autom\u00f3viles se cre\u00f3 con la finalidad de fomentar el inter\u00e9s [&hellip;]<\/p>\n","protected":false},"author":1,"featured_media":11115,"comment_status":"open","ping_status":"open","sticky":false,"template":"","format":"standard","meta":{"_et_pb_use_builder":"","_et_pb_old_content":"","_et_gb_content_width":"","_monsterinsights_skip_tracking":false,"_monsterinsights_sitenote_active":false,"_monsterinsights_sitenote_note":"","_monsterinsights_sitenote_category":0,"footnotes":""},"categories":[1],"tags":[],"class_list":["post-11045","post","type-post","status-publish","format-standard","has-post-thumbnail","hentry","category-uncategorized"],"yoast_head":"<!-- This site is optimized with the Yoast SEO plugin v27.5 - https:\/\/yoast.com\/product\/yoast-seo-wordpress\/ -->\n<title>Jornada C\u00e1tedra ADA de Seguridad de los Veh\u00edculos y del Tr\u00e1fico - Instituto Universitario de Investigaci\u00f3n del Autom\u00f3vil Francisco Aparicio Izquierdo<\/title>\n<meta name=\"robots\" content=\"index, follow, max-snippet:-1, max-image-preview:large, max-video-preview:-1\" \/>\n<link rel=\"canonical\" href=\"https:\/\/insia-upm.es\/en\/jornada-catedra-ada-de-seguridad-de-los-vehiculos-y-del-trafico\/\" \/>\n<meta property=\"og:locale\" content=\"en_GB\" \/>\n<meta property=\"og:type\" content=\"article\" \/>\n<meta property=\"og:title\" content=\"Jornada C\u00e1tedra ADA de Seguridad de los Veh\u00edculos y del Tr\u00e1fico - Instituto Universitario de Investigaci\u00f3n del Autom\u00f3vil Francisco Aparicio Izquierdo\" \/>\n<meta property=\"og:description\" content=\"Os informamos que pr\u00f3ximamente vamos a celebrar la Jornada C\u00e1tedra ADA de Seguridad de los Veh\u00edculos y del Tr\u00e1fico, que este a\u00f1o tendr\u00e1 como t\u00edtulo \u201cSEGURIDAD EN EL TRANSPORTE DE MENORES: INVESTIGACI\u00d3N, MEJORAS TECNOL\u00d3GICAS Y BUENAS PR\u00c1CTICAS\u201d. La C\u00e1tedra Ada de Seguridad de los Veh\u00edculos Autom\u00f3viles se cre\u00f3 con la finalidad de fomentar el inter\u00e9s [&hellip;]\" \/>\n<meta property=\"og:url\" content=\"https:\/\/insia-upm.es\/en\/jornada-catedra-ada-de-seguridad-de-los-vehiculos-y-del-trafico\/\" \/>\n<meta property=\"og:site_name\" content=\"Instituto Universitario de Investigaci\u00f3n del Autom\u00f3vil Francisco Aparicio Izquierdo\" \/>\n<meta property=\"article:published_time\" content=\"2012-12-03T09:08:00+00:00\" \/>\n<meta property=\"og:image\" content=\"https:\/\/insia-upm.es\/wp-content\/uploads\/2012\/12\/Diptico-JORNADA-ADA-2012_P-C3-A1gina_1.jpg\" \/>\n\t<meta property=\"og:image:width\" content=\"1024\" \/>\n\t<meta property=\"og:image:height\" content=\"300\" \/>\n\t<meta property=\"og:image:type\" content=\"image\/jpeg\" \/>\n<meta name=\"author\" content=\"desarrollo\" \/>\n<meta name=\"twitter:card\" content=\"summary_large_image\" \/>\n<meta name=\"twitter:creator\" content=\"@INSIAUPM\" \/>\n<meta name=\"twitter:site\" content=\"@INSIAUPM\" \/>\n<meta name=\"twitter:label1\" content=\"Written by\" \/>\n\t<meta name=\"twitter:data1\" content=\"desarrollo\" \/>\n\t<meta name=\"twitter:label2\" content=\"Estimated reading time\" \/>\n\t<meta name=\"twitter:data2\" content=\"1 minute\" \/>\n<script type=\"application\/ld+json\" class=\"yoast-schema-graph\">{\"@context\":\"https:\\\/\\\/schema.org\",\"@graph\":[{\"@type\":\"Article\",\"@id\":\"https:\\\/\\\/insia-upm.es\\\/jornada-catedra-ada-de-seguridad-de-los-vehiculos-y-del-trafico\\\/#article\",\"isPartOf\":{\"@id\":\"https:\\\/\\\/insia-upm.es\\\/jornada-catedra-ada-de-seguridad-de-los-vehiculos-y-del-trafico\\\/\"},\"author\":{\"name\":\"desarrollo\",\"@id\":\"https:\\\/\\\/insia-upm.es\\\/#\\\/schema\\\/person\\\/ea86956259a9cb1c71947e50fada3117\"},\"headline\":\"Jornada C\u00e1tedra ADA de Seguridad de los Veh\u00edculos y del Tr\u00e1fico\",\"datePublished\":\"2012-12-03T09:08:00+00:00\",\"mainEntityOfPage\":{\"@id\":\"https:\\\/\\\/insia-upm.es\\\/jornada-catedra-ada-de-seguridad-de-los-vehiculos-y-del-trafico\\\/\"},\"wordCount\":234,\"commentCount\":0,\"publisher\":{\"@id\":\"https:\\\/\\\/insia-upm.es\\\/#organization\"},\"image\":{\"@id\":\"https:\\\/\\\/insia-upm.es\\\/jornada-catedra-ada-de-seguridad-de-los-vehiculos-y-del-trafico\\\/#primaryimage\"},\"thumbnailUrl\":\"https:\\\/\\\/insia-upm.es\\\/wp-content\\\/uploads\\\/2012\\\/12\\\/Diptico-JORNADA-ADA-2012_P-C3-A1gina_1.jpg\",\"articleSection\":[\"Uncategorized\"],\"inLanguage\":\"en-GB\",\"potentialAction\":[{\"@type\":\"CommentAction\",\"name\":\"Comment\",\"target\":[\"https:\\\/\\\/insia-upm.es\\\/jornada-catedra-ada-de-seguridad-de-los-vehiculos-y-del-trafico\\\/#respond\"]}]},{\"@type\":\"WebPage\",\"@id\":\"https:\\\/\\\/insia-upm.es\\\/jornada-catedra-ada-de-seguridad-de-los-vehiculos-y-del-trafico\\\/\",\"url\":\"https:\\\/\\\/insia-upm.es\\\/jornada-catedra-ada-de-seguridad-de-los-vehiculos-y-del-trafico\\\/\",\"name\":\"Jornada C\u00e1tedra ADA de Seguridad de los Veh\u00edculos y del Tr\u00e1fico - Instituto Universitario de Investigaci\u00f3n del Autom\u00f3vil Francisco Aparicio Izquierdo\",\"isPartOf\":{\"@id\":\"https:\\\/\\\/insia-upm.es\\\/#website\"},\"primaryImageOfPage\":{\"@id\":\"https:\\\/\\\/insia-upm.es\\\/jornada-catedra-ada-de-seguridad-de-los-vehiculos-y-del-trafico\\\/#primaryimage\"},\"image\":{\"@id\":\"https:\\\/\\\/insia-upm.es\\\/jornada-catedra-ada-de-seguridad-de-los-vehiculos-y-del-trafico\\\/#primaryimage\"},\"thumbnailUrl\":\"https:\\\/\\\/insia-upm.es\\\/wp-content\\\/uploads\\\/2012\\\/12\\\/Diptico-JORNADA-ADA-2012_P-C3-A1gina_1.jpg\",\"datePublished\":\"2012-12-03T09:08:00+00:00\",\"breadcrumb\":{\"@id\":\"https:\\\/\\\/insia-upm.es\\\/jornada-catedra-ada-de-seguridad-de-los-vehiculos-y-del-trafico\\\/#breadcrumb\"},\"inLanguage\":\"en-GB\",\"potentialAction\":[{\"@type\":\"ReadAction\",\"target\":[\"https:\\\/\\\/insia-upm.es\\\/jornada-catedra-ada-de-seguridad-de-los-vehiculos-y-del-trafico\\\/\"]}]},{\"@type\":\"ImageObject\",\"inLanguage\":\"en-GB\",\"@id\":\"https:\\\/\\\/insia-upm.es\\\/jornada-catedra-ada-de-seguridad-de-los-vehiculos-y-del-trafico\\\/#primaryimage\",\"url\":\"https:\\\/\\\/insia-upm.es\\\/wp-content\\\/uploads\\\/2012\\\/12\\\/Diptico-JORNADA-ADA-2012_P-C3-A1gina_1.jpg\",\"contentUrl\":\"https:\\\/\\\/insia-upm.es\\\/wp-content\\\/uploads\\\/2012\\\/12\\\/Diptico-JORNADA-ADA-2012_P-C3-A1gina_1.jpg\",\"width\":1024,\"height\":300},{\"@type\":\"BreadcrumbList\",\"@id\":\"https:\\\/\\\/insia-upm.es\\\/jornada-catedra-ada-de-seguridad-de-los-vehiculos-y-del-trafico\\\/#breadcrumb\",\"itemListElement\":[{\"@type\":\"ListItem\",\"position\":1,\"name\":\"Portada\",\"item\":\"https:\\\/\\\/insia-upm.es\\\/\"},{\"@type\":\"ListItem\",\"position\":2,\"name\":\"Jornada C\u00e1tedra ADA de Seguridad de los Veh\u00edculos y del Tr\u00e1fico\"}]},{\"@type\":\"WebSite\",\"@id\":\"https:\\\/\\\/insia-upm.es\\\/#website\",\"url\":\"https:\\\/\\\/insia-upm.es\\\/\",\"name\":\"Instituto Universitario de Investigaci\u00f3n del Autom\u00f3vil Francisco Aparicio Izquierdo\",\"description\":\"Instituto de Investigaci\u00f3n del Autom\u00f3vil Francisco Aparicio Izquierdo\",\"publisher\":{\"@id\":\"https:\\\/\\\/insia-upm.es\\\/#organization\"},\"potentialAction\":[{\"@type\":\"SearchAction\",\"target\":{\"@type\":\"EntryPoint\",\"urlTemplate\":\"https:\\\/\\\/insia-upm.es\\\/?s={search_term_string}\"},\"query-input\":{\"@type\":\"PropertyValueSpecification\",\"valueRequired\":true,\"valueName\":\"search_term_string\"}}],\"inLanguage\":\"en-GB\"},{\"@type\":\"Organization\",\"@id\":\"https:\\\/\\\/insia-upm.es\\\/#organization\",\"name\":\"UPM-INSIA\",\"url\":\"https:\\\/\\\/insia-upm.es\\\/\",\"logo\":{\"@type\":\"ImageObject\",\"inLanguage\":\"en-GB\",\"@id\":\"https:\\\/\\\/insia-upm.es\\\/#\\\/schema\\\/logo\\\/image\\\/\",\"url\":\"https:\\\/\\\/insia-upm.es\\\/wp-content\\\/uploads\\\/2021\\\/12\\\/logo-insia-low-e1412177316550.png\",\"contentUrl\":\"https:\\\/\\\/insia-upm.es\\\/wp-content\\\/uploads\\\/2021\\\/12\\\/logo-insia-low-e1412177316550.png\",\"width\":50,\"height\":71,\"caption\":\"UPM-INSIA\"},\"image\":{\"@id\":\"https:\\\/\\\/insia-upm.es\\\/#\\\/schema\\\/logo\\\/image\\\/\"},\"sameAs\":[\"https:\\\/\\\/x.com\\\/INSIAUPM\",\"https:\\\/\\\/www.instagram.com\\\/insia.upm\\\/\",\"https:\\\/\\\/www.linkedin.com\\\/in\\\/insia-instituto-universitario-investigaci\u00f3n-9088635a\\\/\",\"https:\\\/\\\/www.youtube.com\\\/user\\\/gestionidi\"]},{\"@type\":\"Person\",\"@id\":\"https:\\\/\\\/insia-upm.es\\\/#\\\/schema\\\/person\\\/ea86956259a9cb1c71947e50fada3117\",\"name\":\"desarrollo\",\"image\":{\"@type\":\"ImageObject\",\"inLanguage\":\"en-GB\",\"@id\":\"https:\\\/\\\/secure.gravatar.com\\\/avatar\\\/adcd1146e74a083903bd51ea0ac5e00b3905e9c35fc0c1b39da8534ca17f7257?s=96&d=mm&r=g\",\"url\":\"https:\\\/\\\/secure.gravatar.com\\\/avatar\\\/adcd1146e74a083903bd51ea0ac5e00b3905e9c35fc0c1b39da8534ca17f7257?s=96&d=mm&r=g\",\"contentUrl\":\"https:\\\/\\\/secure.gravatar.com\\\/avatar\\\/adcd1146e74a083903bd51ea0ac5e00b3905e9c35fc0c1b39da8534ca17f7257?s=96&d=mm&r=g\",\"caption\":\"desarrollo\"},\"sameAs\":[\"https:\\\/\\\/insia-upm.es\"],\"url\":\"https:\\\/\\\/insia-upm.es\\\/en\\\/author\\\/desarrollo\\\/\"}]}<\/script>\n<!-- \/ Yoast SEO plugin. -->","yoast_head_json":{"title":"Jornada C\u00e1tedra ADA de Seguridad de los Veh\u00edculos y del Tr\u00e1fico - Instituto Universitario de Investigaci\u00f3n del Autom\u00f3vil Francisco Aparicio Izquierdo","robots":{"index":"index","follow":"follow","max-snippet":"max-snippet:-1","max-image-preview":"max-image-preview:large","max-video-preview":"max-video-preview:-1"},"canonical":"https:\/\/insia-upm.es\/en\/jornada-catedra-ada-de-seguridad-de-los-vehiculos-y-del-trafico\/","og_locale":"en_GB","og_type":"article","og_title":"Jornada C\u00e1tedra ADA de Seguridad de los Veh\u00edculos y del Tr\u00e1fico - Instituto Universitario de Investigaci\u00f3n del Autom\u00f3vil Francisco Aparicio Izquierdo","og_description":"Os informamos que pr\u00f3ximamente vamos a celebrar la Jornada C\u00e1tedra ADA de Seguridad de los Veh\u00edculos y del Tr\u00e1fico, que este a\u00f1o tendr\u00e1 como t\u00edtulo \u201cSEGURIDAD EN EL TRANSPORTE DE MENORES: INVESTIGACI\u00d3N, MEJORAS TECNOL\u00d3GICAS Y BUENAS PR\u00c1CTICAS\u201d. La C\u00e1tedra Ada de Seguridad de los Veh\u00edculos Autom\u00f3viles se cre\u00f3 con la finalidad de fomentar el inter\u00e9s [&hellip;]","og_url":"https:\/\/insia-upm.es\/en\/jornada-catedra-ada-de-seguridad-de-los-vehiculos-y-del-trafico\/","og_site_name":"Instituto Universitario de Investigaci\u00f3n del Autom\u00f3vil Francisco Aparicio Izquierdo","article_published_time":"2012-12-03T09:08:00+00:00","og_image":[{"width":1024,"height":300,"url":"https:\/\/insia-upm.es\/wp-content\/uploads\/2012\/12\/Diptico-JORNADA-ADA-2012_P-C3-A1gina_1.jpg","type":"image\/jpeg"}],"author":"desarrollo","twitter_card":"summary_large_image","twitter_creator":"@INSIAUPM","twitter_site":"@INSIAUPM","twitter_misc":{"Written by":"desarrollo","Estimated reading time":"1 minute"},"schema":{"@context":"https:\/\/schema.org","@graph":[{"@type":"Article","@id":"https:\/\/insia-upm.es\/jornada-catedra-ada-de-seguridad-de-los-vehiculos-y-del-trafico\/#article","isPartOf":{"@id":"https:\/\/insia-upm.es\/jornada-catedra-ada-de-seguridad-de-los-vehiculos-y-del-trafico\/"},"author":{"name":"desarrollo","@id":"https:\/\/insia-upm.es\/#\/schema\/person\/ea86956259a9cb1c71947e50fada3117"},"headline":"Jornada C\u00e1tedra ADA de Seguridad de los Veh\u00edculos y del Tr\u00e1fico","datePublished":"2012-12-03T09:08:00+00:00","mainEntityOfPage":{"@id":"https:\/\/insia-upm.es\/jornada-catedra-ada-de-seguridad-de-los-vehiculos-y-del-trafico\/"},"wordCount":234,"commentCount":0,"publisher":{"@id":"https:\/\/insia-upm.es\/#organization"},"image":{"@id":"https:\/\/insia-upm.es\/jornada-catedra-ada-de-seguridad-de-los-vehiculos-y-del-trafico\/#primaryimage"},"thumbnailUrl":"https:\/\/insia-upm.es\/wp-content\/uploads\/2012\/12\/Diptico-JORNADA-ADA-2012_P-C3-A1gina_1.jpg","articleSection":["Uncategorized"],"inLanguage":"en-GB","potentialAction":[{"@type":"CommentAction","name":"Comment","target":["https:\/\/insia-upm.es\/jornada-catedra-ada-de-seguridad-de-los-vehiculos-y-del-trafico\/#respond"]}]},{"@type":"WebPage","@id":"https:\/\/insia-upm.es\/jornada-catedra-ada-de-seguridad-de-los-vehiculos-y-del-trafico\/","url":"https:\/\/insia-upm.es\/jornada-catedra-ada-de-seguridad-de-los-vehiculos-y-del-trafico\/","name":"Jornada C\u00e1tedra ADA de Seguridad de los Veh\u00edculos y del Tr\u00e1fico - Instituto Universitario de Investigaci\u00f3n del Autom\u00f3vil Francisco Aparicio Izquierdo","isPartOf":{"@id":"https:\/\/insia-upm.es\/#website"},"primaryImageOfPage":{"@id":"https:\/\/insia-upm.es\/jornada-catedra-ada-de-seguridad-de-los-vehiculos-y-del-trafico\/#primaryimage"},"image":{"@id":"https:\/\/insia-upm.es\/jornada-catedra-ada-de-seguridad-de-los-vehiculos-y-del-trafico\/#primaryimage"},"thumbnailUrl":"https:\/\/insia-upm.es\/wp-content\/uploads\/2012\/12\/Diptico-JORNADA-ADA-2012_P-C3-A1gina_1.jpg","datePublished":"2012-12-03T09:08:00+00:00","breadcrumb":{"@id":"https:\/\/insia-upm.es\/jornada-catedra-ada-de-seguridad-de-los-vehiculos-y-del-trafico\/#breadcrumb"},"inLanguage":"en-GB","potentialAction":[{"@type":"ReadAction","target":["https:\/\/insia-upm.es\/jornada-catedra-ada-de-seguridad-de-los-vehiculos-y-del-trafico\/"]}]},{"@type":"ImageObject","inLanguage":"en-GB","@id":"https:\/\/insia-upm.es\/jornada-catedra-ada-de-seguridad-de-los-vehiculos-y-del-trafico\/#primaryimage","url":"https:\/\/insia-upm.es\/wp-content\/uploads\/2012\/12\/Diptico-JORNADA-ADA-2012_P-C3-A1gina_1.jpg","contentUrl":"https:\/\/insia-upm.es\/wp-content\/uploads\/2012\/12\/Diptico-JORNADA-ADA-2012_P-C3-A1gina_1.jpg","width":1024,"height":300},{"@type":"BreadcrumbList","@id":"https:\/\/insia-upm.es\/jornada-catedra-ada-de-seguridad-de-los-vehiculos-y-del-trafico\/#breadcrumb","itemListElement":[{"@type":"ListItem","position":1,"name":"Portada","item":"https:\/\/insia-upm.es\/"},{"@type":"ListItem","position":2,"name":"Jornada C\u00e1tedra ADA de Seguridad de los Veh\u00edculos y del Tr\u00e1fico"}]},{"@type":"WebSite","@id":"https:\/\/insia-upm.es\/#website","url":"https:\/\/insia-upm.es\/","name":"Instituto Universitario de Investigaci\u00f3n del Autom\u00f3vil Francisco Aparicio Izquierdo","description":"Instituto de Investigaci\u00f3n del Autom\u00f3vil Francisco Aparicio Izquierdo","publisher":{"@id":"https:\/\/insia-upm.es\/#organization"},"potentialAction":[{"@type":"SearchAction","target":{"@type":"EntryPoint","urlTemplate":"https:\/\/insia-upm.es\/?s={search_term_string}"},"query-input":{"@type":"PropertyValueSpecification","valueRequired":true,"valueName":"search_term_string"}}],"inLanguage":"en-GB"},{"@type":"Organization","@id":"https:\/\/insia-upm.es\/#organization","name":"UPM-INSIA","url":"https:\/\/insia-upm.es\/","logo":{"@type":"ImageObject","inLanguage":"en-GB","@id":"https:\/\/insia-upm.es\/#\/schema\/logo\/image\/","url":"https:\/\/insia-upm.es\/wp-content\/uploads\/2021\/12\/logo-insia-low-e1412177316550.png","contentUrl":"https:\/\/insia-upm.es\/wp-content\/uploads\/2021\/12\/logo-insia-low-e1412177316550.png","width":50,"height":71,"caption":"UPM-INSIA"},"image":{"@id":"https:\/\/insia-upm.es\/#\/schema\/logo\/image\/"},"sameAs":["https:\/\/x.com\/INSIAUPM","https:\/\/www.instagram.com\/insia.upm\/","https:\/\/www.linkedin.com\/in\/insia-instituto-universitario-investigaci\u00f3n-9088635a\/","https:\/\/www.youtube.com\/user\/gestionidi"]},{"@type":"Person","@id":"https:\/\/insia-upm.es\/#\/schema\/person\/ea86956259a9cb1c71947e50fada3117","name":"desarrollo","image":{"@type":"ImageObject","inLanguage":"en-GB","@id":"https:\/\/secure.gravatar.com\/avatar\/adcd1146e74a083903bd51ea0ac5e00b3905e9c35fc0c1b39da8534ca17f7257?s=96&d=mm&r=g","url":"https:\/\/secure.gravatar.com\/avatar\/adcd1146e74a083903bd51ea0ac5e00b3905e9c35fc0c1b39da8534ca17f7257?s=96&d=mm&r=g","contentUrl":"https:\/\/secure.gravatar.com\/avatar\/adcd1146e74a083903bd51ea0ac5e00b3905e9c35fc0c1b39da8534ca17f7257?s=96&d=mm&r=g","caption":"desarrollo"},"sameAs":["https:\/\/insia-upm.es"],"url":"https:\/\/insia-upm.es\/en\/author\/desarrollo\/"}]}},"_links":{"self":[{"href":"https:\/\/insia-upm.es\/en\/wp-json\/wp\/v2\/posts\/11045","targetHints":{"allow":["GET"]}}],"collection":[{"href":"https:\/\/insia-upm.es\/en\/wp-json\/wp\/v2\/posts"}],"about":[{"href":"https:\/\/insia-upm.es\/en\/wp-json\/wp\/v2\/types\/post"}],"author":[{"embeddable":true,"href":"https:\/\/insia-upm.es\/en\/wp-json\/wp\/v2\/users\/1"}],"replies":[{"embeddable":true,"href":"https:\/\/insia-upm.es\/en\/wp-json\/wp\/v2\/comments?post=11045"}],"version-history":[{"count":0,"href":"https:\/\/insia-upm.es\/en\/wp-json\/wp\/v2\/posts\/11045\/revisions"}],"wp:featuredmedia":[{"embeddable":true,"href":"https:\/\/insia-upm.es\/en\/wp-json\/wp\/v2\/media\/11115"}],"wp:attachment":[{"href":"https:\/\/insia-upm.es\/en\/wp-json\/wp\/v2\/media?parent=11045"}],"wp:term":[{"taxonomy":"category","embeddable":true,"href":"https:\/\/insia-upm.es\/en\/wp-json\/wp\/v2\/categories?post=11045"},{"taxonomy":"post_tag","embeddable":true,"href":"https:\/\/insia-upm.es\/en\/wp-json\/wp\/v2\/tags?post=11045"}],"curies":[{"name":"wp","href":"https:\/\/api.w.org\/{rel}","templated":true}]}}