{"id":11043,"date":"2012-12-13T17:25:00","date_gmt":"2012-12-13T15:25:00","guid":{"rendered":"https:\/\/insia-upm.es\/catedra-ada-de-seguridad-de-los-vehiculos-y-del-trafico-2012\/"},"modified":"2012-12-13T17:25:00","modified_gmt":"2012-12-13T15:25:00","slug":"catedra-ada-de-seguridad-de-los-vehiculos-y-del-trafico-2012","status":"publish","type":"post","link":"https:\/\/insia-upm.es\/en\/catedra-ada-de-seguridad-de-los-vehiculos-y-del-trafico-2012\/","title":{"rendered":"C\u00c1TEDRA ADA DE SEGURIDAD DE LOS VEH\u00cdCULOS Y DEL TR\u00c1FICO  2012"},"content":{"rendered":"<div style=\"clear: both; text-align: center;\"><\/div>\n<p><\/p>\n<div style=\"clear: both; text-align: center;\"><\/div>\n<p><\/p>\n<div style=\"text-align: justify; text-indent: 35.45pt;\"><span style=\"font-family: &quot;Arial&quot;,&quot;sans-serif&quot;; font-size: 11.0pt; mso-bidi-font-weight: bold;\">El pasado Mi\u00e9rcoles, d\u00eda 5 de diciembre de 2012, a las 11.45 horas, se celebr\u00f3 la <b>XVII Jornada de la C\u00e1tedra ADA de Seguridad de los Veh\u00edculos y del Tr\u00e1fico <\/b>en el Sal\u00f3n de Actos de <st1:personname product w:st=\"on\">la Escuela T\u00e9cnica Superior<\/st1:personname> de Ingenieros Industriales (ETSII) de <st1:personname product w:st=\"on\">la Universidad Polit\u00e9cnica<\/st1:personname> de Madrid (UPM), este a\u00f1o con el tema monogr\u00e1fico <b><span style=\"color: #003366;\">\u201cLa Seguridad en el Transporte de Menores: Investigaci\u00f3n, Mejoras Tecnol\u00f3gicas y Buenas Pr\u00e1cticas\u201d<\/span><\/b><span style=\"color: #003366;\">. <\/span><\/span><span style=\"font-family: &quot;Arial&quot;,&quot;sans-serif&quot;; font-size: 11.0pt;\">Este a\u00f1o la Jornada ha tenido el objetivo de abordar el tema de la seguridad en el transporte de menores, abordando temas diversos, desde las diferentes l\u00edneas de investigaci\u00f3n que actualmente se est\u00e1n trabajando para mejorar la seguridad infantil en los distintos veh\u00edculos,&nbsp; as\u00ed los nuevos dise\u00f1os de butacas que se est\u00e1n desarrollando e incorporando al transporte de menores en los autocares, entre otros. Como no pod\u00eda ser de otra manera, la mesa redonda cont\u00f3 con la participaci\u00f3n de varias empresas del sector, como la EMT, ALSA y FAINSA, que nos hablaron sobre las buenas pr\u00e1cticas tanto en el transporte de menores como en el transporte de bebes.<\/span><\/div>\n<div style=\"text-align: justify; text-indent: 35.45pt;\"><span style=\"font-family: &quot;Arial&quot;,&quot;sans-serif&quot;; font-size: 11.0pt;\"><br \/><\/span><\/div>\n<div style=\"clear: both; text-align: center;\"><\/div>\n<table align=\"center\" cellpadding=\"0\" cellspacing=\"0\" style=\"margin-left: auto; margin-right: auto; text-align: center;\">\n<tbody>\n<tr>\n<td style=\"text-align: center;\"><a href=\"https:\/\/insia-upm.es\/wp-content\/uploads\/2012\/12\/ADA2012-4.jpg\" style=\"margin-left: auto; margin-right: auto;\"><img loading=\"lazy\" decoding=\"async\" border=\"0\" height=\"266\" src=\"https:\/\/insia-upm.es\/wp-content\/uploads\/2012\/12\/ADA2012-4-300x200.jpg\" width=\"400\" \/><\/a><\/td>\n<\/tr>\n<tr>\n<td style=\"text-align: center;\">Vista general del sal\u00f3n de Actos de la ETSII. Jornada ADA 2012.<\/td>\n<\/tr>\n<\/tbody>\n<\/table>\n<p><\/p>\n<div style=\"clear: both; text-align: center;\"><\/div>\n<div style=\"clear: both; text-align: center;\"><\/div>\n<p><span style=\"font-family: Arial, sans-serif; font-size: 11pt; text-align: justify;\">La Jornada estuvo presidida por <b>D\u00f1a. Mar\u00eda Segu\u00ed G\u00f3mez<\/b>, Directora de General de Tr\u00e1fico y cont\u00f3 con la presencia de <b>D\u00f1a. Elena Ag\u00fcero<\/b>, <\/span><span style=\"background-color: white; font-family: Arial, sans-serif; font-size: 11pt; text-align: justify;\">Fiscal Adscrita de Seguridad Vial,<\/span><span style=\"font-family: Arial, sans-serif; font-size: 11pt; text-align: justify;\"> <\/span><span lang=\"ES-TRAD\" style=\"font-family: Arial, sans-serif; font-size: 11pt; letter-spacing: -0.15pt; text-align: justify;\">en representaci\u00f3n del Fiscal General D. Bartolom\u00e9 Vargas.<\/span><\/p>\n<div style=\"clear: both; text-align: center;\"><a href=\"https:\/\/insia-upm.es\/wp-content\/uploads\/2012\/12\/ADA2012-1.jpg\" style=\"clear: left; float: left; margin-bottom: 1em; margin-right: 1em;\"><img loading=\"lazy\" decoding=\"async\" border=\"0\" height=\"186\" src=\"https:\/\/insia-upm.es\/wp-content\/uploads\/2012\/12\/ADA2012-1-300x174.jpg\" width=\"320\" \/><\/a><\/div>\n<p><span lang=\"ES-TRAD\" style=\"font-size: 11pt; letter-spacing: -0.15pt; text-align: justify;\"><br \/><\/span>  <\/p>\n<div style=\"text-align: justify;\"><span style=\"font-family: Arial, sans-serif; font-size: 11pt; text-indent: 35.45pt;\">Abri\u00f3 el acto<b> D. Jes\u00fas F\u00e9lez Mind\u00e1n<\/b>, Director de la ETSII-UPM, qui\u00e9n enfatiz\u00f3 la importancia de la realizaci\u00f3n de este tipo de jornadas t\u00e9cnicas. A continuaci\u00f3n D. <st1:personname product w:st=\"on\"><b>Francisco Aparicio  Izquierdo<\/b><\/st1:personname>, Director del Instituto Universitario de Investigaci\u00f3n del Autom\u00f3vil, INSIA y Catedr\u00e1tico de Transportes de la E.T.S.I.I-U.P.M,<\/span><span lang=\"ES-TRAD\" style=\"font-family: Arial, sans-serif; font-size: 11pt; letter-spacing: -0.15pt; text-indent: 35.45pt;\"> present\u00f3 la Jornada y moder\u00f3 la mesa redonda sobre Seguridad en el Transporte de Menores: Investigaci\u00f3n, Mejoras Tecnol\u00f3gicas y Buenas Pr\u00e1cticas.<\/span><span style=\"font-family: Arial, sans-serif; font-size: 11pt; text-indent: 35.45pt;\">&nbsp;<\/span><\/div>\n<div style=\"text-align: justify;\"><span style=\"font-family: Arial, sans-serif; font-size: 11pt; text-indent: 35.45pt;\"><br \/><\/span><\/div>\n<div style=\"text-align: justify;\"><\/div>\n<p><span style=\"font-family: &quot;Arial&quot;,&quot;sans-serif&quot;; font-size: 11.0pt;\">La jornada cont\u00f3 con la intervenci\u00f3n de varios expertos:<\/span><br \/><span style=\"font-family: &quot;Arial&quot;,&quot;sans-serif&quot;; font-size: 11.0pt;\"><br \/><\/span><\/p>\n<div style=\"clear: both; text-align: center;\"><\/div>\n<p><\/p>\n<div style=\"clear: both; text-align: center;\"><\/div>\n<p>&nbsp;<b style=\"text-indent: 35.45pt;\"><span style=\"font-family: &quot;Arial&quot;,&quot;sans-serif&quot;; font-size: 11.0pt;\">D. Luis Mart\u00ednez<\/span><\/b><span style=\"font-family: Arial, sans-serif; font-size: 11pt; text-indent: 35.45pt;\">, Director de la Unidad de Biomec\u00e1nica, Colisiones y Protecci\u00f3n de Usuarios, INSIA, imparti\u00f3 la ponencia <b><i>\u201cL\u00edneas de investigaci\u00f3n para mejorar la seguridad infantil en los distintos veh\u00edculos\u00bb<\/i><\/b><\/span><\/p>\n<div style=\"clear: both; text-align: center;\"><\/div>\n<div style=\"clear: both; text-align: center;\"><\/div>\n<table align=\"center\" cellpadding=\"0\" cellspacing=\"0\" style=\"margin-left: auto; margin-right: auto; text-align: center;\">\n<tbody>\n<tr>\n<td style=\"text-align: center;\"><a href=\"https:\/\/insia-upm.es\/wp-content\/uploads\/2012\/12\/XVI-31-.jpg\" style=\"clear: right; display: inline !important; margin-bottom: 1em; margin-left: auto; margin-right: auto; text-align: center; text-indent: 0px;\"><img loading=\"lazy\" decoding=\"async\" border=\"0\" height=\"133\" src=\"https:\/\/insia-upm.es\/wp-content\/uploads\/2012\/12\/XVI-31--300x200.jpg\" width=\"200\" \/><\/a><\/td>\n<\/tr>\n<tr>\n<td style=\"text-align: center;\">Luis Mart\u00ednez<\/p>\n<p><b style=\"font-size: medium; text-align: left; text-indent: 35.25pt;\"><span style=\"font-family: Arial, sans-serif; font-size: 11pt;\">D. Juan Angel Terr\u00f3n,&nbsp;<\/span><\/b><span style=\"font-family: Arial, sans-serif; font-size: 11pt; text-align: left; text-indent: 35.25pt;\">Director de Ingenier\u00eda<\/span><span style=\"font-family: Arial, sans-serif; font-size: 11pt; text-align: left; text-indent: 35.25pt;\">, EMT, imparti\u00f3 la ponencia<b><i>&nbsp;\u201cBuenas pr\u00e1cticas en el transporte de bebes. Experiencia de la EMT<\/i><\/b><\/span><b style=\"font-size: medium; text-align: left; text-indent: 35.25pt;\"><i><span style=\"font-family: Arial, sans-serif;\">\u201d<\/span><\/i><\/b><\/td>\n<\/tr>\n<\/tbody>\n<\/table>\n<table align=\"center\" cellpadding=\"0\" cellspacing=\"0\" style=\"margin-left: auto; margin-right: auto; text-align: center;\">\n<tbody>\n<tr>\n<td style=\"text-align: center;\"><a href=\"https:\/\/insia-upm.es\/wp-content\/uploads\/2012\/12\/XVI-252839-2529.jpg\" style=\"clear: right; margin-bottom: 1em; margin-left: auto; margin-right: auto; text-align: center;\"><img loading=\"lazy\" decoding=\"async\" border=\"0\" height=\"133\" src=\"https:\/\/insia-upm.es\/wp-content\/uploads\/2012\/12\/XVI-252839-2529-300x200.jpg\" width=\"200\" \/><\/a><\/td>\n<\/tr>\n<tr>\n<td style=\"text-align: center;\">Juan&nbsp;\u00c1ngel&nbsp;Terr\u00f3n<\/td>\n<\/tr>\n<\/tbody>\n<\/table>\n<p><b style=\"text-indent: 35.45pt;\"><span style=\"font-family: Arial, sans-serif; font-size: 11pt;\">D. Emiliano Gallego<\/span><\/b><span style=\"font-family: Arial, sans-serif; font-size: 11pt; text-indent: 35.45pt;\">, Director de Calidad, FAINSA, imparti\u00f3 la ponencia&nbsp;<b><i>\u201cButacas dise\u00f1adas para ni\u00f1os y adultos en autocares\u201d<\/i><\/b><\/span><\/p>\n<table align=\"center\" cellpadding=\"0\" cellspacing=\"0\" style=\"margin-left: auto; margin-right: auto; text-align: center;\">\n<tbody>\n<tr>\n<td style=\"text-align: center;\"><a href=\"https:\/\/insia-upm.es\/wp-content\/uploads\/2012\/12\/XVI-252837-2529.jpg\" style=\"margin-left: auto; margin-right: auto;\"><img loading=\"lazy\" decoding=\"async\" border=\"0\" height=\"133\" src=\"https:\/\/insia-upm.es\/wp-content\/uploads\/2012\/12\/XVI-252837-2529-300x200.jpg\" width=\"200\" \/><\/a><\/td>\n<\/tr>\n<tr>\n<td style=\"text-align: center;\"><span style=\"font-size: small; text-align: left; text-indent: 35.45pt;\"><span style=\"font-size: 11pt;\"><span style=\"font-family: inherit;\">Emiliano Gallego<\/span><\/span><\/span><\/td>\n<\/tr>\n<\/tbody>\n<\/table>\n<div style=\"clear: both; text-align: center;\"><b style=\"text-align: left; text-indent: 35.45pt;\"><span style=\"font-family: Arial, sans-serif; font-size: 11pt;\">D. Antonio Garc\u00eda,&nbsp;<\/span><\/b><span style=\"font-family: Arial, sans-serif; font-size: 11pt; text-align: left; text-indent: 35.45pt;\">Director T\u00e9cnico del Laboratorio de Seguridad Pasiva<\/span><span style=\"font-family: Arial, sans-serif; font-size: 11pt; text-align: left; text-indent: 35.45pt;\">, INSIA, imparti\u00f3 la ponencia \u201c<b>Mejora de sillitas infantiles. La experiencia de INSIA\u201d<\/b><\/span><\/div>\n<table align=\"center\" cellpadding=\"0\" cellspacing=\"0\" style=\"margin-left: auto; margin-right: auto; text-align: center;\">\n<tbody>\n<tr>\n<td style=\"text-align: center;\"><a href=\"https:\/\/insia-upm.es\/wp-content\/uploads\/2012\/12\/XVI-252843-2529.jpg\" style=\"margin-left: auto; margin-right: auto;\"><img loading=\"lazy\" decoding=\"async\" border=\"0\" height=\"133\" src=\"https:\/\/insia-upm.es\/wp-content\/uploads\/2012\/12\/XVI-252843-2529-300x200.jpg\" width=\"200\" \/><\/a><\/td>\n<\/tr>\n<tr>\n<td style=\"text-align: center;\">Antonio Garc\u00eda<\/td>\n<\/tr>\n<\/tbody>\n<\/table>\n<div style=\"clear: both; text-align: center;\"><\/div>\n<div style=\"text-align: center;\"><\/div>\n<div style=\"text-indent: 47.266666412353516px;\">&nbsp;<\/div>\n<div style=\"text-align: justify;\"><span style=\"font-family: Arial, sans-serif; font-size: 11pt; text-indent: 35.45pt;\"><br \/><\/span><\/div>","protected":false},"excerpt":{"rendered":"<p>El pasado Mi\u00e9rcoles, d\u00eda 5 de diciembre de 2012, a las 11.45 horas, se celebr\u00f3 la XVII Jornada de la C\u00e1tedra ADA de Seguridad de los Veh\u00edculos y del Tr\u00e1fico en el Sal\u00f3n de Actos de la Escuela T\u00e9cnica Superior de Ingenieros Industriales (ETSII) de la Universidad Polit\u00e9cnica de Madrid (UPM), este a\u00f1o con el [&hellip;]<\/p>\n","protected":false},"author":1,"featured_media":11108,"comment_status":"open","ping_status":"open","sticky":false,"template":"","format":"standard","meta":{"_et_pb_use_builder":"","_et_pb_old_content":"","_et_gb_content_width":"","_monsterinsights_skip_tracking":false,"_monsterinsights_sitenote_active":false,"_monsterinsights_sitenote_note":"","_monsterinsights_sitenote_category":0,"footnotes":""},"categories":[1],"tags":[],"class_list":["post-11043","post","type-post","status-publish","format-standard","has-post-thumbnail","hentry","category-uncategorized"],"yoast_head":"<!-- This site is optimized with the Yoast SEO plugin v27.5 - https:\/\/yoast.com\/product\/yoast-seo-wordpress\/ -->\n<title>C\u00c1TEDRA ADA DE SEGURIDAD DE LOS VEH\u00cdCULOS Y DEL TR\u00c1FICO 2012 - Instituto Universitario de Investigaci\u00f3n del Autom\u00f3vil Francisco Aparicio Izquierdo<\/title>\n<meta name=\"robots\" content=\"index, follow, max-snippet:-1, max-image-preview:large, max-video-preview:-1\" \/>\n<link rel=\"canonical\" href=\"https:\/\/insia-upm.es\/en\/catedra-ada-de-seguridad-de-los-vehiculos-y-del-trafico-2012\/\" \/>\n<meta property=\"og:locale\" content=\"en_GB\" \/>\n<meta property=\"og:type\" content=\"article\" \/>\n<meta property=\"og:title\" content=\"C\u00c1TEDRA ADA DE SEGURIDAD DE LOS VEH\u00cdCULOS Y DEL TR\u00c1FICO 2012 - Instituto Universitario de Investigaci\u00f3n del Autom\u00f3vil Francisco Aparicio Izquierdo\" \/>\n<meta property=\"og:description\" content=\"El pasado Mi\u00e9rcoles, d\u00eda 5 de diciembre de 2012, a las 11.45 horas, se celebr\u00f3 la XVII Jornada de la C\u00e1tedra ADA de Seguridad de los Veh\u00edculos y del Tr\u00e1fico en el Sal\u00f3n de Actos de la Escuela T\u00e9cnica Superior de Ingenieros Industriales (ETSII) de la Universidad Polit\u00e9cnica de Madrid (UPM), este a\u00f1o con el [&hellip;]\" \/>\n<meta property=\"og:url\" content=\"https:\/\/insia-upm.es\/en\/catedra-ada-de-seguridad-de-los-vehiculos-y-del-trafico-2012\/\" \/>\n<meta property=\"og:site_name\" content=\"Instituto Universitario de Investigaci\u00f3n del Autom\u00f3vil Francisco Aparicio Izquierdo\" \/>\n<meta property=\"article:published_time\" content=\"2012-12-13T15:25:00+00:00\" \/>\n<meta property=\"og:image\" content=\"https:\/\/insia-upm.es\/wp-content\/uploads\/2012\/12\/ADA2012-4.jpg\" \/>\n\t<meta property=\"og:image:width\" content=\"640\" \/>\n\t<meta property=\"og:image:height\" content=\"427\" \/>\n\t<meta property=\"og:image:type\" content=\"image\/jpeg\" \/>\n<meta name=\"author\" content=\"desarrollo\" \/>\n<meta name=\"twitter:card\" content=\"summary_large_image\" \/>\n<meta name=\"twitter:creator\" content=\"@INSIAUPM\" \/>\n<meta name=\"twitter:site\" content=\"@INSIAUPM\" \/>\n<meta name=\"twitter:label1\" content=\"Written by\" \/>\n\t<meta name=\"twitter:data1\" content=\"desarrollo\" \/>\n\t<meta name=\"twitter:label2\" content=\"Estimated reading time\" \/>\n\t<meta name=\"twitter:data2\" content=\"2 minutes\" \/>\n<script type=\"application\/ld+json\" class=\"yoast-schema-graph\">{\"@context\":\"https:\\\/\\\/schema.org\",\"@graph\":[{\"@type\":\"Article\",\"@id\":\"https:\\\/\\\/insia-upm.es\\\/catedra-ada-de-seguridad-de-los-vehiculos-y-del-trafico-2012\\\/#article\",\"isPartOf\":{\"@id\":\"https:\\\/\\\/insia-upm.es\\\/catedra-ada-de-seguridad-de-los-vehiculos-y-del-trafico-2012\\\/\"},\"author\":{\"name\":\"desarrollo\",\"@id\":\"https:\\\/\\\/insia-upm.es\\\/#\\\/schema\\\/person\\\/ea86956259a9cb1c71947e50fada3117\"},\"headline\":\"C\u00c1TEDRA ADA DE SEGURIDAD DE LOS VEH\u00cdCULOS Y DEL TR\u00c1FICO 2012\",\"datePublished\":\"2012-12-13T15:25:00+00:00\",\"mainEntityOfPage\":{\"@id\":\"https:\\\/\\\/insia-upm.es\\\/catedra-ada-de-seguridad-de-los-vehiculos-y-del-trafico-2012\\\/\"},\"wordCount\":489,\"commentCount\":0,\"publisher\":{\"@id\":\"https:\\\/\\\/insia-upm.es\\\/#organization\"},\"image\":{\"@id\":\"https:\\\/\\\/insia-upm.es\\\/catedra-ada-de-seguridad-de-los-vehiculos-y-del-trafico-2012\\\/#primaryimage\"},\"thumbnailUrl\":\"https:\\\/\\\/insia-upm.es\\\/wp-content\\\/uploads\\\/2012\\\/12\\\/ADA2012-4.jpg\",\"articleSection\":[\"Uncategorized\"],\"inLanguage\":\"en-GB\",\"potentialAction\":[{\"@type\":\"CommentAction\",\"name\":\"Comment\",\"target\":[\"https:\\\/\\\/insia-upm.es\\\/catedra-ada-de-seguridad-de-los-vehiculos-y-del-trafico-2012\\\/#respond\"]}]},{\"@type\":\"WebPage\",\"@id\":\"https:\\\/\\\/insia-upm.es\\\/catedra-ada-de-seguridad-de-los-vehiculos-y-del-trafico-2012\\\/\",\"url\":\"https:\\\/\\\/insia-upm.es\\\/catedra-ada-de-seguridad-de-los-vehiculos-y-del-trafico-2012\\\/\",\"name\":\"C\u00c1TEDRA ADA DE SEGURIDAD DE LOS VEH\u00cdCULOS Y DEL TR\u00c1FICO 2012 - Instituto Universitario de Investigaci\u00f3n del Autom\u00f3vil Francisco Aparicio Izquierdo\",\"isPartOf\":{\"@id\":\"https:\\\/\\\/insia-upm.es\\\/#website\"},\"primaryImageOfPage\":{\"@id\":\"https:\\\/\\\/insia-upm.es\\\/catedra-ada-de-seguridad-de-los-vehiculos-y-del-trafico-2012\\\/#primaryimage\"},\"image\":{\"@id\":\"https:\\\/\\\/insia-upm.es\\\/catedra-ada-de-seguridad-de-los-vehiculos-y-del-trafico-2012\\\/#primaryimage\"},\"thumbnailUrl\":\"https:\\\/\\\/insia-upm.es\\\/wp-content\\\/uploads\\\/2012\\\/12\\\/ADA2012-4.jpg\",\"datePublished\":\"2012-12-13T15:25:00+00:00\",\"breadcrumb\":{\"@id\":\"https:\\\/\\\/insia-upm.es\\\/catedra-ada-de-seguridad-de-los-vehiculos-y-del-trafico-2012\\\/#breadcrumb\"},\"inLanguage\":\"en-GB\",\"potentialAction\":[{\"@type\":\"ReadAction\",\"target\":[\"https:\\\/\\\/insia-upm.es\\\/catedra-ada-de-seguridad-de-los-vehiculos-y-del-trafico-2012\\\/\"]}]},{\"@type\":\"ImageObject\",\"inLanguage\":\"en-GB\",\"@id\":\"https:\\\/\\\/insia-upm.es\\\/catedra-ada-de-seguridad-de-los-vehiculos-y-del-trafico-2012\\\/#primaryimage\",\"url\":\"https:\\\/\\\/insia-upm.es\\\/wp-content\\\/uploads\\\/2012\\\/12\\\/ADA2012-4.jpg\",\"contentUrl\":\"https:\\\/\\\/insia-upm.es\\\/wp-content\\\/uploads\\\/2012\\\/12\\\/ADA2012-4.jpg\",\"width\":640,\"height\":427},{\"@type\":\"BreadcrumbList\",\"@id\":\"https:\\\/\\\/insia-upm.es\\\/catedra-ada-de-seguridad-de-los-vehiculos-y-del-trafico-2012\\\/#breadcrumb\",\"itemListElement\":[{\"@type\":\"ListItem\",\"position\":1,\"name\":\"Portada\",\"item\":\"https:\\\/\\\/insia-upm.es\\\/\"},{\"@type\":\"ListItem\",\"position\":2,\"name\":\"C\u00c1TEDRA ADA DE SEGURIDAD DE LOS VEH\u00cdCULOS Y DEL TR\u00c1FICO 2012\"}]},{\"@type\":\"WebSite\",\"@id\":\"https:\\\/\\\/insia-upm.es\\\/#website\",\"url\":\"https:\\\/\\\/insia-upm.es\\\/\",\"name\":\"Instituto Universitario de Investigaci\u00f3n del Autom\u00f3vil Francisco Aparicio Izquierdo\",\"description\":\"Instituto de Investigaci\u00f3n del Autom\u00f3vil Francisco Aparicio Izquierdo\",\"publisher\":{\"@id\":\"https:\\\/\\\/insia-upm.es\\\/#organization\"},\"potentialAction\":[{\"@type\":\"SearchAction\",\"target\":{\"@type\":\"EntryPoint\",\"urlTemplate\":\"https:\\\/\\\/insia-upm.es\\\/?s={search_term_string}\"},\"query-input\":{\"@type\":\"PropertyValueSpecification\",\"valueRequired\":true,\"valueName\":\"search_term_string\"}}],\"inLanguage\":\"en-GB\"},{\"@type\":\"Organization\",\"@id\":\"https:\\\/\\\/insia-upm.es\\\/#organization\",\"name\":\"UPM-INSIA\",\"url\":\"https:\\\/\\\/insia-upm.es\\\/\",\"logo\":{\"@type\":\"ImageObject\",\"inLanguage\":\"en-GB\",\"@id\":\"https:\\\/\\\/insia-upm.es\\\/#\\\/schema\\\/logo\\\/image\\\/\",\"url\":\"https:\\\/\\\/insia-upm.es\\\/wp-content\\\/uploads\\\/2021\\\/12\\\/logo-insia-low-e1412177316550.png\",\"contentUrl\":\"https:\\\/\\\/insia-upm.es\\\/wp-content\\\/uploads\\\/2021\\\/12\\\/logo-insia-low-e1412177316550.png\",\"width\":50,\"height\":71,\"caption\":\"UPM-INSIA\"},\"image\":{\"@id\":\"https:\\\/\\\/insia-upm.es\\\/#\\\/schema\\\/logo\\\/image\\\/\"},\"sameAs\":[\"https:\\\/\\\/x.com\\\/INSIAUPM\",\"https:\\\/\\\/www.instagram.com\\\/insia.upm\\\/\",\"https:\\\/\\\/www.linkedin.com\\\/in\\\/insia-instituto-universitario-investigaci\u00f3n-9088635a\\\/\",\"https:\\\/\\\/www.youtube.com\\\/user\\\/gestionidi\"]},{\"@type\":\"Person\",\"@id\":\"https:\\\/\\\/insia-upm.es\\\/#\\\/schema\\\/person\\\/ea86956259a9cb1c71947e50fada3117\",\"name\":\"desarrollo\",\"image\":{\"@type\":\"ImageObject\",\"inLanguage\":\"en-GB\",\"@id\":\"https:\\\/\\\/secure.gravatar.com\\\/avatar\\\/adcd1146e74a083903bd51ea0ac5e00b3905e9c35fc0c1b39da8534ca17f7257?s=96&d=mm&r=g\",\"url\":\"https:\\\/\\\/secure.gravatar.com\\\/avatar\\\/adcd1146e74a083903bd51ea0ac5e00b3905e9c35fc0c1b39da8534ca17f7257?s=96&d=mm&r=g\",\"contentUrl\":\"https:\\\/\\\/secure.gravatar.com\\\/avatar\\\/adcd1146e74a083903bd51ea0ac5e00b3905e9c35fc0c1b39da8534ca17f7257?s=96&d=mm&r=g\",\"caption\":\"desarrollo\"},\"sameAs\":[\"https:\\\/\\\/insia-upm.es\"],\"url\":\"https:\\\/\\\/insia-upm.es\\\/en\\\/author\\\/desarrollo\\\/\"}]}<\/script>\n<!-- \/ Yoast SEO plugin. -->","yoast_head_json":{"title":"C\u00c1TEDRA ADA DE SEGURIDAD DE LOS VEH\u00cdCULOS Y DEL TR\u00c1FICO 2012 - Instituto Universitario de Investigaci\u00f3n del Autom\u00f3vil Francisco Aparicio Izquierdo","robots":{"index":"index","follow":"follow","max-snippet":"max-snippet:-1","max-image-preview":"max-image-preview:large","max-video-preview":"max-video-preview:-1"},"canonical":"https:\/\/insia-upm.es\/en\/catedra-ada-de-seguridad-de-los-vehiculos-y-del-trafico-2012\/","og_locale":"en_GB","og_type":"article","og_title":"C\u00c1TEDRA ADA DE SEGURIDAD DE LOS VEH\u00cdCULOS Y DEL TR\u00c1FICO 2012 - Instituto Universitario de Investigaci\u00f3n del Autom\u00f3vil Francisco Aparicio Izquierdo","og_description":"El pasado Mi\u00e9rcoles, d\u00eda 5 de diciembre de 2012, a las 11.45 horas, se celebr\u00f3 la XVII Jornada de la C\u00e1tedra ADA de Seguridad de los Veh\u00edculos y del Tr\u00e1fico en el Sal\u00f3n de Actos de la Escuela T\u00e9cnica Superior de Ingenieros Industriales (ETSII) de la Universidad Polit\u00e9cnica de Madrid (UPM), este a\u00f1o con el [&hellip;]","og_url":"https:\/\/insia-upm.es\/en\/catedra-ada-de-seguridad-de-los-vehiculos-y-del-trafico-2012\/","og_site_name":"Instituto Universitario de Investigaci\u00f3n del Autom\u00f3vil Francisco Aparicio Izquierdo","article_published_time":"2012-12-13T15:25:00+00:00","og_image":[{"width":640,"height":427,"url":"https:\/\/insia-upm.es\/wp-content\/uploads\/2012\/12\/ADA2012-4.jpg","type":"image\/jpeg"}],"author":"desarrollo","twitter_card":"summary_large_image","twitter_creator":"@INSIAUPM","twitter_site":"@INSIAUPM","twitter_misc":{"Written by":"desarrollo","Estimated reading time":"2 minutes"},"schema":{"@context":"https:\/\/schema.org","@graph":[{"@type":"Article","@id":"https:\/\/insia-upm.es\/catedra-ada-de-seguridad-de-los-vehiculos-y-del-trafico-2012\/#article","isPartOf":{"@id":"https:\/\/insia-upm.es\/catedra-ada-de-seguridad-de-los-vehiculos-y-del-trafico-2012\/"},"author":{"name":"desarrollo","@id":"https:\/\/insia-upm.es\/#\/schema\/person\/ea86956259a9cb1c71947e50fada3117"},"headline":"C\u00c1TEDRA ADA DE SEGURIDAD DE LOS VEH\u00cdCULOS Y DEL TR\u00c1FICO 2012","datePublished":"2012-12-13T15:25:00+00:00","mainEntityOfPage":{"@id":"https:\/\/insia-upm.es\/catedra-ada-de-seguridad-de-los-vehiculos-y-del-trafico-2012\/"},"wordCount":489,"commentCount":0,"publisher":{"@id":"https:\/\/insia-upm.es\/#organization"},"image":{"@id":"https:\/\/insia-upm.es\/catedra-ada-de-seguridad-de-los-vehiculos-y-del-trafico-2012\/#primaryimage"},"thumbnailUrl":"https:\/\/insia-upm.es\/wp-content\/uploads\/2012\/12\/ADA2012-4.jpg","articleSection":["Uncategorized"],"inLanguage":"en-GB","potentialAction":[{"@type":"CommentAction","name":"Comment","target":["https:\/\/insia-upm.es\/catedra-ada-de-seguridad-de-los-vehiculos-y-del-trafico-2012\/#respond"]}]},{"@type":"WebPage","@id":"https:\/\/insia-upm.es\/catedra-ada-de-seguridad-de-los-vehiculos-y-del-trafico-2012\/","url":"https:\/\/insia-upm.es\/catedra-ada-de-seguridad-de-los-vehiculos-y-del-trafico-2012\/","name":"C\u00c1TEDRA ADA DE SEGURIDAD DE LOS VEH\u00cdCULOS Y DEL TR\u00c1FICO 2012 - Instituto Universitario de Investigaci\u00f3n del Autom\u00f3vil Francisco Aparicio Izquierdo","isPartOf":{"@id":"https:\/\/insia-upm.es\/#website"},"primaryImageOfPage":{"@id":"https:\/\/insia-upm.es\/catedra-ada-de-seguridad-de-los-vehiculos-y-del-trafico-2012\/#primaryimage"},"image":{"@id":"https:\/\/insia-upm.es\/catedra-ada-de-seguridad-de-los-vehiculos-y-del-trafico-2012\/#primaryimage"},"thumbnailUrl":"https:\/\/insia-upm.es\/wp-content\/uploads\/2012\/12\/ADA2012-4.jpg","datePublished":"2012-12-13T15:25:00+00:00","breadcrumb":{"@id":"https:\/\/insia-upm.es\/catedra-ada-de-seguridad-de-los-vehiculos-y-del-trafico-2012\/#breadcrumb"},"inLanguage":"en-GB","potentialAction":[{"@type":"ReadAction","target":["https:\/\/insia-upm.es\/catedra-ada-de-seguridad-de-los-vehiculos-y-del-trafico-2012\/"]}]},{"@type":"ImageObject","inLanguage":"en-GB","@id":"https:\/\/insia-upm.es\/catedra-ada-de-seguridad-de-los-vehiculos-y-del-trafico-2012\/#primaryimage","url":"https:\/\/insia-upm.es\/wp-content\/uploads\/2012\/12\/ADA2012-4.jpg","contentUrl":"https:\/\/insia-upm.es\/wp-content\/uploads\/2012\/12\/ADA2012-4.jpg","width":640,"height":427},{"@type":"BreadcrumbList","@id":"https:\/\/insia-upm.es\/catedra-ada-de-seguridad-de-los-vehiculos-y-del-trafico-2012\/#breadcrumb","itemListElement":[{"@type":"ListItem","position":1,"name":"Portada","item":"https:\/\/insia-upm.es\/"},{"@type":"ListItem","position":2,"name":"C\u00c1TEDRA ADA DE SEGURIDAD DE LOS VEH\u00cdCULOS Y DEL TR\u00c1FICO 2012"}]},{"@type":"WebSite","@id":"https:\/\/insia-upm.es\/#website","url":"https:\/\/insia-upm.es\/","name":"Instituto Universitario de Investigaci\u00f3n del Autom\u00f3vil Francisco Aparicio Izquierdo","description":"Instituto de Investigaci\u00f3n del Autom\u00f3vil Francisco Aparicio Izquierdo","publisher":{"@id":"https:\/\/insia-upm.es\/#organization"},"potentialAction":[{"@type":"SearchAction","target":{"@type":"EntryPoint","urlTemplate":"https:\/\/insia-upm.es\/?s={search_term_string}"},"query-input":{"@type":"PropertyValueSpecification","valueRequired":true,"valueName":"search_term_string"}}],"inLanguage":"en-GB"},{"@type":"Organization","@id":"https:\/\/insia-upm.es\/#organization","name":"UPM-INSIA","url":"https:\/\/insia-upm.es\/","logo":{"@type":"ImageObject","inLanguage":"en-GB","@id":"https:\/\/insia-upm.es\/#\/schema\/logo\/image\/","url":"https:\/\/insia-upm.es\/wp-content\/uploads\/2021\/12\/logo-insia-low-e1412177316550.png","contentUrl":"https:\/\/insia-upm.es\/wp-content\/uploads\/2021\/12\/logo-insia-low-e1412177316550.png","width":50,"height":71,"caption":"UPM-INSIA"},"image":{"@id":"https:\/\/insia-upm.es\/#\/schema\/logo\/image\/"},"sameAs":["https:\/\/x.com\/INSIAUPM","https:\/\/www.instagram.com\/insia.upm\/","https:\/\/www.linkedin.com\/in\/insia-instituto-universitario-investigaci\u00f3n-9088635a\/","https:\/\/www.youtube.com\/user\/gestionidi"]},{"@type":"Person","@id":"https:\/\/insia-upm.es\/#\/schema\/person\/ea86956259a9cb1c71947e50fada3117","name":"desarrollo","image":{"@type":"ImageObject","inLanguage":"en-GB","@id":"https:\/\/secure.gravatar.com\/avatar\/adcd1146e74a083903bd51ea0ac5e00b3905e9c35fc0c1b39da8534ca17f7257?s=96&d=mm&r=g","url":"https:\/\/secure.gravatar.com\/avatar\/adcd1146e74a083903bd51ea0ac5e00b3905e9c35fc0c1b39da8534ca17f7257?s=96&d=mm&r=g","contentUrl":"https:\/\/secure.gravatar.com\/avatar\/adcd1146e74a083903bd51ea0ac5e00b3905e9c35fc0c1b39da8534ca17f7257?s=96&d=mm&r=g","caption":"desarrollo"},"sameAs":["https:\/\/insia-upm.es"],"url":"https:\/\/insia-upm.es\/en\/author\/desarrollo\/"}]}},"_links":{"self":[{"href":"https:\/\/insia-upm.es\/en\/wp-json\/wp\/v2\/posts\/11043","targetHints":{"allow":["GET"]}}],"collection":[{"href":"https:\/\/insia-upm.es\/en\/wp-json\/wp\/v2\/posts"}],"about":[{"href":"https:\/\/insia-upm.es\/en\/wp-json\/wp\/v2\/types\/post"}],"author":[{"embeddable":true,"href":"https:\/\/insia-upm.es\/en\/wp-json\/wp\/v2\/users\/1"}],"replies":[{"embeddable":true,"href":"https:\/\/insia-upm.es\/en\/wp-json\/wp\/v2\/comments?post=11043"}],"version-history":[{"count":0,"href":"https:\/\/insia-upm.es\/en\/wp-json\/wp\/v2\/posts\/11043\/revisions"}],"wp:featuredmedia":[{"embeddable":true,"href":"https:\/\/insia-upm.es\/en\/wp-json\/wp\/v2\/media\/11108"}],"wp:attachment":[{"href":"https:\/\/insia-upm.es\/en\/wp-json\/wp\/v2\/media?parent=11043"}],"wp:term":[{"taxonomy":"category","embeddable":true,"href":"https:\/\/insia-upm.es\/en\/wp-json\/wp\/v2\/categories?post=11043"},{"taxonomy":"post_tag","embeddable":true,"href":"https:\/\/insia-upm.es\/en\/wp-json\/wp\/v2\/tags?post=11043"}],"curies":[{"name":"wp","href":"https:\/\/api.w.org\/{rel}","templated":true}]}}