{"id":11042,"date":"2013-02-06T13:29:00","date_gmt":"2013-02-06T11:29:00","guid":{"rendered":"https:\/\/insia-upm.es\/el-insia-cumple-20-anos\/"},"modified":"2013-02-06T13:29:00","modified_gmt":"2013-02-06T11:29:00","slug":"el-insia-cumple-20-anos","status":"publish","type":"post","link":"https:\/\/insia-upm.es\/en\/el-insia-cumple-20-anos\/","title":{"rendered":"EL INSIA CUMPLE 20 A\u00d1OS"},"content":{"rendered":"<div style=\"clear: both; text-align: center;\"><\/div>\n<div style=\"clear: both; text-align: center;\"><a href=\"https:\/\/insia-upm.es\/wp-content\/uploads\/2013\/02\/LOGO-INSIA-20ANIV-Mod01-Def-lowDef1.jpg\" style=\"clear: left; cssfloat: left; float: left; margin-bottom: 1em; margin-right: 1em;\"><img loading=\"lazy\" decoding=\"async\" alt=\"20 ANIVERSARIO DEL INSIA\" border=\"0\" height=\"226\" jea=\"true\" src=\"https:\/\/insia-upm.es\/wp-content\/uploads\/2013\/02\/LOGO-INSIA-20ANIV-Mod01-Def-lowDef1-300x212.jpg\" title=\"INSIA LOGO 20 A\u00d1OS\" width=\"320\" \/><\/a><\/div>\n<div 0cm=\"\" 10pt=\"\" 130=\"\" 17.85pt=\"\" align=\"justify\" justify=\"\" line-height:=\"\" margin:=\"\"><span 11pt=\"\" 130=\"\" calibri=\"\" font-family:=\"\" font-size:=\"\" sans-serif=\"\">Oficialmente el INSIA fue creado en el a\u00f1o 1993, cuando el BOE del d\u00eda 28 de agosto public\u00f3 el Real Decreto 1383\/1993 de 30 de julio, recogiendo el correspondiente acuerdo del Consejo de Gobierno de Espa\u00f1a, tras un laborioso proceso de evaluaci\u00f3n de la propuesta formulada por la Universidad Polit\u00e9cnica de Madrid.<o:p><\/o:p><\/span><\/div>\n<div 0cm=\"\" 10pt=\"\" 130=\"\" 17.85pt=\"\" align=\"justify\" justify=\"\" line-height:=\"\" margin:=\"\"><span 11pt=\"\" 130=\"\" calibri=\"\" font-family:=\"\" font-size:=\"\" sans-serif=\"\">La iniciativa de creaci\u00f3n correspondi\u00f3 al Grupo de Ingenier\u00eda de Veh\u00edculos y Transportes (GIVET), del Departamento de Ingenier\u00eda Mec\u00e1nica y Fabricaci\u00f3n de la Escuela T\u00e9cnica Superior de Ingenieros Industriales, dirigido por el Profesor Francisco Aparicio Izquierdo. Esta iniciativa cont\u00f3 con el apoyo del citado Departamento, la Escuela, la Universidad, profesores de otros departamentos, ANFAC (Asociaci\u00f3n Espa\u00f1ola de Fabricantes de Autom\u00f3viles y Camiones) y un buen n\u00famero de empresas y profesionales del Sector.<o:p><\/o:p><\/span><\/div>\n<div 0cm=\"\" 10pt=\"\" 130=\"\" 17.85pt=\"\" align=\"justify\" justify=\"\" line-height:=\"\" margin:=\"\"><span 11pt=\"\" 130=\"\" calibri=\"\" font-family:=\"\" font-size:=\"\" sans-serif=\"\">La propuesta de creaci\u00f3n se gest\u00f3 durante la segunda mitad de los a\u00f1os 80 en aquellos a\u00f1os nuestro pa\u00eds era, como lo es hoy, uno de los principales productores de veh\u00edculos autom\u00f3viles de Europa y del mundo y, por el contrario, no pose\u00eda estructuras de investigaci\u00f3n en el \u00e1mbito vehicular, aunque s\u00ed se potenciaron importantes centros de ensayos de homologaci\u00f3n en el marco de una creciente implantaci\u00f3n en Espa\u00f1a de reglamentos internacionales.<o:p><\/o:p><\/span><\/div>\n<div 0cm=\"\" 10pt=\"\" 130=\"\" 17.85pt=\"\" align=\"justify\" justify=\"\" line-height:=\"\" margin:=\"\"><span 11pt=\"\" 130=\"\" calibri=\"\" font-family:=\"\" font-size:=\"\" sans-serif=\"\">El INSIA fue el primer centro de Investigaci\u00f3n en el \u00e1mbito de los veh\u00edculos autom\u00f3viles en nuestro pa\u00eds y, naturalmente, en el \u00e1mbito universitario.<o:p><\/o:p><\/span><\/div>\n<div 0cm=\"\" 10pt=\"\" 130=\"\" 17.85pt=\"\" align=\"justify\" justify=\"\" line-height:=\"\" margin:=\"\"><span 11pt=\"\" 130=\"\" calibri=\"\" font-family:=\"\" font-size:=\"\" sans-serif=\"\">Durante estos 20 A\u00d1OS, nuestro Instituto ha crecido, se ha consolidado y creemos que ha prestado importantes servicios a la industria, el transporte y la seguridad vial, en muy estrecha colaboraci\u00f3n con empresas, asociaciones, y administraciones con competencias en los respectivos sectores. Ha contribuido, tambi\u00e9n, a formar numerosos ingenieros y posgraduados de masteres y doctorado.<o:p><\/o:p><\/span><\/div>\n<div 0cm=\"\" 10pt=\"\" 130=\"\" 17.85pt=\"\" align=\"justify\" justify=\"\" line-height:=\"\" margin:=\"\"><span 11pt=\"\" 130=\"\" calibri=\"\" font-family:=\"\" font-size:=\"\" sans-serif=\"\">Agradecemos especialmente los apoyos recibidos de los \u00f3rganos directivos de nuestra Universidad, de la Escuela T\u00e9cnica Superior de Ingenieros Industriales y de la Consejer\u00eda de Econom\u00eda de la CAM, y la confianza puesta en nuestro trabajo por la Direcci\u00f3n General de Tr\u00e1fico, la Direcci\u00f3n General de Transporte Terrestre, la Direcci\u00f3n General de Industria y, especialmente, la Subdirecci\u00f3n General de Calidad y Seguridad Industrial del Ministerio de Industria, Energ\u00eda y Turismo.<o:p><\/o:p><\/span><\/div>\n<div 0cm=\"\" 10pt=\"\" 130=\"\" 17.85pt=\"\" align=\"justify\" justify=\"\" line-height:=\"\" margin:=\"\"><span 11pt=\"\" 130=\"\" calibri=\"\" font-family:=\"\" font-size:=\"\" sans-serif=\"\">Contemplamos el futuro con ilusi\u00f3n y actitud proactiva, para continuar con los espacios de servicios a las empresas y a la sociedad que hemos desarrollado en estos primeros 20 A\u00d1OS e incorporar otros nuevos en la medida que los cambios tecnol\u00f3gicos y sociales nos los demanden.<o:p><\/o:p><\/span> <\/div>\n<div style=\"clear: both; text-align: center;\"><a href=\"https:\/\/insia-upm.es\/wp-content\/uploads\/2013\/02\/LOGO-INSIA-20ANIV-Mod03_DEF.jpg\" style=\"margin-left: 1em; margin-right: 1em;\"><img loading=\"lazy\" decoding=\"async\" border=\"0\" height=\"120\" jea=\"true\" src=\"https:\/\/insia-upm.es\/wp-content\/uploads\/2013\/02\/LOGO-INSIA-20ANIV-Mod03_DEF-300x112.jpg\" width=\"320\" \/><\/a><\/div>\n<div 0cm=\"\" 10pt=\"\" 130=\"\" 17.85pt=\"\" align=\"justify\" justify=\"\" line-height:=\"\" margin:=\"\">&nbsp;<\/div>","protected":false},"excerpt":{"rendered":"<p>Oficialmente el INSIA fue creado en el a\u00f1o 1993, cuando el BOE del d\u00eda 28 de agosto public\u00f3 el Real Decreto 1383\/1993 de 30 de julio, recogiendo el correspondiente acuerdo del Consejo de Gobierno de Espa\u00f1a, tras un laborioso proceso de evaluaci\u00f3n de la propuesta formulada por la Universidad Polit\u00e9cnica de Madrid. La iniciativa de [&hellip;]<\/p>\n","protected":false},"author":1,"featured_media":11106,"comment_status":"open","ping_status":"open","sticky":false,"template":"","format":"standard","meta":{"_et_pb_use_builder":"","_et_pb_old_content":"","_et_gb_content_width":"","_monsterinsights_skip_tracking":false,"_monsterinsights_sitenote_active":false,"_monsterinsights_sitenote_note":"","_monsterinsights_sitenote_category":0,"footnotes":""},"categories":[1],"tags":[],"class_list":["post-11042","post","type-post","status-publish","format-standard","has-post-thumbnail","hentry","category-uncategorized"],"yoast_head":"<!-- This site is optimized with the Yoast SEO plugin v27.5 - https:\/\/yoast.com\/product\/yoast-seo-wordpress\/ -->\n<title>EL INSIA CUMPLE 20 A\u00d1OS - Instituto Universitario de Investigaci\u00f3n del Autom\u00f3vil Francisco Aparicio Izquierdo<\/title>\n<meta name=\"robots\" content=\"index, follow, max-snippet:-1, max-image-preview:large, max-video-preview:-1\" \/>\n<link rel=\"canonical\" href=\"https:\/\/insia-upm.es\/en\/el-insia-cumple-20-anos\/\" \/>\n<meta property=\"og:locale\" content=\"en_GB\" \/>\n<meta property=\"og:type\" content=\"article\" \/>\n<meta property=\"og:title\" content=\"EL INSIA CUMPLE 20 A\u00d1OS - Instituto Universitario de Investigaci\u00f3n del Autom\u00f3vil Francisco Aparicio Izquierdo\" \/>\n<meta property=\"og:description\" content=\"Oficialmente el INSIA fue creado en el a\u00f1o 1993, cuando el BOE del d\u00eda 28 de agosto public\u00f3 el Real Decreto 1383\/1993 de 30 de julio, recogiendo el correspondiente acuerdo del Consejo de Gobierno de Espa\u00f1a, tras un laborioso proceso de evaluaci\u00f3n de la propuesta formulada por la Universidad Polit\u00e9cnica de Madrid. La iniciativa de [&hellip;]\" \/>\n<meta property=\"og:url\" content=\"https:\/\/insia-upm.es\/en\/el-insia-cumple-20-anos\/\" \/>\n<meta property=\"og:site_name\" content=\"Instituto Universitario de Investigaci\u00f3n del Autom\u00f3vil Francisco Aparicio Izquierdo\" \/>\n<meta property=\"article:published_time\" content=\"2013-02-06T11:29:00+00:00\" \/>\n<meta property=\"og:image\" content=\"https:\/\/insia-upm.es\/wp-content\/uploads\/2013\/02\/LOGO-INSIA-20ANIV-Mod01-Def-lowDef1.jpg\" \/>\n\t<meta property=\"og:image:width\" content=\"1024\" \/>\n\t<meta property=\"og:image:height\" content=\"724\" \/>\n\t<meta property=\"og:image:type\" content=\"image\/jpeg\" \/>\n<meta name=\"author\" content=\"desarrollo\" \/>\n<meta name=\"twitter:card\" content=\"summary_large_image\" \/>\n<meta name=\"twitter:creator\" content=\"@INSIAUPM\" \/>\n<meta name=\"twitter:site\" content=\"@INSIAUPM\" \/>\n<meta name=\"twitter:label1\" content=\"Written by\" \/>\n\t<meta name=\"twitter:data1\" content=\"desarrollo\" \/>\n\t<meta name=\"twitter:label2\" content=\"Estimated reading time\" \/>\n\t<meta name=\"twitter:data2\" content=\"2 minutes\" \/>\n<script type=\"application\/ld+json\" class=\"yoast-schema-graph\">{\"@context\":\"https:\\\/\\\/schema.org\",\"@graph\":[{\"@type\":\"Article\",\"@id\":\"https:\\\/\\\/insia-upm.es\\\/el-insia-cumple-20-anos\\\/#article\",\"isPartOf\":{\"@id\":\"https:\\\/\\\/insia-upm.es\\\/el-insia-cumple-20-anos\\\/\"},\"author\":{\"name\":\"desarrollo\",\"@id\":\"https:\\\/\\\/insia-upm.es\\\/#\\\/schema\\\/person\\\/ea86956259a9cb1c71947e50fada3117\"},\"headline\":\"EL INSIA CUMPLE 20 A\u00d1OS\",\"datePublished\":\"2013-02-06T11:29:00+00:00\",\"mainEntityOfPage\":{\"@id\":\"https:\\\/\\\/insia-upm.es\\\/el-insia-cumple-20-anos\\\/\"},\"wordCount\":436,\"commentCount\":0,\"publisher\":{\"@id\":\"https:\\\/\\\/insia-upm.es\\\/#organization\"},\"image\":{\"@id\":\"https:\\\/\\\/insia-upm.es\\\/el-insia-cumple-20-anos\\\/#primaryimage\"},\"thumbnailUrl\":\"https:\\\/\\\/insia-upm.es\\\/wp-content\\\/uploads\\\/2013\\\/02\\\/LOGO-INSIA-20ANIV-Mod01-Def-lowDef1.jpg\",\"articleSection\":[\"Uncategorized\"],\"inLanguage\":\"en-GB\",\"potentialAction\":[{\"@type\":\"CommentAction\",\"name\":\"Comment\",\"target\":[\"https:\\\/\\\/insia-upm.es\\\/el-insia-cumple-20-anos\\\/#respond\"]}]},{\"@type\":\"WebPage\",\"@id\":\"https:\\\/\\\/insia-upm.es\\\/el-insia-cumple-20-anos\\\/\",\"url\":\"https:\\\/\\\/insia-upm.es\\\/el-insia-cumple-20-anos\\\/\",\"name\":\"EL INSIA CUMPLE 20 A\u00d1OS - Instituto Universitario de Investigaci\u00f3n del Autom\u00f3vil Francisco Aparicio Izquierdo\",\"isPartOf\":{\"@id\":\"https:\\\/\\\/insia-upm.es\\\/#website\"},\"primaryImageOfPage\":{\"@id\":\"https:\\\/\\\/insia-upm.es\\\/el-insia-cumple-20-anos\\\/#primaryimage\"},\"image\":{\"@id\":\"https:\\\/\\\/insia-upm.es\\\/el-insia-cumple-20-anos\\\/#primaryimage\"},\"thumbnailUrl\":\"https:\\\/\\\/insia-upm.es\\\/wp-content\\\/uploads\\\/2013\\\/02\\\/LOGO-INSIA-20ANIV-Mod01-Def-lowDef1.jpg\",\"datePublished\":\"2013-02-06T11:29:00+00:00\",\"breadcrumb\":{\"@id\":\"https:\\\/\\\/insia-upm.es\\\/el-insia-cumple-20-anos\\\/#breadcrumb\"},\"inLanguage\":\"en-GB\",\"potentialAction\":[{\"@type\":\"ReadAction\",\"target\":[\"https:\\\/\\\/insia-upm.es\\\/el-insia-cumple-20-anos\\\/\"]}]},{\"@type\":\"ImageObject\",\"inLanguage\":\"en-GB\",\"@id\":\"https:\\\/\\\/insia-upm.es\\\/el-insia-cumple-20-anos\\\/#primaryimage\",\"url\":\"https:\\\/\\\/insia-upm.es\\\/wp-content\\\/uploads\\\/2013\\\/02\\\/LOGO-INSIA-20ANIV-Mod01-Def-lowDef1.jpg\",\"contentUrl\":\"https:\\\/\\\/insia-upm.es\\\/wp-content\\\/uploads\\\/2013\\\/02\\\/LOGO-INSIA-20ANIV-Mod01-Def-lowDef1.jpg\",\"width\":1024,\"height\":724},{\"@type\":\"BreadcrumbList\",\"@id\":\"https:\\\/\\\/insia-upm.es\\\/el-insia-cumple-20-anos\\\/#breadcrumb\",\"itemListElement\":[{\"@type\":\"ListItem\",\"position\":1,\"name\":\"Portada\",\"item\":\"https:\\\/\\\/insia-upm.es\\\/\"},{\"@type\":\"ListItem\",\"position\":2,\"name\":\"EL INSIA CUMPLE 20 A\u00d1OS\"}]},{\"@type\":\"WebSite\",\"@id\":\"https:\\\/\\\/insia-upm.es\\\/#website\",\"url\":\"https:\\\/\\\/insia-upm.es\\\/\",\"name\":\"Instituto Universitario de Investigaci\u00f3n del Autom\u00f3vil Francisco Aparicio Izquierdo\",\"description\":\"Instituto de Investigaci\u00f3n del Autom\u00f3vil Francisco Aparicio Izquierdo\",\"publisher\":{\"@id\":\"https:\\\/\\\/insia-upm.es\\\/#organization\"},\"potentialAction\":[{\"@type\":\"SearchAction\",\"target\":{\"@type\":\"EntryPoint\",\"urlTemplate\":\"https:\\\/\\\/insia-upm.es\\\/?s={search_term_string}\"},\"query-input\":{\"@type\":\"PropertyValueSpecification\",\"valueRequired\":true,\"valueName\":\"search_term_string\"}}],\"inLanguage\":\"en-GB\"},{\"@type\":\"Organization\",\"@id\":\"https:\\\/\\\/insia-upm.es\\\/#organization\",\"name\":\"UPM-INSIA\",\"url\":\"https:\\\/\\\/insia-upm.es\\\/\",\"logo\":{\"@type\":\"ImageObject\",\"inLanguage\":\"en-GB\",\"@id\":\"https:\\\/\\\/insia-upm.es\\\/#\\\/schema\\\/logo\\\/image\\\/\",\"url\":\"https:\\\/\\\/insia-upm.es\\\/wp-content\\\/uploads\\\/2021\\\/12\\\/logo-insia-low-e1412177316550.png\",\"contentUrl\":\"https:\\\/\\\/insia-upm.es\\\/wp-content\\\/uploads\\\/2021\\\/12\\\/logo-insia-low-e1412177316550.png\",\"width\":50,\"height\":71,\"caption\":\"UPM-INSIA\"},\"image\":{\"@id\":\"https:\\\/\\\/insia-upm.es\\\/#\\\/schema\\\/logo\\\/image\\\/\"},\"sameAs\":[\"https:\\\/\\\/x.com\\\/INSIAUPM\",\"https:\\\/\\\/www.instagram.com\\\/insia.upm\\\/\",\"https:\\\/\\\/www.linkedin.com\\\/in\\\/insia-instituto-universitario-investigaci\u00f3n-9088635a\\\/\",\"https:\\\/\\\/www.youtube.com\\\/user\\\/gestionidi\"]},{\"@type\":\"Person\",\"@id\":\"https:\\\/\\\/insia-upm.es\\\/#\\\/schema\\\/person\\\/ea86956259a9cb1c71947e50fada3117\",\"name\":\"desarrollo\",\"image\":{\"@type\":\"ImageObject\",\"inLanguage\":\"en-GB\",\"@id\":\"https:\\\/\\\/secure.gravatar.com\\\/avatar\\\/adcd1146e74a083903bd51ea0ac5e00b3905e9c35fc0c1b39da8534ca17f7257?s=96&d=mm&r=g\",\"url\":\"https:\\\/\\\/secure.gravatar.com\\\/avatar\\\/adcd1146e74a083903bd51ea0ac5e00b3905e9c35fc0c1b39da8534ca17f7257?s=96&d=mm&r=g\",\"contentUrl\":\"https:\\\/\\\/secure.gravatar.com\\\/avatar\\\/adcd1146e74a083903bd51ea0ac5e00b3905e9c35fc0c1b39da8534ca17f7257?s=96&d=mm&r=g\",\"caption\":\"desarrollo\"},\"sameAs\":[\"https:\\\/\\\/insia-upm.es\"],\"url\":\"https:\\\/\\\/insia-upm.es\\\/en\\\/author\\\/desarrollo\\\/\"}]}<\/script>\n<!-- \/ Yoast SEO plugin. -->","yoast_head_json":{"title":"EL INSIA CUMPLE 20 A\u00d1OS - Instituto Universitario de Investigaci\u00f3n del Autom\u00f3vil Francisco Aparicio Izquierdo","robots":{"index":"index","follow":"follow","max-snippet":"max-snippet:-1","max-image-preview":"max-image-preview:large","max-video-preview":"max-video-preview:-1"},"canonical":"https:\/\/insia-upm.es\/en\/el-insia-cumple-20-anos\/","og_locale":"en_GB","og_type":"article","og_title":"EL INSIA CUMPLE 20 A\u00d1OS - Instituto Universitario de Investigaci\u00f3n del Autom\u00f3vil Francisco Aparicio Izquierdo","og_description":"Oficialmente el INSIA fue creado en el a\u00f1o 1993, cuando el BOE del d\u00eda 28 de agosto public\u00f3 el Real Decreto 1383\/1993 de 30 de julio, recogiendo el correspondiente acuerdo del Consejo de Gobierno de Espa\u00f1a, tras un laborioso proceso de evaluaci\u00f3n de la propuesta formulada por la Universidad Polit\u00e9cnica de Madrid. La iniciativa de [&hellip;]","og_url":"https:\/\/insia-upm.es\/en\/el-insia-cumple-20-anos\/","og_site_name":"Instituto Universitario de Investigaci\u00f3n del Autom\u00f3vil Francisco Aparicio Izquierdo","article_published_time":"2013-02-06T11:29:00+00:00","og_image":[{"width":1024,"height":724,"url":"https:\/\/insia-upm.es\/wp-content\/uploads\/2013\/02\/LOGO-INSIA-20ANIV-Mod01-Def-lowDef1.jpg","type":"image\/jpeg"}],"author":"desarrollo","twitter_card":"summary_large_image","twitter_creator":"@INSIAUPM","twitter_site":"@INSIAUPM","twitter_misc":{"Written by":"desarrollo","Estimated reading time":"2 minutes"},"schema":{"@context":"https:\/\/schema.org","@graph":[{"@type":"Article","@id":"https:\/\/insia-upm.es\/el-insia-cumple-20-anos\/#article","isPartOf":{"@id":"https:\/\/insia-upm.es\/el-insia-cumple-20-anos\/"},"author":{"name":"desarrollo","@id":"https:\/\/insia-upm.es\/#\/schema\/person\/ea86956259a9cb1c71947e50fada3117"},"headline":"EL INSIA CUMPLE 20 A\u00d1OS","datePublished":"2013-02-06T11:29:00+00:00","mainEntityOfPage":{"@id":"https:\/\/insia-upm.es\/el-insia-cumple-20-anos\/"},"wordCount":436,"commentCount":0,"publisher":{"@id":"https:\/\/insia-upm.es\/#organization"},"image":{"@id":"https:\/\/insia-upm.es\/el-insia-cumple-20-anos\/#primaryimage"},"thumbnailUrl":"https:\/\/insia-upm.es\/wp-content\/uploads\/2013\/02\/LOGO-INSIA-20ANIV-Mod01-Def-lowDef1.jpg","articleSection":["Uncategorized"],"inLanguage":"en-GB","potentialAction":[{"@type":"CommentAction","name":"Comment","target":["https:\/\/insia-upm.es\/el-insia-cumple-20-anos\/#respond"]}]},{"@type":"WebPage","@id":"https:\/\/insia-upm.es\/el-insia-cumple-20-anos\/","url":"https:\/\/insia-upm.es\/el-insia-cumple-20-anos\/","name":"EL INSIA CUMPLE 20 A\u00d1OS - Instituto Universitario de Investigaci\u00f3n del Autom\u00f3vil Francisco Aparicio Izquierdo","isPartOf":{"@id":"https:\/\/insia-upm.es\/#website"},"primaryImageOfPage":{"@id":"https:\/\/insia-upm.es\/el-insia-cumple-20-anos\/#primaryimage"},"image":{"@id":"https:\/\/insia-upm.es\/el-insia-cumple-20-anos\/#primaryimage"},"thumbnailUrl":"https:\/\/insia-upm.es\/wp-content\/uploads\/2013\/02\/LOGO-INSIA-20ANIV-Mod01-Def-lowDef1.jpg","datePublished":"2013-02-06T11:29:00+00:00","breadcrumb":{"@id":"https:\/\/insia-upm.es\/el-insia-cumple-20-anos\/#breadcrumb"},"inLanguage":"en-GB","potentialAction":[{"@type":"ReadAction","target":["https:\/\/insia-upm.es\/el-insia-cumple-20-anos\/"]}]},{"@type":"ImageObject","inLanguage":"en-GB","@id":"https:\/\/insia-upm.es\/el-insia-cumple-20-anos\/#primaryimage","url":"https:\/\/insia-upm.es\/wp-content\/uploads\/2013\/02\/LOGO-INSIA-20ANIV-Mod01-Def-lowDef1.jpg","contentUrl":"https:\/\/insia-upm.es\/wp-content\/uploads\/2013\/02\/LOGO-INSIA-20ANIV-Mod01-Def-lowDef1.jpg","width":1024,"height":724},{"@type":"BreadcrumbList","@id":"https:\/\/insia-upm.es\/el-insia-cumple-20-anos\/#breadcrumb","itemListElement":[{"@type":"ListItem","position":1,"name":"Portada","item":"https:\/\/insia-upm.es\/"},{"@type":"ListItem","position":2,"name":"EL INSIA CUMPLE 20 A\u00d1OS"}]},{"@type":"WebSite","@id":"https:\/\/insia-upm.es\/#website","url":"https:\/\/insia-upm.es\/","name":"Instituto Universitario de Investigaci\u00f3n del Autom\u00f3vil Francisco Aparicio Izquierdo","description":"Instituto de Investigaci\u00f3n del Autom\u00f3vil Francisco Aparicio Izquierdo","publisher":{"@id":"https:\/\/insia-upm.es\/#organization"},"potentialAction":[{"@type":"SearchAction","target":{"@type":"EntryPoint","urlTemplate":"https:\/\/insia-upm.es\/?s={search_term_string}"},"query-input":{"@type":"PropertyValueSpecification","valueRequired":true,"valueName":"search_term_string"}}],"inLanguage":"en-GB"},{"@type":"Organization","@id":"https:\/\/insia-upm.es\/#organization","name":"UPM-INSIA","url":"https:\/\/insia-upm.es\/","logo":{"@type":"ImageObject","inLanguage":"en-GB","@id":"https:\/\/insia-upm.es\/#\/schema\/logo\/image\/","url":"https:\/\/insia-upm.es\/wp-content\/uploads\/2021\/12\/logo-insia-low-e1412177316550.png","contentUrl":"https:\/\/insia-upm.es\/wp-content\/uploads\/2021\/12\/logo-insia-low-e1412177316550.png","width":50,"height":71,"caption":"UPM-INSIA"},"image":{"@id":"https:\/\/insia-upm.es\/#\/schema\/logo\/image\/"},"sameAs":["https:\/\/x.com\/INSIAUPM","https:\/\/www.instagram.com\/insia.upm\/","https:\/\/www.linkedin.com\/in\/insia-instituto-universitario-investigaci\u00f3n-9088635a\/","https:\/\/www.youtube.com\/user\/gestionidi"]},{"@type":"Person","@id":"https:\/\/insia-upm.es\/#\/schema\/person\/ea86956259a9cb1c71947e50fada3117","name":"desarrollo","image":{"@type":"ImageObject","inLanguage":"en-GB","@id":"https:\/\/secure.gravatar.com\/avatar\/adcd1146e74a083903bd51ea0ac5e00b3905e9c35fc0c1b39da8534ca17f7257?s=96&d=mm&r=g","url":"https:\/\/secure.gravatar.com\/avatar\/adcd1146e74a083903bd51ea0ac5e00b3905e9c35fc0c1b39da8534ca17f7257?s=96&d=mm&r=g","contentUrl":"https:\/\/secure.gravatar.com\/avatar\/adcd1146e74a083903bd51ea0ac5e00b3905e9c35fc0c1b39da8534ca17f7257?s=96&d=mm&r=g","caption":"desarrollo"},"sameAs":["https:\/\/insia-upm.es"],"url":"https:\/\/insia-upm.es\/en\/author\/desarrollo\/"}]}},"_links":{"self":[{"href":"https:\/\/insia-upm.es\/en\/wp-json\/wp\/v2\/posts\/11042","targetHints":{"allow":["GET"]}}],"collection":[{"href":"https:\/\/insia-upm.es\/en\/wp-json\/wp\/v2\/posts"}],"about":[{"href":"https:\/\/insia-upm.es\/en\/wp-json\/wp\/v2\/types\/post"}],"author":[{"embeddable":true,"href":"https:\/\/insia-upm.es\/en\/wp-json\/wp\/v2\/users\/1"}],"replies":[{"embeddable":true,"href":"https:\/\/insia-upm.es\/en\/wp-json\/wp\/v2\/comments?post=11042"}],"version-history":[{"count":0,"href":"https:\/\/insia-upm.es\/en\/wp-json\/wp\/v2\/posts\/11042\/revisions"}],"wp:featuredmedia":[{"embeddable":true,"href":"https:\/\/insia-upm.es\/en\/wp-json\/wp\/v2\/media\/11106"}],"wp:attachment":[{"href":"https:\/\/insia-upm.es\/en\/wp-json\/wp\/v2\/media?parent=11042"}],"wp:term":[{"taxonomy":"category","embeddable":true,"href":"https:\/\/insia-upm.es\/en\/wp-json\/wp\/v2\/categories?post=11042"},{"taxonomy":"post_tag","embeddable":true,"href":"https:\/\/insia-upm.es\/en\/wp-json\/wp\/v2\/tags?post=11042"}],"curies":[{"name":"wp","href":"https:\/\/api.w.org\/{rel}","templated":true}]}}