{"id":11040,"date":"2013-04-02T10:54:00","date_gmt":"2013-04-02T08:54:00","guid":{"rendered":"https:\/\/insia-upm.es\/ciclo-extraordinario-de-conferencias-curso-20122013-la-apuesta-del-sector-de-automocion-por-la-actividad-industrial-en-espana\/"},"modified":"2013-04-02T10:54:00","modified_gmt":"2013-04-02T08:54:00","slug":"ciclo-extraordinario-de-conferencias-curso-20122013-la-apuesta-del-sector-de-automocion-por-la-actividad-industrial-en-espana","status":"publish","type":"post","link":"https:\/\/insia-upm.es\/en\/ciclo-extraordinario-de-conferencias-curso-20122013-la-apuesta-del-sector-de-automocion-por-la-actividad-industrial-en-espana\/","title":{"rendered":"Ciclo Extraordinario de  Conferencias Curso 2012\/2013: \u201cLa apuesta del Sector de Automoci\u00f3n por la actividad industrial en Espa\u00f1a\u201d"},"content":{"rendered":"<table border=\"0\" cellpadding=\"0\" cellspacing=\"0\" style=\"width: 95%px;\">\n<tbody>\n<tr>\n<td height=\"10\"><\/td>\n<\/tr>\n<tr>\n<td>\n<table border=\"0\" cellpadding=\"0\" cellspacing=\"0\" style=\"width: 100%px;\">\n<tbody>\n<tr><\/tr>\n<\/tbody>\n<\/table>\n<\/td>\n<\/tr>\n<tr>\n<td height=\"10\"><\/td>\n<\/tr>\n<tr>\n<td>\n<table border=\"0\" cellpadding=\"0\" cellspacing=\"0\" style=\"width: 100%px;\">\n<tbody>\n<tr>\n<td>\n<div align=\"justify\"><span><span style=\"font-family: Arial, Helvetica, sans-serif;\"><\/span><\/span><\/div>\n<h4 10pt=\"\" 8pt=\"\" align=\"left\" arial=\"\" font-size:=\"\"><span style=\"color: black; font-family: Arial, Helvetica, sans-serif;\">Conferencia:<o:p><\/o:p><\/span><\/h4>\n<p><span style=\"color: black; font-family: Arial, Helvetica, sans-serif;\"><\/p>\n<h3><span es=\"\">\u201cDel Renault 4\/4 al CAPTUR: 60 a\u00f1os de Renault en  Espa\u00f1a\u201d<\/span><\/h3>\n<div 10pt=\"\" 8pt=\"\" align=\"left\" arial=\"\" font-size:=\"\"><u><span es=\"\">Que pronunciar\u00e1:<\/span><\/u><b><i><span es=\"\"> <\/span><\/i><\/b><span es=\"\"><o:p><\/o:p><\/span><\/div>\n<div 10pt=\"\" 8pt=\"\" align=\"left\" arial=\"\" font-size:=\"\"><b><i><span es=\"\"><span yes=\"\">&nbsp;<\/span>D.  Ernesto Salas Hern\u00e1ndez <\/span><\/i><\/b><span es=\"\"><o:p><\/o:p><\/span><\/div>\n<div 10pt=\"\" 8pt=\"\" align=\"left\" arial=\"\" font-size:=\"\"><span es=\"\"><br \/><\/span><\/div>\n<div 10pt=\"\" 8pt=\"\" align=\"left\" arial=\"\" font-size:=\"\"><span es=\"\">Director de Relaciones Institucionales<span yes=\"\">&nbsp; <\/span>de <b>RENAULT ESPA\u00d1A <\/b><\/span><\/div>\n<div 8pt=\"\" align=\"center\" arial=\"\" font-size:=\"\">\n<div align=\"left\"><b><span es=\"\"><br \/><\/span><\/b><\/div>\n<div align=\"left\"><b><span es=\"\">D\u00eda 2 de  abril de 2013 a las 19\u201900<\/span><\/b><span es=\"\"><o:p><\/o:p><\/span><\/div>\n<div align=\"left\"><span es=\"\"><span style=\"font-size: x-small;\">Lugar de  Celebraci\u00f3n: <b>Sal\u00f3n de Actos de la E.T.S.I. Industriales<\/b>,<span yes=\"\">&nbsp; <\/span>C\/ Jos\u00e9&nbsp;<\/span><\/span><span style=\"font-size: x-small;\">Guti\u00e9rrez Abascal, n\u00ba 2 <\/span><span style=\"font-size: x-small;\">&nbsp;<\/span><\/div>\n<div align=\"left\"><span es=\"\"><br \/><\/span><\/div>\n<\/div>\n<p><\/span><\/td>\n<\/tr>\n<\/tbody>\n<\/table>\n<\/td>\n<\/tr>\n<\/tbody>\n<\/table>\n<p><\/p>\n<div style=\"clear: both; text-align: center;\"><a href=\"https:\/\/insia-upm.es\/wp-content\/uploads\/2013\/04\/conferencias-master-insia.jpg\" style=\"margin-left: 1em; margin-right: 1em;\"><img loading=\"lazy\" decoding=\"async\" border=\"0\" height=\"297\" src=\"https:\/\/insia-upm.es\/wp-content\/uploads\/2013\/04\/conferencias-master-insia-300x223.jpg\" width=\"400\" \/><\/a><\/div>","protected":false},"excerpt":{"rendered":"<p>Conferencia: \u201cDel Renault 4\/4 al CAPTUR: 60 a\u00f1os de Renault en Espa\u00f1a\u201d Que pronunciar\u00e1: &nbsp;D. Ernesto Salas Hern\u00e1ndez Director de Relaciones Institucionales&nbsp; de RENAULT ESPA\u00d1A D\u00eda 2 de abril de 2013 a las 19\u201900 Lugar de Celebraci\u00f3n: Sal\u00f3n de Actos de la E.T.S.I. Industriales,&nbsp; C\/ Jos\u00e9&nbsp;Guti\u00e9rrez Abascal, n\u00ba 2 &nbsp;<\/p>","protected":false},"author":1,"featured_media":11105,"comment_status":"open","ping_status":"open","sticky":false,"template":"","format":"standard","meta":{"_et_pb_use_builder":"","_et_pb_old_content":"","_et_gb_content_width":"","_monsterinsights_skip_tracking":false,"_monsterinsights_sitenote_active":false,"_monsterinsights_sitenote_note":"","_monsterinsights_sitenote_category":0,"footnotes":""},"categories":[1],"tags":[],"class_list":["post-11040","post","type-post","status-publish","format-standard","has-post-thumbnail","hentry","category-uncategorized"],"yoast_head":"<!-- This site is optimized with the Yoast SEO plugin v27.5 - https:\/\/yoast.com\/product\/yoast-seo-wordpress\/ -->\n<title>Ciclo Extraordinario de Conferencias Curso 2012\/2013: \u201cLa apuesta del Sector de Automoci\u00f3n por la actividad industrial en Espa\u00f1a\u201d - Instituto Universitario de Investigaci\u00f3n del Autom\u00f3vil Francisco Aparicio Izquierdo<\/title>\n<meta name=\"robots\" content=\"index, follow, max-snippet:-1, max-image-preview:large, max-video-preview:-1\" \/>\n<link rel=\"canonical\" href=\"https:\/\/insia-upm.es\/en\/ciclo-extraordinario-de-conferencias-curso-20122013-la-apuesta-del-sector-de-automocion-por-la-actividad-industrial-en-espana\/\" \/>\n<meta property=\"og:locale\" content=\"en_GB\" \/>\n<meta property=\"og:type\" content=\"article\" \/>\n<meta property=\"og:title\" content=\"Ciclo Extraordinario de Conferencias Curso 2012\/2013: \u201cLa apuesta del Sector de Automoci\u00f3n por la actividad industrial en Espa\u00f1a\u201d - Instituto Universitario de Investigaci\u00f3n del Autom\u00f3vil Francisco Aparicio Izquierdo\" \/>\n<meta property=\"og:description\" content=\"Conferencia: \u201cDel Renault 4\/4 al CAPTUR: 60 a\u00f1os de Renault en Espa\u00f1a\u201d Que pronunciar\u00e1: &nbsp;D. Ernesto Salas Hern\u00e1ndez Director de Relaciones Institucionales&nbsp; de RENAULT ESPA\u00d1A D\u00eda 2 de abril de 2013 a las 19\u201900 Lugar de Celebraci\u00f3n: Sal\u00f3n de Actos de la E.T.S.I. Industriales,&nbsp; C\/ Jos\u00e9&nbsp;Guti\u00e9rrez Abascal, n\u00ba 2 &nbsp;\" \/>\n<meta property=\"og:url\" content=\"https:\/\/insia-upm.es\/en\/ciclo-extraordinario-de-conferencias-curso-20122013-la-apuesta-del-sector-de-automocion-por-la-actividad-industrial-en-espana\/\" \/>\n<meta property=\"og:site_name\" content=\"Instituto Universitario de Investigaci\u00f3n del Autom\u00f3vil Francisco Aparicio Izquierdo\" \/>\n<meta property=\"article:published_time\" content=\"2013-04-02T08:54:00+00:00\" \/>\n<meta property=\"og:image\" content=\"https:\/\/insia-upm.es\/wp-content\/uploads\/2013\/04\/conferencias-master-insia.jpg\" \/>\n\t<meta property=\"og:image:width\" content=\"849\" \/>\n\t<meta property=\"og:image:height\" content=\"633\" \/>\n\t<meta property=\"og:image:type\" content=\"image\/jpeg\" \/>\n<meta name=\"author\" content=\"desarrollo\" \/>\n<meta name=\"twitter:card\" content=\"summary_large_image\" \/>\n<meta name=\"twitter:creator\" content=\"@INSIAUPM\" \/>\n<meta name=\"twitter:site\" content=\"@INSIAUPM\" \/>\n<meta name=\"twitter:label1\" content=\"Written by\" \/>\n\t<meta name=\"twitter:data1\" content=\"desarrollo\" \/>\n<script type=\"application\/ld+json\" class=\"yoast-schema-graph\">{\"@context\":\"https:\\\/\\\/schema.org\",\"@graph\":[{\"@type\":\"Article\",\"@id\":\"https:\\\/\\\/insia-upm.es\\\/ciclo-extraordinario-de-conferencias-curso-20122013-la-apuesta-del-sector-de-automocion-por-la-actividad-industrial-en-espana\\\/#article\",\"isPartOf\":{\"@id\":\"https:\\\/\\\/insia-upm.es\\\/ciclo-extraordinario-de-conferencias-curso-20122013-la-apuesta-del-sector-de-automocion-por-la-actividad-industrial-en-espana\\\/\"},\"author\":{\"name\":\"desarrollo\",\"@id\":\"https:\\\/\\\/insia-upm.es\\\/#\\\/schema\\\/person\\\/ea86956259a9cb1c71947e50fada3117\"},\"headline\":\"Ciclo Extraordinario de Conferencias Curso 2012\\\/2013: \u201cLa apuesta del Sector de Automoci\u00f3n por la actividad industrial en Espa\u00f1a\u201d\",\"datePublished\":\"2013-04-02T08:54:00+00:00\",\"mainEntityOfPage\":{\"@id\":\"https:\\\/\\\/insia-upm.es\\\/ciclo-extraordinario-de-conferencias-curso-20122013-la-apuesta-del-sector-de-automocion-por-la-actividad-industrial-en-espana\\\/\"},\"wordCount\":79,\"commentCount\":0,\"publisher\":{\"@id\":\"https:\\\/\\\/insia-upm.es\\\/#organization\"},\"image\":{\"@id\":\"https:\\\/\\\/insia-upm.es\\\/ciclo-extraordinario-de-conferencias-curso-20122013-la-apuesta-del-sector-de-automocion-por-la-actividad-industrial-en-espana\\\/#primaryimage\"},\"thumbnailUrl\":\"https:\\\/\\\/insia-upm.es\\\/wp-content\\\/uploads\\\/2013\\\/04\\\/conferencias-master-insia.jpg\",\"articleSection\":[\"Uncategorized\"],\"inLanguage\":\"en-GB\",\"potentialAction\":[{\"@type\":\"CommentAction\",\"name\":\"Comment\",\"target\":[\"https:\\\/\\\/insia-upm.es\\\/ciclo-extraordinario-de-conferencias-curso-20122013-la-apuesta-del-sector-de-automocion-por-la-actividad-industrial-en-espana\\\/#respond\"]}]},{\"@type\":\"WebPage\",\"@id\":\"https:\\\/\\\/insia-upm.es\\\/ciclo-extraordinario-de-conferencias-curso-20122013-la-apuesta-del-sector-de-automocion-por-la-actividad-industrial-en-espana\\\/\",\"url\":\"https:\\\/\\\/insia-upm.es\\\/ciclo-extraordinario-de-conferencias-curso-20122013-la-apuesta-del-sector-de-automocion-por-la-actividad-industrial-en-espana\\\/\",\"name\":\"Ciclo Extraordinario de Conferencias Curso 2012\\\/2013: \u201cLa apuesta del Sector de Automoci\u00f3n por la actividad industrial en Espa\u00f1a\u201d - Instituto Universitario de Investigaci\u00f3n del Autom\u00f3vil Francisco Aparicio Izquierdo\",\"isPartOf\":{\"@id\":\"https:\\\/\\\/insia-upm.es\\\/#website\"},\"primaryImageOfPage\":{\"@id\":\"https:\\\/\\\/insia-upm.es\\\/ciclo-extraordinario-de-conferencias-curso-20122013-la-apuesta-del-sector-de-automocion-por-la-actividad-industrial-en-espana\\\/#primaryimage\"},\"image\":{\"@id\":\"https:\\\/\\\/insia-upm.es\\\/ciclo-extraordinario-de-conferencias-curso-20122013-la-apuesta-del-sector-de-automocion-por-la-actividad-industrial-en-espana\\\/#primaryimage\"},\"thumbnailUrl\":\"https:\\\/\\\/insia-upm.es\\\/wp-content\\\/uploads\\\/2013\\\/04\\\/conferencias-master-insia.jpg\",\"datePublished\":\"2013-04-02T08:54:00+00:00\",\"breadcrumb\":{\"@id\":\"https:\\\/\\\/insia-upm.es\\\/ciclo-extraordinario-de-conferencias-curso-20122013-la-apuesta-del-sector-de-automocion-por-la-actividad-industrial-en-espana\\\/#breadcrumb\"},\"inLanguage\":\"en-GB\",\"potentialAction\":[{\"@type\":\"ReadAction\",\"target\":[\"https:\\\/\\\/insia-upm.es\\\/ciclo-extraordinario-de-conferencias-curso-20122013-la-apuesta-del-sector-de-automocion-por-la-actividad-industrial-en-espana\\\/\"]}]},{\"@type\":\"ImageObject\",\"inLanguage\":\"en-GB\",\"@id\":\"https:\\\/\\\/insia-upm.es\\\/ciclo-extraordinario-de-conferencias-curso-20122013-la-apuesta-del-sector-de-automocion-por-la-actividad-industrial-en-espana\\\/#primaryimage\",\"url\":\"https:\\\/\\\/insia-upm.es\\\/wp-content\\\/uploads\\\/2013\\\/04\\\/conferencias-master-insia.jpg\",\"contentUrl\":\"https:\\\/\\\/insia-upm.es\\\/wp-content\\\/uploads\\\/2013\\\/04\\\/conferencias-master-insia.jpg\",\"width\":849,\"height\":633},{\"@type\":\"BreadcrumbList\",\"@id\":\"https:\\\/\\\/insia-upm.es\\\/ciclo-extraordinario-de-conferencias-curso-20122013-la-apuesta-del-sector-de-automocion-por-la-actividad-industrial-en-espana\\\/#breadcrumb\",\"itemListElement\":[{\"@type\":\"ListItem\",\"position\":1,\"name\":\"Portada\",\"item\":\"https:\\\/\\\/insia-upm.es\\\/\"},{\"@type\":\"ListItem\",\"position\":2,\"name\":\"Ciclo Extraordinario de Conferencias Curso 2012\\\/2013: \u201cLa apuesta del Sector de Automoci\u00f3n por la actividad industrial en Espa\u00f1a\u201d\"}]},{\"@type\":\"WebSite\",\"@id\":\"https:\\\/\\\/insia-upm.es\\\/#website\",\"url\":\"https:\\\/\\\/insia-upm.es\\\/\",\"name\":\"Instituto Universitario de Investigaci\u00f3n del Autom\u00f3vil Francisco Aparicio Izquierdo\",\"description\":\"Instituto de Investigaci\u00f3n del Autom\u00f3vil Francisco Aparicio Izquierdo\",\"publisher\":{\"@id\":\"https:\\\/\\\/insia-upm.es\\\/#organization\"},\"potentialAction\":[{\"@type\":\"SearchAction\",\"target\":{\"@type\":\"EntryPoint\",\"urlTemplate\":\"https:\\\/\\\/insia-upm.es\\\/?s={search_term_string}\"},\"query-input\":{\"@type\":\"PropertyValueSpecification\",\"valueRequired\":true,\"valueName\":\"search_term_string\"}}],\"inLanguage\":\"en-GB\"},{\"@type\":\"Organization\",\"@id\":\"https:\\\/\\\/insia-upm.es\\\/#organization\",\"name\":\"UPM-INSIA\",\"url\":\"https:\\\/\\\/insia-upm.es\\\/\",\"logo\":{\"@type\":\"ImageObject\",\"inLanguage\":\"en-GB\",\"@id\":\"https:\\\/\\\/insia-upm.es\\\/#\\\/schema\\\/logo\\\/image\\\/\",\"url\":\"https:\\\/\\\/insia-upm.es\\\/wp-content\\\/uploads\\\/2021\\\/12\\\/logo-insia-low-e1412177316550.png\",\"contentUrl\":\"https:\\\/\\\/insia-upm.es\\\/wp-content\\\/uploads\\\/2021\\\/12\\\/logo-insia-low-e1412177316550.png\",\"width\":50,\"height\":71,\"caption\":\"UPM-INSIA\"},\"image\":{\"@id\":\"https:\\\/\\\/insia-upm.es\\\/#\\\/schema\\\/logo\\\/image\\\/\"},\"sameAs\":[\"https:\\\/\\\/x.com\\\/INSIAUPM\",\"https:\\\/\\\/www.instagram.com\\\/insia.upm\\\/\",\"https:\\\/\\\/www.linkedin.com\\\/in\\\/insia-instituto-universitario-investigaci\u00f3n-9088635a\\\/\",\"https:\\\/\\\/www.youtube.com\\\/user\\\/gestionidi\"]},{\"@type\":\"Person\",\"@id\":\"https:\\\/\\\/insia-upm.es\\\/#\\\/schema\\\/person\\\/ea86956259a9cb1c71947e50fada3117\",\"name\":\"desarrollo\",\"image\":{\"@type\":\"ImageObject\",\"inLanguage\":\"en-GB\",\"@id\":\"https:\\\/\\\/secure.gravatar.com\\\/avatar\\\/adcd1146e74a083903bd51ea0ac5e00b3905e9c35fc0c1b39da8534ca17f7257?s=96&d=mm&r=g\",\"url\":\"https:\\\/\\\/secure.gravatar.com\\\/avatar\\\/adcd1146e74a083903bd51ea0ac5e00b3905e9c35fc0c1b39da8534ca17f7257?s=96&d=mm&r=g\",\"contentUrl\":\"https:\\\/\\\/secure.gravatar.com\\\/avatar\\\/adcd1146e74a083903bd51ea0ac5e00b3905e9c35fc0c1b39da8534ca17f7257?s=96&d=mm&r=g\",\"caption\":\"desarrollo\"},\"sameAs\":[\"https:\\\/\\\/insia-upm.es\"],\"url\":\"https:\\\/\\\/insia-upm.es\\\/en\\\/author\\\/desarrollo\\\/\"}]}<\/script>\n<!-- \/ Yoast SEO plugin. -->","yoast_head_json":{"title":"Ciclo Extraordinario de Conferencias Curso 2012\/2013: \u201cLa apuesta del Sector de Automoci\u00f3n por la actividad industrial en Espa\u00f1a\u201d - Instituto Universitario de Investigaci\u00f3n del Autom\u00f3vil Francisco Aparicio Izquierdo","robots":{"index":"index","follow":"follow","max-snippet":"max-snippet:-1","max-image-preview":"max-image-preview:large","max-video-preview":"max-video-preview:-1"},"canonical":"https:\/\/insia-upm.es\/en\/ciclo-extraordinario-de-conferencias-curso-20122013-la-apuesta-del-sector-de-automocion-por-la-actividad-industrial-en-espana\/","og_locale":"en_GB","og_type":"article","og_title":"Ciclo Extraordinario de Conferencias Curso 2012\/2013: \u201cLa apuesta del Sector de Automoci\u00f3n por la actividad industrial en Espa\u00f1a\u201d - Instituto Universitario de Investigaci\u00f3n del Autom\u00f3vil Francisco Aparicio Izquierdo","og_description":"Conferencia: \u201cDel Renault 4\/4 al CAPTUR: 60 a\u00f1os de Renault en Espa\u00f1a\u201d Que pronunciar\u00e1: &nbsp;D. Ernesto Salas Hern\u00e1ndez Director de Relaciones Institucionales&nbsp; de RENAULT ESPA\u00d1A D\u00eda 2 de abril de 2013 a las 19\u201900 Lugar de Celebraci\u00f3n: Sal\u00f3n de Actos de la E.T.S.I. Industriales,&nbsp; C\/ Jos\u00e9&nbsp;Guti\u00e9rrez Abascal, n\u00ba 2 &nbsp;","og_url":"https:\/\/insia-upm.es\/en\/ciclo-extraordinario-de-conferencias-curso-20122013-la-apuesta-del-sector-de-automocion-por-la-actividad-industrial-en-espana\/","og_site_name":"Instituto Universitario de Investigaci\u00f3n del Autom\u00f3vil Francisco Aparicio Izquierdo","article_published_time":"2013-04-02T08:54:00+00:00","og_image":[{"width":849,"height":633,"url":"https:\/\/insia-upm.es\/wp-content\/uploads\/2013\/04\/conferencias-master-insia.jpg","type":"image\/jpeg"}],"author":"desarrollo","twitter_card":"summary_large_image","twitter_creator":"@INSIAUPM","twitter_site":"@INSIAUPM","twitter_misc":{"Written by":"desarrollo"},"schema":{"@context":"https:\/\/schema.org","@graph":[{"@type":"Article","@id":"https:\/\/insia-upm.es\/ciclo-extraordinario-de-conferencias-curso-20122013-la-apuesta-del-sector-de-automocion-por-la-actividad-industrial-en-espana\/#article","isPartOf":{"@id":"https:\/\/insia-upm.es\/ciclo-extraordinario-de-conferencias-curso-20122013-la-apuesta-del-sector-de-automocion-por-la-actividad-industrial-en-espana\/"},"author":{"name":"desarrollo","@id":"https:\/\/insia-upm.es\/#\/schema\/person\/ea86956259a9cb1c71947e50fada3117"},"headline":"Ciclo Extraordinario de Conferencias Curso 2012\/2013: \u201cLa apuesta del Sector de Automoci\u00f3n por la actividad industrial en Espa\u00f1a\u201d","datePublished":"2013-04-02T08:54:00+00:00","mainEntityOfPage":{"@id":"https:\/\/insia-upm.es\/ciclo-extraordinario-de-conferencias-curso-20122013-la-apuesta-del-sector-de-automocion-por-la-actividad-industrial-en-espana\/"},"wordCount":79,"commentCount":0,"publisher":{"@id":"https:\/\/insia-upm.es\/#organization"},"image":{"@id":"https:\/\/insia-upm.es\/ciclo-extraordinario-de-conferencias-curso-20122013-la-apuesta-del-sector-de-automocion-por-la-actividad-industrial-en-espana\/#primaryimage"},"thumbnailUrl":"https:\/\/insia-upm.es\/wp-content\/uploads\/2013\/04\/conferencias-master-insia.jpg","articleSection":["Uncategorized"],"inLanguage":"en-GB","potentialAction":[{"@type":"CommentAction","name":"Comment","target":["https:\/\/insia-upm.es\/ciclo-extraordinario-de-conferencias-curso-20122013-la-apuesta-del-sector-de-automocion-por-la-actividad-industrial-en-espana\/#respond"]}]},{"@type":"WebPage","@id":"https:\/\/insia-upm.es\/ciclo-extraordinario-de-conferencias-curso-20122013-la-apuesta-del-sector-de-automocion-por-la-actividad-industrial-en-espana\/","url":"https:\/\/insia-upm.es\/ciclo-extraordinario-de-conferencias-curso-20122013-la-apuesta-del-sector-de-automocion-por-la-actividad-industrial-en-espana\/","name":"Ciclo Extraordinario de Conferencias Curso 2012\/2013: \u201cLa apuesta del Sector de Automoci\u00f3n por la actividad industrial en Espa\u00f1a\u201d - Instituto Universitario de Investigaci\u00f3n del Autom\u00f3vil Francisco Aparicio Izquierdo","isPartOf":{"@id":"https:\/\/insia-upm.es\/#website"},"primaryImageOfPage":{"@id":"https:\/\/insia-upm.es\/ciclo-extraordinario-de-conferencias-curso-20122013-la-apuesta-del-sector-de-automocion-por-la-actividad-industrial-en-espana\/#primaryimage"},"image":{"@id":"https:\/\/insia-upm.es\/ciclo-extraordinario-de-conferencias-curso-20122013-la-apuesta-del-sector-de-automocion-por-la-actividad-industrial-en-espana\/#primaryimage"},"thumbnailUrl":"https:\/\/insia-upm.es\/wp-content\/uploads\/2013\/04\/conferencias-master-insia.jpg","datePublished":"2013-04-02T08:54:00+00:00","breadcrumb":{"@id":"https:\/\/insia-upm.es\/ciclo-extraordinario-de-conferencias-curso-20122013-la-apuesta-del-sector-de-automocion-por-la-actividad-industrial-en-espana\/#breadcrumb"},"inLanguage":"en-GB","potentialAction":[{"@type":"ReadAction","target":["https:\/\/insia-upm.es\/ciclo-extraordinario-de-conferencias-curso-20122013-la-apuesta-del-sector-de-automocion-por-la-actividad-industrial-en-espana\/"]}]},{"@type":"ImageObject","inLanguage":"en-GB","@id":"https:\/\/insia-upm.es\/ciclo-extraordinario-de-conferencias-curso-20122013-la-apuesta-del-sector-de-automocion-por-la-actividad-industrial-en-espana\/#primaryimage","url":"https:\/\/insia-upm.es\/wp-content\/uploads\/2013\/04\/conferencias-master-insia.jpg","contentUrl":"https:\/\/insia-upm.es\/wp-content\/uploads\/2013\/04\/conferencias-master-insia.jpg","width":849,"height":633},{"@type":"BreadcrumbList","@id":"https:\/\/insia-upm.es\/ciclo-extraordinario-de-conferencias-curso-20122013-la-apuesta-del-sector-de-automocion-por-la-actividad-industrial-en-espana\/#breadcrumb","itemListElement":[{"@type":"ListItem","position":1,"name":"Portada","item":"https:\/\/insia-upm.es\/"},{"@type":"ListItem","position":2,"name":"Ciclo Extraordinario de Conferencias Curso 2012\/2013: \u201cLa apuesta del Sector de Automoci\u00f3n por la actividad industrial en Espa\u00f1a\u201d"}]},{"@type":"WebSite","@id":"https:\/\/insia-upm.es\/#website","url":"https:\/\/insia-upm.es\/","name":"Instituto Universitario de Investigaci\u00f3n del Autom\u00f3vil Francisco Aparicio Izquierdo","description":"Instituto de Investigaci\u00f3n del Autom\u00f3vil Francisco Aparicio Izquierdo","publisher":{"@id":"https:\/\/insia-upm.es\/#organization"},"potentialAction":[{"@type":"SearchAction","target":{"@type":"EntryPoint","urlTemplate":"https:\/\/insia-upm.es\/?s={search_term_string}"},"query-input":{"@type":"PropertyValueSpecification","valueRequired":true,"valueName":"search_term_string"}}],"inLanguage":"en-GB"},{"@type":"Organization","@id":"https:\/\/insia-upm.es\/#organization","name":"UPM-INSIA","url":"https:\/\/insia-upm.es\/","logo":{"@type":"ImageObject","inLanguage":"en-GB","@id":"https:\/\/insia-upm.es\/#\/schema\/logo\/image\/","url":"https:\/\/insia-upm.es\/wp-content\/uploads\/2021\/12\/logo-insia-low-e1412177316550.png","contentUrl":"https:\/\/insia-upm.es\/wp-content\/uploads\/2021\/12\/logo-insia-low-e1412177316550.png","width":50,"height":71,"caption":"UPM-INSIA"},"image":{"@id":"https:\/\/insia-upm.es\/#\/schema\/logo\/image\/"},"sameAs":["https:\/\/x.com\/INSIAUPM","https:\/\/www.instagram.com\/insia.upm\/","https:\/\/www.linkedin.com\/in\/insia-instituto-universitario-investigaci\u00f3n-9088635a\/","https:\/\/www.youtube.com\/user\/gestionidi"]},{"@type":"Person","@id":"https:\/\/insia-upm.es\/#\/schema\/person\/ea86956259a9cb1c71947e50fada3117","name":"desarrollo","image":{"@type":"ImageObject","inLanguage":"en-GB","@id":"https:\/\/secure.gravatar.com\/avatar\/adcd1146e74a083903bd51ea0ac5e00b3905e9c35fc0c1b39da8534ca17f7257?s=96&d=mm&r=g","url":"https:\/\/secure.gravatar.com\/avatar\/adcd1146e74a083903bd51ea0ac5e00b3905e9c35fc0c1b39da8534ca17f7257?s=96&d=mm&r=g","contentUrl":"https:\/\/secure.gravatar.com\/avatar\/adcd1146e74a083903bd51ea0ac5e00b3905e9c35fc0c1b39da8534ca17f7257?s=96&d=mm&r=g","caption":"desarrollo"},"sameAs":["https:\/\/insia-upm.es"],"url":"https:\/\/insia-upm.es\/en\/author\/desarrollo\/"}]}},"_links":{"self":[{"href":"https:\/\/insia-upm.es\/en\/wp-json\/wp\/v2\/posts\/11040","targetHints":{"allow":["GET"]}}],"collection":[{"href":"https:\/\/insia-upm.es\/en\/wp-json\/wp\/v2\/posts"}],"about":[{"href":"https:\/\/insia-upm.es\/en\/wp-json\/wp\/v2\/types\/post"}],"author":[{"embeddable":true,"href":"https:\/\/insia-upm.es\/en\/wp-json\/wp\/v2\/users\/1"}],"replies":[{"embeddable":true,"href":"https:\/\/insia-upm.es\/en\/wp-json\/wp\/v2\/comments?post=11040"}],"version-history":[{"count":0,"href":"https:\/\/insia-upm.es\/en\/wp-json\/wp\/v2\/posts\/11040\/revisions"}],"wp:featuredmedia":[{"embeddable":true,"href":"https:\/\/insia-upm.es\/en\/wp-json\/wp\/v2\/media\/11105"}],"wp:attachment":[{"href":"https:\/\/insia-upm.es\/en\/wp-json\/wp\/v2\/media?parent=11040"}],"wp:term":[{"taxonomy":"category","embeddable":true,"href":"https:\/\/insia-upm.es\/en\/wp-json\/wp\/v2\/categories?post=11040"},{"taxonomy":"post_tag","embeddable":true,"href":"https:\/\/insia-upm.es\/en\/wp-json\/wp\/v2\/tags?post=11040"}],"curies":[{"name":"wp","href":"https:\/\/api.w.org\/{rel}","templated":true}]}}