{"id":11038,"date":"2013-05-13T10:47:00","date_gmt":"2013-05-13T08:47:00","guid":{"rendered":"https:\/\/insia-upm.es\/ciclo-extraordinario-de-conferencias-curso-20122013-la-apuesta-del-sector-de-automocion-por-la-actividad-industrial-en-espana-3a-conferencia\/"},"modified":"2013-05-13T10:47:00","modified_gmt":"2013-05-13T08:47:00","slug":"ciclo-extraordinario-de-conferencias-curso-20122013-la-apuesta-del-sector-de-automocion-por-la-actividad-industrial-en-espana-3a-conferencia","status":"publish","type":"post","link":"https:\/\/insia-upm.es\/en\/ciclo-extraordinario-de-conferencias-curso-20122013-la-apuesta-del-sector-de-automocion-por-la-actividad-industrial-en-espana-3a-conferencia\/","title":{"rendered":"Ciclo Extraordinario de Conferencias Curso 2012\/2013: \u201cLa apuesta del Sector de Automoci\u00f3n por la actividad industrial en Espa\u00f1a\u201d (3\u00aa Conferencia)"},"content":{"rendered":"<p><\/p>\n<div style=\"direction: ltr; margin-bottom: 0pt; margin-top: 0pt; text-align: left; unicode-bidi: embed; vertical-align: baseline;\"><span style=\"color: #990000; font-style: italic; font-weight: bold;\"><span style=\"font-family: inherit;\">Conferencia:<\/span><\/span><\/div>\n<div style=\"direction: ltr; language: es; margin-bottom: 0pt; margin-top: 0pt; text-align: center; unicode-bidi: embed; vertical-align: baseline;\">\n<div style=\"text-align: center;\"><span style=\"color: #990000; font-style: italic; font-weight: bold;\"><span style=\"font-family: inherit;\">\u201cApuesta por las f\u00e1bricas espa\u00f1olas\u201d<\/span><\/span><\/div>\n<\/div>\n<div style=\"direction: ltr; margin-bottom: 0pt; margin-top: 0pt; unicode-bidi: embed; vertical-align: baseline;\">\n<div style=\"text-align: center;\"><span style=\"font-family: inherit;\"><u>Que pronunciar\u00e1:<\/u><span style=\"font-style: italic;\"><\/span><\/span><\/div>\n<\/div>\n<div style=\"direction: ltr; language: es; margin-bottom: 0pt; margin-top: 0pt; text-align: center; unicode-bidi: embed; vertical-align: baseline;\">\n<div style=\"text-align: center;\"><span style=\"font-family: inherit;\"><span style=\"color: #a50021; font-style: italic;\">&nbsp;<\/span><span style=\"color: #990000; font-style: italic; font-weight: bold;\">D. Jos\u00e9 Carlos Robredo <\/span><span style=\"color: #990000; font-style: italic; font-weight: bold;\">Bertol<\/span><span style=\"color: #a50021; font-style: italic;\">&nbsp; <\/span><\/span><\/div>\n<\/div>\n<div style=\"direction: ltr; language: es; margin-bottom: 0pt; margin-top: 0pt; text-align: center; unicode-bidi: embed; vertical-align: baseline;\">\n<div style=\"text-align: center;\"><span style=\"font-family: inherit;\"><span style=\"font-weight: bold;\">Director de PSA PEUGEOT CITRO\u00cbN<\/span> <\/span><\/div>\n<\/div>\n<div style=\"direction: ltr; language: es; margin-bottom: 0pt; margin-top: 0pt; text-align: center; unicode-bidi: embed; vertical-align: baseline;\">\n<div style=\"text-align: center;\"><span style=\"font-family: inherit;\">(Centro de producci\u00f3n de Madrid)<\/span><\/div>\n<\/div>\n<div style=\"direction: ltr; margin-bottom: 0pt; margin-top: 0pt; text-align: left; unicode-bidi: embed; vertical-align: baseline;\"><span style=\"font-family: inherit;\"><br \/><\/span><\/div>\n<div style=\"direction: ltr; margin-bottom: 0pt; margin-top: 0pt; text-align: left; unicode-bidi: embed; vertical-align: baseline;\"><\/div>\n<div align=\"left\" style=\"font-family: Arial, Helvetica, sans-serif; font-size: 13px; line-height: 18px;\"><b style=\"background-color: yellow;\">D\u00eda 20 de mayo de 2013 a las 19\u201900<\/b><span es=\"\" style=\"background-color: white;\"><o:p><\/o:p><\/span><\/div>\n<div align=\"left\" style=\"background-color: white; font-family: Arial, Helvetica, sans-serif; font-size: 13px; line-height: 18px;\"><span es=\"\"><span style=\"font-size: xx-small;\">Lugar de Celebraci\u00f3n:&nbsp;<b>Sal\u00f3n de Actos de la E.T.S.I. Industriales<\/b>,<span yes=\"\">&nbsp;&nbsp;<\/span>C\/ Jos\u00e9&nbsp;<\/span><\/span><span style=\"font-size: xx-small;\">Guti\u00e9rrez Abascal, n\u00ba 2&nbsp;<\/span><span style=\"font-size: xx-small;\">&nbsp;<\/span><\/div>\n<div align=\"left\" style=\"background-color: white; font-family: Arial, Helvetica, sans-serif; font-size: 13px; line-height: 18px;\"><span style=\"font-size: xx-small;\"><br \/><\/span><\/div>\n<div style=\"clear: both; text-align: center;\"><a href=\"https:\/\/insia-upm.es\/wp-content\/uploads\/2013\/05\/Conf3-MIA-MVE.jpg\" style=\"margin-left: 1em; margin-right: 1em;\"><img loading=\"lazy\" decoding=\"async\" border=\"0\" height=\"300\" src=\"https:\/\/insia-upm.es\/wp-content\/uploads\/2013\/05\/Conf3-MIA-MVE-300x225.jpg\" width=\"400\" \/><\/a><\/div>\n<div align=\"left\" style=\"background-color: white; font-family: Arial, Helvetica, sans-serif; font-size: 13px; line-height: 18px;\"><span style=\"font-size: xx-small;\"><br \/><\/span><\/div>\n<p><\/p>","protected":false},"excerpt":{"rendered":"<p>Conferencia: \u201cApuesta por las f\u00e1bricas espa\u00f1olas\u201d Que pronunciar\u00e1: &nbsp;D. Jos\u00e9 Carlos Robredo Bertol&nbsp; Director de PSA PEUGEOT CITRO\u00cbN (Centro de producci\u00f3n de Madrid) D\u00eda 20 de mayo de 2013 a las 19\u201900 Lugar de Celebraci\u00f3n:&nbsp;Sal\u00f3n de Actos de la E.T.S.I. Industriales,&nbsp;&nbsp;C\/ Jos\u00e9&nbsp;Guti\u00e9rrez Abascal, n\u00ba 2&nbsp;&nbsp;<\/p>","protected":false},"author":1,"featured_media":11102,"comment_status":"open","ping_status":"open","sticky":false,"template":"","format":"standard","meta":{"_et_pb_use_builder":"","_et_pb_old_content":"","_et_gb_content_width":"","_monsterinsights_skip_tracking":false,"_monsterinsights_sitenote_active":false,"_monsterinsights_sitenote_note":"","_monsterinsights_sitenote_category":0,"footnotes":""},"categories":[39,35,69,70],"tags":[],"class_list":["post-11038","post","type-post","status-publish","format-standard","has-post-thumbnail","hentry","category-conferencia","category-master-ingenieria-vehiculos-electricos-hibridos-insia-upm-politecnica-posgrado","category-produccion","category-psa"],"yoast_head":"<!-- This site is optimized with the Yoast SEO plugin v27.4 - https:\/\/yoast.com\/product\/yoast-seo-wordpress\/ -->\n<title>Ciclo Extraordinario de Conferencias Curso 2012\/2013: \u201cLa apuesta del Sector de Automoci\u00f3n por la actividad industrial en Espa\u00f1a\u201d (3\u00aa Conferencia) - Instituto Universitario de Investigaci\u00f3n del Autom\u00f3vil Francisco Aparicio Izquierdo<\/title>\n<meta name=\"robots\" content=\"index, follow, max-snippet:-1, max-image-preview:large, max-video-preview:-1\" \/>\n<link rel=\"canonical\" href=\"https:\/\/insia-upm.es\/en\/ciclo-extraordinario-de-conferencias-curso-20122013-la-apuesta-del-sector-de-automocion-por-la-actividad-industrial-en-espana-3a-conferencia\/\" \/>\n<meta property=\"og:locale\" content=\"en_GB\" \/>\n<meta property=\"og:type\" content=\"article\" \/>\n<meta property=\"og:title\" content=\"Ciclo Extraordinario de Conferencias Curso 2012\/2013: \u201cLa apuesta del Sector de Automoci\u00f3n por la actividad industrial en Espa\u00f1a\u201d (3\u00aa Conferencia) - Instituto Universitario de Investigaci\u00f3n del Autom\u00f3vil Francisco Aparicio Izquierdo\" \/>\n<meta property=\"og:description\" content=\"Conferencia: \u201cApuesta por las f\u00e1bricas espa\u00f1olas\u201d Que pronunciar\u00e1: &nbsp;D. Jos\u00e9 Carlos Robredo Bertol&nbsp; Director de PSA PEUGEOT CITRO\u00cbN (Centro de producci\u00f3n de Madrid) D\u00eda 20 de mayo de 2013 a las 19\u201900 Lugar de Celebraci\u00f3n:&nbsp;Sal\u00f3n de Actos de la E.T.S.I. Industriales,&nbsp;&nbsp;C\/ Jos\u00e9&nbsp;Guti\u00e9rrez Abascal, n\u00ba 2&nbsp;&nbsp;\" \/>\n<meta property=\"og:url\" content=\"https:\/\/insia-upm.es\/en\/ciclo-extraordinario-de-conferencias-curso-20122013-la-apuesta-del-sector-de-automocion-por-la-actividad-industrial-en-espana-3a-conferencia\/\" \/>\n<meta property=\"og:site_name\" content=\"Instituto Universitario de Investigaci\u00f3n del Autom\u00f3vil Francisco Aparicio Izquierdo\" \/>\n<meta property=\"article:published_time\" content=\"2013-05-13T08:47:00+00:00\" \/>\n<meta property=\"og:image\" content=\"https:\/\/insia-upm.es\/wp-content\/uploads\/2013\/05\/Conf3-MIA-MVE.jpg\" \/>\n\t<meta property=\"og:image:width\" content=\"1024\" \/>\n\t<meta property=\"og:image:height\" content=\"768\" \/>\n\t<meta property=\"og:image:type\" content=\"image\/jpeg\" \/>\n<meta name=\"author\" content=\"desarrollo\" \/>\n<meta name=\"twitter:card\" content=\"summary_large_image\" \/>\n<meta name=\"twitter:creator\" content=\"@INSIAUPM\" \/>\n<meta name=\"twitter:site\" content=\"@INSIAUPM\" \/>\n<meta name=\"twitter:label1\" content=\"Written by\" \/>\n\t<meta name=\"twitter:data1\" content=\"desarrollo\" \/>\n<script type=\"application\/ld+json\" class=\"yoast-schema-graph\">{\"@context\":\"https:\\\/\\\/schema.org\",\"@graph\":[{\"@type\":\"Article\",\"@id\":\"https:\\\/\\\/insia-upm.es\\\/ciclo-extraordinario-de-conferencias-curso-20122013-la-apuesta-del-sector-de-automocion-por-la-actividad-industrial-en-espana-3a-conferencia\\\/#article\",\"isPartOf\":{\"@id\":\"https:\\\/\\\/insia-upm.es\\\/ciclo-extraordinario-de-conferencias-curso-20122013-la-apuesta-del-sector-de-automocion-por-la-actividad-industrial-en-espana-3a-conferencia\\\/\"},\"author\":{\"name\":\"desarrollo\",\"@id\":\"https:\\\/\\\/insia-upm.es\\\/#\\\/schema\\\/person\\\/ea86956259a9cb1c71947e50fada3117\"},\"headline\":\"Ciclo Extraordinario de Conferencias Curso 2012\\\/2013: \u201cLa apuesta del Sector de Automoci\u00f3n por la actividad industrial en Espa\u00f1a\u201d (3\u00aa Conferencia)\",\"datePublished\":\"2013-05-13T08:47:00+00:00\",\"mainEntityOfPage\":{\"@id\":\"https:\\\/\\\/insia-upm.es\\\/ciclo-extraordinario-de-conferencias-curso-20122013-la-apuesta-del-sector-de-automocion-por-la-actividad-industrial-en-espana-3a-conferencia\\\/\"},\"wordCount\":83,\"commentCount\":0,\"publisher\":{\"@id\":\"https:\\\/\\\/insia-upm.es\\\/#organization\"},\"image\":{\"@id\":\"https:\\\/\\\/insia-upm.es\\\/ciclo-extraordinario-de-conferencias-curso-20122013-la-apuesta-del-sector-de-automocion-por-la-actividad-industrial-en-espana-3a-conferencia\\\/#primaryimage\"},\"thumbnailUrl\":\"https:\\\/\\\/insia-upm.es\\\/wp-content\\\/uploads\\\/2013\\\/05\\\/Conf3-MIA-MVE.jpg\",\"articleSection\":[\"conferencia\",\"master ingenieria vehiculos electricos hibridos insia upm politecnica posgrado\",\"producci\u00f3n\",\"PSA\"],\"inLanguage\":\"en-GB\",\"potentialAction\":[{\"@type\":\"CommentAction\",\"name\":\"Comment\",\"target\":[\"https:\\\/\\\/insia-upm.es\\\/ciclo-extraordinario-de-conferencias-curso-20122013-la-apuesta-del-sector-de-automocion-por-la-actividad-industrial-en-espana-3a-conferencia\\\/#respond\"]}]},{\"@type\":\"WebPage\",\"@id\":\"https:\\\/\\\/insia-upm.es\\\/ciclo-extraordinario-de-conferencias-curso-20122013-la-apuesta-del-sector-de-automocion-por-la-actividad-industrial-en-espana-3a-conferencia\\\/\",\"url\":\"https:\\\/\\\/insia-upm.es\\\/ciclo-extraordinario-de-conferencias-curso-20122013-la-apuesta-del-sector-de-automocion-por-la-actividad-industrial-en-espana-3a-conferencia\\\/\",\"name\":\"Ciclo Extraordinario de Conferencias Curso 2012\\\/2013: \u201cLa apuesta del Sector de Automoci\u00f3n por la actividad industrial en Espa\u00f1a\u201d (3\u00aa Conferencia) - Instituto Universitario de Investigaci\u00f3n del Autom\u00f3vil Francisco Aparicio Izquierdo\",\"isPartOf\":{\"@id\":\"https:\\\/\\\/insia-upm.es\\\/#website\"},\"primaryImageOfPage\":{\"@id\":\"https:\\\/\\\/insia-upm.es\\\/ciclo-extraordinario-de-conferencias-curso-20122013-la-apuesta-del-sector-de-automocion-por-la-actividad-industrial-en-espana-3a-conferencia\\\/#primaryimage\"},\"image\":{\"@id\":\"https:\\\/\\\/insia-upm.es\\\/ciclo-extraordinario-de-conferencias-curso-20122013-la-apuesta-del-sector-de-automocion-por-la-actividad-industrial-en-espana-3a-conferencia\\\/#primaryimage\"},\"thumbnailUrl\":\"https:\\\/\\\/insia-upm.es\\\/wp-content\\\/uploads\\\/2013\\\/05\\\/Conf3-MIA-MVE.jpg\",\"datePublished\":\"2013-05-13T08:47:00+00:00\",\"breadcrumb\":{\"@id\":\"https:\\\/\\\/insia-upm.es\\\/ciclo-extraordinario-de-conferencias-curso-20122013-la-apuesta-del-sector-de-automocion-por-la-actividad-industrial-en-espana-3a-conferencia\\\/#breadcrumb\"},\"inLanguage\":\"en-GB\",\"potentialAction\":[{\"@type\":\"ReadAction\",\"target\":[\"https:\\\/\\\/insia-upm.es\\\/ciclo-extraordinario-de-conferencias-curso-20122013-la-apuesta-del-sector-de-automocion-por-la-actividad-industrial-en-espana-3a-conferencia\\\/\"]}]},{\"@type\":\"ImageObject\",\"inLanguage\":\"en-GB\",\"@id\":\"https:\\\/\\\/insia-upm.es\\\/ciclo-extraordinario-de-conferencias-curso-20122013-la-apuesta-del-sector-de-automocion-por-la-actividad-industrial-en-espana-3a-conferencia\\\/#primaryimage\",\"url\":\"https:\\\/\\\/insia-upm.es\\\/wp-content\\\/uploads\\\/2013\\\/05\\\/Conf3-MIA-MVE.jpg\",\"contentUrl\":\"https:\\\/\\\/insia-upm.es\\\/wp-content\\\/uploads\\\/2013\\\/05\\\/Conf3-MIA-MVE.jpg\",\"width\":1024,\"height\":768},{\"@type\":\"BreadcrumbList\",\"@id\":\"https:\\\/\\\/insia-upm.es\\\/ciclo-extraordinario-de-conferencias-curso-20122013-la-apuesta-del-sector-de-automocion-por-la-actividad-industrial-en-espana-3a-conferencia\\\/#breadcrumb\",\"itemListElement\":[{\"@type\":\"ListItem\",\"position\":1,\"name\":\"Portada\",\"item\":\"https:\\\/\\\/insia-upm.es\\\/\"},{\"@type\":\"ListItem\",\"position\":2,\"name\":\"Ciclo Extraordinario de Conferencias Curso 2012\\\/2013: \u201cLa apuesta del Sector de Automoci\u00f3n por la actividad industrial en Espa\u00f1a\u201d (3\u00aa Conferencia)\"}]},{\"@type\":\"WebSite\",\"@id\":\"https:\\\/\\\/insia-upm.es\\\/#website\",\"url\":\"https:\\\/\\\/insia-upm.es\\\/\",\"name\":\"Instituto Universitario de Investigaci\u00f3n del Autom\u00f3vil Francisco Aparicio Izquierdo\",\"description\":\"Instituto de Investigaci\u00f3n del Autom\u00f3vil Francisco Aparicio Izquierdo\",\"publisher\":{\"@id\":\"https:\\\/\\\/insia-upm.es\\\/#organization\"},\"potentialAction\":[{\"@type\":\"SearchAction\",\"target\":{\"@type\":\"EntryPoint\",\"urlTemplate\":\"https:\\\/\\\/insia-upm.es\\\/?s={search_term_string}\"},\"query-input\":{\"@type\":\"PropertyValueSpecification\",\"valueRequired\":true,\"valueName\":\"search_term_string\"}}],\"inLanguage\":\"en-GB\"},{\"@type\":\"Organization\",\"@id\":\"https:\\\/\\\/insia-upm.es\\\/#organization\",\"name\":\"UPM-INSIA\",\"url\":\"https:\\\/\\\/insia-upm.es\\\/\",\"logo\":{\"@type\":\"ImageObject\",\"inLanguage\":\"en-GB\",\"@id\":\"https:\\\/\\\/insia-upm.es\\\/#\\\/schema\\\/logo\\\/image\\\/\",\"url\":\"https:\\\/\\\/insia-upm.es\\\/wp-content\\\/uploads\\\/2021\\\/12\\\/logo-insia-low-e1412177316550.png\",\"contentUrl\":\"https:\\\/\\\/insia-upm.es\\\/wp-content\\\/uploads\\\/2021\\\/12\\\/logo-insia-low-e1412177316550.png\",\"width\":50,\"height\":71,\"caption\":\"UPM-INSIA\"},\"image\":{\"@id\":\"https:\\\/\\\/insia-upm.es\\\/#\\\/schema\\\/logo\\\/image\\\/\"},\"sameAs\":[\"https:\\\/\\\/x.com\\\/INSIAUPM\",\"https:\\\/\\\/www.instagram.com\\\/insia.upm\\\/\",\"https:\\\/\\\/www.linkedin.com\\\/in\\\/insia-instituto-universitario-investigaci\u00f3n-9088635a\\\/\",\"https:\\\/\\\/www.youtube.com\\\/user\\\/gestionidi\"]},{\"@type\":\"Person\",\"@id\":\"https:\\\/\\\/insia-upm.es\\\/#\\\/schema\\\/person\\\/ea86956259a9cb1c71947e50fada3117\",\"name\":\"desarrollo\",\"image\":{\"@type\":\"ImageObject\",\"inLanguage\":\"en-GB\",\"@id\":\"https:\\\/\\\/secure.gravatar.com\\\/avatar\\\/adcd1146e74a083903bd51ea0ac5e00b3905e9c35fc0c1b39da8534ca17f7257?s=96&d=mm&r=g\",\"url\":\"https:\\\/\\\/secure.gravatar.com\\\/avatar\\\/adcd1146e74a083903bd51ea0ac5e00b3905e9c35fc0c1b39da8534ca17f7257?s=96&d=mm&r=g\",\"contentUrl\":\"https:\\\/\\\/secure.gravatar.com\\\/avatar\\\/adcd1146e74a083903bd51ea0ac5e00b3905e9c35fc0c1b39da8534ca17f7257?s=96&d=mm&r=g\",\"caption\":\"desarrollo\"},\"sameAs\":[\"https:\\\/\\\/insia-upm.es\"],\"url\":\"https:\\\/\\\/insia-upm.es\\\/en\\\/author\\\/desarrollo\\\/\"}]}<\/script>\n<!-- \/ Yoast SEO plugin. -->","yoast_head_json":{"title":"Ciclo Extraordinario de Conferencias Curso 2012\/2013: \u201cLa apuesta del Sector de Automoci\u00f3n por la actividad industrial en Espa\u00f1a\u201d (3\u00aa Conferencia) - Instituto Universitario de Investigaci\u00f3n del Autom\u00f3vil Francisco Aparicio Izquierdo","robots":{"index":"index","follow":"follow","max-snippet":"max-snippet:-1","max-image-preview":"max-image-preview:large","max-video-preview":"max-video-preview:-1"},"canonical":"https:\/\/insia-upm.es\/en\/ciclo-extraordinario-de-conferencias-curso-20122013-la-apuesta-del-sector-de-automocion-por-la-actividad-industrial-en-espana-3a-conferencia\/","og_locale":"en_GB","og_type":"article","og_title":"Ciclo Extraordinario de Conferencias Curso 2012\/2013: \u201cLa apuesta del Sector de Automoci\u00f3n por la actividad industrial en Espa\u00f1a\u201d (3\u00aa Conferencia) - Instituto Universitario de Investigaci\u00f3n del Autom\u00f3vil Francisco Aparicio Izquierdo","og_description":"Conferencia: \u201cApuesta por las f\u00e1bricas espa\u00f1olas\u201d Que pronunciar\u00e1: &nbsp;D. Jos\u00e9 Carlos Robredo Bertol&nbsp; Director de PSA PEUGEOT CITRO\u00cbN (Centro de producci\u00f3n de Madrid) D\u00eda 20 de mayo de 2013 a las 19\u201900 Lugar de Celebraci\u00f3n:&nbsp;Sal\u00f3n de Actos de la E.T.S.I. Industriales,&nbsp;&nbsp;C\/ Jos\u00e9&nbsp;Guti\u00e9rrez Abascal, n\u00ba 2&nbsp;&nbsp;","og_url":"https:\/\/insia-upm.es\/en\/ciclo-extraordinario-de-conferencias-curso-20122013-la-apuesta-del-sector-de-automocion-por-la-actividad-industrial-en-espana-3a-conferencia\/","og_site_name":"Instituto Universitario de Investigaci\u00f3n del Autom\u00f3vil Francisco Aparicio Izquierdo","article_published_time":"2013-05-13T08:47:00+00:00","og_image":[{"width":1024,"height":768,"url":"https:\/\/insia-upm.es\/wp-content\/uploads\/2013\/05\/Conf3-MIA-MVE.jpg","type":"image\/jpeg"}],"author":"desarrollo","twitter_card":"summary_large_image","twitter_creator":"@INSIAUPM","twitter_site":"@INSIAUPM","twitter_misc":{"Written by":"desarrollo"},"schema":{"@context":"https:\/\/schema.org","@graph":[{"@type":"Article","@id":"https:\/\/insia-upm.es\/ciclo-extraordinario-de-conferencias-curso-20122013-la-apuesta-del-sector-de-automocion-por-la-actividad-industrial-en-espana-3a-conferencia\/#article","isPartOf":{"@id":"https:\/\/insia-upm.es\/ciclo-extraordinario-de-conferencias-curso-20122013-la-apuesta-del-sector-de-automocion-por-la-actividad-industrial-en-espana-3a-conferencia\/"},"author":{"name":"desarrollo","@id":"https:\/\/insia-upm.es\/#\/schema\/person\/ea86956259a9cb1c71947e50fada3117"},"headline":"Ciclo Extraordinario de Conferencias Curso 2012\/2013: \u201cLa apuesta del Sector de Automoci\u00f3n por la actividad industrial en Espa\u00f1a\u201d (3\u00aa Conferencia)","datePublished":"2013-05-13T08:47:00+00:00","mainEntityOfPage":{"@id":"https:\/\/insia-upm.es\/ciclo-extraordinario-de-conferencias-curso-20122013-la-apuesta-del-sector-de-automocion-por-la-actividad-industrial-en-espana-3a-conferencia\/"},"wordCount":83,"commentCount":0,"publisher":{"@id":"https:\/\/insia-upm.es\/#organization"},"image":{"@id":"https:\/\/insia-upm.es\/ciclo-extraordinario-de-conferencias-curso-20122013-la-apuesta-del-sector-de-automocion-por-la-actividad-industrial-en-espana-3a-conferencia\/#primaryimage"},"thumbnailUrl":"https:\/\/insia-upm.es\/wp-content\/uploads\/2013\/05\/Conf3-MIA-MVE.jpg","articleSection":["conferencia","master ingenieria vehiculos electricos hibridos insia upm politecnica posgrado","producci\u00f3n","PSA"],"inLanguage":"en-GB","potentialAction":[{"@type":"CommentAction","name":"Comment","target":["https:\/\/insia-upm.es\/ciclo-extraordinario-de-conferencias-curso-20122013-la-apuesta-del-sector-de-automocion-por-la-actividad-industrial-en-espana-3a-conferencia\/#respond"]}]},{"@type":"WebPage","@id":"https:\/\/insia-upm.es\/ciclo-extraordinario-de-conferencias-curso-20122013-la-apuesta-del-sector-de-automocion-por-la-actividad-industrial-en-espana-3a-conferencia\/","url":"https:\/\/insia-upm.es\/ciclo-extraordinario-de-conferencias-curso-20122013-la-apuesta-del-sector-de-automocion-por-la-actividad-industrial-en-espana-3a-conferencia\/","name":"Ciclo Extraordinario de Conferencias Curso 2012\/2013: \u201cLa apuesta del Sector de Automoci\u00f3n por la actividad industrial en Espa\u00f1a\u201d (3\u00aa Conferencia) - Instituto Universitario de Investigaci\u00f3n del Autom\u00f3vil Francisco Aparicio Izquierdo","isPartOf":{"@id":"https:\/\/insia-upm.es\/#website"},"primaryImageOfPage":{"@id":"https:\/\/insia-upm.es\/ciclo-extraordinario-de-conferencias-curso-20122013-la-apuesta-del-sector-de-automocion-por-la-actividad-industrial-en-espana-3a-conferencia\/#primaryimage"},"image":{"@id":"https:\/\/insia-upm.es\/ciclo-extraordinario-de-conferencias-curso-20122013-la-apuesta-del-sector-de-automocion-por-la-actividad-industrial-en-espana-3a-conferencia\/#primaryimage"},"thumbnailUrl":"https:\/\/insia-upm.es\/wp-content\/uploads\/2013\/05\/Conf3-MIA-MVE.jpg","datePublished":"2013-05-13T08:47:00+00:00","breadcrumb":{"@id":"https:\/\/insia-upm.es\/ciclo-extraordinario-de-conferencias-curso-20122013-la-apuesta-del-sector-de-automocion-por-la-actividad-industrial-en-espana-3a-conferencia\/#breadcrumb"},"inLanguage":"en-GB","potentialAction":[{"@type":"ReadAction","target":["https:\/\/insia-upm.es\/ciclo-extraordinario-de-conferencias-curso-20122013-la-apuesta-del-sector-de-automocion-por-la-actividad-industrial-en-espana-3a-conferencia\/"]}]},{"@type":"ImageObject","inLanguage":"en-GB","@id":"https:\/\/insia-upm.es\/ciclo-extraordinario-de-conferencias-curso-20122013-la-apuesta-del-sector-de-automocion-por-la-actividad-industrial-en-espana-3a-conferencia\/#primaryimage","url":"https:\/\/insia-upm.es\/wp-content\/uploads\/2013\/05\/Conf3-MIA-MVE.jpg","contentUrl":"https:\/\/insia-upm.es\/wp-content\/uploads\/2013\/05\/Conf3-MIA-MVE.jpg","width":1024,"height":768},{"@type":"BreadcrumbList","@id":"https:\/\/insia-upm.es\/ciclo-extraordinario-de-conferencias-curso-20122013-la-apuesta-del-sector-de-automocion-por-la-actividad-industrial-en-espana-3a-conferencia\/#breadcrumb","itemListElement":[{"@type":"ListItem","position":1,"name":"Portada","item":"https:\/\/insia-upm.es\/"},{"@type":"ListItem","position":2,"name":"Ciclo Extraordinario de Conferencias Curso 2012\/2013: \u201cLa apuesta del Sector de Automoci\u00f3n por la actividad industrial en Espa\u00f1a\u201d (3\u00aa Conferencia)"}]},{"@type":"WebSite","@id":"https:\/\/insia-upm.es\/#website","url":"https:\/\/insia-upm.es\/","name":"Instituto Universitario de Investigaci\u00f3n del Autom\u00f3vil Francisco Aparicio Izquierdo","description":"Instituto de Investigaci\u00f3n del Autom\u00f3vil Francisco Aparicio Izquierdo","publisher":{"@id":"https:\/\/insia-upm.es\/#organization"},"potentialAction":[{"@type":"SearchAction","target":{"@type":"EntryPoint","urlTemplate":"https:\/\/insia-upm.es\/?s={search_term_string}"},"query-input":{"@type":"PropertyValueSpecification","valueRequired":true,"valueName":"search_term_string"}}],"inLanguage":"en-GB"},{"@type":"Organization","@id":"https:\/\/insia-upm.es\/#organization","name":"UPM-INSIA","url":"https:\/\/insia-upm.es\/","logo":{"@type":"ImageObject","inLanguage":"en-GB","@id":"https:\/\/insia-upm.es\/#\/schema\/logo\/image\/","url":"https:\/\/insia-upm.es\/wp-content\/uploads\/2021\/12\/logo-insia-low-e1412177316550.png","contentUrl":"https:\/\/insia-upm.es\/wp-content\/uploads\/2021\/12\/logo-insia-low-e1412177316550.png","width":50,"height":71,"caption":"UPM-INSIA"},"image":{"@id":"https:\/\/insia-upm.es\/#\/schema\/logo\/image\/"},"sameAs":["https:\/\/x.com\/INSIAUPM","https:\/\/www.instagram.com\/insia.upm\/","https:\/\/www.linkedin.com\/in\/insia-instituto-universitario-investigaci\u00f3n-9088635a\/","https:\/\/www.youtube.com\/user\/gestionidi"]},{"@type":"Person","@id":"https:\/\/insia-upm.es\/#\/schema\/person\/ea86956259a9cb1c71947e50fada3117","name":"desarrollo","image":{"@type":"ImageObject","inLanguage":"en-GB","@id":"https:\/\/secure.gravatar.com\/avatar\/adcd1146e74a083903bd51ea0ac5e00b3905e9c35fc0c1b39da8534ca17f7257?s=96&d=mm&r=g","url":"https:\/\/secure.gravatar.com\/avatar\/adcd1146e74a083903bd51ea0ac5e00b3905e9c35fc0c1b39da8534ca17f7257?s=96&d=mm&r=g","contentUrl":"https:\/\/secure.gravatar.com\/avatar\/adcd1146e74a083903bd51ea0ac5e00b3905e9c35fc0c1b39da8534ca17f7257?s=96&d=mm&r=g","caption":"desarrollo"},"sameAs":["https:\/\/insia-upm.es"],"url":"https:\/\/insia-upm.es\/en\/author\/desarrollo\/"}]}},"_links":{"self":[{"href":"https:\/\/insia-upm.es\/en\/wp-json\/wp\/v2\/posts\/11038","targetHints":{"allow":["GET"]}}],"collection":[{"href":"https:\/\/insia-upm.es\/en\/wp-json\/wp\/v2\/posts"}],"about":[{"href":"https:\/\/insia-upm.es\/en\/wp-json\/wp\/v2\/types\/post"}],"author":[{"embeddable":true,"href":"https:\/\/insia-upm.es\/en\/wp-json\/wp\/v2\/users\/1"}],"replies":[{"embeddable":true,"href":"https:\/\/insia-upm.es\/en\/wp-json\/wp\/v2\/comments?post=11038"}],"version-history":[{"count":0,"href":"https:\/\/insia-upm.es\/en\/wp-json\/wp\/v2\/posts\/11038\/revisions"}],"wp:featuredmedia":[{"embeddable":true,"href":"https:\/\/insia-upm.es\/en\/wp-json\/wp\/v2\/media\/11102"}],"wp:attachment":[{"href":"https:\/\/insia-upm.es\/en\/wp-json\/wp\/v2\/media?parent=11038"}],"wp:term":[{"taxonomy":"category","embeddable":true,"href":"https:\/\/insia-upm.es\/en\/wp-json\/wp\/v2\/categories?post=11038"},{"taxonomy":"post_tag","embeddable":true,"href":"https:\/\/insia-upm.es\/en\/wp-json\/wp\/v2\/tags?post=11038"}],"curies":[{"name":"wp","href":"https:\/\/api.w.org\/{rel}","templated":true}]}}