{"id":11031,"date":"2013-10-02T10:00:00","date_gmt":"2013-10-02T08:00:00","guid":{"rendered":"https:\/\/insia-upm.es\/leccion-magistral-de-francisco-aparicio-en-la-apertura-oficial-del-curso-academico-201314\/"},"modified":"2013-10-02T10:00:00","modified_gmt":"2013-10-02T08:00:00","slug":"leccion-magistral-de-francisco-aparicio-en-la-apertura-oficial-del-curso-academico-201314","status":"publish","type":"post","link":"https:\/\/insia-upm.es\/en\/leccion-magistral-de-francisco-aparicio-en-la-apertura-oficial-del-curso-academico-201314\/","title":{"rendered":"Lecci\u00f3n Magistral de Francisco Aparicio en la Apertura Oficial del Curso Acad\u00e9mico 2013\/14"},"content":{"rendered":"<p>El pasado d\u00eda 13 de septiembre, Francisco Aparicio pronunci\u00f3 la lecci\u00f3n magistral en el Solemne Acto de Apertura Oficial del Curso Acad\u00e9mico 2013-2014 de las Universidades de la Comunidad de Madrid. El tema desarrollado tiene inter\u00e9s para todos a los que les preocupa el papel de la Universidad en el desarrollo cient\u00edfico y tecnol\u00f3gico de Espa\u00f1a.<\/p>\n<p><a href=\"https:\/\/insia-upm.es\/wp-content\/uploads\/2013\/10\/1953.jpg\" style=\"clear: left; display: inline !important; margin-bottom: 1em; margin-right: 1em; text-align: center;\"><img decoding=\"async\" border=\"0\" src=\"https:\/\/insia-upm.es\/wp-content\/uploads\/2013\/10\/1953.jpg\" \/><\/a><\/p>\n<div style=\"text-align: center;\"><a href=\"http:\/\/audiovisuales.upm.es\/flash\/?src=mp4:1314\/upm\/apertura_1314\">Retransmisi\u00f3n en diferido del acto<\/a><\/div>","protected":false},"excerpt":{"rendered":"<p>El pasado d\u00eda 13 de septiembre, Francisco Aparicio pronunci\u00f3 la lecci\u00f3n magistral en el Solemne Acto de Apertura Oficial del Curso Acad\u00e9mico 2013-2014 de las Universidades de la Comunidad de Madrid. El tema desarrollado tiene inter\u00e9s para todos a los que les preocupa el papel de la Universidad en el desarrollo cient\u00edfico y tecnol\u00f3gico de [&hellip;]<\/p>\n","protected":false},"author":1,"featured_media":11096,"comment_status":"open","ping_status":"open","sticky":false,"template":"","format":"standard","meta":{"_et_pb_use_builder":"","_et_pb_old_content":"","_et_gb_content_width":"","_monsterinsights_skip_tracking":false,"_monsterinsights_sitenote_active":false,"_monsterinsights_sitenote_note":"","_monsterinsights_sitenote_category":0,"footnotes":""},"categories":[1],"tags":[],"class_list":["post-11031","post","type-post","status-publish","format-standard","has-post-thumbnail","hentry","category-uncategorized"],"yoast_head":"<!-- This site is optimized with the Yoast SEO plugin v27.5 - https:\/\/yoast.com\/product\/yoast-seo-wordpress\/ -->\n<title>Lecci\u00f3n Magistral de Francisco Aparicio en la Apertura Oficial del Curso Acad\u00e9mico 2013\/14 - Instituto Universitario de Investigaci\u00f3n del Autom\u00f3vil Francisco Aparicio Izquierdo<\/title>\n<meta name=\"robots\" content=\"index, follow, max-snippet:-1, max-image-preview:large, max-video-preview:-1\" \/>\n<link rel=\"canonical\" href=\"https:\/\/insia-upm.es\/en\/leccion-magistral-de-francisco-aparicio-en-la-apertura-oficial-del-curso-academico-201314\/\" \/>\n<meta property=\"og:locale\" content=\"en_GB\" \/>\n<meta property=\"og:type\" content=\"article\" \/>\n<meta property=\"og:title\" content=\"Lecci\u00f3n Magistral de Francisco Aparicio en la Apertura Oficial del Curso Acad\u00e9mico 2013\/14 - Instituto Universitario de Investigaci\u00f3n del Autom\u00f3vil Francisco Aparicio Izquierdo\" \/>\n<meta property=\"og:description\" content=\"El pasado d\u00eda 13 de septiembre, Francisco Aparicio pronunci\u00f3 la lecci\u00f3n magistral en el Solemne Acto de Apertura Oficial del Curso Acad\u00e9mico 2013-2014 de las Universidades de la Comunidad de Madrid. El tema desarrollado tiene inter\u00e9s para todos a los que les preocupa el papel de la Universidad en el desarrollo cient\u00edfico y tecnol\u00f3gico de [&hellip;]\" \/>\n<meta property=\"og:url\" content=\"https:\/\/insia-upm.es\/en\/leccion-magistral-de-francisco-aparicio-en-la-apertura-oficial-del-curso-academico-201314\/\" \/>\n<meta property=\"og:site_name\" content=\"Instituto Universitario de Investigaci\u00f3n del Autom\u00f3vil Francisco Aparicio Izquierdo\" \/>\n<meta property=\"article:published_time\" content=\"2013-10-02T08:00:00+00:00\" \/>\n<meta property=\"og:image\" content=\"https:\/\/insia-upm.es\/wp-content\/uploads\/2013\/10\/1953.jpg\" \/>\n\t<meta property=\"og:image:width\" content=\"250\" \/>\n\t<meta property=\"og:image:height\" content=\"167\" \/>\n\t<meta property=\"og:image:type\" content=\"image\/jpeg\" \/>\n<meta name=\"author\" content=\"desarrollo\" \/>\n<meta name=\"twitter:card\" content=\"summary_large_image\" \/>\n<meta name=\"twitter:creator\" content=\"@INSIAUPM\" \/>\n<meta name=\"twitter:site\" content=\"@INSIAUPM\" \/>\n<meta name=\"twitter:label1\" content=\"Written by\" \/>\n\t<meta name=\"twitter:data1\" content=\"desarrollo\" \/>\n<script type=\"application\/ld+json\" class=\"yoast-schema-graph\">{\"@context\":\"https:\\\/\\\/schema.org\",\"@graph\":[{\"@type\":\"Article\",\"@id\":\"https:\\\/\\\/insia-upm.es\\\/leccion-magistral-de-francisco-aparicio-en-la-apertura-oficial-del-curso-academico-201314\\\/#article\",\"isPartOf\":{\"@id\":\"https:\\\/\\\/insia-upm.es\\\/leccion-magistral-de-francisco-aparicio-en-la-apertura-oficial-del-curso-academico-201314\\\/\"},\"author\":{\"name\":\"desarrollo\",\"@id\":\"https:\\\/\\\/insia-upm.es\\\/#\\\/schema\\\/person\\\/ea86956259a9cb1c71947e50fada3117\"},\"headline\":\"Lecci\u00f3n Magistral de Francisco Aparicio en la Apertura Oficial del Curso Acad\u00e9mico 2013\\\/14\",\"datePublished\":\"2013-10-02T08:00:00+00:00\",\"mainEntityOfPage\":{\"@id\":\"https:\\\/\\\/insia-upm.es\\\/leccion-magistral-de-francisco-aparicio-en-la-apertura-oficial-del-curso-academico-201314\\\/\"},\"wordCount\":82,\"commentCount\":0,\"publisher\":{\"@id\":\"https:\\\/\\\/insia-upm.es\\\/#organization\"},\"image\":{\"@id\":\"https:\\\/\\\/insia-upm.es\\\/leccion-magistral-de-francisco-aparicio-en-la-apertura-oficial-del-curso-academico-201314\\\/#primaryimage\"},\"thumbnailUrl\":\"https:\\\/\\\/insia-upm.es\\\/wp-content\\\/uploads\\\/2013\\\/10\\\/1953.jpg\",\"articleSection\":[\"Uncategorized\"],\"inLanguage\":\"en-GB\",\"potentialAction\":[{\"@type\":\"CommentAction\",\"name\":\"Comment\",\"target\":[\"https:\\\/\\\/insia-upm.es\\\/leccion-magistral-de-francisco-aparicio-en-la-apertura-oficial-del-curso-academico-201314\\\/#respond\"]}]},{\"@type\":\"WebPage\",\"@id\":\"https:\\\/\\\/insia-upm.es\\\/leccion-magistral-de-francisco-aparicio-en-la-apertura-oficial-del-curso-academico-201314\\\/\",\"url\":\"https:\\\/\\\/insia-upm.es\\\/leccion-magistral-de-francisco-aparicio-en-la-apertura-oficial-del-curso-academico-201314\\\/\",\"name\":\"Lecci\u00f3n Magistral de Francisco Aparicio en la Apertura Oficial del Curso Acad\u00e9mico 2013\\\/14 - Instituto Universitario de Investigaci\u00f3n del Autom\u00f3vil Francisco Aparicio Izquierdo\",\"isPartOf\":{\"@id\":\"https:\\\/\\\/insia-upm.es\\\/#website\"},\"primaryImageOfPage\":{\"@id\":\"https:\\\/\\\/insia-upm.es\\\/leccion-magistral-de-francisco-aparicio-en-la-apertura-oficial-del-curso-academico-201314\\\/#primaryimage\"},\"image\":{\"@id\":\"https:\\\/\\\/insia-upm.es\\\/leccion-magistral-de-francisco-aparicio-en-la-apertura-oficial-del-curso-academico-201314\\\/#primaryimage\"},\"thumbnailUrl\":\"https:\\\/\\\/insia-upm.es\\\/wp-content\\\/uploads\\\/2013\\\/10\\\/1953.jpg\",\"datePublished\":\"2013-10-02T08:00:00+00:00\",\"breadcrumb\":{\"@id\":\"https:\\\/\\\/insia-upm.es\\\/leccion-magistral-de-francisco-aparicio-en-la-apertura-oficial-del-curso-academico-201314\\\/#breadcrumb\"},\"inLanguage\":\"en-GB\",\"potentialAction\":[{\"@type\":\"ReadAction\",\"target\":[\"https:\\\/\\\/insia-upm.es\\\/leccion-magistral-de-francisco-aparicio-en-la-apertura-oficial-del-curso-academico-201314\\\/\"]}]},{\"@type\":\"ImageObject\",\"inLanguage\":\"en-GB\",\"@id\":\"https:\\\/\\\/insia-upm.es\\\/leccion-magistral-de-francisco-aparicio-en-la-apertura-oficial-del-curso-academico-201314\\\/#primaryimage\",\"url\":\"https:\\\/\\\/insia-upm.es\\\/wp-content\\\/uploads\\\/2013\\\/10\\\/1953.jpg\",\"contentUrl\":\"https:\\\/\\\/insia-upm.es\\\/wp-content\\\/uploads\\\/2013\\\/10\\\/1953.jpg\",\"width\":250,\"height\":167},{\"@type\":\"BreadcrumbList\",\"@id\":\"https:\\\/\\\/insia-upm.es\\\/leccion-magistral-de-francisco-aparicio-en-la-apertura-oficial-del-curso-academico-201314\\\/#breadcrumb\",\"itemListElement\":[{\"@type\":\"ListItem\",\"position\":1,\"name\":\"Portada\",\"item\":\"https:\\\/\\\/insia-upm.es\\\/\"},{\"@type\":\"ListItem\",\"position\":2,\"name\":\"Lecci\u00f3n Magistral de Francisco Aparicio en la Apertura Oficial del Curso Acad\u00e9mico 2013\\\/14\"}]},{\"@type\":\"WebSite\",\"@id\":\"https:\\\/\\\/insia-upm.es\\\/#website\",\"url\":\"https:\\\/\\\/insia-upm.es\\\/\",\"name\":\"Instituto Universitario de Investigaci\u00f3n del Autom\u00f3vil Francisco Aparicio Izquierdo\",\"description\":\"Instituto de Investigaci\u00f3n del Autom\u00f3vil Francisco Aparicio Izquierdo\",\"publisher\":{\"@id\":\"https:\\\/\\\/insia-upm.es\\\/#organization\"},\"potentialAction\":[{\"@type\":\"SearchAction\",\"target\":{\"@type\":\"EntryPoint\",\"urlTemplate\":\"https:\\\/\\\/insia-upm.es\\\/?s={search_term_string}\"},\"query-input\":{\"@type\":\"PropertyValueSpecification\",\"valueRequired\":true,\"valueName\":\"search_term_string\"}}],\"inLanguage\":\"en-GB\"},{\"@type\":\"Organization\",\"@id\":\"https:\\\/\\\/insia-upm.es\\\/#organization\",\"name\":\"UPM-INSIA\",\"url\":\"https:\\\/\\\/insia-upm.es\\\/\",\"logo\":{\"@type\":\"ImageObject\",\"inLanguage\":\"en-GB\",\"@id\":\"https:\\\/\\\/insia-upm.es\\\/#\\\/schema\\\/logo\\\/image\\\/\",\"url\":\"https:\\\/\\\/insia-upm.es\\\/wp-content\\\/uploads\\\/2021\\\/12\\\/logo-insia-low-e1412177316550.png\",\"contentUrl\":\"https:\\\/\\\/insia-upm.es\\\/wp-content\\\/uploads\\\/2021\\\/12\\\/logo-insia-low-e1412177316550.png\",\"width\":50,\"height\":71,\"caption\":\"UPM-INSIA\"},\"image\":{\"@id\":\"https:\\\/\\\/insia-upm.es\\\/#\\\/schema\\\/logo\\\/image\\\/\"},\"sameAs\":[\"https:\\\/\\\/x.com\\\/INSIAUPM\",\"https:\\\/\\\/www.instagram.com\\\/insia.upm\\\/\",\"https:\\\/\\\/www.linkedin.com\\\/in\\\/insia-instituto-universitario-investigaci\u00f3n-9088635a\\\/\",\"https:\\\/\\\/www.youtube.com\\\/user\\\/gestionidi\"]},{\"@type\":\"Person\",\"@id\":\"https:\\\/\\\/insia-upm.es\\\/#\\\/schema\\\/person\\\/ea86956259a9cb1c71947e50fada3117\",\"name\":\"desarrollo\",\"image\":{\"@type\":\"ImageObject\",\"inLanguage\":\"en-GB\",\"@id\":\"https:\\\/\\\/secure.gravatar.com\\\/avatar\\\/adcd1146e74a083903bd51ea0ac5e00b3905e9c35fc0c1b39da8534ca17f7257?s=96&d=mm&r=g\",\"url\":\"https:\\\/\\\/secure.gravatar.com\\\/avatar\\\/adcd1146e74a083903bd51ea0ac5e00b3905e9c35fc0c1b39da8534ca17f7257?s=96&d=mm&r=g\",\"contentUrl\":\"https:\\\/\\\/secure.gravatar.com\\\/avatar\\\/adcd1146e74a083903bd51ea0ac5e00b3905e9c35fc0c1b39da8534ca17f7257?s=96&d=mm&r=g\",\"caption\":\"desarrollo\"},\"sameAs\":[\"https:\\\/\\\/insia-upm.es\"],\"url\":\"https:\\\/\\\/insia-upm.es\\\/en\\\/author\\\/desarrollo\\\/\"}]}<\/script>\n<!-- \/ Yoast SEO plugin. -->","yoast_head_json":{"title":"Lecci\u00f3n Magistral de Francisco Aparicio en la Apertura Oficial del Curso Acad\u00e9mico 2013\/14 - Instituto Universitario de Investigaci\u00f3n del Autom\u00f3vil Francisco Aparicio Izquierdo","robots":{"index":"index","follow":"follow","max-snippet":"max-snippet:-1","max-image-preview":"max-image-preview:large","max-video-preview":"max-video-preview:-1"},"canonical":"https:\/\/insia-upm.es\/en\/leccion-magistral-de-francisco-aparicio-en-la-apertura-oficial-del-curso-academico-201314\/","og_locale":"en_GB","og_type":"article","og_title":"Lecci\u00f3n Magistral de Francisco Aparicio en la Apertura Oficial del Curso Acad\u00e9mico 2013\/14 - Instituto Universitario de Investigaci\u00f3n del Autom\u00f3vil Francisco Aparicio Izquierdo","og_description":"El pasado d\u00eda 13 de septiembre, Francisco Aparicio pronunci\u00f3 la lecci\u00f3n magistral en el Solemne Acto de Apertura Oficial del Curso Acad\u00e9mico 2013-2014 de las Universidades de la Comunidad de Madrid. El tema desarrollado tiene inter\u00e9s para todos a los que les preocupa el papel de la Universidad en el desarrollo cient\u00edfico y tecnol\u00f3gico de [&hellip;]","og_url":"https:\/\/insia-upm.es\/en\/leccion-magistral-de-francisco-aparicio-en-la-apertura-oficial-del-curso-academico-201314\/","og_site_name":"Instituto Universitario de Investigaci\u00f3n del Autom\u00f3vil Francisco Aparicio Izquierdo","article_published_time":"2013-10-02T08:00:00+00:00","og_image":[{"width":250,"height":167,"url":"https:\/\/insia-upm.es\/wp-content\/uploads\/2013\/10\/1953.jpg","type":"image\/jpeg"}],"author":"desarrollo","twitter_card":"summary_large_image","twitter_creator":"@INSIAUPM","twitter_site":"@INSIAUPM","twitter_misc":{"Written by":"desarrollo"},"schema":{"@context":"https:\/\/schema.org","@graph":[{"@type":"Article","@id":"https:\/\/insia-upm.es\/leccion-magistral-de-francisco-aparicio-en-la-apertura-oficial-del-curso-academico-201314\/#article","isPartOf":{"@id":"https:\/\/insia-upm.es\/leccion-magistral-de-francisco-aparicio-en-la-apertura-oficial-del-curso-academico-201314\/"},"author":{"name":"desarrollo","@id":"https:\/\/insia-upm.es\/#\/schema\/person\/ea86956259a9cb1c71947e50fada3117"},"headline":"Lecci\u00f3n Magistral de Francisco Aparicio en la Apertura Oficial del Curso Acad\u00e9mico 2013\/14","datePublished":"2013-10-02T08:00:00+00:00","mainEntityOfPage":{"@id":"https:\/\/insia-upm.es\/leccion-magistral-de-francisco-aparicio-en-la-apertura-oficial-del-curso-academico-201314\/"},"wordCount":82,"commentCount":0,"publisher":{"@id":"https:\/\/insia-upm.es\/#organization"},"image":{"@id":"https:\/\/insia-upm.es\/leccion-magistral-de-francisco-aparicio-en-la-apertura-oficial-del-curso-academico-201314\/#primaryimage"},"thumbnailUrl":"https:\/\/insia-upm.es\/wp-content\/uploads\/2013\/10\/1953.jpg","articleSection":["Uncategorized"],"inLanguage":"en-GB","potentialAction":[{"@type":"CommentAction","name":"Comment","target":["https:\/\/insia-upm.es\/leccion-magistral-de-francisco-aparicio-en-la-apertura-oficial-del-curso-academico-201314\/#respond"]}]},{"@type":"WebPage","@id":"https:\/\/insia-upm.es\/leccion-magistral-de-francisco-aparicio-en-la-apertura-oficial-del-curso-academico-201314\/","url":"https:\/\/insia-upm.es\/leccion-magistral-de-francisco-aparicio-en-la-apertura-oficial-del-curso-academico-201314\/","name":"Lecci\u00f3n Magistral de Francisco Aparicio en la Apertura Oficial del Curso Acad\u00e9mico 2013\/14 - Instituto Universitario de Investigaci\u00f3n del Autom\u00f3vil Francisco Aparicio Izquierdo","isPartOf":{"@id":"https:\/\/insia-upm.es\/#website"},"primaryImageOfPage":{"@id":"https:\/\/insia-upm.es\/leccion-magistral-de-francisco-aparicio-en-la-apertura-oficial-del-curso-academico-201314\/#primaryimage"},"image":{"@id":"https:\/\/insia-upm.es\/leccion-magistral-de-francisco-aparicio-en-la-apertura-oficial-del-curso-academico-201314\/#primaryimage"},"thumbnailUrl":"https:\/\/insia-upm.es\/wp-content\/uploads\/2013\/10\/1953.jpg","datePublished":"2013-10-02T08:00:00+00:00","breadcrumb":{"@id":"https:\/\/insia-upm.es\/leccion-magistral-de-francisco-aparicio-en-la-apertura-oficial-del-curso-academico-201314\/#breadcrumb"},"inLanguage":"en-GB","potentialAction":[{"@type":"ReadAction","target":["https:\/\/insia-upm.es\/leccion-magistral-de-francisco-aparicio-en-la-apertura-oficial-del-curso-academico-201314\/"]}]},{"@type":"ImageObject","inLanguage":"en-GB","@id":"https:\/\/insia-upm.es\/leccion-magistral-de-francisco-aparicio-en-la-apertura-oficial-del-curso-academico-201314\/#primaryimage","url":"https:\/\/insia-upm.es\/wp-content\/uploads\/2013\/10\/1953.jpg","contentUrl":"https:\/\/insia-upm.es\/wp-content\/uploads\/2013\/10\/1953.jpg","width":250,"height":167},{"@type":"BreadcrumbList","@id":"https:\/\/insia-upm.es\/leccion-magistral-de-francisco-aparicio-en-la-apertura-oficial-del-curso-academico-201314\/#breadcrumb","itemListElement":[{"@type":"ListItem","position":1,"name":"Portada","item":"https:\/\/insia-upm.es\/"},{"@type":"ListItem","position":2,"name":"Lecci\u00f3n Magistral de Francisco Aparicio en la Apertura Oficial del Curso Acad\u00e9mico 2013\/14"}]},{"@type":"WebSite","@id":"https:\/\/insia-upm.es\/#website","url":"https:\/\/insia-upm.es\/","name":"Instituto Universitario de Investigaci\u00f3n del Autom\u00f3vil Francisco Aparicio Izquierdo","description":"Instituto de Investigaci\u00f3n del Autom\u00f3vil Francisco Aparicio Izquierdo","publisher":{"@id":"https:\/\/insia-upm.es\/#organization"},"potentialAction":[{"@type":"SearchAction","target":{"@type":"EntryPoint","urlTemplate":"https:\/\/insia-upm.es\/?s={search_term_string}"},"query-input":{"@type":"PropertyValueSpecification","valueRequired":true,"valueName":"search_term_string"}}],"inLanguage":"en-GB"},{"@type":"Organization","@id":"https:\/\/insia-upm.es\/#organization","name":"UPM-INSIA","url":"https:\/\/insia-upm.es\/","logo":{"@type":"ImageObject","inLanguage":"en-GB","@id":"https:\/\/insia-upm.es\/#\/schema\/logo\/image\/","url":"https:\/\/insia-upm.es\/wp-content\/uploads\/2021\/12\/logo-insia-low-e1412177316550.png","contentUrl":"https:\/\/insia-upm.es\/wp-content\/uploads\/2021\/12\/logo-insia-low-e1412177316550.png","width":50,"height":71,"caption":"UPM-INSIA"},"image":{"@id":"https:\/\/insia-upm.es\/#\/schema\/logo\/image\/"},"sameAs":["https:\/\/x.com\/INSIAUPM","https:\/\/www.instagram.com\/insia.upm\/","https:\/\/www.linkedin.com\/in\/insia-instituto-universitario-investigaci\u00f3n-9088635a\/","https:\/\/www.youtube.com\/user\/gestionidi"]},{"@type":"Person","@id":"https:\/\/insia-upm.es\/#\/schema\/person\/ea86956259a9cb1c71947e50fada3117","name":"desarrollo","image":{"@type":"ImageObject","inLanguage":"en-GB","@id":"https:\/\/secure.gravatar.com\/avatar\/adcd1146e74a083903bd51ea0ac5e00b3905e9c35fc0c1b39da8534ca17f7257?s=96&d=mm&r=g","url":"https:\/\/secure.gravatar.com\/avatar\/adcd1146e74a083903bd51ea0ac5e00b3905e9c35fc0c1b39da8534ca17f7257?s=96&d=mm&r=g","contentUrl":"https:\/\/secure.gravatar.com\/avatar\/adcd1146e74a083903bd51ea0ac5e00b3905e9c35fc0c1b39da8534ca17f7257?s=96&d=mm&r=g","caption":"desarrollo"},"sameAs":["https:\/\/insia-upm.es"],"url":"https:\/\/insia-upm.es\/en\/author\/desarrollo\/"}]}},"_links":{"self":[{"href":"https:\/\/insia-upm.es\/en\/wp-json\/wp\/v2\/posts\/11031","targetHints":{"allow":["GET"]}}],"collection":[{"href":"https:\/\/insia-upm.es\/en\/wp-json\/wp\/v2\/posts"}],"about":[{"href":"https:\/\/insia-upm.es\/en\/wp-json\/wp\/v2\/types\/post"}],"author":[{"embeddable":true,"href":"https:\/\/insia-upm.es\/en\/wp-json\/wp\/v2\/users\/1"}],"replies":[{"embeddable":true,"href":"https:\/\/insia-upm.es\/en\/wp-json\/wp\/v2\/comments?post=11031"}],"version-history":[{"count":0,"href":"https:\/\/insia-upm.es\/en\/wp-json\/wp\/v2\/posts\/11031\/revisions"}],"wp:featuredmedia":[{"embeddable":true,"href":"https:\/\/insia-upm.es\/en\/wp-json\/wp\/v2\/media\/11096"}],"wp:attachment":[{"href":"https:\/\/insia-upm.es\/en\/wp-json\/wp\/v2\/media?parent=11031"}],"wp:term":[{"taxonomy":"category","embeddable":true,"href":"https:\/\/insia-upm.es\/en\/wp-json\/wp\/v2\/categories?post=11031"},{"taxonomy":"post_tag","embeddable":true,"href":"https:\/\/insia-upm.es\/en\/wp-json\/wp\/v2\/tags?post=11031"}],"curies":[{"name":"wp","href":"https:\/\/api.w.org\/{rel}","templated":true}]}}