{"id":11030,"date":"2013-10-23T18:11:00","date_gmt":"2013-10-23T16:11:00","guid":{"rendered":"https:\/\/insia-upm.es\/xiii-semana-de-la-ciencia\/"},"modified":"2013-10-23T18:11:00","modified_gmt":"2013-10-23T16:11:00","slug":"xiii-semana-de-la-ciencia","status":"publish","type":"post","link":"https:\/\/insia-upm.es\/en\/xiii-semana-de-la-ciencia\/","title":{"rendered":"XIII Semana de la Ciencia"},"content":{"rendered":"<div style=\"text-align: justify;\"><span style=\"font-family: Arial, Helvetica, sans-serif;\">El pr\u00f3ximo d\u00eda <b>6 de noviembre<\/b> tendr\u00e1 lugar la tradicional Jornada de puertas abiertas en el INSIA, &nbsp;dentro de l<span style=\"background-color: white;\">as m\u00e1s de 900 actividades gratuitas que ofrece la&nbsp;<\/span><b style=\"background-color: white; box-sizing: border-box;\">XIII Semana de la Ciencia que<\/b><span style=\"background-color: white;\">&nbsp;ponen al alcance de todos la ciencia y la tecnolog\u00eda realizada en la Comunidad de Madrid.<\/span><\/span><\/div>\n<div style=\"clear: both; text-align: center;\"><a href=\"https:\/\/insia-upm.es\/wp-content\/uploads\/2013\/10\/INSIA-entrada-02.jpg\" style=\"margin-left: 1em; margin-right: 1em;\"><img loading=\"lazy\" decoding=\"async\" border=\"0\" height=\"213\" src=\"https:\/\/insia-upm.es\/wp-content\/uploads\/2013\/10\/INSIA-entrada-02-300x199.jpg\" width=\"320\" \/><\/a><\/div>\n<div style=\"text-align: justify;\"><span style=\"font-family: Arial, Helvetica, sans-serif;\"><span style=\"background-color: white;\"><br \/><\/span><\/span><\/div>\n<div style=\"clear: both; text-align: center;\"><\/div>\n<p><span style=\"font-family: Arial, Helvetica, sans-serif;\"><span style=\"background-color: white;\"><br \/><\/span><\/span><\/p>\n<table align=\"center\" border=\"0\" cellpadding=\"0\" cellspacing=\"0\" style=\"background-color: white; box-sizing: border-box; font-family: Verdana, Arial, Helvetica, sans-serif; font-size: 10px;\">\n<tbody style=\"box-sizing: border-box;\">\n<tr style=\"box-sizing: border-box;\">\n<td colspan=\"3\" style=\"box-sizing: border-box; font-weight: bold; letter-spacing: 0pt; line-height: 15px;\"><span style=\"color: #444444; font-family: Arial, Helvetica, sans-serif; font-size: x-small;\"><span style=\"box-sizing: border-box;\">En esta jornada se&nbsp;presentar\u00e1n las principales actividades del INSIA y se visitar\u00e1n sus distintos laboratorios de investigaci\u00f3n.<\/span><\/span><br \/><span style=\"color: #444444; font-family: Arial, Helvetica, sans-serif; font-size: x-small;\"><span style=\"box-sizing: border-box;\"><br \/><\/span><\/span><\/p>\n<div style=\"clear: both; text-align: center;\"><a href=\"https:\/\/insia-upm.es\/wp-content\/uploads\/2013\/10\/Servicios-Tecnol-25C3-25B3gicos-Avanzados.png\" style=\"margin-left: 1em; margin-right: 1em;\"><img loading=\"lazy\" decoding=\"async\" border=\"0\" height=\"300\" src=\"https:\/\/insia-upm.es\/wp-content\/uploads\/2013\/10\/Servicios-Tecnol-25C3-25B3gicos-Avanzados-300x225.png\" width=\"400\" \/><\/a><\/div>\n<p><span style=\"color: #444444; font-family: Arial, Helvetica, sans-serif; font-size: x-small;\">&nbsp;<\/span><span style=\"color: #444444; font-family: Arial, Helvetica, sans-serif; font-size: x-small; letter-spacing: 0pt;\">Durante la visita tambi\u00e9n se presentar\u00e1 el proyecto F\u00f3rmula Student UPMRacing, con sus prototipos de combusti\u00f3n y el\u00e9ctrico.<\/span><\/td>\n<\/tr>\n<tr style=\"box-sizing: border-box;\">\n<td colspan=\"3\" style=\"box-sizing: border-box; letter-spacing: 0pt;\"><span style=\"color: #444444; font-family: Arial, Helvetica, sans-serif; font-size: x-small;\"><img decoding=\"async\" src=\"http:\/\/www.madrimasd.org\/SemanaCiencia\/2013\/images\/1pix.gif\" style=\"box-sizing: border-box;\" width=\"5\" \/><\/span><\/td>\n<\/tr>\n<tr style=\"box-sizing: border-box;\">\n<td colspan=\"3\" style=\"box-sizing: border-box; letter-spacing: 0pt; line-height: 15px;\">\n<div style=\"clear: both; text-align: center;\"><a href=\"https:\/\/insia-upm.es\/wp-content\/uploads\/2013\/10\/20130803_17-16-23_1182_buck-660x340.jpg\" style=\"margin-left: 1em; margin-right: 1em;\"><img loading=\"lazy\" decoding=\"async\" border=\"0\" height=\"205\" src=\"https:\/\/insia-upm.es\/wp-content\/uploads\/2013\/10\/20130803_17-16-23_1182_buck-660x340-300x154.jpg\" width=\"400\" \/><\/a><\/div>\n<p><span style=\"color: #444444;\"><br \/><\/span><\/td>\n<\/tr>\n<tr style=\"box-sizing: border-box;\">\n<td colspan=\"3\" style=\"box-sizing: border-box; letter-spacing: 0pt; line-height: 15px;\"><span style=\"color: #444444; font-family: Arial, Helvetica, sans-serif; font-size: x-small;\"><span style=\"box-sizing: border-box; font-weight: bold; text-transform: uppercase;\">DIRIGIDO&nbsp;&nbsp;<\/span><span style=\"box-sizing: border-box;\"><b style=\"box-sizing: border-box;\">P\u00fablico Individual:<\/b>&nbsp;P\u00fablico Especializado, Estudiantes ESO, Bachillerato y Ciclos Formativos<\/span><\/span><\/td>\n<\/tr>\n<tr style=\"box-sizing: border-box;\">\n<td colspan=\"3\" style=\"box-sizing: border-box; letter-spacing: 0pt; line-height: 15px;\"><span style=\"color: #444444; font-family: Arial, Helvetica, sans-serif; font-size: x-small;\"><span style=\"box-sizing: border-box; font-weight: bold; text-transform: uppercase;\">INF.\/RESERVA&nbsp;<\/span>&nbsp;<span style=\"box-sizing: border-box;\"><b style=\"box-sizing: border-box;\">Es necesario hacer reserva<\/b>: Carmen Garc\u00eda,&nbsp;<b style=\"box-sizing: border-box;\">Tel.:<\/b>&nbsp;91 336 5290,&nbsp;<\/span><\/span><br \/><span style=\"color: #444444;\"><span style=\"font-family: Arial, Helvetica, sans-serif; font-size: x-small;\"><span style=\"box-sizing: border-box;\"><b style=\"box-sizing: border-box;\">mail:<\/b><a href=\"mailto:formacion.insia@upm.es\" style=\"box-sizing: border-box; text-decoration: none;\">formacion.insia@upm.es<\/a>;&nbsp;<\/span><\/span><span style=\"font-family: Arial, Helvetica, sans-serif; font-size: x-small; letter-spacing: 0pt;\">&nbsp;<\/span><b style=\"box-sizing: border-box; font-family: Arial, Helvetica, sans-serif; font-size: small; letter-spacing: 0pt;\">Tel.:<\/b><span style=\"font-family: Arial, Helvetica, sans-serif; font-size: x-small; letter-spacing: 0pt;\">&nbsp;<\/span><span style=\"font-family: Arial, Helvetica, sans-serif; font-size: x-small; letter-spacing: 0pt;\">91 336 5300,<\/span><span style=\"font-family: Arial, Helvetica, sans-serif; font-size: x-small; letter-spacing: 0pt;\">&nbsp;<\/span><\/span><br \/><span style=\"color: #444444;\"><b style=\"box-sizing: border-box; font-family: Arial, Helvetica, sans-serif; font-size: small; letter-spacing: 0pt;\">Horario de informaci\u00f3n y reserva:&nbsp;<\/b><span style=\"font-family: Arial, Helvetica, sans-serif; font-size: x-small; letter-spacing: 0pt;\">Desde el d\u00eda 21\/10\/2013 hasta el d\u00eda 05\/11\/2013,&nbsp;<\/span><\/span><br \/><span style=\"color: #444444;\"><span style=\"font-family: Arial, Helvetica, sans-serif; font-size: x-small; letter-spacing: 0pt;\">Horario de reserva de 9:00 a 14:00,<\/span><a href=\"\" style=\"box-sizing: border-box; font-family: Arial, Helvetica, sans-serif; font-size: small; letter-spacing: 0pt; text-decoration: none;\" target=\"_blank\" rel=\"noopener\">http:\/\/www.upm.es\/semanaciencia2013<\/a><\/span><\/td>\n<\/tr>\n<tr style=\"box-sizing: border-box;\">\n<td colspan=\"3\" style=\"box-sizing: border-box; letter-spacing: 0pt; line-height: 15px;\"><span style=\"color: #444444; font-family: Arial, Helvetica, sans-serif; font-size: x-small;\"><span style=\"box-sizing: border-box; font-weight: bold; text-transform: uppercase;\">WEB&nbsp;&nbsp;<\/span><span style=\"box-sizing: border-box;\"><a href=\"https:\/\/insia-upm.es\/en\/\" target=\"_blank\" rel=\"noopener\">www.insia-upm.es<\/a>&nbsp;<\/span><\/span><\/td>\n<\/tr>\n<\/tbody>\n<\/table>","protected":false},"excerpt":{"rendered":"<p>El pr\u00f3ximo d\u00eda 6 de noviembre tendr\u00e1 lugar la tradicional Jornada de puertas abiertas en el INSIA, &nbsp;dentro de las m\u00e1s de 900 actividades gratuitas que ofrece la&nbsp;XIII Semana de la Ciencia que&nbsp;ponen al alcance de todos la ciencia y la tecnolog\u00eda realizada en la Comunidad de Madrid. En esta jornada se&nbsp;presentar\u00e1n las principales actividades [&hellip;]<\/p>\n","protected":false},"author":1,"featured_media":11093,"comment_status":"open","ping_status":"open","sticky":false,"template":"","format":"standard","meta":{"_et_pb_use_builder":"","_et_pb_old_content":"","_et_gb_content_width":"","_monsterinsights_skip_tracking":false,"_monsterinsights_sitenote_active":false,"_monsterinsights_sitenote_note":"","_monsterinsights_sitenote_category":0,"footnotes":""},"categories":[29,60,61],"tags":[],"class_list":["post-11030","post","type-post","status-publish","format-standard","has-post-thumbnail","hentry","category-insia","category-jornada-de-puertas-abiertas","category-semana-de-la-ciencia"],"yoast_head":"<!-- This site is optimized with the Yoast SEO plugin v27.5 - https:\/\/yoast.com\/product\/yoast-seo-wordpress\/ -->\n<title>XIII Semana de la Ciencia - Instituto Universitario de Investigaci\u00f3n del Autom\u00f3vil Francisco Aparicio Izquierdo<\/title>\n<meta name=\"robots\" content=\"index, follow, max-snippet:-1, max-image-preview:large, max-video-preview:-1\" \/>\n<link rel=\"canonical\" href=\"https:\/\/insia-upm.es\/en\/xiii-semana-de-la-ciencia\/\" \/>\n<meta property=\"og:locale\" content=\"en_GB\" \/>\n<meta property=\"og:type\" content=\"article\" \/>\n<meta property=\"og:title\" content=\"XIII Semana de la Ciencia - Instituto Universitario de Investigaci\u00f3n del Autom\u00f3vil Francisco Aparicio Izquierdo\" \/>\n<meta property=\"og:description\" content=\"El pr\u00f3ximo d\u00eda 6 de noviembre tendr\u00e1 lugar la tradicional Jornada de puertas abiertas en el INSIA, &nbsp;dentro de las m\u00e1s de 900 actividades gratuitas que ofrece la&nbsp;XIII Semana de la Ciencia que&nbsp;ponen al alcance de todos la ciencia y la tecnolog\u00eda realizada en la Comunidad de Madrid. En esta jornada se&nbsp;presentar\u00e1n las principales actividades [&hellip;]\" \/>\n<meta property=\"og:url\" content=\"https:\/\/insia-upm.es\/en\/xiii-semana-de-la-ciencia\/\" \/>\n<meta property=\"og:site_name\" content=\"Instituto Universitario de Investigaci\u00f3n del Autom\u00f3vil Francisco Aparicio Izquierdo\" \/>\n<meta property=\"article:published_time\" content=\"2013-10-23T16:11:00+00:00\" \/>\n<meta property=\"og:image\" content=\"https:\/\/insia-upm.es\/wp-content\/uploads\/2013\/10\/INSIA-entrada-02.jpg\" \/>\n\t<meta property=\"og:image:width\" content=\"800\" \/>\n\t<meta property=\"og:image:height\" content=\"533\" \/>\n\t<meta property=\"og:image:type\" content=\"image\/jpeg\" \/>\n<meta name=\"author\" content=\"desarrollo\" \/>\n<meta name=\"twitter:card\" content=\"summary_large_image\" \/>\n<meta name=\"twitter:creator\" content=\"@INSIAUPM\" \/>\n<meta name=\"twitter:site\" content=\"@INSIAUPM\" \/>\n<meta name=\"twitter:label1\" content=\"Written by\" \/>\n\t<meta name=\"twitter:data1\" content=\"desarrollo\" \/>\n\t<meta name=\"twitter:label2\" content=\"Estimated reading time\" \/>\n\t<meta name=\"twitter:data2\" content=\"1 minute\" \/>\n<script type=\"application\/ld+json\" class=\"yoast-schema-graph\">{\"@context\":\"https:\\\/\\\/schema.org\",\"@graph\":[{\"@type\":\"Article\",\"@id\":\"https:\\\/\\\/insia-upm.es\\\/xiii-semana-de-la-ciencia\\\/#article\",\"isPartOf\":{\"@id\":\"https:\\\/\\\/insia-upm.es\\\/xiii-semana-de-la-ciencia\\\/\"},\"author\":{\"name\":\"desarrollo\",\"@id\":\"https:\\\/\\\/insia-upm.es\\\/#\\\/schema\\\/person\\\/ea86956259a9cb1c71947e50fada3117\"},\"headline\":\"XIII Semana de la Ciencia\",\"datePublished\":\"2013-10-23T16:11:00+00:00\",\"mainEntityOfPage\":{\"@id\":\"https:\\\/\\\/insia-upm.es\\\/xiii-semana-de-la-ciencia\\\/\"},\"wordCount\":179,\"commentCount\":0,\"publisher\":{\"@id\":\"https:\\\/\\\/insia-upm.es\\\/#organization\"},\"image\":{\"@id\":\"https:\\\/\\\/insia-upm.es\\\/xiii-semana-de-la-ciencia\\\/#primaryimage\"},\"thumbnailUrl\":\"https:\\\/\\\/insia-upm.es\\\/wp-content\\\/uploads\\\/2013\\\/10\\\/INSIA-entrada-02.jpg\",\"articleSection\":[\"insia\",\"jornada de puertas abiertas\",\"semana de la ciencia\"],\"inLanguage\":\"en-GB\",\"potentialAction\":[{\"@type\":\"CommentAction\",\"name\":\"Comment\",\"target\":[\"https:\\\/\\\/insia-upm.es\\\/xiii-semana-de-la-ciencia\\\/#respond\"]}]},{\"@type\":\"WebPage\",\"@id\":\"https:\\\/\\\/insia-upm.es\\\/xiii-semana-de-la-ciencia\\\/\",\"url\":\"https:\\\/\\\/insia-upm.es\\\/xiii-semana-de-la-ciencia\\\/\",\"name\":\"XIII Semana de la Ciencia - Instituto Universitario de Investigaci\u00f3n del Autom\u00f3vil Francisco Aparicio Izquierdo\",\"isPartOf\":{\"@id\":\"https:\\\/\\\/insia-upm.es\\\/#website\"},\"primaryImageOfPage\":{\"@id\":\"https:\\\/\\\/insia-upm.es\\\/xiii-semana-de-la-ciencia\\\/#primaryimage\"},\"image\":{\"@id\":\"https:\\\/\\\/insia-upm.es\\\/xiii-semana-de-la-ciencia\\\/#primaryimage\"},\"thumbnailUrl\":\"https:\\\/\\\/insia-upm.es\\\/wp-content\\\/uploads\\\/2013\\\/10\\\/INSIA-entrada-02.jpg\",\"datePublished\":\"2013-10-23T16:11:00+00:00\",\"breadcrumb\":{\"@id\":\"https:\\\/\\\/insia-upm.es\\\/xiii-semana-de-la-ciencia\\\/#breadcrumb\"},\"inLanguage\":\"en-GB\",\"potentialAction\":[{\"@type\":\"ReadAction\",\"target\":[\"https:\\\/\\\/insia-upm.es\\\/xiii-semana-de-la-ciencia\\\/\"]}]},{\"@type\":\"ImageObject\",\"inLanguage\":\"en-GB\",\"@id\":\"https:\\\/\\\/insia-upm.es\\\/xiii-semana-de-la-ciencia\\\/#primaryimage\",\"url\":\"https:\\\/\\\/insia-upm.es\\\/wp-content\\\/uploads\\\/2013\\\/10\\\/INSIA-entrada-02.jpg\",\"contentUrl\":\"https:\\\/\\\/insia-upm.es\\\/wp-content\\\/uploads\\\/2013\\\/10\\\/INSIA-entrada-02.jpg\",\"width\":800,\"height\":533},{\"@type\":\"BreadcrumbList\",\"@id\":\"https:\\\/\\\/insia-upm.es\\\/xiii-semana-de-la-ciencia\\\/#breadcrumb\",\"itemListElement\":[{\"@type\":\"ListItem\",\"position\":1,\"name\":\"Portada\",\"item\":\"https:\\\/\\\/insia-upm.es\\\/\"},{\"@type\":\"ListItem\",\"position\":2,\"name\":\"XIII Semana de la Ciencia\"}]},{\"@type\":\"WebSite\",\"@id\":\"https:\\\/\\\/insia-upm.es\\\/#website\",\"url\":\"https:\\\/\\\/insia-upm.es\\\/\",\"name\":\"Instituto Universitario de Investigaci\u00f3n del Autom\u00f3vil Francisco Aparicio Izquierdo\",\"description\":\"Instituto de Investigaci\u00f3n del Autom\u00f3vil Francisco Aparicio Izquierdo\",\"publisher\":{\"@id\":\"https:\\\/\\\/insia-upm.es\\\/#organization\"},\"potentialAction\":[{\"@type\":\"SearchAction\",\"target\":{\"@type\":\"EntryPoint\",\"urlTemplate\":\"https:\\\/\\\/insia-upm.es\\\/?s={search_term_string}\"},\"query-input\":{\"@type\":\"PropertyValueSpecification\",\"valueRequired\":true,\"valueName\":\"search_term_string\"}}],\"inLanguage\":\"en-GB\"},{\"@type\":\"Organization\",\"@id\":\"https:\\\/\\\/insia-upm.es\\\/#organization\",\"name\":\"UPM-INSIA\",\"url\":\"https:\\\/\\\/insia-upm.es\\\/\",\"logo\":{\"@type\":\"ImageObject\",\"inLanguage\":\"en-GB\",\"@id\":\"https:\\\/\\\/insia-upm.es\\\/#\\\/schema\\\/logo\\\/image\\\/\",\"url\":\"https:\\\/\\\/insia-upm.es\\\/wp-content\\\/uploads\\\/2021\\\/12\\\/logo-insia-low-e1412177316550.png\",\"contentUrl\":\"https:\\\/\\\/insia-upm.es\\\/wp-content\\\/uploads\\\/2021\\\/12\\\/logo-insia-low-e1412177316550.png\",\"width\":50,\"height\":71,\"caption\":\"UPM-INSIA\"},\"image\":{\"@id\":\"https:\\\/\\\/insia-upm.es\\\/#\\\/schema\\\/logo\\\/image\\\/\"},\"sameAs\":[\"https:\\\/\\\/x.com\\\/INSIAUPM\",\"https:\\\/\\\/www.instagram.com\\\/insia.upm\\\/\",\"https:\\\/\\\/www.linkedin.com\\\/in\\\/insia-instituto-universitario-investigaci\u00f3n-9088635a\\\/\",\"https:\\\/\\\/www.youtube.com\\\/user\\\/gestionidi\"]},{\"@type\":\"Person\",\"@id\":\"https:\\\/\\\/insia-upm.es\\\/#\\\/schema\\\/person\\\/ea86956259a9cb1c71947e50fada3117\",\"name\":\"desarrollo\",\"image\":{\"@type\":\"ImageObject\",\"inLanguage\":\"en-GB\",\"@id\":\"https:\\\/\\\/secure.gravatar.com\\\/avatar\\\/adcd1146e74a083903bd51ea0ac5e00b3905e9c35fc0c1b39da8534ca17f7257?s=96&d=mm&r=g\",\"url\":\"https:\\\/\\\/secure.gravatar.com\\\/avatar\\\/adcd1146e74a083903bd51ea0ac5e00b3905e9c35fc0c1b39da8534ca17f7257?s=96&d=mm&r=g\",\"contentUrl\":\"https:\\\/\\\/secure.gravatar.com\\\/avatar\\\/adcd1146e74a083903bd51ea0ac5e00b3905e9c35fc0c1b39da8534ca17f7257?s=96&d=mm&r=g\",\"caption\":\"desarrollo\"},\"sameAs\":[\"https:\\\/\\\/insia-upm.es\"],\"url\":\"https:\\\/\\\/insia-upm.es\\\/en\\\/author\\\/desarrollo\\\/\"}]}<\/script>\n<!-- \/ Yoast SEO plugin. -->","yoast_head_json":{"title":"XIII Semana de la Ciencia - Instituto Universitario de Investigaci\u00f3n del Autom\u00f3vil Francisco Aparicio Izquierdo","robots":{"index":"index","follow":"follow","max-snippet":"max-snippet:-1","max-image-preview":"max-image-preview:large","max-video-preview":"max-video-preview:-1"},"canonical":"https:\/\/insia-upm.es\/en\/xiii-semana-de-la-ciencia\/","og_locale":"en_GB","og_type":"article","og_title":"XIII Semana de la Ciencia - Instituto Universitario de Investigaci\u00f3n del Autom\u00f3vil Francisco Aparicio Izquierdo","og_description":"El pr\u00f3ximo d\u00eda 6 de noviembre tendr\u00e1 lugar la tradicional Jornada de puertas abiertas en el INSIA, &nbsp;dentro de las m\u00e1s de 900 actividades gratuitas que ofrece la&nbsp;XIII Semana de la Ciencia que&nbsp;ponen al alcance de todos la ciencia y la tecnolog\u00eda realizada en la Comunidad de Madrid. En esta jornada se&nbsp;presentar\u00e1n las principales actividades [&hellip;]","og_url":"https:\/\/insia-upm.es\/en\/xiii-semana-de-la-ciencia\/","og_site_name":"Instituto Universitario de Investigaci\u00f3n del Autom\u00f3vil Francisco Aparicio Izquierdo","article_published_time":"2013-10-23T16:11:00+00:00","og_image":[{"width":800,"height":533,"url":"https:\/\/insia-upm.es\/wp-content\/uploads\/2013\/10\/INSIA-entrada-02.jpg","type":"image\/jpeg"}],"author":"desarrollo","twitter_card":"summary_large_image","twitter_creator":"@INSIAUPM","twitter_site":"@INSIAUPM","twitter_misc":{"Written by":"desarrollo","Estimated reading time":"1 minute"},"schema":{"@context":"https:\/\/schema.org","@graph":[{"@type":"Article","@id":"https:\/\/insia-upm.es\/xiii-semana-de-la-ciencia\/#article","isPartOf":{"@id":"https:\/\/insia-upm.es\/xiii-semana-de-la-ciencia\/"},"author":{"name":"desarrollo","@id":"https:\/\/insia-upm.es\/#\/schema\/person\/ea86956259a9cb1c71947e50fada3117"},"headline":"XIII Semana de la Ciencia","datePublished":"2013-10-23T16:11:00+00:00","mainEntityOfPage":{"@id":"https:\/\/insia-upm.es\/xiii-semana-de-la-ciencia\/"},"wordCount":179,"commentCount":0,"publisher":{"@id":"https:\/\/insia-upm.es\/#organization"},"image":{"@id":"https:\/\/insia-upm.es\/xiii-semana-de-la-ciencia\/#primaryimage"},"thumbnailUrl":"https:\/\/insia-upm.es\/wp-content\/uploads\/2013\/10\/INSIA-entrada-02.jpg","articleSection":["insia","jornada de puertas abiertas","semana de la ciencia"],"inLanguage":"en-GB","potentialAction":[{"@type":"CommentAction","name":"Comment","target":["https:\/\/insia-upm.es\/xiii-semana-de-la-ciencia\/#respond"]}]},{"@type":"WebPage","@id":"https:\/\/insia-upm.es\/xiii-semana-de-la-ciencia\/","url":"https:\/\/insia-upm.es\/xiii-semana-de-la-ciencia\/","name":"XIII Semana de la Ciencia - Instituto Universitario de Investigaci\u00f3n del Autom\u00f3vil Francisco Aparicio Izquierdo","isPartOf":{"@id":"https:\/\/insia-upm.es\/#website"},"primaryImageOfPage":{"@id":"https:\/\/insia-upm.es\/xiii-semana-de-la-ciencia\/#primaryimage"},"image":{"@id":"https:\/\/insia-upm.es\/xiii-semana-de-la-ciencia\/#primaryimage"},"thumbnailUrl":"https:\/\/insia-upm.es\/wp-content\/uploads\/2013\/10\/INSIA-entrada-02.jpg","datePublished":"2013-10-23T16:11:00+00:00","breadcrumb":{"@id":"https:\/\/insia-upm.es\/xiii-semana-de-la-ciencia\/#breadcrumb"},"inLanguage":"en-GB","potentialAction":[{"@type":"ReadAction","target":["https:\/\/insia-upm.es\/xiii-semana-de-la-ciencia\/"]}]},{"@type":"ImageObject","inLanguage":"en-GB","@id":"https:\/\/insia-upm.es\/xiii-semana-de-la-ciencia\/#primaryimage","url":"https:\/\/insia-upm.es\/wp-content\/uploads\/2013\/10\/INSIA-entrada-02.jpg","contentUrl":"https:\/\/insia-upm.es\/wp-content\/uploads\/2013\/10\/INSIA-entrada-02.jpg","width":800,"height":533},{"@type":"BreadcrumbList","@id":"https:\/\/insia-upm.es\/xiii-semana-de-la-ciencia\/#breadcrumb","itemListElement":[{"@type":"ListItem","position":1,"name":"Portada","item":"https:\/\/insia-upm.es\/"},{"@type":"ListItem","position":2,"name":"XIII Semana de la Ciencia"}]},{"@type":"WebSite","@id":"https:\/\/insia-upm.es\/#website","url":"https:\/\/insia-upm.es\/","name":"Instituto Universitario de Investigaci\u00f3n del Autom\u00f3vil Francisco Aparicio Izquierdo","description":"Instituto de Investigaci\u00f3n del Autom\u00f3vil Francisco Aparicio Izquierdo","publisher":{"@id":"https:\/\/insia-upm.es\/#organization"},"potentialAction":[{"@type":"SearchAction","target":{"@type":"EntryPoint","urlTemplate":"https:\/\/insia-upm.es\/?s={search_term_string}"},"query-input":{"@type":"PropertyValueSpecification","valueRequired":true,"valueName":"search_term_string"}}],"inLanguage":"en-GB"},{"@type":"Organization","@id":"https:\/\/insia-upm.es\/#organization","name":"UPM-INSIA","url":"https:\/\/insia-upm.es\/","logo":{"@type":"ImageObject","inLanguage":"en-GB","@id":"https:\/\/insia-upm.es\/#\/schema\/logo\/image\/","url":"https:\/\/insia-upm.es\/wp-content\/uploads\/2021\/12\/logo-insia-low-e1412177316550.png","contentUrl":"https:\/\/insia-upm.es\/wp-content\/uploads\/2021\/12\/logo-insia-low-e1412177316550.png","width":50,"height":71,"caption":"UPM-INSIA"},"image":{"@id":"https:\/\/insia-upm.es\/#\/schema\/logo\/image\/"},"sameAs":["https:\/\/x.com\/INSIAUPM","https:\/\/www.instagram.com\/insia.upm\/","https:\/\/www.linkedin.com\/in\/insia-instituto-universitario-investigaci\u00f3n-9088635a\/","https:\/\/www.youtube.com\/user\/gestionidi"]},{"@type":"Person","@id":"https:\/\/insia-upm.es\/#\/schema\/person\/ea86956259a9cb1c71947e50fada3117","name":"desarrollo","image":{"@type":"ImageObject","inLanguage":"en-GB","@id":"https:\/\/secure.gravatar.com\/avatar\/adcd1146e74a083903bd51ea0ac5e00b3905e9c35fc0c1b39da8534ca17f7257?s=96&d=mm&r=g","url":"https:\/\/secure.gravatar.com\/avatar\/adcd1146e74a083903bd51ea0ac5e00b3905e9c35fc0c1b39da8534ca17f7257?s=96&d=mm&r=g","contentUrl":"https:\/\/secure.gravatar.com\/avatar\/adcd1146e74a083903bd51ea0ac5e00b3905e9c35fc0c1b39da8534ca17f7257?s=96&d=mm&r=g","caption":"desarrollo"},"sameAs":["https:\/\/insia-upm.es"],"url":"https:\/\/insia-upm.es\/en\/author\/desarrollo\/"}]}},"_links":{"self":[{"href":"https:\/\/insia-upm.es\/en\/wp-json\/wp\/v2\/posts\/11030","targetHints":{"allow":["GET"]}}],"collection":[{"href":"https:\/\/insia-upm.es\/en\/wp-json\/wp\/v2\/posts"}],"about":[{"href":"https:\/\/insia-upm.es\/en\/wp-json\/wp\/v2\/types\/post"}],"author":[{"embeddable":true,"href":"https:\/\/insia-upm.es\/en\/wp-json\/wp\/v2\/users\/1"}],"replies":[{"embeddable":true,"href":"https:\/\/insia-upm.es\/en\/wp-json\/wp\/v2\/comments?post=11030"}],"version-history":[{"count":0,"href":"https:\/\/insia-upm.es\/en\/wp-json\/wp\/v2\/posts\/11030\/revisions"}],"wp:featuredmedia":[{"embeddable":true,"href":"https:\/\/insia-upm.es\/en\/wp-json\/wp\/v2\/media\/11093"}],"wp:attachment":[{"href":"https:\/\/insia-upm.es\/en\/wp-json\/wp\/v2\/media?parent=11030"}],"wp:term":[{"taxonomy":"category","embeddable":true,"href":"https:\/\/insia-upm.es\/en\/wp-json\/wp\/v2\/categories?post=11030"},{"taxonomy":"post_tag","embeddable":true,"href":"https:\/\/insia-upm.es\/en\/wp-json\/wp\/v2\/tags?post=11030"}],"curies":[{"name":"wp","href":"https:\/\/api.w.org\/{rel}","templated":true}]}}